{"id":6414,"date":"2023-04-03T10:17:15","date_gmt":"2023-04-03T13:17:15","guid":{"rendered":"https:\/\/tribunadapraia.com.br\/?p=6414"},"modified":"2023-04-03T11:51:03","modified_gmt":"2023-04-03T14:51:03","slug":"em-entrevista-quase-explicita-cidadao-fala-sem-meias-palavras-o-que-quase-todos-sabem-na-cidade-de-urubu-de-baixo-mais-nao-abre-o-bico","status":"publish","type":"post","link":"https:\/\/tribunadapraia.com.br\/?p=6414","title":{"rendered":"Em entrevista quase explicita, cidad\u00e3o fala sem meias palavras o que quase todos sabem na cidade de Urubu De Baixo , mais n\u00e3o abre o bico"},"content":{"rendered":"<ul>\n<li><span style=\"color: #ff6600;\">Por Reda\u00e7\u00e3o | Imagem: Arquivo<\/span><\/li>\n<\/ul>\n<p>Dentro de sua linha editorial de n\u00e3o expor as pessoas nem as institui\u00e7\u00f5es, a Tribuna da Praia disponibiliza para nossos leitores um depoimento aqui convertido em forma de entrevista na modalidade metaf\u00f3rica. Aos leitores cabe identificar os atores sociais alcunhados com os pseudonimos fict\u00edcios, mas verocimil. Vamos a ela?<\/p>\n<p style=\"text-align: center;\"><img loading=\"lazy\" class=\"alignnone size-medium wp-image-6259\" src=\"https:\/\/tribunadapraia.com.br\/wp-content\/uploads\/2023\/03\/CRIATIVE-300x133.jpg\" alt=\"\" width=\"300\" height=\"133\" srcset=\"https:\/\/tribunadapraia.com.br\/wp-content\/uploads\/2023\/03\/CRIATIVE-300x133.jpg 300w, https:\/\/tribunadapraia.com.br\/wp-content\/uploads\/2023\/03\/CRIATIVE-1024x454.jpg 1024w, https:\/\/tribunadapraia.com.br\/wp-content\/uploads\/2023\/03\/CRIATIVE-768x340.jpg 768w, https:\/\/tribunadapraia.com.br\/wp-content\/uploads\/2023\/03\/CRIATIVE.jpg 1280w\" sizes=\"(max-width: 300px) 100vw, 300px\" \/><\/p>\n<p><strong>TRIBUNA DA PRAIA &#8211; O que o senhor sabe e gostaria de falar?<\/strong><\/p>\n<p>Z\u00c9 SANTA RITA &#8211; Sei de muita coisa e at\u00e9 pretendo denunci\u00e1-lo. (&#8230;) S\u00f3 por amostra das mentiras dele (?).<\/p>\n<p><strong>TRIBUNA &#8211; Como assim Z\u00e9?<\/strong><\/p>\n<p>Z\u00c9 &#8211; Um box pequeno era R$ 400 reais e o grande R$ 800 reais mensal o aluguel. Entre grandes e pequenos s\u00e3o 17.<\/p>\n<p><strong>TP &#8211; E sobre o estacionamento?<\/strong><\/p>\n<p>ZSR &#8211; O estacionamento fatura em m\u00e9dia R$ 5 mil mensal.<\/p>\n<p><strong>TP &#8211; E a feira de cereais?<\/strong><\/p>\n<p>ZSR &#8211; A feira de cereais est\u00e1 funcionando dentro do clube no sal\u00e3o de festas, alugado n\u00e3o sei o valor.<\/p>\n<p><strong>TP &#8211; E o bar?<\/strong><\/p>\n<p>ZSR &#8211; Tem o bar que tamb\u00e9m rende alguma coisa, tem um terreno alugado entre o 13 V\u00f4lei Clube e o Supermercado Toda Noite, um empres\u00e1rio vai colocar algum com\u00e9rcio mas j\u00e1 recebe aluguel n\u00e3o sei o valor.<\/p>\n<p style=\"text-align: center;\"><img loading=\"lazy\" class=\"alignnone size-medium wp-image-6120\" src=\"https:\/\/tribunadapraia.com.br\/wp-content\/uploads\/2023\/03\/PPA-300x248.jpg\" alt=\"\" width=\"300\" height=\"248\" srcset=\"https:\/\/tribunadapraia.com.br\/wp-content\/uploads\/2023\/03\/PPA-300x248.jpg 300w, https:\/\/tribunadapraia.com.br\/wp-content\/uploads\/2023\/03\/PPA.jpg 768w\" sizes=\"(max-width: 300px) 100vw, 300px\" \/><\/p>\n<p><strong>TP &#8211; O clube tem conta banc\u00e1ria?<\/strong><\/p>\n<p>ZSR &#8211; Tem uma conta no BBB, \u00e9 a \u00fanica conta do clube que recebe apenas o dep\u00f3sito do aluguel do Toda Noite, as demais rendas s\u00e3o todas pagas em esp\u00e9cie na m\u00e3o dele (&#8230;).<\/p>\n<p><strong>TP &#8211; Qual seria hoje o faturamento do 13 V\u00f4lei Clube?<\/strong><\/p>\n<p>ZSR &#8211; Acredito que hoje o clube fatura no m\u00ednimo uns R$ 30 mil as despesas do clube n\u00e3o dar R$ 10 mil o resto s\u00f3 ele e Deus \u00e9 quem sabem onde coloca.<\/p>\n<p style=\"text-align: center;\"><img loading=\"lazy\" class=\"alignnone size-medium wp-image-6253\" src=\"https:\/\/tribunadapraia.com.br\/wp-content\/uploads\/2023\/03\/iTA-300x153.jpg\" alt=\"\" width=\"300\" height=\"153\" srcset=\"https:\/\/tribunadapraia.com.br\/wp-content\/uploads\/2023\/03\/iTA-300x153.jpg 300w, https:\/\/tribunadapraia.com.br\/wp-content\/uploads\/2023\/03\/iTA-768x392.jpg 768w, https:\/\/tribunadapraia.com.br\/wp-content\/uploads\/2023\/03\/iTA.jpg 1024w\" sizes=\"(max-width: 300px) 100vw, 300px\" \/><\/p>\n<p><strong>TRIBUNA &#8211; Como o senhor pretende tornar esses questionamentos p\u00fablicos?<\/strong><\/p>\n<p>Z\u00c9 &#8211; Caso o Senhor tenha interesse em conversar pessoalmente comigo eu gostaria muito at\u00e9 porque estou precisando de orienta\u00e7\u00f5es de como denunci\u00e1-lo.<\/p>\n<p><strong>TRIBUNA DA PRAIA &#8211; O senhor teria as provas?<\/strong><\/p>\n<p>Z\u00c9 SANTA RITA &#8211; Tenho provas da forma corrupta como ele \u00e9 eleito.<\/p>\n<ul>\n<li><span style=\"color: #ff6600;\">Texto ficcional, qualquer semelhan\u00e7a com pessoas, espa\u00e7os ou locais ter\u00e1 sido mera coincid\u00eancia<\/span><\/li>\n<\/ul>\n","protected":false},"excerpt":{"rendered":"<p>Por Reda\u00e7\u00e3o | Imagem: Arquivo Dentro de sua linha editorial de n\u00e3o expor as pessoas nem as institui\u00e7\u00f5es, a Tribuna da Praia disponibiliza para nossos leitores um depoimento aqui convertido em forma de entrevista na modalidade metaf\u00f3rica. Aos leitores cabe identificar os atores sociais alcunhados com os pseudonimos fict\u00edcios, mas verocimil. Vamos a ela? TRIBUNA DA PRAIA &#8211; O que o senhor sabe e gostaria de falar? Z\u00c9 SANTA RITA<\/p>\n","protected":false},"author":1,"featured_media":6417,"comment_status":"open","ping_status":"open","sticky":false,"template":"","format":"standard","meta":[],"categories":[18],"tags":[],"yoast_head":"<!-- This site is optimized with the Yoast SEO plugin v16.3 - https:\/\/yoast.com\/wordpress\/plugins\/seo\/ -->\n<title>Em entrevista quase explicita, cidad\u00e3o fala sem meias palavras o que quase todos sabem na cidade de Urubu De Baixo , mais n\u00e3o abre o bico - TRIBUNA DA PRAIA<\/title>\n<meta name=\"robots\" content=\"index, follow, max-snippet:-1, max-image-preview:large, max-video-preview:-1\" \/>\n<link rel=\"canonical\" href=\"https:\/\/tribunadapraia.com.br\/?p=6414\" \/>\n<meta property=\"og:locale\" content=\"pt_BR\" \/>\n<meta property=\"og:type\" content=\"article\" \/>\n<meta property=\"og:title\" content=\"Em entrevista quase explicita, cidad\u00e3o fala sem meias palavras o que quase todos sabem na cidade de Urubu De Baixo , mais n\u00e3o abre o bico - TRIBUNA DA PRAIA\" \/>\n<meta property=\"og:description\" content=\"Por Reda\u00e7\u00e3o | Imagem: Arquivo Dentro de sua linha editorial de n\u00e3o expor as pessoas nem as institui\u00e7\u00f5es, a Tribuna da Praia disponibiliza para nossos leitores um depoimento aqui convertido em forma de entrevista na modalidade metaf\u00f3rica. Aos leitores cabe identificar os atores sociais alcunhados com os pseudonimos fict\u00edcios, mas verocimil. Vamos a ela? TRIBUNA DA PRAIA &#8211; O que o senhor sabe e gostaria de falar? Z\u00c9 SANTA RITA\" \/>\n<meta property=\"og:url\" content=\"https:\/\/tribunadapraia.com.br\/?p=6414\" \/>\n<meta property=\"og:site_name\" content=\"TRIBUNA DA PRAIA\" \/>\n<meta property=\"article:publisher\" content=\"https:\/\/www.facebook.com\/tribunadapraiaonline\/\" \/>\n<meta property=\"article:published_time\" content=\"2023-04-03T13:17:15+00:00\" \/>\n<meta property=\"article:modified_time\" content=\"2023-04-03T14:51:03+00:00\" \/>\n<meta property=\"og:image\" content=\"https:\/\/tribunadapraia.com.br\/wp-content\/uploads\/2023\/04\/dinheiro-na-mao-23874522.jpg\" \/>\n\t<meta property=\"og:image:width\" content=\"1034\" \/>\n\t<meta property=\"og:image:height\" content=\"1300\" \/>\n<meta name=\"twitter:card\" content=\"summary_large_image\" \/>\n<meta name=\"twitter:creator\" content=\"@Claudomir21\" \/>\n<meta name=\"twitter:site\" content=\"@Claudomir21\" \/>\n<meta name=\"twitter:label1\" content=\"Est. tempo de leitura\">\n\t<meta name=\"twitter:data1\" content=\"3 minutos\">\n<script type=\"application\/ld+json\" class=\"yoast-schema-graph\">{\"@context\":\"https:\/\/schema.org\",\"@graph\":[{\"@type\":\"Organization\",\"@id\":\"https:\/\/tribunadapraia.com.br\/#organization\",\"name\":\"Tribuna da Praia\",\"url\":\"https:\/\/tribunadapraia.com.br\/\",\"sameAs\":[\"https:\/\/www.facebook.com\/tribunadapraiaonline\/\",\"https:\/\/www.instagram.com\/claudomirtavares\/\",\"https:\/\/www.youtube.com\/channel\/UCwQf80nxiMzCefAyjbp53Rw\",\"https:\/\/twitter.com\/Claudomir21\"],\"logo\":{\"@type\":\"ImageObject\",\"@id\":\"https:\/\/tribunadapraia.com.br\/#logo\",\"inLanguage\":\"pt-BR\",\"url\":\"https:\/\/tribunadapraia.com.br\/wp-content\/uploads\/2020\/02\/logo.png\",\"contentUrl\":\"https:\/\/tribunadapraia.com.br\/wp-content\/uploads\/2020\/02\/logo.png\",\"width\":501,\"height\":121,\"caption\":\"Tribuna da Praia\"},\"image\":{\"@id\":\"https:\/\/tribunadapraia.com.br\/#logo\"}},{\"@type\":\"WebSite\",\"@id\":\"https:\/\/tribunadapraia.com.br\/#website\",\"url\":\"https:\/\/tribunadapraia.com.br\/\",\"name\":\"TRIBUNA DA PRAIA\",\"description\":\"O 1\\u00ba jornal do interior de Sergipe na internet\",\"publisher\":{\"@id\":\"https:\/\/tribunadapraia.com.br\/#organization\"},\"potentialAction\":[{\"@type\":\"SearchAction\",\"target\":\"https:\/\/tribunadapraia.com.br\/?s={search_term_string}\",\"query-input\":\"required name=search_term_string\"}],\"inLanguage\":\"pt-BR\"},{\"@type\":\"ImageObject\",\"@id\":\"https:\/\/tribunadapraia.com.br\/?p=6414#primaryimage\",\"inLanguage\":\"pt-BR\",\"url\":\"https:\/\/tribunadapraia.com.br\/wp-content\/uploads\/2023\/04\/dinheiro-na-mao-23874522.jpg\",\"contentUrl\":\"https:\/\/tribunadapraia.com.br\/wp-content\/uploads\/2023\/04\/dinheiro-na-mao-23874522.jpg\",\"width\":1034,\"height\":1300},{\"@type\":\"WebPage\",\"@id\":\"https:\/\/tribunadapraia.com.br\/?p=6414#webpage\",\"url\":\"https:\/\/tribunadapraia.com.br\/?p=6414\",\"name\":\"Em entrevista quase explicita, cidad\\u00e3o fala sem meias palavras o que quase todos sabem na cidade de Urubu De Baixo , mais n\\u00e3o abre o bico - TRIBUNA DA PRAIA\",\"isPartOf\":{\"@id\":\"https:\/\/tribunadapraia.com.br\/#website\"},\"primaryImageOfPage\":{\"@id\":\"https:\/\/tribunadapraia.com.br\/?p=6414#primaryimage\"},\"datePublished\":\"2023-04-03T13:17:15+00:00\",\"dateModified\":\"2023-04-03T14:51:03+00:00\",\"breadcrumb\":{\"@id\":\"https:\/\/tribunadapraia.com.br\/?p=6414#breadcrumb\"},\"inLanguage\":\"pt-BR\",\"potentialAction\":[{\"@type\":\"ReadAction\",\"target\":[\"https:\/\/tribunadapraia.com.br\/?p=6414\"]}]},{\"@type\":\"BreadcrumbList\",\"@id\":\"https:\/\/tribunadapraia.com.br\/?p=6414#breadcrumb\",\"itemListElement\":[{\"@type\":\"ListItem\",\"position\":1,\"item\":{\"@type\":\"WebPage\",\"@id\":\"https:\/\/tribunadapraia.com.br\/\",\"url\":\"https:\/\/tribunadapraia.com.br\/\",\"name\":\"In\\u00edcio\"}},{\"@type\":\"ListItem\",\"position\":2,\"item\":{\"@id\":\"https:\/\/tribunadapraia.com.br\/?p=6414#webpage\"}}]},{\"@type\":\"Article\",\"@id\":\"https:\/\/tribunadapraia.com.br\/?p=6414#article\",\"isPartOf\":{\"@id\":\"https:\/\/tribunadapraia.com.br\/?p=6414#webpage\"},\"author\":{\"@id\":\"https:\/\/tribunadapraia.com.br\/#\/schema\/person\/326b0a9f3163b479142c64eba4928de0\"},\"headline\":\"Em entrevista quase explicita, cidad\\u00e3o fala sem meias palavras o que quase todos sabem na cidade de Urubu De Baixo , mais n\\u00e3o abre o bico\",\"datePublished\":\"2023-04-03T13:17:15+00:00\",\"dateModified\":\"2023-04-03T14:51:03+00:00\",\"mainEntityOfPage\":{\"@id\":\"https:\/\/tribunadapraia.com.br\/?p=6414#webpage\"},\"wordCount\":399,\"commentCount\":0,\"publisher\":{\"@id\":\"https:\/\/tribunadapraia.com.br\/#organization\"},\"image\":{\"@id\":\"https:\/\/tribunadapraia.com.br\/?p=6414#primaryimage\"},\"thumbnailUrl\":\"https:\/\/tribunadapraia.com.br\/wp-content\/uploads\/2023\/04\/dinheiro-na-mao-23874522.jpg\",\"articleSection\":[\"Not\\u00edcias\"],\"inLanguage\":\"pt-BR\",\"potentialAction\":[{\"@type\":\"CommentAction\",\"name\":\"Comment\",\"target\":[\"https:\/\/tribunadapraia.com.br\/?p=6414#respond\"]}]},{\"@type\":\"Person\",\"@id\":\"https:\/\/tribunadapraia.com.br\/#\/schema\/person\/326b0a9f3163b479142c64eba4928de0\",\"name\":\"tribunadapraia\",\"image\":{\"@type\":\"ImageObject\",\"@id\":\"https:\/\/tribunadapraia.com.br\/#personlogo\",\"inLanguage\":\"pt-BR\",\"url\":\"https:\/\/secure.gravatar.com\/avatar\/38b019c74762496076b7355024a0dad9?s=96&d=identicon&r=g\",\"contentUrl\":\"https:\/\/secure.gravatar.com\/avatar\/38b019c74762496076b7355024a0dad9?s=96&d=identicon&r=g\",\"caption\":\"tribunadapraia\"}}]}<\/script>\n<!-- \/ Yoast SEO plugin. -->","wps_subtitle":"","_links":{"self":[{"href":"https:\/\/tribunadapraia.com.br\/index.php?rest_route=\/wp\/v2\/posts\/6414"}],"collection":[{"href":"https:\/\/tribunadapraia.com.br\/index.php?rest_route=\/wp\/v2\/posts"}],"about":[{"href":"https:\/\/tribunadapraia.com.br\/index.php?rest_route=\/wp\/v2\/types\/post"}],"author":[{"embeddable":true,"href":"https:\/\/tribunadapraia.com.br\/index.php?rest_route=\/wp\/v2\/users\/1"}],"replies":[{"embeddable":true,"href":"https:\/\/tribunadapraia.com.br\/index.php?rest_route=%2Fwp%2Fv2%2Fcomments&post=6414"}],"version-history":[{"count":4,"href":"https:\/\/tribunadapraia.com.br\/index.php?rest_route=\/wp\/v2\/posts\/6414\/revisions"}],"predecessor-version":[{"id":6419,"href":"https:\/\/tribunadapraia.com.br\/index.php?rest_route=\/wp\/v2\/posts\/6414\/revisions\/6419"}],"wp:featuredmedia":[{"embeddable":true,"href":"https:\/\/tribunadapraia.com.br\/index.php?rest_route=\/wp\/v2\/media\/6417"}],"wp:attachment":[{"href":"https:\/\/tribunadapraia.com.br\/index.php?rest_route=%2Fwp%2Fv2%2Fmedia&parent=6414"}],"wp:term":[{"taxonomy":"category","embeddable":true,"href":"https:\/\/tribunadapraia.com.br\/index.php?rest_route=%2Fwp%2Fv2%2Fcategories&post=6414"},{"taxonomy":"post_tag","embeddable":true,"href":"https:\/\/tribunadapraia.com.br\/index.php?rest_route=%2Fwp%2Fv2%2Ftags&post=6414"}],"curies":[{"name":"wp","href":"https:\/\/api.w.org\/{rel}","templated":true}]}}