{"id":6407,"date":"2023-04-02T15:32:09","date_gmt":"2023-04-02T18:32:09","guid":{"rendered":"https:\/\/tribunadapraia.com.br\/?p=6407"},"modified":"2023-04-02T15:38:44","modified_gmt":"2023-04-02T18:38:44","slug":"sos-prainha-de-propria-esgotos-arrotando-espantam-frequentadores-e-turistas","status":"publish","type":"post","link":"https:\/\/tribunadapraia.com.br\/?p=6407","title":{"rendered":"SOS Prainha de Propri\u00e1, esgotos arrotando espantam frequentadores e turistas"},"content":{"rendered":"<p>Quando na segunda metade da d\u00e9cada de 1990 foi feito o primeiro (e \u00fanico) melhoramento da outrora paradis\u00edaca prainha de Propri\u00e1, que fora &#8220;batizada&#8221; no primeiro mandato do ent\u00e3o prefeito Renato Brand\u00e3o de &#8220;Riviera do S\u00e3o Francisco&#8221;, denomina\u00e7\u00e3o que, ali\u00e1s, foi deixada de lado.<\/p>\n<p>O que era um ponto de atra\u00e7\u00e3o dos propriaenses e de centenas de turistas de toda regi\u00e3o do Baixo S\u00e3o Francisco sergipano e alagoano, hoje \u00e9 um espantalho das fam\u00edlias e visitantes que j\u00e1 a exclu\u00edram de seu card\u00e1pio de lazer.<\/p>\n<p style=\"text-align: center;\"><img loading=\"lazy\" class=\"alignnone size-medium wp-image-6120\" src=\"https:\/\/tribunadapraia.com.br\/wp-content\/uploads\/2023\/03\/PPA-300x248.jpg\" alt=\"\" width=\"300\" height=\"248\" srcset=\"https:\/\/tribunadapraia.com.br\/wp-content\/uploads\/2023\/03\/PPA-300x248.jpg 300w, https:\/\/tribunadapraia.com.br\/wp-content\/uploads\/2023\/03\/PPA.jpg 768w\" sizes=\"(max-width: 300px) 100vw, 300px\" \/><\/p>\n<p>Alguns desavisados que ainda se deslocam para a resistente prainha que sobrevive pelos esfor\u00e7os dos propriet\u00e1rios de seis bares, ao se deparar com a fedentina arrotada dos esgotos obstru\u00eddos, retornam ou redirecionam seu destino para a Praia da Adutora no munic\u00edpio de Telha<\/p>\n<p>At\u00e9 as \u00e1reas onde se praticavam o futvolei e o futebol de areia, n\u00e3o tem atra\u00eddo aten\u00e7\u00e3o dos desportistas. &#8220;N\u00e3o posso fazer nada por conta desses esgotos&#8221;, disse recentemente Jorge J\u00fanior, diretor de Esportes ao rep\u00f3rter Carlos Chocolate.<\/p>\n<p style=\"text-align: center;\"><img loading=\"lazy\" class=\"alignnone size-medium wp-image-6411\" src=\"https:\/\/tribunadapraia.com.br\/wp-content\/uploads\/2023\/04\/IMG-20230402-WA0044-300x225.jpg\" alt=\"\" width=\"300\" height=\"225\" srcset=\"https:\/\/tribunadapraia.com.br\/wp-content\/uploads\/2023\/04\/IMG-20230402-WA0044-300x225.jpg 300w, https:\/\/tribunadapraia.com.br\/wp-content\/uploads\/2023\/04\/IMG-20230402-WA0044-1024x768.jpg 1024w, https:\/\/tribunadapraia.com.br\/wp-content\/uploads\/2023\/04\/IMG-20230402-WA0044-768x576.jpg 768w, https:\/\/tribunadapraia.com.br\/wp-content\/uploads\/2023\/04\/IMG-20230402-WA0044-1536x1152.jpg 1536w, https:\/\/tribunadapraia.com.br\/wp-content\/uploads\/2023\/04\/IMG-20230402-WA0044.jpg 1600w\" sizes=\"(max-width: 300px) 100vw, 300px\" \/><\/p>\n<p>O propriet\u00e1rio de bar Z\u00e9 Lito falou que &#8220;o sofrimento \u00e9 muito grande, estamos trabalhando, o esgoto aqui, o pessoal n\u00e3o se disp\u00f5e a fazer o servi\u00e7o, tem que ajudar o turismo a crescer, n\u00e3o atrapalhar mais&#8221;, disse<\/p>\n<p style=\"text-align: center;\"><img loading=\"lazy\" class=\"alignnone size-medium wp-image-6259\" src=\"https:\/\/tribunadapraia.com.br\/wp-content\/uploads\/2023\/03\/CRIATIVE-300x133.jpg\" alt=\"\" width=\"300\" height=\"133\" srcset=\"https:\/\/tribunadapraia.com.br\/wp-content\/uploads\/2023\/03\/CRIATIVE-300x133.jpg 300w, https:\/\/tribunadapraia.com.br\/wp-content\/uploads\/2023\/03\/CRIATIVE-1024x454.jpg 1024w, https:\/\/tribunadapraia.com.br\/wp-content\/uploads\/2023\/03\/CRIATIVE-768x340.jpg 768w, https:\/\/tribunadapraia.com.br\/wp-content\/uploads\/2023\/03\/CRIATIVE.jpg 1280w\" sizes=\"(max-width: 300px) 100vw, 300px\" \/><\/p>\n<p>A Tribuna da Praia tentou um contato com Rafael Luckman, secret\u00e1rio de Turismo e Marcos Gra\u00e7a, secret\u00e1rio de Obras, mas at\u00e9 o fechamento desta reportagem n\u00e3o hav\u00edamos conseguido.<\/p>\n<ul>\n<li><span style=\"color: #ff6600;\">Por Reda\u00e7\u00e3o, com informa\u00e7\u00f5es de Carlos Chocolate<\/span><\/li>\n<\/ul>\n","protected":false},"excerpt":{"rendered":"<p>Quando na segunda metade da d\u00e9cada de 1990 foi feito o primeiro (e \u00fanico) melhoramento da outrora paradis\u00edaca prainha de Propri\u00e1, que fora &#8220;batizada&#8221; no primeiro mandato do ent\u00e3o prefeito Renato Brand\u00e3o de &#8220;Riviera do S\u00e3o Francisco&#8221;, denomina\u00e7\u00e3o que, ali\u00e1s, foi deixada de lado. O que era um ponto de atra\u00e7\u00e3o dos propriaenses e de centenas de turistas de toda regi\u00e3o do Baixo S\u00e3o Francisco sergipano e alagoano, hoje \u00e9<\/p>\n","protected":false},"author":1,"featured_media":6409,"comment_status":"open","ping_status":"open","sticky":false,"template":"","format":"standard","meta":[],"categories":[18],"tags":[],"yoast_head":"<!-- This site is optimized with the Yoast SEO plugin v16.3 - https:\/\/yoast.com\/wordpress\/plugins\/seo\/ -->\n<title>SOS Prainha de Propri\u00e1, esgotos arrotando espantam frequentadores e turistas - TRIBUNA DA PRAIA<\/title>\n<meta name=\"robots\" content=\"index, follow, max-snippet:-1, max-image-preview:large, max-video-preview:-1\" \/>\n<link rel=\"canonical\" href=\"https:\/\/tribunadapraia.com.br\/?p=6407\" \/>\n<meta property=\"og:locale\" content=\"pt_BR\" \/>\n<meta property=\"og:type\" content=\"article\" \/>\n<meta property=\"og:title\" content=\"SOS Prainha de Propri\u00e1, esgotos arrotando espantam frequentadores e turistas - TRIBUNA DA PRAIA\" \/>\n<meta property=\"og:description\" content=\"Quando na segunda metade da d\u00e9cada de 1990 foi feito o primeiro (e \u00fanico) melhoramento da outrora paradis\u00edaca prainha de Propri\u00e1, que fora &#8220;batizada&#8221; no primeiro mandato do ent\u00e3o prefeito Renato Brand\u00e3o de &#8220;Riviera do S\u00e3o Francisco&#8221;, denomina\u00e7\u00e3o que, ali\u00e1s, foi deixada de lado. O que era um ponto de atra\u00e7\u00e3o dos propriaenses e de centenas de turistas de toda regi\u00e3o do Baixo S\u00e3o Francisco sergipano e alagoano, hoje \u00e9\" \/>\n<meta property=\"og:url\" content=\"https:\/\/tribunadapraia.com.br\/?p=6407\" \/>\n<meta property=\"og:site_name\" content=\"TRIBUNA DA PRAIA\" \/>\n<meta property=\"article:publisher\" content=\"https:\/\/www.facebook.com\/tribunadapraiaonline\/\" \/>\n<meta property=\"article:published_time\" content=\"2023-04-02T18:32:09+00:00\" \/>\n<meta property=\"article:modified_time\" content=\"2023-04-02T18:38:44+00:00\" \/>\n<meta property=\"og:image\" content=\"https:\/\/tribunadapraia.com.br\/wp-content\/uploads\/2023\/04\/IMG-20230402-WA0040.jpg\" \/>\n\t<meta property=\"og:image:width\" content=\"1600\" \/>\n\t<meta property=\"og:image:height\" content=\"1200\" \/>\n<meta name=\"twitter:card\" content=\"summary_large_image\" \/>\n<meta name=\"twitter:creator\" content=\"@Claudomir21\" \/>\n<meta name=\"twitter:site\" content=\"@Claudomir21\" \/>\n<meta name=\"twitter:label1\" content=\"Est. tempo de leitura\">\n\t<meta name=\"twitter:data1\" content=\"2 minutos\">\n<script type=\"application\/ld+json\" class=\"yoast-schema-graph\">{\"@context\":\"https:\/\/schema.org\",\"@graph\":[{\"@type\":\"Organization\",\"@id\":\"https:\/\/tribunadapraia.com.br\/#organization\",\"name\":\"Tribuna da Praia\",\"url\":\"https:\/\/tribunadapraia.com.br\/\",\"sameAs\":[\"https:\/\/www.facebook.com\/tribunadapraiaonline\/\",\"https:\/\/www.instagram.com\/claudomirtavares\/\",\"https:\/\/www.youtube.com\/channel\/UCwQf80nxiMzCefAyjbp53Rw\",\"https:\/\/twitter.com\/Claudomir21\"],\"logo\":{\"@type\":\"ImageObject\",\"@id\":\"https:\/\/tribunadapraia.com.br\/#logo\",\"inLanguage\":\"pt-BR\",\"url\":\"https:\/\/tribunadapraia.com.br\/wp-content\/uploads\/2020\/02\/logo.png\",\"contentUrl\":\"https:\/\/tribunadapraia.com.br\/wp-content\/uploads\/2020\/02\/logo.png\",\"width\":501,\"height\":121,\"caption\":\"Tribuna da Praia\"},\"image\":{\"@id\":\"https:\/\/tribunadapraia.com.br\/#logo\"}},{\"@type\":\"WebSite\",\"@id\":\"https:\/\/tribunadapraia.com.br\/#website\",\"url\":\"https:\/\/tribunadapraia.com.br\/\",\"name\":\"TRIBUNA DA PRAIA\",\"description\":\"O 1\\u00ba jornal do interior de Sergipe na internet\",\"publisher\":{\"@id\":\"https:\/\/tribunadapraia.com.br\/#organization\"},\"potentialAction\":[{\"@type\":\"SearchAction\",\"target\":\"https:\/\/tribunadapraia.com.br\/?s={search_term_string}\",\"query-input\":\"required name=search_term_string\"}],\"inLanguage\":\"pt-BR\"},{\"@type\":\"ImageObject\",\"@id\":\"https:\/\/tribunadapraia.com.br\/?p=6407#primaryimage\",\"inLanguage\":\"pt-BR\",\"url\":\"https:\/\/tribunadapraia.com.br\/wp-content\/uploads\/2023\/04\/IMG-20230402-WA0040.jpg\",\"contentUrl\":\"https:\/\/tribunadapraia.com.br\/wp-content\/uploads\/2023\/04\/IMG-20230402-WA0040.jpg\",\"width\":1600,\"height\":1200},{\"@type\":\"WebPage\",\"@id\":\"https:\/\/tribunadapraia.com.br\/?p=6407#webpage\",\"url\":\"https:\/\/tribunadapraia.com.br\/?p=6407\",\"name\":\"SOS Prainha de Propri\\u00e1, esgotos arrotando espantam frequentadores e turistas - TRIBUNA DA PRAIA\",\"isPartOf\":{\"@id\":\"https:\/\/tribunadapraia.com.br\/#website\"},\"primaryImageOfPage\":{\"@id\":\"https:\/\/tribunadapraia.com.br\/?p=6407#primaryimage\"},\"datePublished\":\"2023-04-02T18:32:09+00:00\",\"dateModified\":\"2023-04-02T18:38:44+00:00\",\"breadcrumb\":{\"@id\":\"https:\/\/tribunadapraia.com.br\/?p=6407#breadcrumb\"},\"inLanguage\":\"pt-BR\",\"potentialAction\":[{\"@type\":\"ReadAction\",\"target\":[\"https:\/\/tribunadapraia.com.br\/?p=6407\"]}]},{\"@type\":\"BreadcrumbList\",\"@id\":\"https:\/\/tribunadapraia.com.br\/?p=6407#breadcrumb\",\"itemListElement\":[{\"@type\":\"ListItem\",\"position\":1,\"item\":{\"@type\":\"WebPage\",\"@id\":\"https:\/\/tribunadapraia.com.br\/\",\"url\":\"https:\/\/tribunadapraia.com.br\/\",\"name\":\"In\\u00edcio\"}},{\"@type\":\"ListItem\",\"position\":2,\"item\":{\"@id\":\"https:\/\/tribunadapraia.com.br\/?p=6407#webpage\"}}]},{\"@type\":\"Article\",\"@id\":\"https:\/\/tribunadapraia.com.br\/?p=6407#article\",\"isPartOf\":{\"@id\":\"https:\/\/tribunadapraia.com.br\/?p=6407#webpage\"},\"author\":{\"@id\":\"https:\/\/tribunadapraia.com.br\/#\/schema\/person\/326b0a9f3163b479142c64eba4928de0\"},\"headline\":\"SOS Prainha de Propri\\u00e1, esgotos arrotando espantam frequentadores e turistas\",\"datePublished\":\"2023-04-02T18:32:09+00:00\",\"dateModified\":\"2023-04-02T18:38:44+00:00\",\"mainEntityOfPage\":{\"@id\":\"https:\/\/tribunadapraia.com.br\/?p=6407#webpage\"},\"wordCount\":281,\"commentCount\":0,\"publisher\":{\"@id\":\"https:\/\/tribunadapraia.com.br\/#organization\"},\"image\":{\"@id\":\"https:\/\/tribunadapraia.com.br\/?p=6407#primaryimage\"},\"thumbnailUrl\":\"https:\/\/tribunadapraia.com.br\/wp-content\/uploads\/2023\/04\/IMG-20230402-WA0040.jpg\",\"articleSection\":[\"Not\\u00edcias\"],\"inLanguage\":\"pt-BR\",\"potentialAction\":[{\"@type\":\"CommentAction\",\"name\":\"Comment\",\"target\":[\"https:\/\/tribunadapraia.com.br\/?p=6407#respond\"]}]},{\"@type\":\"Person\",\"@id\":\"https:\/\/tribunadapraia.com.br\/#\/schema\/person\/326b0a9f3163b479142c64eba4928de0\",\"name\":\"tribunadapraia\",\"image\":{\"@type\":\"ImageObject\",\"@id\":\"https:\/\/tribunadapraia.com.br\/#personlogo\",\"inLanguage\":\"pt-BR\",\"url\":\"https:\/\/secure.gravatar.com\/avatar\/38b019c74762496076b7355024a0dad9?s=96&d=identicon&r=g\",\"contentUrl\":\"https:\/\/secure.gravatar.com\/avatar\/38b019c74762496076b7355024a0dad9?s=96&d=identicon&r=g\",\"caption\":\"tribunadapraia\"}}]}<\/script>\n<!-- \/ Yoast SEO plugin. -->","wps_subtitle":"","_links":{"self":[{"href":"https:\/\/tribunadapraia.com.br\/index.php?rest_route=\/wp\/v2\/posts\/6407"}],"collection":[{"href":"https:\/\/tribunadapraia.com.br\/index.php?rest_route=\/wp\/v2\/posts"}],"about":[{"href":"https:\/\/tribunadapraia.com.br\/index.php?rest_route=\/wp\/v2\/types\/post"}],"author":[{"embeddable":true,"href":"https:\/\/tribunadapraia.com.br\/index.php?rest_route=\/wp\/v2\/users\/1"}],"replies":[{"embeddable":true,"href":"https:\/\/tribunadapraia.com.br\/index.php?rest_route=%2Fwp%2Fv2%2Fcomments&post=6407"}],"version-history":[{"count":3,"href":"https:\/\/tribunadapraia.com.br\/index.php?rest_route=\/wp\/v2\/posts\/6407\/revisions"}],"predecessor-version":[{"id":6412,"href":"https:\/\/tribunadapraia.com.br\/index.php?rest_route=\/wp\/v2\/posts\/6407\/revisions\/6412"}],"wp:featuredmedia":[{"embeddable":true,"href":"https:\/\/tribunadapraia.com.br\/index.php?rest_route=\/wp\/v2\/media\/6409"}],"wp:attachment":[{"href":"https:\/\/tribunadapraia.com.br\/index.php?rest_route=%2Fwp%2Fv2%2Fmedia&parent=6407"}],"wp:term":[{"taxonomy":"category","embeddable":true,"href":"https:\/\/tribunadapraia.com.br\/index.php?rest_route=%2Fwp%2Fv2%2Fcategories&post=6407"},{"taxonomy":"post_tag","embeddable":true,"href":"https:\/\/tribunadapraia.com.br\/index.php?rest_route=%2Fwp%2Fv2%2Ftags&post=6407"}],"curies":[{"name":"wp","href":"https:\/\/api.w.org\/{rel}","templated":true}]}}