{"id":6397,"date":"2023-03-31T16:40:59","date_gmt":"2023-03-31T19:40:59","guid":{"rendered":"https:\/\/tribunadapraia.com.br\/?p=6397"},"modified":"2023-03-31T16:41:44","modified_gmt":"2023-03-31T19:41:44","slug":"como-explicarantropologo-sobre-os-crimes-da-ditadura-a-maior-parte-da-populacao-nao-esta-nem-ai","status":"publish","type":"post","link":"https:\/\/tribunadapraia.com.br\/?p=6397","title":{"rendered":"COMO EXPLICAR?Antrop\u00f3logo sobre os crimes da ditadura: &#8216;A maior parte da popula\u00e7\u00e3o n\u00e3o est\u00e1 nem a\u00ed&#8217;"},"content":{"rendered":"<p><em>Para Piero Leirner, imagem de militares n\u00e3o \u00e9 pior por eles negarem Bolsonaro, mesmo tendo participado de seu governo<\/em><\/p>\n<p>Igor Carvalho<\/p>\n<p>No Brasil, a ditadura militar foi respons\u00e1vel por torturas e assassinatos durante os 21 anos do regime &#8211; Foto: Companhia das Letras\/Divulga\u00e7\u00e3o<\/p>\n<p>O golpe militar, que sufocou as liberdades no Brasil por 21 anos, completa 59 anos neste s\u00e1bado (1), com as For\u00e7as Armadas vindo da experi\u00eancia mais pr\u00f3xima do poder que tiveram desde a redemocratiza\u00e7\u00e3o no pa\u00eds, em 1985. Com a alian\u00e7a com o governo do ex-presidente Jair Bolsonaro (PL), os militares receberam os holofotes em diversos momentos, principalmente nos que uma parcela diminuta da popula\u00e7\u00e3o pedia uma interven\u00e7\u00e3o.<\/p>\n<p>O desejo por outro golpe protagonizado pelas For\u00e7as Armadas, que acabe com liberdades, pode parecer impens\u00e1vel em um pa\u00eds que conviveu, por d\u00e9cadas, com uma rotina de torturas e assassinatos, cometidos por agentes das for\u00e7as de seguran\u00e7a p\u00fablica do pa\u00eds.<\/p>\n<p>Para o antrop\u00f3logo Piero Leirner, que pesquisa o meio militar h\u00e1 mais de tr\u00eas d\u00e9cadas, a lista de crimes da ditadura militar n\u00e3o \u00e9 revoltante para uma parcela dos brasileiros. \u201cSinceramente? Acho que a maior parte da popula\u00e7\u00e3o n\u00e3o est\u00e1 nem a\u00ed para isso. Perdeu-se o timing, essa ficou sendo uma quest\u00e3o minorit\u00e1ria.\u201d<\/p>\n<p>Leirner avalia que as For\u00e7as Armadas conseguiram manter uma imagem est\u00e1vel e positiva. \u201cAcho que isto \u00e9 resultado justamente de uma opera\u00e7\u00e3o psicol\u00f3gica razoavelmente bem-feita.\u201d<\/p>\n<p>Confira a entrevista na \u00edntegra:<\/p>\n<p>Brasil de Fato: Como o senhor avalia o atual prest\u00edgio das For\u00e7as Armadas com a popula\u00e7\u00e3o?<\/p>\n<p>Piero Leirner: Me parece que houve uma pesquisa, se n\u00e3o me engano, da AtlasIntel, que mostrou um \u00edndice de confian\u00e7a bem abaixo do que se costumava ver. Isso foi medido no final de janeiro, depois de tudo que ocorreu no dia 8 e de toda exposi\u00e7\u00e3o negativa que as For\u00e7as Armadas tiveram na imprensa neste per\u00edodo.<\/p>\n<p>Ainda assim, os n\u00fameros conseguiram ser um pouco melhores que os atribu\u00eddos ao Governo (confiam e n\u00e3o confiam respectivamente 42% e 45%) e ao STF (42% e 47%) e muito melhores que os do Congresso. Isso mostra, se considerarmos v\u00e1lidos esses n\u00fameros, que a \u201cdesconfian\u00e7a\u201d recaiu sobre todo mundo.<\/p>\n<p>Isso para mim \u00e9 um sinal interessante, pois pode ser uma evid\u00eancia de que aquilo que vem ocorrendo nos \u00faltimos tempos surtiu efeito: uma esp\u00e9cie de desestabiliza\u00e7\u00e3o da percep\u00e7\u00e3o social sobre a pol\u00edtica, as institui\u00e7\u00f5es e as tais \u201cregras do jogo\u201d. Poder\u00edamos at\u00e9 recuar este processo para antes do governo Bolsonaro at\u00e9, mas vamos nos limitar ao in\u00edcio da campanha eleitoral com seu processo de ataque realizado por uma s\u00e9rie de atores, n\u00e3o s\u00f3 Bolsonaro. Isto deu um tranco.<\/p>\n<p>Estes n\u00fameros refletem talvez aquele termo muito usado, a tal polariza\u00e7\u00e3o. Mas o que isso quer dizer? Do meu ponto de vista \u00e9 o fato de que nem as institui\u00e7\u00f5es nem o chamamento \u00e0 dissolu\u00e7\u00e3o delas t\u00eam condi\u00e7\u00f5es de resolver este impasse. \u00c9 uma esp\u00e9cie de corrida armamentista.<\/p>\n<p>Dito isso, \u00e9 preciso ver se o ajuste \u00e0 conta-gotas de um acordo, que \u00e9 o que me parece que est\u00e1 sendo tentado, vai esfriar ambos os lados, e como isso vai repercutir. Normalmente eu diria que para as For\u00e7as Armadas recuperarem a confian\u00e7a basta sair da capa do jornal.<\/p>\n<p>IN\u00cdCIO<\/p>\n<p>GERAL<\/p>\n<p>COMO EXPLICAR?<br \/>\nAntrop\u00f3logo sobre os crimes da ditadura: &#8216;A maior parte da popula\u00e7\u00e3o n\u00e3o est\u00e1 nem a\u00ed&#8217;<br \/>\nPara Piero Leirner, imagem de militares n\u00e3o \u00e9 pior por eles negarem Bolsonaro, mesmo tendo participado de seu governo<br \/>\nIgor Carvalho<br \/>\nS\u00e3o Paulo | SP | 31 de Mar\u00e7o de 2023 \u00e0s 15:22<\/p>\n<p>No Brasil, a ditadura militar foi respons\u00e1vel por torturas e assassinatos durante os 21 anos do regime &#8211; Foto: Companhia das Letras\/Divulga\u00e7\u00e3o<br \/>\nO golpe militar, que sufocou as liberdades no Brasil por 21 anos, completa 59 anos neste s\u00e1bado (1), com as For\u00e7as Armadas vindo da experi\u00eancia mais pr\u00f3xima do poder que tiveram desde a redemocratiza\u00e7\u00e3o no pa\u00eds, em 1985. Com a alian\u00e7a com o governo do ex-presidente Jair Bolsonaro (PL), os militares receberam os holofotes em diversos momentos, principalmente nos que uma parcela diminuta da popula\u00e7\u00e3o pedia uma interven\u00e7\u00e3o.<\/p>\n<p>O desejo por outro golpe protagonizado pelas For\u00e7as Armadas, que acabe com liberdades, pode parecer impens\u00e1vel em um pa\u00eds que conviveu, por d\u00e9cadas, com uma rotina de torturas e assassinatos, cometidos por agentes das for\u00e7as de seguran\u00e7a p\u00fablica do pa\u00eds.<\/p>\n<p>Para o antrop\u00f3logo Piero Leirner, que pesquisa o meio militar h\u00e1 mais de tr\u00eas d\u00e9cadas, a lista de crimes da ditadura militar n\u00e3o \u00e9 revoltante para uma parcela dos brasileiros. \u201cSinceramente? Acho que a maior parte da popula\u00e7\u00e3o n\u00e3o est\u00e1 nem a\u00ed para isso. Perdeu-se o timing, essa ficou sendo uma quest\u00e3o minorit\u00e1ria.\u201d<\/p>\n<p>Leirner avalia que as For\u00e7as Armadas conseguiram manter uma imagem est\u00e1vel e positiva. \u201cAcho que isto \u00e9 resultado justamente de uma opera\u00e7\u00e3o psicol\u00f3gica razoavelmente bem-feita.\u201d<\/p>\n<p>Confira a entrevista na \u00edntegra:<\/p>\n<p>Brasil de Fato: Como o senhor avalia o atual prest\u00edgio das For\u00e7as Armadas com a popula\u00e7\u00e3o?<\/p>\n<p>Piero Leirner: Me parece que houve uma pesquisa, se n\u00e3o me engano, da AtlasIntel, que mostrou um \u00edndice de confian\u00e7a bem abaixo do que se costumava ver. Isso foi medido no final de janeiro, depois de tudo que ocorreu no dia 8 e de toda exposi\u00e7\u00e3o negativa que as For\u00e7as Armadas tiveram na imprensa neste per\u00edodo.<\/p>\n<p>Ainda assim, os n\u00fameros conseguiram ser um pouco melhores que os atribu\u00eddos ao Governo (confiam e n\u00e3o confiam respectivamente 42% e 45%) e ao STF (42% e 47%) e muito melhores que os do Congresso. Isso mostra, se considerarmos v\u00e1lidos esses n\u00fameros, que a \u201cdesconfian\u00e7a\u201d recaiu sobre todo mundo.<\/p>\n<p>Isso para mim \u00e9 um sinal interessante, pois pode ser uma evid\u00eancia de que aquilo que vem ocorrendo nos \u00faltimos tempos surtiu efeito: uma esp\u00e9cie de desestabiliza\u00e7\u00e3o da percep\u00e7\u00e3o social sobre a pol\u00edtica, as institui\u00e7\u00f5es e as tais \u201cregras do jogo\u201d. Poder\u00edamos at\u00e9 recuar este processo para antes do governo Bolsonaro at\u00e9, mas vamos nos limitar ao in\u00edcio da campanha eleitoral com seu processo de ataque realizado por uma s\u00e9rie de atores, n\u00e3o s\u00f3 Bolsonaro. Isto deu um tranco.<\/p>\n<p>Estes n\u00fameros refletem talvez aquele termo muito usado, a tal polariza\u00e7\u00e3o. Mas o que isso quer dizer? Do meu ponto de vista \u00e9 o fato de que nem as institui\u00e7\u00f5es nem o chamamento \u00e0 dissolu\u00e7\u00e3o delas t\u00eam condi\u00e7\u00f5es de resolver este impasse. \u00c9 uma esp\u00e9cie de corrida armamentista.<\/p>\n<p>Dito isso, \u00e9 preciso ver se o ajuste \u00e0 conta-gotas de um acordo, que \u00e9 o que me parece que est\u00e1 sendo tentado, vai esfriar ambos os lados, e como isso vai repercutir. Normalmente eu diria que para as For\u00e7as Armadas recuperarem a confian\u00e7a basta sair da capa do jornal.<\/p>\n<p>As \u00faltimas pesquisas mostram que houve uma queda expressiva da confian\u00e7a da popula\u00e7\u00e3o nas For\u00e7as Armadas. H\u00e1 alguma rela\u00e7\u00e3o, em sua opini\u00e3o, com a alian\u00e7a estreita que os militares mantiveram com o governo Bolsonaro?<\/p>\n<p>N\u00e3o acho poss\u00edvel estabelecer essa causalidade sem maiores detalhes, investiga\u00e7\u00f5es qualitativas. Porque ao olharmos os n\u00fameros ali, tamb\u00e9m poder\u00edamos dizer que as For\u00e7as Armadas t\u00eam praticamente a mesma popularidade de Bolsonaro, que enfim, chegou na reta final com quase metade dos votos, e assim aqueles que s\u00e3o bolsonaristas coincidem com os militaristas, e vice-versa.<\/p>\n<p>Isso n\u00e3o explicaria por que, ent\u00e3o, houve essa queda expressiva. S\u00f3 quem \u00e9 do campo democr\u00e1tico passou para o \u201cn\u00e3o confiam\u201d? Pode ser. Mas, em todo caso, \u00e9 preciso levar em conta que a identifica\u00e7\u00e3o militares-Bolsonaro j\u00e1 est\u00e1 dada h\u00e1 muito tempo.<\/p>\n<p>E as pesquisas n\u00e3o acompanharam as mesmas oscila\u00e7\u00f5es do ex-presidente, se n\u00e3o me engano. Na minha opini\u00e3o esta queda deveu-se muito mais \u00e0 exposi\u00e7\u00e3o negativa que os militares come\u00e7aram a ter na imprensa. Primeiro, aos poucos, com casos de superfaturamentos, doce de leite e viagra, isso sim cola em Bolsonaro, o \u201cimbroch\u00e1vel\u201d com sua lata de Leite Mo\u00e7a no caf\u00e9 da manh\u00e3, mas depois especialmente com a associa\u00e7\u00e3o direta ao 8 de janeiro.<\/p>\n<p>Como os militares ficaram operando tudo isso \u201cdentro da margem de erro\u201d, isto \u00e9, ao mesmo tempo participando do governo e dos arroubos de Bolsonaro, mas negando o tempo todo, as consequ\u00eancias n\u00e3o foram piores. Ent\u00e3o, a meu ver eles fizeram uma manobra onde evidentemente se esperava alguma baixa, mas no geral sa\u00edram vivos e com seu objetivo prim\u00e1rio conquistado: n\u00e3o perderam poder, pelo contr\u00e1rio.<\/p>\n<p>Ainda que em queda, as For\u00e7as Armadas possuem um \u00edndice de confiabilidade muito maior que outras institui\u00e7\u00f5es, como os partidos e o STF. A que o senhor atribui essa aprova\u00e7\u00e3o?<\/p>\n<p>Acho que isto \u00e9 resultado justamente de uma opera\u00e7\u00e3o psicol\u00f3gica razoavelmente bem feita, pois justamente baseada na ideia de que eles estavam l\u00e1 operando essa m\u00e1quina de disson\u00e2ncia cognitiva chamada Jair Bolsonaro e ao mesmo tempo negando ao m\u00e1ximo isto.<\/p>\n<p>Toda vez que a coisa os apertava davam um jeito de fazer a bomba estourar no colo do ex-Presidente. Por exemplo, precisaram criar aquele teatro da demiss\u00e3o dos comandantes para colar a ideia de que Bolsonaro tentava o tempo todo aparelh\u00e1-los, mas eles resistiam enquanto \u201cinstitui\u00e7\u00e3o de Estado\u201d.<\/p>\n<p>Toda a imprensa, com aux\u00edlio de muita an\u00e1lise acad\u00eamica, diga-se de passagem, repercutiu este evento colocando os militares na posi\u00e7\u00e3o de v\u00edtimas, o que para mim \u00e9 uma dissimula\u00e7\u00e3o t\u00edpica \u201cde manual\u201d. Nessa jogada, ent\u00e3o, eles garantiram que se cristalizasse a ideia de que havia militares \u201cbolsonaristas\u201d que aderiam ao \u201cprojeto\u201d por uma op\u00e7\u00e3o pessoal, e esquivaram a corpora\u00e7\u00e3o militar da frente de ataque.<\/p>\n<p>Isso a\u00ed garantiu, a meu ver, que eles ainda chegassem em primeiro lugar nessa maratona de combalidos.<\/p>\n<p>Sem uma guerra ou processos internos e externos que os coloquem em evid\u00eancia ou como protagonistas, como os militares conseguiram vencer a guerra da propaganda que os condena por crimes da \u00e9poca da ditadura?<\/p>\n<p>Sinceramente? Acho que a maior parte da popula\u00e7\u00e3o n\u00e3o est\u00e1 nem a\u00ed para isso. Perdeu-se o timing, essa ficou sendo uma quest\u00e3o minorit\u00e1ria.<\/p>\n<ul>\n<li><span style=\"color: #ff6600;\">Edi\u00e7\u00e3o: Rodrigo Dur\u00e3o Coelho<\/span><\/li>\n<\/ul>\n","protected":false},"excerpt":{"rendered":"<p>Para Piero Leirner, imagem de militares n\u00e3o \u00e9 pior por eles negarem Bolsonaro, mesmo tendo participado de seu governo Igor Carvalho No Brasil, a ditadura militar foi respons\u00e1vel por torturas e assassinatos durante os 21 anos do regime &#8211; Foto: Companhia das Letras\/Divulga\u00e7\u00e3o O golpe militar, que sufocou as liberdades no Brasil por 21 anos, completa 59 anos neste s\u00e1bado (1), com as For\u00e7as Armadas vindo da experi\u00eancia mais pr\u00f3xima<\/p>\n","protected":false},"author":1,"featured_media":6398,"comment_status":"open","ping_status":"open","sticky":false,"template":"","format":"standard","meta":[],"categories":[18],"tags":[],"yoast_head":"<!-- This site is optimized with the Yoast SEO plugin v16.3 - https:\/\/yoast.com\/wordpress\/plugins\/seo\/ -->\n<title>COMO EXPLICAR?Antrop\u00f3logo sobre os crimes da ditadura: &#039;A maior parte da popula\u00e7\u00e3o n\u00e3o est\u00e1 nem a\u00ed&#039; - TRIBUNA DA PRAIA<\/title>\n<meta name=\"robots\" content=\"index, follow, max-snippet:-1, max-image-preview:large, max-video-preview:-1\" \/>\n<link rel=\"canonical\" href=\"https:\/\/tribunadapraia.com.br\/?p=6397\" \/>\n<meta property=\"og:locale\" content=\"pt_BR\" \/>\n<meta property=\"og:type\" content=\"article\" \/>\n<meta property=\"og:title\" content=\"COMO EXPLICAR?Antrop\u00f3logo sobre os crimes da ditadura: &#039;A maior parte da popula\u00e7\u00e3o n\u00e3o est\u00e1 nem a\u00ed&#039; - TRIBUNA DA PRAIA\" \/>\n<meta property=\"og:description\" content=\"Para Piero Leirner, imagem de militares n\u00e3o \u00e9 pior por eles negarem Bolsonaro, mesmo tendo participado de seu governo Igor Carvalho No Brasil, a ditadura militar foi respons\u00e1vel por torturas e assassinatos durante os 21 anos do regime &#8211; Foto: Companhia das Letras\/Divulga\u00e7\u00e3o O golpe militar, que sufocou as liberdades no Brasil por 21 anos, completa 59 anos neste s\u00e1bado (1), com as For\u00e7as Armadas vindo da experi\u00eancia mais pr\u00f3xima\" \/>\n<meta property=\"og:url\" content=\"https:\/\/tribunadapraia.com.br\/?p=6397\" \/>\n<meta property=\"og:site_name\" content=\"TRIBUNA DA PRAIA\" \/>\n<meta property=\"article:publisher\" content=\"https:\/\/www.facebook.com\/tribunadapraiaonline\/\" \/>\n<meta property=\"article:published_time\" content=\"2023-03-31T19:40:59+00:00\" \/>\n<meta property=\"article:modified_time\" content=\"2023-03-31T19:41:44+00:00\" \/>\n<meta property=\"og:image\" content=\"https:\/\/tribunadapraia.com.br\/wp-content\/uploads\/2023\/03\/image_processing20230331-1314-h6d836.jpeg\" \/>\n\t<meta property=\"og:image:width\" content=\"800\" \/>\n\t<meta property=\"og:image:height\" content=\"450\" \/>\n<meta name=\"twitter:card\" content=\"summary_large_image\" \/>\n<meta name=\"twitter:creator\" content=\"@Claudomir21\" \/>\n<meta name=\"twitter:site\" content=\"@Claudomir21\" \/>\n<meta name=\"twitter:label1\" content=\"Est. tempo de leitura\">\n\t<meta name=\"twitter:data1\" content=\"8 minutos\">\n<script type=\"application\/ld+json\" class=\"yoast-schema-graph\">{\"@context\":\"https:\/\/schema.org\",\"@graph\":[{\"@type\":\"Organization\",\"@id\":\"https:\/\/tribunadapraia.com.br\/#organization\",\"name\":\"Tribuna da Praia\",\"url\":\"https:\/\/tribunadapraia.com.br\/\",\"sameAs\":[\"https:\/\/www.facebook.com\/tribunadapraiaonline\/\",\"https:\/\/www.instagram.com\/claudomirtavares\/\",\"https:\/\/www.youtube.com\/channel\/UCwQf80nxiMzCefAyjbp53Rw\",\"https:\/\/twitter.com\/Claudomir21\"],\"logo\":{\"@type\":\"ImageObject\",\"@id\":\"https:\/\/tribunadapraia.com.br\/#logo\",\"inLanguage\":\"pt-BR\",\"url\":\"https:\/\/tribunadapraia.com.br\/wp-content\/uploads\/2020\/02\/logo.png\",\"contentUrl\":\"https:\/\/tribunadapraia.com.br\/wp-content\/uploads\/2020\/02\/logo.png\",\"width\":501,\"height\":121,\"caption\":\"Tribuna da Praia\"},\"image\":{\"@id\":\"https:\/\/tribunadapraia.com.br\/#logo\"}},{\"@type\":\"WebSite\",\"@id\":\"https:\/\/tribunadapraia.com.br\/#website\",\"url\":\"https:\/\/tribunadapraia.com.br\/\",\"name\":\"TRIBUNA DA PRAIA\",\"description\":\"O 1\\u00ba jornal do interior de Sergipe na internet\",\"publisher\":{\"@id\":\"https:\/\/tribunadapraia.com.br\/#organization\"},\"potentialAction\":[{\"@type\":\"SearchAction\",\"target\":\"https:\/\/tribunadapraia.com.br\/?s={search_term_string}\",\"query-input\":\"required name=search_term_string\"}],\"inLanguage\":\"pt-BR\"},{\"@type\":\"ImageObject\",\"@id\":\"https:\/\/tribunadapraia.com.br\/?p=6397#primaryimage\",\"inLanguage\":\"pt-BR\",\"url\":\"https:\/\/tribunadapraia.com.br\/wp-content\/uploads\/2023\/03\/image_processing20230331-1314-h6d836.jpeg\",\"contentUrl\":\"https:\/\/tribunadapraia.com.br\/wp-content\/uploads\/2023\/03\/image_processing20230331-1314-h6d836.jpeg\",\"width\":800,\"height\":450},{\"@type\":\"WebPage\",\"@id\":\"https:\/\/tribunadapraia.com.br\/?p=6397#webpage\",\"url\":\"https:\/\/tribunadapraia.com.br\/?p=6397\",\"name\":\"COMO EXPLICAR?Antrop\\u00f3logo sobre os crimes da ditadura: 'A maior parte da popula\\u00e7\\u00e3o n\\u00e3o est\\u00e1 nem a\\u00ed' - TRIBUNA DA PRAIA\",\"isPartOf\":{\"@id\":\"https:\/\/tribunadapraia.com.br\/#website\"},\"primaryImageOfPage\":{\"@id\":\"https:\/\/tribunadapraia.com.br\/?p=6397#primaryimage\"},\"datePublished\":\"2023-03-31T19:40:59+00:00\",\"dateModified\":\"2023-03-31T19:41:44+00:00\",\"breadcrumb\":{\"@id\":\"https:\/\/tribunadapraia.com.br\/?p=6397#breadcrumb\"},\"inLanguage\":\"pt-BR\",\"potentialAction\":[{\"@type\":\"ReadAction\",\"target\":[\"https:\/\/tribunadapraia.com.br\/?p=6397\"]}]},{\"@type\":\"BreadcrumbList\",\"@id\":\"https:\/\/tribunadapraia.com.br\/?p=6397#breadcrumb\",\"itemListElement\":[{\"@type\":\"ListItem\",\"position\":1,\"item\":{\"@type\":\"WebPage\",\"@id\":\"https:\/\/tribunadapraia.com.br\/\",\"url\":\"https:\/\/tribunadapraia.com.br\/\",\"name\":\"In\\u00edcio\"}},{\"@type\":\"ListItem\",\"position\":2,\"item\":{\"@id\":\"https:\/\/tribunadapraia.com.br\/?p=6397#webpage\"}}]},{\"@type\":\"Article\",\"@id\":\"https:\/\/tribunadapraia.com.br\/?p=6397#article\",\"isPartOf\":{\"@id\":\"https:\/\/tribunadapraia.com.br\/?p=6397#webpage\"},\"author\":{\"@id\":\"https:\/\/tribunadapraia.com.br\/#\/schema\/person\/326b0a9f3163b479142c64eba4928de0\"},\"headline\":\"COMO EXPLICAR?Antrop\\u00f3logo sobre os crimes da ditadura: &#8216;A maior parte da popula\\u00e7\\u00e3o n\\u00e3o est\\u00e1 nem a\\u00ed&#8217;\",\"datePublished\":\"2023-03-31T19:40:59+00:00\",\"dateModified\":\"2023-03-31T19:41:44+00:00\",\"mainEntityOfPage\":{\"@id\":\"https:\/\/tribunadapraia.com.br\/?p=6397#webpage\"},\"wordCount\":1795,\"commentCount\":0,\"publisher\":{\"@id\":\"https:\/\/tribunadapraia.com.br\/#organization\"},\"image\":{\"@id\":\"https:\/\/tribunadapraia.com.br\/?p=6397#primaryimage\"},\"thumbnailUrl\":\"https:\/\/tribunadapraia.com.br\/wp-content\/uploads\/2023\/03\/image_processing20230331-1314-h6d836.jpeg\",\"articleSection\":[\"Not\\u00edcias\"],\"inLanguage\":\"pt-BR\",\"potentialAction\":[{\"@type\":\"CommentAction\",\"name\":\"Comment\",\"target\":[\"https:\/\/tribunadapraia.com.br\/?p=6397#respond\"]}]},{\"@type\":\"Person\",\"@id\":\"https:\/\/tribunadapraia.com.br\/#\/schema\/person\/326b0a9f3163b479142c64eba4928de0\",\"name\":\"tribunadapraia\",\"image\":{\"@type\":\"ImageObject\",\"@id\":\"https:\/\/tribunadapraia.com.br\/#personlogo\",\"inLanguage\":\"pt-BR\",\"url\":\"https:\/\/secure.gravatar.com\/avatar\/38b019c74762496076b7355024a0dad9?s=96&d=identicon&r=g\",\"contentUrl\":\"https:\/\/secure.gravatar.com\/avatar\/38b019c74762496076b7355024a0dad9?s=96&d=identicon&r=g\",\"caption\":\"tribunadapraia\"}}]}<\/script>\n<!-- \/ Yoast SEO plugin. -->","wps_subtitle":"","_links":{"self":[{"href":"https:\/\/tribunadapraia.com.br\/index.php?rest_route=\/wp\/v2\/posts\/6397"}],"collection":[{"href":"https:\/\/tribunadapraia.com.br\/index.php?rest_route=\/wp\/v2\/posts"}],"about":[{"href":"https:\/\/tribunadapraia.com.br\/index.php?rest_route=\/wp\/v2\/types\/post"}],"author":[{"embeddable":true,"href":"https:\/\/tribunadapraia.com.br\/index.php?rest_route=\/wp\/v2\/users\/1"}],"replies":[{"embeddable":true,"href":"https:\/\/tribunadapraia.com.br\/index.php?rest_route=%2Fwp%2Fv2%2Fcomments&post=6397"}],"version-history":[{"count":1,"href":"https:\/\/tribunadapraia.com.br\/index.php?rest_route=\/wp\/v2\/posts\/6397\/revisions"}],"predecessor-version":[{"id":6399,"href":"https:\/\/tribunadapraia.com.br\/index.php?rest_route=\/wp\/v2\/posts\/6397\/revisions\/6399"}],"wp:featuredmedia":[{"embeddable":true,"href":"https:\/\/tribunadapraia.com.br\/index.php?rest_route=\/wp\/v2\/media\/6398"}],"wp:attachment":[{"href":"https:\/\/tribunadapraia.com.br\/index.php?rest_route=%2Fwp%2Fv2%2Fmedia&parent=6397"}],"wp:term":[{"taxonomy":"category","embeddable":true,"href":"https:\/\/tribunadapraia.com.br\/index.php?rest_route=%2Fwp%2Fv2%2Fcategories&post=6397"},{"taxonomy":"post_tag","embeddable":true,"href":"https:\/\/tribunadapraia.com.br\/index.php?rest_route=%2Fwp%2Fv2%2Ftags&post=6397"}],"curies":[{"name":"wp","href":"https:\/\/api.w.org\/{rel}","templated":true}]}}