{"id":6394,"date":"2023-03-31T16:16:44","date_gmt":"2023-03-31T19:16:44","guid":{"rendered":"https:\/\/tribunadapraia.com.br\/?p=6394"},"modified":"2023-03-31T16:17:35","modified_gmt":"2023-03-31T19:17:35","slug":"clima-ajuda-federal-a-emergencias-humanitarias-supera-r-300-milhoes-e-chega-a-1-500-municipios","status":"publish","type":"post","link":"https:\/\/tribunadapraia.com.br\/?p=6394","title":{"rendered":"CLIMA: Ajuda federal a emerg\u00eancias humanit\u00e1rias supera R$ 300 milh\u00f5es e chega a 1.500 munic\u00edpios"},"content":{"rendered":"<p><em>Presidente Lula conversou nesta sexta com o governador do Acre, Gladson Cameli, sobre as a\u00e7\u00f5es para reduzir efeitos da chuva no estado<\/em><\/p>\n<ul>\n<li><span style=\"color: #993300;\">Foto: Marcos Vicentti \/Secom \/ Governo do Acre<\/span><\/li>\n<\/ul>\n<p>O presidente da Rep\u00fablica, Luiz In\u00e1cio Lula da Silva, est\u00e1 empenhado diretamente na mobiliza\u00e7\u00e3o do Governo Federal para ajudar estados do Norte e Nordeste na solu\u00e7\u00e3o dos problemas provocados pelas enchentes que atingem cidades das regi\u00f5es nos \u00faltimos dias. Na manh\u00e3 desta sexta-feira, 31\/3, o presidente conversou com o governador do Acre, Gladson Cameli, e com o ministro da Integra\u00e7\u00e3o e do Desenvolvimento Regional (MIDR), Waldez G\u00f3es, sobre as a\u00e7\u00f5es de apoio aos munic\u00edpios atingidos.<\/p>\n<p>\u201cO Governo Federal tem trabalhado para atuar com a maior agilidade poss\u00edvel e j\u00e1 foram liberados para emerg\u00eancias humanit\u00e1rias R$ 300 milh\u00f5es para mais de 1.500 cidades, por conta de chuva na maioria delas, mas tamb\u00e9m para cidades sofrendo com a seca\u201d, afirmou o presidente em seu perfil no Twitter.<\/p>\n<p>Segundo informa\u00e7\u00f5es do Minist\u00e9rio da Integra\u00e7\u00e3o e do Desenvolvimento Regional (MIDR), a Defesa Civil repassou, s\u00f3 no m\u00eas de mar\u00e7o, quase R$ 40,7 milh\u00f5es para a\u00e7\u00f5es em 69 cidades afetadas por desastres naturais nos estados do Acre, Amazonas, Bahia, Esp\u00edrito Santo, Maranh\u00e3o, Minas Gerais, Par\u00e1, Pernambuco, Rio de Janeiro, Santa Catarina e S\u00e3o Paulo.<\/p>\n<p>Para o Acre, especificamente, foram quase R$ 1,5 milh\u00e3o para a cidade de Rio Branco, onde houve inunda\u00e7\u00f5es. Os recursos s\u00e3o usados na compra de cestas b\u00e1sicas, kits de limpeza de resid\u00eancias, higiene pessoa e dormit\u00f3rio, colch\u00f5es, refei\u00e7\u00f5es, \u00e1gua mineral e combust\u00edvel.<\/p>\n<p>\u201cEm nome do povo acriano, agrade\u00e7o imensamente o presidente Lula pelo telefonema feito, se solidarizando e colocando-se \u00e0 disposi\u00e7\u00e3o para ajudar a popula\u00e7\u00e3o do nosso estado, neste momento em que milhares de fam\u00edlias est\u00e3o sendo vitimadas pela cheia do Rio Acre e igarap\u00e9s da nossa capital, Rio Branco\u201d, disse o governador Gladson Cameli, por meio do portal oficial do estado.<\/p>\n<p>No Amazonas, a cidade de Manaus, atingida por chuvas intensas, teve acesso a R$ 979,2 mil tamb\u00e9m para a compra de itens de assist\u00eancia humanit\u00e1ria.<\/p>\n<p>No Par\u00e1, R$ 51,5 mil chegaram a Igarap\u00e9-A\u00e7u, R$ 1,19 milh\u00e3o a Aveiro, R$ 2,43 milh\u00f5es a Rur\u00f3polis e R$ 2,16 milh\u00f5es a Moju\u00ed dos Campos. As quatro cidades enfrentaram fortes chuvas e usar\u00e3o os recursos na compra de itens de assist\u00eancia humanit\u00e1ria. J\u00e1 Bom Jesus do Tocantins, onde houve enxurradas, ter\u00e1 R$ 2,54 milh\u00f5es para reconstru\u00e7\u00e3o de cinco pontes.<\/p>\n<p>Nesta sexta, o MIDR, por meio da Defesa Civil Nacional, reconheceu a situa\u00e7\u00e3o de emerg\u00eancia em mais 23 cidades do Pa\u00eds atingidas por desastres clim\u00e1ticos. Em todo o pa\u00eds, desde o come\u00e7o do ano, j\u00e1 s\u00e3o 1,6 mil munic\u00edpios nesta situa\u00e7\u00e3o.<\/p>\n<p>NORDESTE &#8211; No estado da Bahia, quatro cidades atingidas por chuvas intensas tiveram acesso a recursos. Foram R$ 1,3 milh\u00e3o para Encruzilhada, R$ 2,58 milh\u00f5es para Caatiba, R$ 27,7 mil para C\u00edcero Dantas e R$ 502,2 mil para Wenceslau Guimar\u00e3es. Os dois primeiros munic\u00edpios usar\u00e3o os recursos na compra de itens de assist\u00eancia humanit\u00e1ria. C\u00edcero Dantas vai restabelecer cal\u00e7amentos em paralelep\u00edpedo e Wenceslau Guimar\u00e3es far\u00e1 estabiliza\u00e7\u00e3o de encostas.<\/p>\n<p>Em Pernambuco, Jaboat\u00e3o dos Guararapes, atingida por fortes chuvas, teve acesso a R$ 897,7 mil para reconstru\u00e7\u00e3o de muro e escadaria, al\u00e9m de obras de drenagem.<\/p>\n<p>No Maranh\u00e3o, cinco cidades atingidas por chuvas intensas receberam investimentos para a compra de itens de assist\u00eancia humanit\u00e1ria. Foram R$ 680 mil para Arame, R$ 333 mil para Barra do Corda, R$ 736 mil para Itaipava do Graja\u00fa, R$ 687,7 mil para Buriticupu e mais de R$ 1,4 milh\u00e3o para Jenipapo dos Vieiras.<\/p>\n<p>Outros tr\u00eas munic\u00edpios \u2013 S\u00e3o Lu\u00eds, S\u00e3o Jos\u00e9 de Ribamar e Pa\u00e7o do Lumiar \u2013 v\u00e3o receber, juntos, mais de R$ 1,6 milh\u00e3o para desobstru\u00e7\u00e3o de curso d&#8217;\u00e1gua, limpeza e desobstru\u00e7\u00e3o de galerias. Os recursos foram repassados ao governo do estado e s\u00e3o referentes \u00e0s fortes chuvas que castigaram as tr\u00eas cidades no dia 25 de janeiro deste ano.<\/p>\n<p>Mais um repasse, de R$ 3 milh\u00f5es, foi feito para o governo do Maranh\u00e3o, voltado para a compra de 2,6 mil cestas de alimentos, 5 mil colch\u00f5es e 5 mil kits dormit\u00f3rio para 20 munic\u00edpios afetados por chuvas intensas: Afonso Cunha, Alto Alegre do Pindar\u00e9, Barreirinhas, Buriti, Coroat\u00e1, Esperantin\u00f3polis, Governador Nunes Freire, Gra\u00e7a Aranha, Graja\u00fa, Lago da Pedra, Pedreiras, Pinheiro, Po\u00e7\u00e3o de Pedras, Santa In\u00eas, Santa Luzia, Santo Ant\u00f4nio dos Lopes, S\u00e3o Jo\u00e3o do Caru, Trizidela do Vale, Tuntum e Z\u00e9 Doca.<\/p>\n<p>SUDESTE &#8211; Para Minas Gerais, foram mais de R$ 9,6 milh\u00f5es. Receberam recursos 20 cidades atingidas por chuvas intensas: Malacacheta (R$ 226,7 mil), Novo Oriente de Minas (R$ 11,7 mil), Rio Pomba (R$ 79,2 mil), Marli\u00e9ria (R$ 161,3 mil), Pira\u00faba (R$ 115 mil), Dona Eus\u00e9bia (R$ 76,4 mil), Campan\u00e1rio (R$ 104,9 mil), Santa Maria do Salto (R$ 31,6 mil), Guiricema (R$ 441,3 mil), Jequitinhonha (R$ 13,2 mil), Coronel Fabriciano (R$ 992,7 mil), Piedade de Ponte Nova (R$ 985,6 mil), Rio Pardo de Minas (R$ 2,93 milh\u00f5es), Espera Feliz (R$ 899,4 mil), Crucil\u00e2ndia (R$ 43,4 mil), Aricanduva (R$ 22,8 mil), S\u00e3o Francisco (R$ 388,1 mil), Rio Manso (R$ 194,5 mil), Salinas (R$ 605,2 mil) e Pav\u00e3o (R$ 516,7 mil).<\/p>\n<p>Os repasses a munic\u00edpios mineiros ser\u00e3o usados na compra de itens de assist\u00eancia humanit\u00e1ria, restabelecimento de servi\u00e7os essenciais e reconstru\u00e7\u00e3o de infraestruturas danificadas. Ainda no estado, a cidade de Dom Silv\u00e9rio, atingida por inunda\u00e7\u00f5es, vai contar com R$ 525 mil para recupera\u00e7\u00e3o de via e estabiliza\u00e7\u00e3o de talude. J\u00e1 Sacramento, onde houve queda de granizo, teve acesso a R$ 242,7 mil para restabelecimento de telhados.<\/p>\n<p>No Esp\u00edrito Santo, o munic\u00edpio de Bom Jesus do Norte recebeu R$ 527,8 mil para a compra de cestas b\u00e1sicas e colch\u00f5es para moradores afetados por chuvas intensas. Para o estado do Rio de Janeiro, foram destinados R$ 75,2 mil para a cidade de Concei\u00e7\u00e3o de Macabu, tamb\u00e9m atingida por fortes chuvas. Os recursos ser\u00e3o usados na reconstru\u00e7\u00e3o de muro e ponte.<\/p>\n<p>Em S\u00e3o Paulo, foram destinados R$ 251,2 mil para Guaruj\u00e1, R$ 292,9 mil para Ubatuba e R$ 2,8 milh\u00f5es para S\u00e3o Sebasti\u00e3o. Os recursos foram usados na compra de itens de assist\u00eancia humanit\u00e1ria e em limpeza urbana. Os munic\u00edpios foram afetados pelas fortes chuvas que atingiram em fevereiro o litoral norte do estado.<\/p>\n<p>REGI\u00c3O SUL &#8211; Por fim, cinco cidades atingidas por chuvas intensas em Santa Catarina receberam, juntas, mais de R$ 2,38 milh\u00f5es. Foram R$ 378,6 mil para Major Gercino, R$ 967,8 mil para S\u00e3o Jo\u00e3o Batista, R$ 383,6 mil para Angelina, R$ 203,6 mil para Passos Maia e R$ 448,5 mil para Ascurra. Os recursos foram usados em obras de restabelecimento de servi\u00e7os essenciais e de recupera\u00e7\u00e3o de infraestrutura danificada.<\/p>\n<ul>\n<li><span style=\"color: #993300;\">Com informa\u00e7\u00f5es do Minist\u00e9rio da Integra\u00e7\u00e3o e Desenvolvimento Regional<\/span><\/li>\n<\/ul>\n","protected":false},"excerpt":{"rendered":"<p>Presidente Lula conversou nesta sexta com o governador do Acre, Gladson Cameli, sobre as a\u00e7\u00f5es para reduzir efeitos da chuva no estado Foto: Marcos Vicentti \/Secom \/ Governo do Acre O presidente da Rep\u00fablica, Luiz In\u00e1cio Lula da Silva, est\u00e1 empenhado diretamente na mobiliza\u00e7\u00e3o do Governo Federal para ajudar estados do Norte e Nordeste na solu\u00e7\u00e3o dos problemas provocados pelas enchentes que atingem cidades das regi\u00f5es nos \u00faltimos dias. Na<\/p>\n","protected":false},"author":1,"featured_media":6395,"comment_status":"open","ping_status":"open","sticky":false,"template":"","format":"standard","meta":[],"categories":[18],"tags":[],"yoast_head":"<!-- This site is optimized with the Yoast SEO plugin v16.3 - https:\/\/yoast.com\/wordpress\/plugins\/seo\/ -->\n<title>CLIMA: Ajuda federal a emerg\u00eancias humanit\u00e1rias supera R$ 300 milh\u00f5es e chega a 1.500 munic\u00edpios - TRIBUNA DA PRAIA<\/title>\n<meta name=\"robots\" content=\"index, follow, max-snippet:-1, max-image-preview:large, max-video-preview:-1\" \/>\n<link rel=\"canonical\" href=\"https:\/\/tribunadapraia.com.br\/?p=6394\" \/>\n<meta property=\"og:locale\" content=\"pt_BR\" \/>\n<meta property=\"og:type\" content=\"article\" \/>\n<meta property=\"og:title\" content=\"CLIMA: Ajuda federal a emerg\u00eancias humanit\u00e1rias supera R$ 300 milh\u00f5es e chega a 1.500 munic\u00edpios - TRIBUNA DA PRAIA\" \/>\n<meta property=\"og:description\" content=\"Presidente Lula conversou nesta sexta com o governador do Acre, Gladson Cameli, sobre as a\u00e7\u00f5es para reduzir efeitos da chuva no estado Foto: Marcos Vicentti \/Secom \/ Governo do Acre O presidente da Rep\u00fablica, Luiz In\u00e1cio Lula da Silva, est\u00e1 empenhado diretamente na mobiliza\u00e7\u00e3o do Governo Federal para ajudar estados do Norte e Nordeste na solu\u00e7\u00e3o dos problemas provocados pelas enchentes que atingem cidades das regi\u00f5es nos \u00faltimos dias. Na\" \/>\n<meta property=\"og:url\" content=\"https:\/\/tribunadapraia.com.br\/?p=6394\" \/>\n<meta property=\"og:site_name\" content=\"TRIBUNA DA PRAIA\" \/>\n<meta property=\"article:publisher\" content=\"https:\/\/www.facebook.com\/tribunadapraiaonline\/\" \/>\n<meta property=\"article:published_time\" content=\"2023-03-31T19:16:44+00:00\" \/>\n<meta property=\"article:modified_time\" content=\"2023-03-31T19:17:35+00:00\" \/>\n<meta property=\"og:image\" content=\"https:\/\/tribunadapraia.com.br\/wp-content\/uploads\/2023\/03\/8788578a-bc24-450f-a5bd-9424fa525d4d.jpg\" \/>\n\t<meta property=\"og:image:width\" content=\"768\" \/>\n\t<meta property=\"og:image:height\" content=\"512\" \/>\n<meta name=\"twitter:card\" content=\"summary_large_image\" \/>\n<meta name=\"twitter:creator\" content=\"@Claudomir21\" \/>\n<meta name=\"twitter:site\" content=\"@Claudomir21\" \/>\n<meta name=\"twitter:label1\" content=\"Est. tempo de leitura\">\n\t<meta name=\"twitter:data1\" content=\"5 minutos\">\n<script type=\"application\/ld+json\" class=\"yoast-schema-graph\">{\"@context\":\"https:\/\/schema.org\",\"@graph\":[{\"@type\":\"Organization\",\"@id\":\"https:\/\/tribunadapraia.com.br\/#organization\",\"name\":\"Tribuna da Praia\",\"url\":\"https:\/\/tribunadapraia.com.br\/\",\"sameAs\":[\"https:\/\/www.facebook.com\/tribunadapraiaonline\/\",\"https:\/\/www.instagram.com\/claudomirtavares\/\",\"https:\/\/www.youtube.com\/channel\/UCwQf80nxiMzCefAyjbp53Rw\",\"https:\/\/twitter.com\/Claudomir21\"],\"logo\":{\"@type\":\"ImageObject\",\"@id\":\"https:\/\/tribunadapraia.com.br\/#logo\",\"inLanguage\":\"pt-BR\",\"url\":\"https:\/\/tribunadapraia.com.br\/wp-content\/uploads\/2020\/02\/logo.png\",\"contentUrl\":\"https:\/\/tribunadapraia.com.br\/wp-content\/uploads\/2020\/02\/logo.png\",\"width\":501,\"height\":121,\"caption\":\"Tribuna da Praia\"},\"image\":{\"@id\":\"https:\/\/tribunadapraia.com.br\/#logo\"}},{\"@type\":\"WebSite\",\"@id\":\"https:\/\/tribunadapraia.com.br\/#website\",\"url\":\"https:\/\/tribunadapraia.com.br\/\",\"name\":\"TRIBUNA DA PRAIA\",\"description\":\"O 1\\u00ba jornal do interior de Sergipe na internet\",\"publisher\":{\"@id\":\"https:\/\/tribunadapraia.com.br\/#organization\"},\"potentialAction\":[{\"@type\":\"SearchAction\",\"target\":\"https:\/\/tribunadapraia.com.br\/?s={search_term_string}\",\"query-input\":\"required name=search_term_string\"}],\"inLanguage\":\"pt-BR\"},{\"@type\":\"ImageObject\",\"@id\":\"https:\/\/tribunadapraia.com.br\/?p=6394#primaryimage\",\"inLanguage\":\"pt-BR\",\"url\":\"https:\/\/tribunadapraia.com.br\/wp-content\/uploads\/2023\/03\/8788578a-bc24-450f-a5bd-9424fa525d4d.jpg\",\"contentUrl\":\"https:\/\/tribunadapraia.com.br\/wp-content\/uploads\/2023\/03\/8788578a-bc24-450f-a5bd-9424fa525d4d.jpg\",\"width\":768,\"height\":512},{\"@type\":\"WebPage\",\"@id\":\"https:\/\/tribunadapraia.com.br\/?p=6394#webpage\",\"url\":\"https:\/\/tribunadapraia.com.br\/?p=6394\",\"name\":\"CLIMA: Ajuda federal a emerg\\u00eancias humanit\\u00e1rias supera R$ 300 milh\\u00f5es e chega a 1.500 munic\\u00edpios - TRIBUNA DA PRAIA\",\"isPartOf\":{\"@id\":\"https:\/\/tribunadapraia.com.br\/#website\"},\"primaryImageOfPage\":{\"@id\":\"https:\/\/tribunadapraia.com.br\/?p=6394#primaryimage\"},\"datePublished\":\"2023-03-31T19:16:44+00:00\",\"dateModified\":\"2023-03-31T19:17:35+00:00\",\"breadcrumb\":{\"@id\":\"https:\/\/tribunadapraia.com.br\/?p=6394#breadcrumb\"},\"inLanguage\":\"pt-BR\",\"potentialAction\":[{\"@type\":\"ReadAction\",\"target\":[\"https:\/\/tribunadapraia.com.br\/?p=6394\"]}]},{\"@type\":\"BreadcrumbList\",\"@id\":\"https:\/\/tribunadapraia.com.br\/?p=6394#breadcrumb\",\"itemListElement\":[{\"@type\":\"ListItem\",\"position\":1,\"item\":{\"@type\":\"WebPage\",\"@id\":\"https:\/\/tribunadapraia.com.br\/\",\"url\":\"https:\/\/tribunadapraia.com.br\/\",\"name\":\"In\\u00edcio\"}},{\"@type\":\"ListItem\",\"position\":2,\"item\":{\"@id\":\"https:\/\/tribunadapraia.com.br\/?p=6394#webpage\"}}]},{\"@type\":\"Article\",\"@id\":\"https:\/\/tribunadapraia.com.br\/?p=6394#article\",\"isPartOf\":{\"@id\":\"https:\/\/tribunadapraia.com.br\/?p=6394#webpage\"},\"author\":{\"@id\":\"https:\/\/tribunadapraia.com.br\/#\/schema\/person\/326b0a9f3163b479142c64eba4928de0\"},\"headline\":\"CLIMA: Ajuda federal a emerg\\u00eancias humanit\\u00e1rias supera R$ 300 milh\\u00f5es e chega a 1.500 munic\\u00edpios\",\"datePublished\":\"2023-03-31T19:16:44+00:00\",\"dateModified\":\"2023-03-31T19:17:35+00:00\",\"mainEntityOfPage\":{\"@id\":\"https:\/\/tribunadapraia.com.br\/?p=6394#webpage\"},\"wordCount\":1199,\"commentCount\":0,\"publisher\":{\"@id\":\"https:\/\/tribunadapraia.com.br\/#organization\"},\"image\":{\"@id\":\"https:\/\/tribunadapraia.com.br\/?p=6394#primaryimage\"},\"thumbnailUrl\":\"https:\/\/tribunadapraia.com.br\/wp-content\/uploads\/2023\/03\/8788578a-bc24-450f-a5bd-9424fa525d4d.jpg\",\"articleSection\":[\"Not\\u00edcias\"],\"inLanguage\":\"pt-BR\",\"potentialAction\":[{\"@type\":\"CommentAction\",\"name\":\"Comment\",\"target\":[\"https:\/\/tribunadapraia.com.br\/?p=6394#respond\"]}]},{\"@type\":\"Person\",\"@id\":\"https:\/\/tribunadapraia.com.br\/#\/schema\/person\/326b0a9f3163b479142c64eba4928de0\",\"name\":\"tribunadapraia\",\"image\":{\"@type\":\"ImageObject\",\"@id\":\"https:\/\/tribunadapraia.com.br\/#personlogo\",\"inLanguage\":\"pt-BR\",\"url\":\"https:\/\/secure.gravatar.com\/avatar\/38b019c74762496076b7355024a0dad9?s=96&d=identicon&r=g\",\"contentUrl\":\"https:\/\/secure.gravatar.com\/avatar\/38b019c74762496076b7355024a0dad9?s=96&d=identicon&r=g\",\"caption\":\"tribunadapraia\"}}]}<\/script>\n<!-- \/ Yoast SEO plugin. -->","wps_subtitle":"","_links":{"self":[{"href":"https:\/\/tribunadapraia.com.br\/index.php?rest_route=\/wp\/v2\/posts\/6394"}],"collection":[{"href":"https:\/\/tribunadapraia.com.br\/index.php?rest_route=\/wp\/v2\/posts"}],"about":[{"href":"https:\/\/tribunadapraia.com.br\/index.php?rest_route=\/wp\/v2\/types\/post"}],"author":[{"embeddable":true,"href":"https:\/\/tribunadapraia.com.br\/index.php?rest_route=\/wp\/v2\/users\/1"}],"replies":[{"embeddable":true,"href":"https:\/\/tribunadapraia.com.br\/index.php?rest_route=%2Fwp%2Fv2%2Fcomments&post=6394"}],"version-history":[{"count":1,"href":"https:\/\/tribunadapraia.com.br\/index.php?rest_route=\/wp\/v2\/posts\/6394\/revisions"}],"predecessor-version":[{"id":6396,"href":"https:\/\/tribunadapraia.com.br\/index.php?rest_route=\/wp\/v2\/posts\/6394\/revisions\/6396"}],"wp:featuredmedia":[{"embeddable":true,"href":"https:\/\/tribunadapraia.com.br\/index.php?rest_route=\/wp\/v2\/media\/6395"}],"wp:attachment":[{"href":"https:\/\/tribunadapraia.com.br\/index.php?rest_route=%2Fwp%2Fv2%2Fmedia&parent=6394"}],"wp:term":[{"taxonomy":"category","embeddable":true,"href":"https:\/\/tribunadapraia.com.br\/index.php?rest_route=%2Fwp%2Fv2%2Fcategories&post=6394"},{"taxonomy":"post_tag","embeddable":true,"href":"https:\/\/tribunadapraia.com.br\/index.php?rest_route=%2Fwp%2Fv2%2Ftags&post=6394"}],"curies":[{"name":"wp","href":"https:\/\/api.w.org\/{rel}","templated":true}]}}