{"id":6385,"date":"2023-03-31T04:52:09","date_gmt":"2023-03-31T07:52:09","guid":{"rendered":"https:\/\/tribunadapraia.com.br\/?p=6385"},"modified":"2023-03-31T05:12:25","modified_gmt":"2023-03-31T08:12:25","slug":"audio-o-esporte-clube-propria-tem-29-sogios-e-o-12-tenis-clube-tem-23-socios-informou-orlando-melo","status":"publish","type":"post","link":"https:\/\/tribunadapraia.com.br\/?p=6385","title":{"rendered":"\u00c1UDIO: &#8220;O Esporte Clube Propri\u00e1 t\u00eam 29 s\u00f3sios e o 12 T\u00eanis Clube t\u00eam 23 s\u00f3cios&#8221;, informou Orlando Melo"},"content":{"rendered":"<p><em>&#8220;Se tornar p\u00fablico quem vai arrebentar com a gente \u00e9 o executivo da cidade&#8221;, disse Melo<\/em><\/p>\n<p>Diante de recorrentes questionamentos do porque de infinitas reeleic\u00e7\u00f5s e aus\u00eancia das presta\u00e7\u00f5es de contas, o presidente do 12 T\u00eanis Clube, do Esporte.Clube Propri\u00e1, ORLANDO MELO, foi o entrevistado especial da noite de quarta-feira (30), no programa A VOZ DO POVO, apresentado por ClaudOmir Herzog, na r\u00e1dio e jornal Tribuna da Praia.<\/p>\n<p style=\"text-align: center;\"><img loading=\"lazy\" class=\"alignnone size-medium wp-image-6259\" src=\"https:\/\/tribunadapraia.com.br\/wp-content\/uploads\/2023\/03\/CRIATIVE-300x133.jpg\" alt=\"\" width=\"300\" height=\"133\" srcset=\"https:\/\/tribunadapraia.com.br\/wp-content\/uploads\/2023\/03\/CRIATIVE-300x133.jpg 300w, https:\/\/tribunadapraia.com.br\/wp-content\/uploads\/2023\/03\/CRIATIVE-1024x454.jpg 1024w, https:\/\/tribunadapraia.com.br\/wp-content\/uploads\/2023\/03\/CRIATIVE-768x340.jpg 768w, https:\/\/tribunadapraia.com.br\/wp-content\/uploads\/2023\/03\/CRIATIVE.jpg 1280w\" sizes=\"(max-width: 300px) 100vw, 300px\" \/><\/p>\n<p><em>&#8220;N\u00e3o vou abrir as contas do 12 T\u00eanis Clube&#8221; (!!!)<\/em><\/p>\n<p>Confira abaixo na \u00edntegra os \u00e1udios da entrevista liberada h\u00e1 poucos minutos pela emissora:<\/p>\n<!--[if lt IE 9]><script>document.createElement('audio');<\/script><![endif]-->\n<audio class=\"wp-audio-shortcode\" id=\"audio-6385-1\" preload=\"none\" style=\"width: 100%;\" controls=\"controls\"><source type=\"audio\/mpeg\" src=\"https:\/\/tribunadapraia.com.br\/wp-content\/uploads\/2023\/03\/ORLANDO-MELO-1.mp3?_=1\" \/><a href=\"https:\/\/tribunadapraia.com.br\/wp-content\/uploads\/2023\/03\/ORLANDO-MELO-1.mp3\">https:\/\/tribunadapraia.com.br\/wp-content\/uploads\/2023\/03\/ORLANDO-MELO-1.mp3<\/a><\/audio>\n<audio class=\"wp-audio-shortcode\" id=\"audio-6385-2\" preload=\"none\" style=\"width: 100%;\" controls=\"controls\"><source type=\"audio\/mpeg\" src=\"https:\/\/tribunadapraia.com.br\/wp-content\/uploads\/2023\/03\/ORLANDO-MELO-2.mp3?_=2\" \/><a href=\"https:\/\/tribunadapraia.com.br\/wp-content\/uploads\/2023\/03\/ORLANDO-MELO-2.mp3\">https:\/\/tribunadapraia.com.br\/wp-content\/uploads\/2023\/03\/ORLANDO-MELO-2.mp3<\/a><\/audio>\n<p>&nbsp;<\/p>\n","protected":false},"excerpt":{"rendered":"<p>&#8220;Se tornar p\u00fablico quem vai arrebentar com a gente \u00e9 o executivo da cidade&#8221;, disse Melo Diante de recorrentes questionamentos do porque de infinitas reeleic\u00e7\u00f5s e aus\u00eancia das presta\u00e7\u00f5es de contas, o presidente do 12 T\u00eanis Clube, do Esporte.Clube Propri\u00e1, ORLANDO MELO, foi o entrevistado especial da noite de quarta-feira (30), no programa A VOZ DO POVO, apresentado por ClaudOmir Herzog, na r\u00e1dio e jornal Tribuna da Praia. &#8220;N\u00e3o vou<\/p>\n","protected":false},"author":1,"featured_media":6387,"comment_status":"open","ping_status":"open","sticky":false,"template":"","format":"standard","meta":[],"categories":[18],"tags":[],"yoast_head":"<!-- This site is optimized with the Yoast SEO plugin v16.3 - https:\/\/yoast.com\/wordpress\/plugins\/seo\/ -->\n<title>\u00c1UDIO: &quot;O Esporte Clube Propri\u00e1 t\u00eam 29 s\u00f3sios e o 12 T\u00eanis Clube t\u00eam 23 s\u00f3cios&quot;, informou Orlando Melo - TRIBUNA DA PRAIA<\/title>\n<meta name=\"robots\" content=\"index, follow, max-snippet:-1, max-image-preview:large, max-video-preview:-1\" \/>\n<link rel=\"canonical\" href=\"https:\/\/tribunadapraia.com.br\/?p=6385\" \/>\n<meta property=\"og:locale\" content=\"pt_BR\" \/>\n<meta property=\"og:type\" content=\"article\" \/>\n<meta property=\"og:title\" content=\"\u00c1UDIO: &quot;O Esporte Clube Propri\u00e1 t\u00eam 29 s\u00f3sios e o 12 T\u00eanis Clube t\u00eam 23 s\u00f3cios&quot;, informou Orlando Melo - TRIBUNA DA PRAIA\" \/>\n<meta property=\"og:description\" content=\"&#8220;Se tornar p\u00fablico quem vai arrebentar com a gente \u00e9 o executivo da cidade&#8221;, disse Melo Diante de recorrentes questionamentos do porque de infinitas reeleic\u00e7\u00f5s e aus\u00eancia das presta\u00e7\u00f5es de contas, o presidente do 12 T\u00eanis Clube, do Esporte.Clube Propri\u00e1, ORLANDO MELO, foi o entrevistado especial da noite de quarta-feira (30), no programa A VOZ DO POVO, apresentado por ClaudOmir Herzog, na r\u00e1dio e jornal Tribuna da Praia. &#8220;N\u00e3o vou\" \/>\n<meta property=\"og:url\" content=\"https:\/\/tribunadapraia.com.br\/?p=6385\" \/>\n<meta property=\"og:site_name\" content=\"TRIBUNA DA PRAIA\" \/>\n<meta property=\"article:publisher\" content=\"https:\/\/www.facebook.com\/tribunadapraiaonline\/\" \/>\n<meta property=\"article:published_time\" content=\"2023-03-31T07:52:09+00:00\" \/>\n<meta property=\"article:modified_time\" content=\"2023-03-31T08:12:25+00:00\" \/>\n<meta property=\"og:image\" content=\"https:\/\/tribunadapraia.com.br\/wp-content\/uploads\/2023\/03\/IMG-20230331-WA0016.jpg\" \/>\n\t<meta property=\"og:image:width\" content=\"1080\" \/>\n\t<meta property=\"og:image:height\" content=\"1017\" \/>\n<meta name=\"twitter:card\" content=\"summary_large_image\" \/>\n<meta name=\"twitter:creator\" content=\"@Claudomir21\" \/>\n<meta name=\"twitter:site\" content=\"@Claudomir21\" \/>\n<meta name=\"twitter:label1\" content=\"Est. tempo de leitura\">\n\t<meta name=\"twitter:data1\" content=\"1 minuto\">\n<script type=\"application\/ld+json\" class=\"yoast-schema-graph\">{\"@context\":\"https:\/\/schema.org\",\"@graph\":[{\"@type\":\"Organization\",\"@id\":\"https:\/\/tribunadapraia.com.br\/#organization\",\"name\":\"Tribuna da Praia\",\"url\":\"https:\/\/tribunadapraia.com.br\/\",\"sameAs\":[\"https:\/\/www.facebook.com\/tribunadapraiaonline\/\",\"https:\/\/www.instagram.com\/claudomirtavares\/\",\"https:\/\/www.youtube.com\/channel\/UCwQf80nxiMzCefAyjbp53Rw\",\"https:\/\/twitter.com\/Claudomir21\"],\"logo\":{\"@type\":\"ImageObject\",\"@id\":\"https:\/\/tribunadapraia.com.br\/#logo\",\"inLanguage\":\"pt-BR\",\"url\":\"https:\/\/tribunadapraia.com.br\/wp-content\/uploads\/2020\/02\/logo.png\",\"contentUrl\":\"https:\/\/tribunadapraia.com.br\/wp-content\/uploads\/2020\/02\/logo.png\",\"width\":501,\"height\":121,\"caption\":\"Tribuna da Praia\"},\"image\":{\"@id\":\"https:\/\/tribunadapraia.com.br\/#logo\"}},{\"@type\":\"WebSite\",\"@id\":\"https:\/\/tribunadapraia.com.br\/#website\",\"url\":\"https:\/\/tribunadapraia.com.br\/\",\"name\":\"TRIBUNA DA PRAIA\",\"description\":\"O 1\\u00ba jornal do interior de Sergipe na internet\",\"publisher\":{\"@id\":\"https:\/\/tribunadapraia.com.br\/#organization\"},\"potentialAction\":[{\"@type\":\"SearchAction\",\"target\":\"https:\/\/tribunadapraia.com.br\/?s={search_term_string}\",\"query-input\":\"required name=search_term_string\"}],\"inLanguage\":\"pt-BR\"},{\"@type\":\"ImageObject\",\"@id\":\"https:\/\/tribunadapraia.com.br\/?p=6385#primaryimage\",\"inLanguage\":\"pt-BR\",\"url\":\"https:\/\/tribunadapraia.com.br\/wp-content\/uploads\/2023\/03\/IMG-20230331-WA0016.jpg\",\"contentUrl\":\"https:\/\/tribunadapraia.com.br\/wp-content\/uploads\/2023\/03\/IMG-20230331-WA0016.jpg\",\"width\":1080,\"height\":1017},{\"@type\":\"WebPage\",\"@id\":\"https:\/\/tribunadapraia.com.br\/?p=6385#webpage\",\"url\":\"https:\/\/tribunadapraia.com.br\/?p=6385\",\"name\":\"\\u00c1UDIO: \\\"O Esporte Clube Propri\\u00e1 t\\u00eam 29 s\\u00f3sios e o 12 T\\u00eanis Clube t\\u00eam 23 s\\u00f3cios\\\", informou Orlando Melo - TRIBUNA DA PRAIA\",\"isPartOf\":{\"@id\":\"https:\/\/tribunadapraia.com.br\/#website\"},\"primaryImageOfPage\":{\"@id\":\"https:\/\/tribunadapraia.com.br\/?p=6385#primaryimage\"},\"datePublished\":\"2023-03-31T07:52:09+00:00\",\"dateModified\":\"2023-03-31T08:12:25+00:00\",\"breadcrumb\":{\"@id\":\"https:\/\/tribunadapraia.com.br\/?p=6385#breadcrumb\"},\"inLanguage\":\"pt-BR\",\"potentialAction\":[{\"@type\":\"ReadAction\",\"target\":[\"https:\/\/tribunadapraia.com.br\/?p=6385\"]}]},{\"@type\":\"BreadcrumbList\",\"@id\":\"https:\/\/tribunadapraia.com.br\/?p=6385#breadcrumb\",\"itemListElement\":[{\"@type\":\"ListItem\",\"position\":1,\"item\":{\"@type\":\"WebPage\",\"@id\":\"https:\/\/tribunadapraia.com.br\/\",\"url\":\"https:\/\/tribunadapraia.com.br\/\",\"name\":\"In\\u00edcio\"}},{\"@type\":\"ListItem\",\"position\":2,\"item\":{\"@id\":\"https:\/\/tribunadapraia.com.br\/?p=6385#webpage\"}}]},{\"@type\":\"Article\",\"@id\":\"https:\/\/tribunadapraia.com.br\/?p=6385#article\",\"isPartOf\":{\"@id\":\"https:\/\/tribunadapraia.com.br\/?p=6385#webpage\"},\"author\":{\"@id\":\"https:\/\/tribunadapraia.com.br\/#\/schema\/person\/326b0a9f3163b479142c64eba4928de0\"},\"headline\":\"\\u00c1UDIO: &#8220;O Esporte Clube Propri\\u00e1 t\\u00eam 29 s\\u00f3sios e o 12 T\\u00eanis Clube t\\u00eam 23 s\\u00f3cios&#8221;, informou Orlando Melo\",\"datePublished\":\"2023-03-31T07:52:09+00:00\",\"dateModified\":\"2023-03-31T08:12:25+00:00\",\"mainEntityOfPage\":{\"@id\":\"https:\/\/tribunadapraia.com.br\/?p=6385#webpage\"},\"wordCount\":140,\"commentCount\":0,\"publisher\":{\"@id\":\"https:\/\/tribunadapraia.com.br\/#organization\"},\"image\":{\"@id\":\"https:\/\/tribunadapraia.com.br\/?p=6385#primaryimage\"},\"thumbnailUrl\":\"https:\/\/tribunadapraia.com.br\/wp-content\/uploads\/2023\/03\/IMG-20230331-WA0016.jpg\",\"articleSection\":[\"Not\\u00edcias\"],\"inLanguage\":\"pt-BR\",\"potentialAction\":[{\"@type\":\"CommentAction\",\"name\":\"Comment\",\"target\":[\"https:\/\/tribunadapraia.com.br\/?p=6385#respond\"]}]},{\"@type\":\"Person\",\"@id\":\"https:\/\/tribunadapraia.com.br\/#\/schema\/person\/326b0a9f3163b479142c64eba4928de0\",\"name\":\"tribunadapraia\",\"image\":{\"@type\":\"ImageObject\",\"@id\":\"https:\/\/tribunadapraia.com.br\/#personlogo\",\"inLanguage\":\"pt-BR\",\"url\":\"https:\/\/secure.gravatar.com\/avatar\/38b019c74762496076b7355024a0dad9?s=96&d=identicon&r=g\",\"contentUrl\":\"https:\/\/secure.gravatar.com\/avatar\/38b019c74762496076b7355024a0dad9?s=96&d=identicon&r=g\",\"caption\":\"tribunadapraia\"}}]}<\/script>\n<!-- \/ Yoast SEO plugin. -->","wps_subtitle":"","_links":{"self":[{"href":"https:\/\/tribunadapraia.com.br\/index.php?rest_route=\/wp\/v2\/posts\/6385"}],"collection":[{"href":"https:\/\/tribunadapraia.com.br\/index.php?rest_route=\/wp\/v2\/posts"}],"about":[{"href":"https:\/\/tribunadapraia.com.br\/index.php?rest_route=\/wp\/v2\/types\/post"}],"author":[{"embeddable":true,"href":"https:\/\/tribunadapraia.com.br\/index.php?rest_route=\/wp\/v2\/users\/1"}],"replies":[{"embeddable":true,"href":"https:\/\/tribunadapraia.com.br\/index.php?rest_route=%2Fwp%2Fv2%2Fcomments&post=6385"}],"version-history":[{"count":5,"href":"https:\/\/tribunadapraia.com.br\/index.php?rest_route=\/wp\/v2\/posts\/6385\/revisions"}],"predecessor-version":[{"id":6393,"href":"https:\/\/tribunadapraia.com.br\/index.php?rest_route=\/wp\/v2\/posts\/6385\/revisions\/6393"}],"wp:featuredmedia":[{"embeddable":true,"href":"https:\/\/tribunadapraia.com.br\/index.php?rest_route=\/wp\/v2\/media\/6387"}],"wp:attachment":[{"href":"https:\/\/tribunadapraia.com.br\/index.php?rest_route=%2Fwp%2Fv2%2Fmedia&parent=6385"}],"wp:term":[{"taxonomy":"category","embeddable":true,"href":"https:\/\/tribunadapraia.com.br\/index.php?rest_route=%2Fwp%2Fv2%2Fcategories&post=6385"},{"taxonomy":"post_tag","embeddable":true,"href":"https:\/\/tribunadapraia.com.br\/index.php?rest_route=%2Fwp%2Fv2%2Ftags&post=6385"}],"curies":[{"name":"wp","href":"https:\/\/api.w.org\/{rel}","templated":true}]}}