{"id":6343,"date":"2023-03-26T07:09:06","date_gmt":"2023-03-26T10:09:06","guid":{"rendered":"https:\/\/tribunadapraia.com.br\/?p=6343"},"modified":"2023-03-26T07:10:06","modified_gmt":"2023-03-26T10:10:06","slug":"a-rota-das-especiarias-por-antonio-samarone","status":"publish","type":"post","link":"https:\/\/tribunadapraia.com.br\/?p=6343","title":{"rendered":"A Rota das Especiarias. (por Antonio Samarone"},"content":{"rendered":"<p>A banca de especiarias da feira do Augusto Franco (foto) \u00e9 sortida de hist\u00f3rias e tradi\u00e7\u00f5es. S\u00e3o 72 variedades de species.<\/p>\n<p>Especiarias s\u00e3o partes de certas plantas (ra\u00edzes, rizomas, cascas, bulbos, folhas, caules, flores, frutos e sementes) em estado natural, secas e\/ou objeto de elabora\u00e7\u00e3o mec\u00e2nica que por seu sabor ou aroma caracter\u00edsticos d\u00e3o sabor aos alimentos.<\/p>\n<p>As especiarias eram mercadorias caras e importadas, e o seu consumo denotava riqueza. Cravo da \u00cdndia, canela da China e pimenta do Reino. Gengibre, Pichilin e noz moscada da Mal\u00e1sia.<\/p>\n<p>Depois da tomada de Constantinopla pelos turcos (1453), a Europa se movimentou para dobrar o Cabo das Tormentas, e encontrar um caminho mar\u00edtimo para as \u00cdndias, em busca das especiarias.<\/p>\n<p>Colombo descobriu a Am\u00e9rica, procurando um caminho novo para as \u00cdndias pelo Oeste, em busca de ouro e especiarias. Vasco da Gama chegou as \u00cdndias pelo Leste.<\/p>\n<p>A rota da seda tamb\u00e9m foi a rota das especiarias. As sementes do Imp\u00e9rio movimentaram o mundo.<\/p>\n<p>Especiarias vem do latim species (variedades). Os temperos como species antecederam a Lineu, que tamb\u00e9m usou \u201cspecies\u201d na classifica\u00e7\u00e3o biol\u00f3gica dos seres vivos.<\/p>\n<p>Somos a esp\u00e9cie humana (Homo sapiens), por enquanto.<\/p>\n<p>Hoje as especiarias chamam-se temperos.<\/p>\n<ul>\n<li><span style=\"color: #ff6600;\">Antonio Samarone (m\u00e9dico sanitarista)<\/span><\/li>\n<\/ul>\n","protected":false},"excerpt":{"rendered":"<p>A banca de especiarias da feira do Augusto Franco (foto) \u00e9 sortida de hist\u00f3rias e tradi\u00e7\u00f5es. S\u00e3o 72 variedades de species. Especiarias s\u00e3o partes de certas plantas (ra\u00edzes, rizomas, cascas, bulbos, folhas, caules, flores, frutos e sementes) em estado natural, secas e\/ou objeto de elabora\u00e7\u00e3o mec\u00e2nica que por seu sabor ou aroma caracter\u00edsticos d\u00e3o sabor aos alimentos. As especiarias eram mercadorias caras e importadas, e o seu consumo denotava riqueza.<\/p>\n","protected":false},"author":1,"featured_media":6344,"comment_status":"open","ping_status":"open","sticky":false,"template":"","format":"standard","meta":[],"categories":[18],"tags":[],"yoast_head":"<!-- This site is optimized with the Yoast SEO plugin v16.3 - https:\/\/yoast.com\/wordpress\/plugins\/seo\/ -->\n<title>A Rota das Especiarias. (por Antonio Samarone - TRIBUNA DA PRAIA<\/title>\n<meta name=\"robots\" content=\"index, follow, max-snippet:-1, max-image-preview:large, max-video-preview:-1\" \/>\n<link rel=\"canonical\" href=\"https:\/\/tribunadapraia.com.br\/?p=6343\" \/>\n<meta property=\"og:locale\" content=\"pt_BR\" \/>\n<meta property=\"og:type\" content=\"article\" \/>\n<meta property=\"og:title\" content=\"A Rota das Especiarias. (por Antonio Samarone - TRIBUNA DA PRAIA\" \/>\n<meta property=\"og:description\" content=\"A banca de especiarias da feira do Augusto Franco (foto) \u00e9 sortida de hist\u00f3rias e tradi\u00e7\u00f5es. S\u00e3o 72 variedades de species. Especiarias s\u00e3o partes de certas plantas (ra\u00edzes, rizomas, cascas, bulbos, folhas, caules, flores, frutos e sementes) em estado natural, secas e\/ou objeto de elabora\u00e7\u00e3o mec\u00e2nica que por seu sabor ou aroma caracter\u00edsticos d\u00e3o sabor aos alimentos. As especiarias eram mercadorias caras e importadas, e o seu consumo denotava riqueza.\" \/>\n<meta property=\"og:url\" content=\"https:\/\/tribunadapraia.com.br\/?p=6343\" \/>\n<meta property=\"og:site_name\" content=\"TRIBUNA DA PRAIA\" \/>\n<meta property=\"article:publisher\" content=\"https:\/\/www.facebook.com\/tribunadapraiaonline\/\" \/>\n<meta property=\"article:published_time\" content=\"2023-03-26T10:09:06+00:00\" \/>\n<meta property=\"article:modified_time\" content=\"2023-03-26T10:10:06+00:00\" \/>\n<meta property=\"og:image\" content=\"https:\/\/tribunadapraia.com.br\/wp-content\/uploads\/2023\/03\/IMG-20230326-WA0009.jpg\" \/>\n\t<meta property=\"og:image:width\" content=\"1200\" \/>\n\t<meta property=\"og:image:height\" content=\"793\" \/>\n<meta name=\"twitter:card\" content=\"summary_large_image\" \/>\n<meta name=\"twitter:creator\" content=\"@Claudomir21\" \/>\n<meta name=\"twitter:site\" content=\"@Claudomir21\" \/>\n<meta name=\"twitter:label1\" content=\"Est. tempo de leitura\">\n\t<meta name=\"twitter:data1\" content=\"1 minuto\">\n<script type=\"application\/ld+json\" class=\"yoast-schema-graph\">{\"@context\":\"https:\/\/schema.org\",\"@graph\":[{\"@type\":\"Organization\",\"@id\":\"https:\/\/tribunadapraia.com.br\/#organization\",\"name\":\"Tribuna da Praia\",\"url\":\"https:\/\/tribunadapraia.com.br\/\",\"sameAs\":[\"https:\/\/www.facebook.com\/tribunadapraiaonline\/\",\"https:\/\/www.instagram.com\/claudomirtavares\/\",\"https:\/\/www.youtube.com\/channel\/UCwQf80nxiMzCefAyjbp53Rw\",\"https:\/\/twitter.com\/Claudomir21\"],\"logo\":{\"@type\":\"ImageObject\",\"@id\":\"https:\/\/tribunadapraia.com.br\/#logo\",\"inLanguage\":\"pt-BR\",\"url\":\"https:\/\/tribunadapraia.com.br\/wp-content\/uploads\/2020\/02\/logo.png\",\"contentUrl\":\"https:\/\/tribunadapraia.com.br\/wp-content\/uploads\/2020\/02\/logo.png\",\"width\":501,\"height\":121,\"caption\":\"Tribuna da Praia\"},\"image\":{\"@id\":\"https:\/\/tribunadapraia.com.br\/#logo\"}},{\"@type\":\"WebSite\",\"@id\":\"https:\/\/tribunadapraia.com.br\/#website\",\"url\":\"https:\/\/tribunadapraia.com.br\/\",\"name\":\"TRIBUNA DA PRAIA\",\"description\":\"O 1\\u00ba jornal do interior de Sergipe na internet\",\"publisher\":{\"@id\":\"https:\/\/tribunadapraia.com.br\/#organization\"},\"potentialAction\":[{\"@type\":\"SearchAction\",\"target\":\"https:\/\/tribunadapraia.com.br\/?s={search_term_string}\",\"query-input\":\"required name=search_term_string\"}],\"inLanguage\":\"pt-BR\"},{\"@type\":\"ImageObject\",\"@id\":\"https:\/\/tribunadapraia.com.br\/?p=6343#primaryimage\",\"inLanguage\":\"pt-BR\",\"url\":\"https:\/\/tribunadapraia.com.br\/wp-content\/uploads\/2023\/03\/IMG-20230326-WA0009.jpg\",\"contentUrl\":\"https:\/\/tribunadapraia.com.br\/wp-content\/uploads\/2023\/03\/IMG-20230326-WA0009.jpg\",\"width\":1200,\"height\":793},{\"@type\":\"WebPage\",\"@id\":\"https:\/\/tribunadapraia.com.br\/?p=6343#webpage\",\"url\":\"https:\/\/tribunadapraia.com.br\/?p=6343\",\"name\":\"A Rota das Especiarias. (por Antonio Samarone - TRIBUNA DA PRAIA\",\"isPartOf\":{\"@id\":\"https:\/\/tribunadapraia.com.br\/#website\"},\"primaryImageOfPage\":{\"@id\":\"https:\/\/tribunadapraia.com.br\/?p=6343#primaryimage\"},\"datePublished\":\"2023-03-26T10:09:06+00:00\",\"dateModified\":\"2023-03-26T10:10:06+00:00\",\"breadcrumb\":{\"@id\":\"https:\/\/tribunadapraia.com.br\/?p=6343#breadcrumb\"},\"inLanguage\":\"pt-BR\",\"potentialAction\":[{\"@type\":\"ReadAction\",\"target\":[\"https:\/\/tribunadapraia.com.br\/?p=6343\"]}]},{\"@type\":\"BreadcrumbList\",\"@id\":\"https:\/\/tribunadapraia.com.br\/?p=6343#breadcrumb\",\"itemListElement\":[{\"@type\":\"ListItem\",\"position\":1,\"item\":{\"@type\":\"WebPage\",\"@id\":\"https:\/\/tribunadapraia.com.br\/\",\"url\":\"https:\/\/tribunadapraia.com.br\/\",\"name\":\"In\\u00edcio\"}},{\"@type\":\"ListItem\",\"position\":2,\"item\":{\"@id\":\"https:\/\/tribunadapraia.com.br\/?p=6343#webpage\"}}]},{\"@type\":\"Article\",\"@id\":\"https:\/\/tribunadapraia.com.br\/?p=6343#article\",\"isPartOf\":{\"@id\":\"https:\/\/tribunadapraia.com.br\/?p=6343#webpage\"},\"author\":{\"@id\":\"https:\/\/tribunadapraia.com.br\/#\/schema\/person\/326b0a9f3163b479142c64eba4928de0\"},\"headline\":\"A Rota das Especiarias. (por Antonio Samarone\",\"datePublished\":\"2023-03-26T10:09:06+00:00\",\"dateModified\":\"2023-03-26T10:10:06+00:00\",\"mainEntityOfPage\":{\"@id\":\"https:\/\/tribunadapraia.com.br\/?p=6343#webpage\"},\"wordCount\":225,\"commentCount\":0,\"publisher\":{\"@id\":\"https:\/\/tribunadapraia.com.br\/#organization\"},\"image\":{\"@id\":\"https:\/\/tribunadapraia.com.br\/?p=6343#primaryimage\"},\"thumbnailUrl\":\"https:\/\/tribunadapraia.com.br\/wp-content\/uploads\/2023\/03\/IMG-20230326-WA0009.jpg\",\"articleSection\":[\"Not\\u00edcias\"],\"inLanguage\":\"pt-BR\",\"potentialAction\":[{\"@type\":\"CommentAction\",\"name\":\"Comment\",\"target\":[\"https:\/\/tribunadapraia.com.br\/?p=6343#respond\"]}]},{\"@type\":\"Person\",\"@id\":\"https:\/\/tribunadapraia.com.br\/#\/schema\/person\/326b0a9f3163b479142c64eba4928de0\",\"name\":\"tribunadapraia\",\"image\":{\"@type\":\"ImageObject\",\"@id\":\"https:\/\/tribunadapraia.com.br\/#personlogo\",\"inLanguage\":\"pt-BR\",\"url\":\"https:\/\/secure.gravatar.com\/avatar\/38b019c74762496076b7355024a0dad9?s=96&d=identicon&r=g\",\"contentUrl\":\"https:\/\/secure.gravatar.com\/avatar\/38b019c74762496076b7355024a0dad9?s=96&d=identicon&r=g\",\"caption\":\"tribunadapraia\"}}]}<\/script>\n<!-- \/ Yoast SEO plugin. -->","wps_subtitle":"","_links":{"self":[{"href":"https:\/\/tribunadapraia.com.br\/index.php?rest_route=\/wp\/v2\/posts\/6343"}],"collection":[{"href":"https:\/\/tribunadapraia.com.br\/index.php?rest_route=\/wp\/v2\/posts"}],"about":[{"href":"https:\/\/tribunadapraia.com.br\/index.php?rest_route=\/wp\/v2\/types\/post"}],"author":[{"embeddable":true,"href":"https:\/\/tribunadapraia.com.br\/index.php?rest_route=\/wp\/v2\/users\/1"}],"replies":[{"embeddable":true,"href":"https:\/\/tribunadapraia.com.br\/index.php?rest_route=%2Fwp%2Fv2%2Fcomments&post=6343"}],"version-history":[{"count":1,"href":"https:\/\/tribunadapraia.com.br\/index.php?rest_route=\/wp\/v2\/posts\/6343\/revisions"}],"predecessor-version":[{"id":6345,"href":"https:\/\/tribunadapraia.com.br\/index.php?rest_route=\/wp\/v2\/posts\/6343\/revisions\/6345"}],"wp:featuredmedia":[{"embeddable":true,"href":"https:\/\/tribunadapraia.com.br\/index.php?rest_route=\/wp\/v2\/media\/6344"}],"wp:attachment":[{"href":"https:\/\/tribunadapraia.com.br\/index.php?rest_route=%2Fwp%2Fv2%2Fmedia&parent=6343"}],"wp:term":[{"taxonomy":"category","embeddable":true,"href":"https:\/\/tribunadapraia.com.br\/index.php?rest_route=%2Fwp%2Fv2%2Fcategories&post=6343"},{"taxonomy":"post_tag","embeddable":true,"href":"https:\/\/tribunadapraia.com.br\/index.php?rest_route=%2Fwp%2Fv2%2Ftags&post=6343"}],"curies":[{"name":"wp","href":"https:\/\/api.w.org\/{rel}","templated":true}]}}