{"id":6337,"date":"2023-03-23T17:32:54","date_gmt":"2023-03-23T20:32:54","guid":{"rendered":"https:\/\/tribunadapraia.com.br\/?p=6337"},"modified":"2023-03-26T06:52:05","modified_gmt":"2023-03-26T09:52:05","slug":"esporte-sergipanos-participam-do-campeonato-brasileiro-escolar-de-atletismo","status":"publish","type":"post","link":"https:\/\/tribunadapraia.com.br\/?p=6337","title":{"rendered":"Esporte: Orgulho de Sergipe. estudantes de Pirambu consagram-se em Campeonato Brasileiro Escolar de Atletismo em Bras\u00edlia"},"content":{"rendered":"<p><em>A competi\u00e7\u00e3o acontece na pista de atletismo do comando militar, em Bras\u00edlia<\/em><\/p>\n<p style=\"padding-left: 40px;\">O professor Leandro Teixeira est\u00e1 acompanhando a delega\u00e7\u00e3o sergipana na competi\u00e7\u00e3o e treina os estudantes da Escola Estadual Jos\u00e9 Amaral Lemos, em Pirambu<\/p>\n<p>O estado de Sergipe enviou representantes para o Campeonato Brasileiro Escolar de Atletismo, que acontece desde a \u00faltima segunda-feira (20), na pista de atletismo do comando militar do planalto, em Bras\u00edlia.<\/p>\n<p>O evento organizado pela Confedera\u00e7\u00e3o Brasileira de Desporto Escolar (CBDE) re\u00fane estudantes-atletas de todo Brasil, nascidos em 2005, 2006 e 2007, representando suas escolas.<\/p>\n<p>Os estudantes-atletas disputar\u00e3o as provas masculinas e femininas e os representantes sergipanos foram selecionados de acordo com o desempenho nos Jogos Escolares TV Sergipe 2022, considerando as seis melhores marcas ou tempos.<\/p>\n<p>Os atletas que obtiverem melhores desempenhos neste campeonato estar\u00e3o classificados para o Mundial ISF de Atletismo, que ser\u00e1 disputado em agosto deste ano, no Rio de Janeiro, durante a Gymnasiade 2023.<\/p>\n<p>Sergipe tem nove estudantes de escola p\u00fablica na disputa. Os atletas Caike Vitor e Raissa Poliana j\u00e1 conquistaram o 4\u00ba lugar no salto em altura e o 5\u00ba lugar no arremesso de peso.<\/p>\n<p><img loading=\"lazy\" class=\"size-medium wp-image-6338 alignleft\" src=\"https:\/\/tribunadapraia.com.br\/wp-content\/uploads\/2023\/03\/IMG-20230322-WA0171-225x300.jpg\" alt=\"\" width=\"225\" height=\"300\" srcset=\"https:\/\/tribunadapraia.com.br\/wp-content\/uploads\/2023\/03\/IMG-20230322-WA0171-225x300.jpg 225w, https:\/\/tribunadapraia.com.br\/wp-content\/uploads\/2023\/03\/IMG-20230322-WA0171-768x1024.jpg 768w, https:\/\/tribunadapraia.com.br\/wp-content\/uploads\/2023\/03\/IMG-20230322-WA0171-1152x1536.jpg 1152w, https:\/\/tribunadapraia.com.br\/wp-content\/uploads\/2023\/03\/IMG-20230322-WA0171.jpg 1200w\" sizes=\"(max-width: 225px) 100vw, 225px\" \/>O professor Leandro Teixeira est\u00e1 acompanhando a delega\u00e7\u00e3o sergipana na competi\u00e7\u00e3o e treina os estudantes da Escola Estadual Jos\u00e9 Amaral Lemos, em Pirambu, na regi\u00e3o leste do estado.<\/p>\n<p>As transmiss\u00f5es dos jogos ao vivo est\u00e3o sendo feitas atrav\u00e9s dos canais oficiais da CBDE.<\/p>\n<ul>\n<li><span style=\"color: #ff6600;\">Com informa\u00e7\u00f5es da SEEL | Apud: CE Jos\u00e9 Anaral Lemos &#8211; Piram u<\/span><\/li>\n<\/ul>\n","protected":false},"excerpt":{"rendered":"<p>A competi\u00e7\u00e3o acontece na pista de atletismo do comando militar, em Bras\u00edlia O professor Leandro Teixeira est\u00e1 acompanhando a delega\u00e7\u00e3o sergipana na competi\u00e7\u00e3o e treina os estudantes da Escola Estadual Jos\u00e9 Amaral Lemos, em Pirambu O estado de Sergipe enviou representantes para o Campeonato Brasileiro Escolar de Atletismo, que acontece desde a \u00faltima segunda-feira (20), na pista de atletismo do comando militar do planalto, em Bras\u00edlia. O evento organizado pela<\/p>\n","protected":false},"author":1,"featured_media":6342,"comment_status":"open","ping_status":"open","sticky":false,"template":"","format":"standard","meta":[],"categories":[18],"tags":[],"yoast_head":"<!-- This site is optimized with the Yoast SEO plugin v16.3 - https:\/\/yoast.com\/wordpress\/plugins\/seo\/ -->\n<title>Esporte: Orgulho de Sergipe. estudantes de Pirambu consagram-se em Campeonato Brasileiro Escolar de Atletismo em Bras\u00edlia - TRIBUNA DA PRAIA<\/title>\n<meta name=\"robots\" content=\"index, follow, max-snippet:-1, max-image-preview:large, max-video-preview:-1\" \/>\n<link rel=\"canonical\" href=\"https:\/\/tribunadapraia.com.br\/?p=6337\" \/>\n<meta property=\"og:locale\" content=\"pt_BR\" \/>\n<meta property=\"og:type\" content=\"article\" \/>\n<meta property=\"og:title\" content=\"Esporte: Orgulho de Sergipe. estudantes de Pirambu consagram-se em Campeonato Brasileiro Escolar de Atletismo em Bras\u00edlia - TRIBUNA DA PRAIA\" \/>\n<meta property=\"og:description\" content=\"A competi\u00e7\u00e3o acontece na pista de atletismo do comando militar, em Bras\u00edlia O professor Leandro Teixeira est\u00e1 acompanhando a delega\u00e7\u00e3o sergipana na competi\u00e7\u00e3o e treina os estudantes da Escola Estadual Jos\u00e9 Amaral Lemos, em Pirambu O estado de Sergipe enviou representantes para o Campeonato Brasileiro Escolar de Atletismo, que acontece desde a \u00faltima segunda-feira (20), na pista de atletismo do comando militar do planalto, em Bras\u00edlia. O evento organizado pela\" \/>\n<meta property=\"og:url\" content=\"https:\/\/tribunadapraia.com.br\/?p=6337\" \/>\n<meta property=\"og:site_name\" content=\"TRIBUNA DA PRAIA\" \/>\n<meta property=\"article:publisher\" content=\"https:\/\/www.facebook.com\/tribunadapraiaonline\/\" \/>\n<meta property=\"article:published_time\" content=\"2023-03-23T20:32:54+00:00\" \/>\n<meta property=\"article:modified_time\" content=\"2023-03-26T09:52:05+00:00\" \/>\n<meta property=\"og:image\" content=\"https:\/\/tribunadapraia.com.br\/wp-content\/uploads\/2023\/03\/IMG-20230326-WA0007.jpg\" \/>\n\t<meta property=\"og:image:width\" content=\"1080\" \/>\n\t<meta property=\"og:image:height\" content=\"779\" \/>\n<meta name=\"twitter:card\" content=\"summary_large_image\" \/>\n<meta name=\"twitter:creator\" content=\"@Claudomir21\" \/>\n<meta name=\"twitter:site\" content=\"@Claudomir21\" \/>\n<meta name=\"twitter:label1\" content=\"Est. tempo de leitura\">\n\t<meta name=\"twitter:data1\" content=\"2 minutos\">\n<script type=\"application\/ld+json\" class=\"yoast-schema-graph\">{\"@context\":\"https:\/\/schema.org\",\"@graph\":[{\"@type\":\"Organization\",\"@id\":\"https:\/\/tribunadapraia.com.br\/#organization\",\"name\":\"Tribuna da Praia\",\"url\":\"https:\/\/tribunadapraia.com.br\/\",\"sameAs\":[\"https:\/\/www.facebook.com\/tribunadapraiaonline\/\",\"https:\/\/www.instagram.com\/claudomirtavares\/\",\"https:\/\/www.youtube.com\/channel\/UCwQf80nxiMzCefAyjbp53Rw\",\"https:\/\/twitter.com\/Claudomir21\"],\"logo\":{\"@type\":\"ImageObject\",\"@id\":\"https:\/\/tribunadapraia.com.br\/#logo\",\"inLanguage\":\"pt-BR\",\"url\":\"https:\/\/tribunadapraia.com.br\/wp-content\/uploads\/2020\/02\/logo.png\",\"contentUrl\":\"https:\/\/tribunadapraia.com.br\/wp-content\/uploads\/2020\/02\/logo.png\",\"width\":501,\"height\":121,\"caption\":\"Tribuna da Praia\"},\"image\":{\"@id\":\"https:\/\/tribunadapraia.com.br\/#logo\"}},{\"@type\":\"WebSite\",\"@id\":\"https:\/\/tribunadapraia.com.br\/#website\",\"url\":\"https:\/\/tribunadapraia.com.br\/\",\"name\":\"TRIBUNA DA PRAIA\",\"description\":\"O 1\\u00ba jornal do interior de Sergipe na internet\",\"publisher\":{\"@id\":\"https:\/\/tribunadapraia.com.br\/#organization\"},\"potentialAction\":[{\"@type\":\"SearchAction\",\"target\":\"https:\/\/tribunadapraia.com.br\/?s={search_term_string}\",\"query-input\":\"required name=search_term_string\"}],\"inLanguage\":\"pt-BR\"},{\"@type\":\"ImageObject\",\"@id\":\"https:\/\/tribunadapraia.com.br\/?p=6337#primaryimage\",\"inLanguage\":\"pt-BR\",\"url\":\"https:\/\/tribunadapraia.com.br\/wp-content\/uploads\/2023\/03\/IMG-20230326-WA0007.jpg\",\"contentUrl\":\"https:\/\/tribunadapraia.com.br\/wp-content\/uploads\/2023\/03\/IMG-20230326-WA0007.jpg\",\"width\":1080,\"height\":779},{\"@type\":\"WebPage\",\"@id\":\"https:\/\/tribunadapraia.com.br\/?p=6337#webpage\",\"url\":\"https:\/\/tribunadapraia.com.br\/?p=6337\",\"name\":\"Esporte: Orgulho de Sergipe. estudantes de Pirambu consagram-se em Campeonato Brasileiro Escolar de Atletismo em Bras\\u00edlia - TRIBUNA DA PRAIA\",\"isPartOf\":{\"@id\":\"https:\/\/tribunadapraia.com.br\/#website\"},\"primaryImageOfPage\":{\"@id\":\"https:\/\/tribunadapraia.com.br\/?p=6337#primaryimage\"},\"datePublished\":\"2023-03-23T20:32:54+00:00\",\"dateModified\":\"2023-03-26T09:52:05+00:00\",\"breadcrumb\":{\"@id\":\"https:\/\/tribunadapraia.com.br\/?p=6337#breadcrumb\"},\"inLanguage\":\"pt-BR\",\"potentialAction\":[{\"@type\":\"ReadAction\",\"target\":[\"https:\/\/tribunadapraia.com.br\/?p=6337\"]}]},{\"@type\":\"BreadcrumbList\",\"@id\":\"https:\/\/tribunadapraia.com.br\/?p=6337#breadcrumb\",\"itemListElement\":[{\"@type\":\"ListItem\",\"position\":1,\"item\":{\"@type\":\"WebPage\",\"@id\":\"https:\/\/tribunadapraia.com.br\/\",\"url\":\"https:\/\/tribunadapraia.com.br\/\",\"name\":\"In\\u00edcio\"}},{\"@type\":\"ListItem\",\"position\":2,\"item\":{\"@id\":\"https:\/\/tribunadapraia.com.br\/?p=6337#webpage\"}}]},{\"@type\":\"Article\",\"@id\":\"https:\/\/tribunadapraia.com.br\/?p=6337#article\",\"isPartOf\":{\"@id\":\"https:\/\/tribunadapraia.com.br\/?p=6337#webpage\"},\"author\":{\"@id\":\"https:\/\/tribunadapraia.com.br\/#\/schema\/person\/326b0a9f3163b479142c64eba4928de0\"},\"headline\":\"Esporte: Orgulho de Sergipe. estudantes de Pirambu consagram-se em Campeonato Brasileiro Escolar de Atletismo em Bras\\u00edlia\",\"datePublished\":\"2023-03-23T20:32:54+00:00\",\"dateModified\":\"2023-03-26T09:52:05+00:00\",\"mainEntityOfPage\":{\"@id\":\"https:\/\/tribunadapraia.com.br\/?p=6337#webpage\"},\"wordCount\":267,\"commentCount\":0,\"publisher\":{\"@id\":\"https:\/\/tribunadapraia.com.br\/#organization\"},\"image\":{\"@id\":\"https:\/\/tribunadapraia.com.br\/?p=6337#primaryimage\"},\"thumbnailUrl\":\"https:\/\/tribunadapraia.com.br\/wp-content\/uploads\/2023\/03\/IMG-20230326-WA0007.jpg\",\"articleSection\":[\"Not\\u00edcias\"],\"inLanguage\":\"pt-BR\",\"potentialAction\":[{\"@type\":\"CommentAction\",\"name\":\"Comment\",\"target\":[\"https:\/\/tribunadapraia.com.br\/?p=6337#respond\"]}]},{\"@type\":\"Person\",\"@id\":\"https:\/\/tribunadapraia.com.br\/#\/schema\/person\/326b0a9f3163b479142c64eba4928de0\",\"name\":\"tribunadapraia\",\"image\":{\"@type\":\"ImageObject\",\"@id\":\"https:\/\/tribunadapraia.com.br\/#personlogo\",\"inLanguage\":\"pt-BR\",\"url\":\"https:\/\/secure.gravatar.com\/avatar\/38b019c74762496076b7355024a0dad9?s=96&d=identicon&r=g\",\"contentUrl\":\"https:\/\/secure.gravatar.com\/avatar\/38b019c74762496076b7355024a0dad9?s=96&d=identicon&r=g\",\"caption\":\"tribunadapraia\"}}]}<\/script>\n<!-- \/ Yoast SEO plugin. -->","wps_subtitle":"","_links":{"self":[{"href":"https:\/\/tribunadapraia.com.br\/index.php?rest_route=\/wp\/v2\/posts\/6337"}],"collection":[{"href":"https:\/\/tribunadapraia.com.br\/index.php?rest_route=\/wp\/v2\/posts"}],"about":[{"href":"https:\/\/tribunadapraia.com.br\/index.php?rest_route=\/wp\/v2\/types\/post"}],"author":[{"embeddable":true,"href":"https:\/\/tribunadapraia.com.br\/index.php?rest_route=\/wp\/v2\/users\/1"}],"replies":[{"embeddable":true,"href":"https:\/\/tribunadapraia.com.br\/index.php?rest_route=%2Fwp%2Fv2%2Fcomments&post=6337"}],"version-history":[{"count":2,"href":"https:\/\/tribunadapraia.com.br\/index.php?rest_route=\/wp\/v2\/posts\/6337\/revisions"}],"predecessor-version":[{"id":6341,"href":"https:\/\/tribunadapraia.com.br\/index.php?rest_route=\/wp\/v2\/posts\/6337\/revisions\/6341"}],"wp:featuredmedia":[{"embeddable":true,"href":"https:\/\/tribunadapraia.com.br\/index.php?rest_route=\/wp\/v2\/media\/6342"}],"wp:attachment":[{"href":"https:\/\/tribunadapraia.com.br\/index.php?rest_route=%2Fwp%2Fv2%2Fmedia&parent=6337"}],"wp:term":[{"taxonomy":"category","embeddable":true,"href":"https:\/\/tribunadapraia.com.br\/index.php?rest_route=%2Fwp%2Fv2%2Fcategories&post=6337"},{"taxonomy":"post_tag","embeddable":true,"href":"https:\/\/tribunadapraia.com.br\/index.php?rest_route=%2Fwp%2Fv2%2Ftags&post=6337"}],"curies":[{"name":"wp","href":"https:\/\/api.w.org\/{rel}","templated":true}]}}