{"id":6282,"date":"2023-03-22T21:06:24","date_gmt":"2023-03-23T00:06:24","guid":{"rendered":"https:\/\/tribunadapraia.com.br\/?p=6282"},"modified":"2023-03-22T21:36:01","modified_gmt":"2023-03-23T00:36:01","slug":"estamos-de-volta-edicao-digital-abre-comemoracoes-pelos-40-anos-da-tribuna-da-praia-em-pirambu","status":"publish","type":"post","link":"https:\/\/tribunadapraia.com.br\/?p=6282","title":{"rendered":"Estamos de volta: Edi\u00e7\u00e3o digital abre comemora\u00e7\u00f5es pelos 40 anos da Tribuna da Praia em Pirambu"},"content":{"rendered":"<p>J\u00e1 est\u00e1 dispon\u00edvel a edi\u00e7\u00e3o digital da TRIBUNA DA PRAIA, cuja \u00faltima publica\u00e7\u00e3o foi lan\u00e7ada em outubro de 2019, h\u00e1 3<img loading=\"lazy\" class=\"size-medium wp-image-6283 alignleft\" src=\"https:\/\/tribunadapraia.com.br\/wp-content\/uploads\/2023\/03\/IMG-20230322-WA0158-217x300.jpg\" alt=\"\" width=\"217\" height=\"300\" srcset=\"https:\/\/tribunadapraia.com.br\/wp-content\/uploads\/2023\/03\/IMG-20230322-WA0158-217x300.jpg 217w, https:\/\/tribunadapraia.com.br\/wp-content\/uploads\/2023\/03\/IMG-20230322-WA0158-740x1024.jpg 740w, https:\/\/tribunadapraia.com.br\/wp-content\/uploads\/2023\/03\/IMG-20230322-WA0158-768x1063.jpg 768w, https:\/\/tribunadapraia.com.br\/wp-content\/uploads\/2023\/03\/IMG-20230322-WA0158.jpg 925w\" sizes=\"(max-width: 217px) 100vw, 217px\" \/> anos e meio, marcando os 36 anos do jornal fundado em 1983. Com fechamento nesta quarta-feira, 22; de mar\u00e7o, ter\u00e1 o seguinte registro: Pirambu (SE) &#8211; Ano XL &#8211; N\u00b0 02 (8\u00aa Fase) Janeiro a Mar\u00e7o de 2023.<\/p>\n<p style=\"text-align: center;\"><img loading=\"lazy\" class=\"alignnone size-medium wp-image-6253\" src=\"https:\/\/tribunadapraia.com.br\/wp-content\/uploads\/2023\/03\/iTA-300x153.jpg\" alt=\"\" width=\"300\" height=\"153\" srcset=\"https:\/\/tribunadapraia.com.br\/wp-content\/uploads\/2023\/03\/iTA-300x153.jpg 300w, https:\/\/tribunadapraia.com.br\/wp-content\/uploads\/2023\/03\/iTA-768x392.jpg 768w, https:\/\/tribunadapraia.com.br\/wp-content\/uploads\/2023\/03\/iTA.jpg 1024w\" sizes=\"(max-width: 300px) 100vw, 300px\" \/><\/p>\n<p>Clique no link abaixo para abrir, l\u00ea e baixar o artigo em PDF<\/p>\n<p><a href=\"https:\/\/tribunadapraia.com.br\/wp-content\/uploads\/2023\/03\/TRIBUNA-2023.pdf\">TRIBUNA 2023<\/a><\/p>\n","protected":false},"excerpt":{"rendered":"<p>J\u00e1 est\u00e1 dispon\u00edvel a edi\u00e7\u00e3o digital da TRIBUNA DA PRAIA, cuja \u00faltima publica\u00e7\u00e3o foi lan\u00e7ada em outubro de 2019, h\u00e1 3 anos e meio, marcando os 36 anos do jornal fundado em 1983. Com fechamento nesta quarta-feira, 22; de mar\u00e7o, ter\u00e1 o seguinte registro: Pirambu (SE) &#8211; Ano XL &#8211; N\u00b0 02 (8\u00aa Fase) Janeiro a Mar\u00e7o de 2023. Clique no link abaixo para abrir, l\u00ea e baixar o artigo<\/p>\n","protected":false},"author":1,"featured_media":6283,"comment_status":"open","ping_status":"open","sticky":false,"template":"","format":"standard","meta":[],"categories":[18],"tags":[],"yoast_head":"<!-- This site is optimized with the Yoast SEO plugin v16.3 - https:\/\/yoast.com\/wordpress\/plugins\/seo\/ -->\n<title>Estamos de volta: Edi\u00e7\u00e3o digital abre comemora\u00e7\u00f5es pelos 40 anos da Tribuna da Praia em Pirambu - TRIBUNA DA PRAIA<\/title>\n<meta name=\"robots\" content=\"index, follow, max-snippet:-1, max-image-preview:large, max-video-preview:-1\" \/>\n<link rel=\"canonical\" href=\"https:\/\/tribunadapraia.com.br\/?p=6282\" \/>\n<meta property=\"og:locale\" content=\"pt_BR\" \/>\n<meta property=\"og:type\" content=\"article\" \/>\n<meta property=\"og:title\" content=\"Estamos de volta: Edi\u00e7\u00e3o digital abre comemora\u00e7\u00f5es pelos 40 anos da Tribuna da Praia em Pirambu - TRIBUNA DA PRAIA\" \/>\n<meta property=\"og:description\" content=\"J\u00e1 est\u00e1 dispon\u00edvel a edi\u00e7\u00e3o digital da TRIBUNA DA PRAIA, cuja \u00faltima publica\u00e7\u00e3o foi lan\u00e7ada em outubro de 2019, h\u00e1 3 anos e meio, marcando os 36 anos do jornal fundado em 1983. Com fechamento nesta quarta-feira, 22; de mar\u00e7o, ter\u00e1 o seguinte registro: Pirambu (SE) &#8211; Ano XL &#8211; N\u00b0 02 (8\u00aa Fase) Janeiro a Mar\u00e7o de 2023. Clique no link abaixo para abrir, l\u00ea e baixar o artigo\" \/>\n<meta property=\"og:url\" content=\"https:\/\/tribunadapraia.com.br\/?p=6282\" \/>\n<meta property=\"og:site_name\" content=\"TRIBUNA DA PRAIA\" \/>\n<meta property=\"article:publisher\" content=\"https:\/\/www.facebook.com\/tribunadapraiaonline\/\" \/>\n<meta property=\"article:published_time\" content=\"2023-03-23T00:06:24+00:00\" \/>\n<meta property=\"article:modified_time\" content=\"2023-03-23T00:36:01+00:00\" \/>\n<meta property=\"og:image\" content=\"https:\/\/tribunadapraia.com.br\/wp-content\/uploads\/2023\/03\/IMG-20230322-WA0158.jpg\" \/>\n\t<meta property=\"og:image:width\" content=\"925\" \/>\n\t<meta property=\"og:image:height\" content=\"1280\" \/>\n<meta name=\"twitter:card\" content=\"summary_large_image\" \/>\n<meta name=\"twitter:creator\" content=\"@Claudomir21\" \/>\n<meta name=\"twitter:site\" content=\"@Claudomir21\" \/>\n<meta name=\"twitter:label1\" content=\"Est. tempo de leitura\">\n\t<meta name=\"twitter:data1\" content=\"1 minuto\">\n<script type=\"application\/ld+json\" class=\"yoast-schema-graph\">{\"@context\":\"https:\/\/schema.org\",\"@graph\":[{\"@type\":\"Organization\",\"@id\":\"https:\/\/tribunadapraia.com.br\/#organization\",\"name\":\"Tribuna da Praia\",\"url\":\"https:\/\/tribunadapraia.com.br\/\",\"sameAs\":[\"https:\/\/www.facebook.com\/tribunadapraiaonline\/\",\"https:\/\/www.instagram.com\/claudomirtavares\/\",\"https:\/\/www.youtube.com\/channel\/UCwQf80nxiMzCefAyjbp53Rw\",\"https:\/\/twitter.com\/Claudomir21\"],\"logo\":{\"@type\":\"ImageObject\",\"@id\":\"https:\/\/tribunadapraia.com.br\/#logo\",\"inLanguage\":\"pt-BR\",\"url\":\"https:\/\/tribunadapraia.com.br\/wp-content\/uploads\/2020\/02\/logo.png\",\"contentUrl\":\"https:\/\/tribunadapraia.com.br\/wp-content\/uploads\/2020\/02\/logo.png\",\"width\":501,\"height\":121,\"caption\":\"Tribuna da Praia\"},\"image\":{\"@id\":\"https:\/\/tribunadapraia.com.br\/#logo\"}},{\"@type\":\"WebSite\",\"@id\":\"https:\/\/tribunadapraia.com.br\/#website\",\"url\":\"https:\/\/tribunadapraia.com.br\/\",\"name\":\"TRIBUNA DA PRAIA\",\"description\":\"O 1\\u00ba jornal do interior de Sergipe na internet\",\"publisher\":{\"@id\":\"https:\/\/tribunadapraia.com.br\/#organization\"},\"potentialAction\":[{\"@type\":\"SearchAction\",\"target\":\"https:\/\/tribunadapraia.com.br\/?s={search_term_string}\",\"query-input\":\"required name=search_term_string\"}],\"inLanguage\":\"pt-BR\"},{\"@type\":\"ImageObject\",\"@id\":\"https:\/\/tribunadapraia.com.br\/?p=6282#primaryimage\",\"inLanguage\":\"pt-BR\",\"url\":\"https:\/\/tribunadapraia.com.br\/wp-content\/uploads\/2023\/03\/IMG-20230322-WA0158.jpg\",\"contentUrl\":\"https:\/\/tribunadapraia.com.br\/wp-content\/uploads\/2023\/03\/IMG-20230322-WA0158.jpg\",\"width\":925,\"height\":1280},{\"@type\":\"WebPage\",\"@id\":\"https:\/\/tribunadapraia.com.br\/?p=6282#webpage\",\"url\":\"https:\/\/tribunadapraia.com.br\/?p=6282\",\"name\":\"Estamos de volta: Edi\\u00e7\\u00e3o digital abre comemora\\u00e7\\u00f5es pelos 40 anos da Tribuna da Praia em Pirambu - TRIBUNA DA PRAIA\",\"isPartOf\":{\"@id\":\"https:\/\/tribunadapraia.com.br\/#website\"},\"primaryImageOfPage\":{\"@id\":\"https:\/\/tribunadapraia.com.br\/?p=6282#primaryimage\"},\"datePublished\":\"2023-03-23T00:06:24+00:00\",\"dateModified\":\"2023-03-23T00:36:01+00:00\",\"breadcrumb\":{\"@id\":\"https:\/\/tribunadapraia.com.br\/?p=6282#breadcrumb\"},\"inLanguage\":\"pt-BR\",\"potentialAction\":[{\"@type\":\"ReadAction\",\"target\":[\"https:\/\/tribunadapraia.com.br\/?p=6282\"]}]},{\"@type\":\"BreadcrumbList\",\"@id\":\"https:\/\/tribunadapraia.com.br\/?p=6282#breadcrumb\",\"itemListElement\":[{\"@type\":\"ListItem\",\"position\":1,\"item\":{\"@type\":\"WebPage\",\"@id\":\"https:\/\/tribunadapraia.com.br\/\",\"url\":\"https:\/\/tribunadapraia.com.br\/\",\"name\":\"In\\u00edcio\"}},{\"@type\":\"ListItem\",\"position\":2,\"item\":{\"@id\":\"https:\/\/tribunadapraia.com.br\/?p=6282#webpage\"}}]},{\"@type\":\"Article\",\"@id\":\"https:\/\/tribunadapraia.com.br\/?p=6282#article\",\"isPartOf\":{\"@id\":\"https:\/\/tribunadapraia.com.br\/?p=6282#webpage\"},\"author\":{\"@id\":\"https:\/\/tribunadapraia.com.br\/#\/schema\/person\/326b0a9f3163b479142c64eba4928de0\"},\"headline\":\"Estamos de volta: Edi\\u00e7\\u00e3o digital abre comemora\\u00e7\\u00f5es pelos 40 anos da Tribuna da Praia em Pirambu\",\"datePublished\":\"2023-03-23T00:06:24+00:00\",\"dateModified\":\"2023-03-23T00:36:01+00:00\",\"mainEntityOfPage\":{\"@id\":\"https:\/\/tribunadapraia.com.br\/?p=6282#webpage\"},\"wordCount\":88,\"commentCount\":1,\"publisher\":{\"@id\":\"https:\/\/tribunadapraia.com.br\/#organization\"},\"image\":{\"@id\":\"https:\/\/tribunadapraia.com.br\/?p=6282#primaryimage\"},\"thumbnailUrl\":\"https:\/\/tribunadapraia.com.br\/wp-content\/uploads\/2023\/03\/IMG-20230322-WA0158.jpg\",\"articleSection\":[\"Not\\u00edcias\"],\"inLanguage\":\"pt-BR\",\"potentialAction\":[{\"@type\":\"CommentAction\",\"name\":\"Comment\",\"target\":[\"https:\/\/tribunadapraia.com.br\/?p=6282#respond\"]}]},{\"@type\":\"Person\",\"@id\":\"https:\/\/tribunadapraia.com.br\/#\/schema\/person\/326b0a9f3163b479142c64eba4928de0\",\"name\":\"tribunadapraia\",\"image\":{\"@type\":\"ImageObject\",\"@id\":\"https:\/\/tribunadapraia.com.br\/#personlogo\",\"inLanguage\":\"pt-BR\",\"url\":\"https:\/\/secure.gravatar.com\/avatar\/38b019c74762496076b7355024a0dad9?s=96&d=identicon&r=g\",\"contentUrl\":\"https:\/\/secure.gravatar.com\/avatar\/38b019c74762496076b7355024a0dad9?s=96&d=identicon&r=g\",\"caption\":\"tribunadapraia\"}}]}<\/script>\n<!-- \/ Yoast SEO plugin. -->","wps_subtitle":"","_links":{"self":[{"href":"https:\/\/tribunadapraia.com.br\/index.php?rest_route=\/wp\/v2\/posts\/6282"}],"collection":[{"href":"https:\/\/tribunadapraia.com.br\/index.php?rest_route=\/wp\/v2\/posts"}],"about":[{"href":"https:\/\/tribunadapraia.com.br\/index.php?rest_route=\/wp\/v2\/types\/post"}],"author":[{"embeddable":true,"href":"https:\/\/tribunadapraia.com.br\/index.php?rest_route=\/wp\/v2\/users\/1"}],"replies":[{"embeddable":true,"href":"https:\/\/tribunadapraia.com.br\/index.php?rest_route=%2Fwp%2Fv2%2Fcomments&post=6282"}],"version-history":[{"count":4,"href":"https:\/\/tribunadapraia.com.br\/index.php?rest_route=\/wp\/v2\/posts\/6282\/revisions"}],"predecessor-version":[{"id":6288,"href":"https:\/\/tribunadapraia.com.br\/index.php?rest_route=\/wp\/v2\/posts\/6282\/revisions\/6288"}],"wp:featuredmedia":[{"embeddable":true,"href":"https:\/\/tribunadapraia.com.br\/index.php?rest_route=\/wp\/v2\/media\/6283"}],"wp:attachment":[{"href":"https:\/\/tribunadapraia.com.br\/index.php?rest_route=%2Fwp%2Fv2%2Fmedia&parent=6282"}],"wp:term":[{"taxonomy":"category","embeddable":true,"href":"https:\/\/tribunadapraia.com.br\/index.php?rest_route=%2Fwp%2Fv2%2Fcategories&post=6282"},{"taxonomy":"post_tag","embeddable":true,"href":"https:\/\/tribunadapraia.com.br\/index.php?rest_route=%2Fwp%2Fv2%2Ftags&post=6282"}],"curies":[{"name":"wp","href":"https:\/\/api.w.org\/{rel}","templated":true}]}}