{"id":6271,"date":"2023-03-22T05:14:34","date_gmt":"2023-03-22T08:14:34","guid":{"rendered":"https:\/\/tribunadapraia.com.br\/?p=6271"},"modified":"2023-03-22T05:50:29","modified_gmt":"2023-03-22T08:50:29","slug":"22-de-marco-acelerando-a-mudanca-dia-mundial-da-agua-em-pirambu","status":"publish","type":"post","link":"https:\/\/tribunadapraia.com.br\/?p=6271","title":{"rendered":"22 DE MAR\u00c7O: &#8220;Acelerando a mudan\u00e7a&#8221;, Dia Mundial da \u00c1gua em Pirambu"},"content":{"rendered":"<!--[if lt IE 9]><script>document.createElement('audio');<\/script><![endif]-->\n<audio class=\"wp-audio-shortcode\" id=\"audio-6271-1\" preload=\"none\" style=\"width: 100%;\" controls=\"controls\"><source type=\"audio\/mpeg\" src=\"https:\/\/tribunadapraia.com.br\/wp-content\/uploads\/2023\/03\/Guilherme-Arantes-Planeta-Agua-Guilherme-Arantes-Instrumental-SESC-Brasil.mp3?_=1\" \/><a href=\"https:\/\/tribunadapraia.com.br\/wp-content\/uploads\/2023\/03\/Guilherme-Arantes-Planeta-Agua-Guilherme-Arantes-Instrumental-SESC-Brasil.mp3\">https:\/\/tribunadapraia.com.br\/wp-content\/uploads\/2023\/03\/Guilherme-Arantes-Planeta-Agua-Guilherme-Arantes-Instrumental-SESC-Brasil.mp3<\/a><\/audio>\n<p>Em 2023, o assunto escolhido pela ONU para reflex\u00f5es sobre o Dia Mundial da \u00c1gua foi &#8220;Acelerando a mudan\u00e7a&#8221;, tendo como intuito reunir esfor\u00e7os no sentido de incentivar novas formas de uso, consumo e gerenciamento da \u00e1gua em nossas vidas.<\/p>\n<p style=\"text-align: center;\"><img loading=\"lazy\" class=\"alignnone size-medium wp-image-6253\" src=\"https:\/\/tribunadapraia.com.br\/wp-content\/uploads\/2023\/03\/iTA-300x153.jpg\" alt=\"\" width=\"300\" height=\"153\" srcset=\"https:\/\/tribunadapraia.com.br\/wp-content\/uploads\/2023\/03\/iTA-300x153.jpg 300w, https:\/\/tribunadapraia.com.br\/wp-content\/uploads\/2023\/03\/iTA-768x392.jpg 768w, https:\/\/tribunadapraia.com.br\/wp-content\/uploads\/2023\/03\/iTA.jpg 1024w\" sizes=\"(max-width: 300px) 100vw, 300px\" \/><\/p>\n<p>Imbu\u00edda dessa responsabilidade de todos, a Prefeitura Municipal de Pirambu, atrav\u00e9s da Secretaria Municipal de Educa\u00e7\u00e3o estar\u00e1 desenvolvendo hoje, 22, &#8220;um conjunto de a\u00e7\u00f5es pedag\u00f3gicas na perspectiva da educa\u00e7\u00e3o ambiental&#8221;, informou a bi\u00f3loga Augusta Barbosa (SEMED).<\/p>\n<p>Pela manh\u00e3 teremos a partir das 9 horas na Escola Municipal Odete Pereira de Santana, roda de conversa seguida de visita t\u00e9cnica ao reservat\u00f3rio da DESO, plantio simb\u00f3lico de abacateira, contempla\u00e7\u00e3o do Vale do Japaratuba a partir do mirante assim denominado, todos no povoado Marimbondo, distante 15 km da sede do munic\u00edpio.<\/p>\n<p>Para estas atividades, foram convidados o ge\u00f3grafo Fabr\u00edcio Muniz, secret\u00e1rio de Meio Ambiente e o historiador Claudomir Tavares, professor da Escola Municipal M\u00e1rio Trindade Cruz.<\/p>\n<p>Outras a\u00e7\u00f5es semelhantes ser\u00e3o desenvolvidas nas escolas de educa\u00e7\u00e3o em tempo integral J\u00falia Cruz Daltro (povoado Santa Izabel) e Laudelima Moura Ferreira (povoado Aguilhadas).<\/p>\n<p style=\"text-align: center;\"><img loading=\"lazy\" class=\"alignnone size-medium wp-image-6275\" src=\"https:\/\/tribunadapraia.com.br\/wp-content\/uploads\/2023\/03\/IMG-20230322-WA0006-300x163.jpg\" alt=\"\" width=\"300\" height=\"163\" srcset=\"https:\/\/tribunadapraia.com.br\/wp-content\/uploads\/2023\/03\/IMG-20230322-WA0006-300x163.jpg 300w, https:\/\/tribunadapraia.com.br\/wp-content\/uploads\/2023\/03\/IMG-20230322-WA0006.jpg 625w\" sizes=\"(max-width: 300px) 100vw, 300px\" \/><\/p>\n<p>&#8220;Era Uma Vez Um Beija-Flor que fugia de um inc\u00eandio juntamente com todos os animais da floresta.<\/p>\n<p>S\u00f3 que o Beija-Flor fazia uma coisa diferente: apanhava gotas de \u00e1gua de um lago e atirava-as para o fogo.<\/p>\n<p>A \u00e1guia intrigada, perguntou:<\/p>\n<p>\u2013 \u201cO bichinho, achas que vais apagar o inc\u00eandio com essas gotas?\u201d<\/p>\n<p>\u2013 \u201d Sozinho, sei que n\u00e3o vou,\u201d respondeu o Beija-Flor \u201cmas estou a fazer a minha parte\u201d.<\/p>\n<p>Envergonhada a \u00e1guia chamou os outros p\u00e1ssaros e, juntos, entraram na luta contra o inc\u00eandio. Vendo isto, os elefantes venceram seu medo e, enchendo suas trombas com \u00e1gua, tamb\u00e9m corriam para ajudar. Os macacos pegaram cascas de nozes para carregar \u00e1gua, No fim, todos os animais, cada um do seu jeito, acharam maneirar de colaborar na luta. Pouco a pouco, o fogo come\u00e7ou a debilitar quando, de repente, o Ser Celestial da Floresta, admirando a bravura destes bichinhos e comovido, enviou uma chuva que apagou de vez o inc\u00eandio e refrescou todos os animais, j\u00e1 t\u00e3o cansados \u2013 mas felizes\u2026<\/p>\n<p>Que possamos todos n\u00f3s ter a coragem de fazer a nossa parte e a solidariedade de trabalhar juntos \u2013 na f\u00e9 estarmos abertos para as ben\u00e7\u00e3os do Sagrado\u2026&#8221;<\/p>\n<p>Autora: Wangari Maathai \u2013 Pr\u00eamio Nobel da Paz de 2004<\/p>\n<p><iframe title=\"O Beija Flor e a Floresta Historinha Infantil\" width=\"1280\" height=\"720\" src=\"https:\/\/www.youtube.com\/embed\/DGtd9bXzntI?feature=oembed\" frameborder=\"0\" allow=\"accelerometer; autoplay; clipboard-write; encrypted-media; gyroscope; picture-in-picture; web-share\" allowfullscreen><\/iframe><\/p>\n<p>Por Reda\u00e7\u00e3o, com informa\u00e7\u00f5es da SEMED<\/p>\n","protected":false},"excerpt":{"rendered":"<p>Em 2023, o assunto escolhido pela ONU para reflex\u00f5es sobre o Dia Mundial da \u00c1gua foi &#8220;Acelerando a mudan\u00e7a&#8221;, tendo como intuito reunir esfor\u00e7os no sentido de incentivar novas formas de uso, consumo e gerenciamento da \u00e1gua em nossas vidas. Imbu\u00edda dessa responsabilidade de todos, a Prefeitura Municipal de Pirambu, atrav\u00e9s da Secretaria Municipal de Educa\u00e7\u00e3o estar\u00e1 desenvolvendo hoje, 22, &#8220;um conjunto de a\u00e7\u00f5es pedag\u00f3gicas na perspectiva da educa\u00e7\u00e3o ambiental&#8221;,<\/p>\n","protected":false},"author":1,"featured_media":6273,"comment_status":"open","ping_status":"open","sticky":false,"template":"","format":"standard","meta":[],"categories":[18],"tags":[],"yoast_head":"<!-- This site is optimized with the Yoast SEO plugin v16.3 - https:\/\/yoast.com\/wordpress\/plugins\/seo\/ -->\n<title>22 DE MAR\u00c7O: &quot;Acelerando a mudan\u00e7a&quot;, Dia Mundial da \u00c1gua em Pirambu - TRIBUNA DA PRAIA<\/title>\n<meta name=\"robots\" content=\"index, follow, max-snippet:-1, max-image-preview:large, max-video-preview:-1\" \/>\n<link rel=\"canonical\" href=\"https:\/\/tribunadapraia.com.br\/?p=6271\" \/>\n<meta property=\"og:locale\" content=\"pt_BR\" \/>\n<meta property=\"og:type\" content=\"article\" \/>\n<meta property=\"og:title\" content=\"22 DE MAR\u00c7O: &quot;Acelerando a mudan\u00e7a&quot;, Dia Mundial da \u00c1gua em Pirambu - TRIBUNA DA PRAIA\" \/>\n<meta property=\"og:description\" content=\"Em 2023, o assunto escolhido pela ONU para reflex\u00f5es sobre o Dia Mundial da \u00c1gua foi &#8220;Acelerando a mudan\u00e7a&#8221;, tendo como intuito reunir esfor\u00e7os no sentido de incentivar novas formas de uso, consumo e gerenciamento da \u00e1gua em nossas vidas. Imbu\u00edda dessa responsabilidade de todos, a Prefeitura Municipal de Pirambu, atrav\u00e9s da Secretaria Municipal de Educa\u00e7\u00e3o estar\u00e1 desenvolvendo hoje, 22, &#8220;um conjunto de a\u00e7\u00f5es pedag\u00f3gicas na perspectiva da educa\u00e7\u00e3o ambiental&#8221;,\" \/>\n<meta property=\"og:url\" content=\"https:\/\/tribunadapraia.com.br\/?p=6271\" \/>\n<meta property=\"og:site_name\" content=\"TRIBUNA DA PRAIA\" \/>\n<meta property=\"article:publisher\" content=\"https:\/\/www.facebook.com\/tribunadapraiaonline\/\" \/>\n<meta property=\"article:published_time\" content=\"2023-03-22T08:14:34+00:00\" \/>\n<meta property=\"article:modified_time\" content=\"2023-03-22T08:50:29+00:00\" \/>\n<meta property=\"og:image\" content=\"https:\/\/tribunadapraia.com.br\/wp-content\/uploads\/2023\/03\/IMG-20230322-WA00071.jpg\" \/>\n\t<meta property=\"og:image:width\" content=\"1080\" \/>\n\t<meta property=\"og:image:height\" content=\"812\" \/>\n<meta name=\"twitter:card\" content=\"summary_large_image\" \/>\n<meta name=\"twitter:creator\" content=\"@Claudomir21\" \/>\n<meta name=\"twitter:site\" content=\"@Claudomir21\" \/>\n<meta name=\"twitter:label1\" content=\"Est. tempo de leitura\">\n\t<meta name=\"twitter:data1\" content=\"3 minutos\">\n<script type=\"application\/ld+json\" class=\"yoast-schema-graph\">{\"@context\":\"https:\/\/schema.org\",\"@graph\":[{\"@type\":\"Organization\",\"@id\":\"https:\/\/tribunadapraia.com.br\/#organization\",\"name\":\"Tribuna da Praia\",\"url\":\"https:\/\/tribunadapraia.com.br\/\",\"sameAs\":[\"https:\/\/www.facebook.com\/tribunadapraiaonline\/\",\"https:\/\/www.instagram.com\/claudomirtavares\/\",\"https:\/\/www.youtube.com\/channel\/UCwQf80nxiMzCefAyjbp53Rw\",\"https:\/\/twitter.com\/Claudomir21\"],\"logo\":{\"@type\":\"ImageObject\",\"@id\":\"https:\/\/tribunadapraia.com.br\/#logo\",\"inLanguage\":\"pt-BR\",\"url\":\"https:\/\/tribunadapraia.com.br\/wp-content\/uploads\/2020\/02\/logo.png\",\"contentUrl\":\"https:\/\/tribunadapraia.com.br\/wp-content\/uploads\/2020\/02\/logo.png\",\"width\":501,\"height\":121,\"caption\":\"Tribuna da Praia\"},\"image\":{\"@id\":\"https:\/\/tribunadapraia.com.br\/#logo\"}},{\"@type\":\"WebSite\",\"@id\":\"https:\/\/tribunadapraia.com.br\/#website\",\"url\":\"https:\/\/tribunadapraia.com.br\/\",\"name\":\"TRIBUNA DA PRAIA\",\"description\":\"O 1\\u00ba jornal do interior de Sergipe na internet\",\"publisher\":{\"@id\":\"https:\/\/tribunadapraia.com.br\/#organization\"},\"potentialAction\":[{\"@type\":\"SearchAction\",\"target\":\"https:\/\/tribunadapraia.com.br\/?s={search_term_string}\",\"query-input\":\"required name=search_term_string\"}],\"inLanguage\":\"pt-BR\"},{\"@type\":\"ImageObject\",\"@id\":\"https:\/\/tribunadapraia.com.br\/?p=6271#primaryimage\",\"inLanguage\":\"pt-BR\",\"url\":\"https:\/\/tribunadapraia.com.br\/wp-content\/uploads\/2023\/03\/IMG-20230322-WA00071.jpg\",\"contentUrl\":\"https:\/\/tribunadapraia.com.br\/wp-content\/uploads\/2023\/03\/IMG-20230322-WA00071.jpg\",\"width\":1080,\"height\":812},{\"@type\":\"WebPage\",\"@id\":\"https:\/\/tribunadapraia.com.br\/?p=6271#webpage\",\"url\":\"https:\/\/tribunadapraia.com.br\/?p=6271\",\"name\":\"22 DE MAR\\u00c7O: \\\"Acelerando a mudan\\u00e7a\\\", Dia Mundial da \\u00c1gua em Pirambu - TRIBUNA DA PRAIA\",\"isPartOf\":{\"@id\":\"https:\/\/tribunadapraia.com.br\/#website\"},\"primaryImageOfPage\":{\"@id\":\"https:\/\/tribunadapraia.com.br\/?p=6271#primaryimage\"},\"datePublished\":\"2023-03-22T08:14:34+00:00\",\"dateModified\":\"2023-03-22T08:50:29+00:00\",\"breadcrumb\":{\"@id\":\"https:\/\/tribunadapraia.com.br\/?p=6271#breadcrumb\"},\"inLanguage\":\"pt-BR\",\"potentialAction\":[{\"@type\":\"ReadAction\",\"target\":[\"https:\/\/tribunadapraia.com.br\/?p=6271\"]}]},{\"@type\":\"BreadcrumbList\",\"@id\":\"https:\/\/tribunadapraia.com.br\/?p=6271#breadcrumb\",\"itemListElement\":[{\"@type\":\"ListItem\",\"position\":1,\"item\":{\"@type\":\"WebPage\",\"@id\":\"https:\/\/tribunadapraia.com.br\/\",\"url\":\"https:\/\/tribunadapraia.com.br\/\",\"name\":\"In\\u00edcio\"}},{\"@type\":\"ListItem\",\"position\":2,\"item\":{\"@id\":\"https:\/\/tribunadapraia.com.br\/?p=6271#webpage\"}}]},{\"@type\":\"Article\",\"@id\":\"https:\/\/tribunadapraia.com.br\/?p=6271#article\",\"isPartOf\":{\"@id\":\"https:\/\/tribunadapraia.com.br\/?p=6271#webpage\"},\"author\":{\"@id\":\"https:\/\/tribunadapraia.com.br\/#\/schema\/person\/326b0a9f3163b479142c64eba4928de0\"},\"headline\":\"22 DE MAR\\u00c7O: &#8220;Acelerando a mudan\\u00e7a&#8221;, Dia Mundial da \\u00c1gua em Pirambu\",\"datePublished\":\"2023-03-22T08:14:34+00:00\",\"dateModified\":\"2023-03-22T08:50:29+00:00\",\"mainEntityOfPage\":{\"@id\":\"https:\/\/tribunadapraia.com.br\/?p=6271#webpage\"},\"wordCount\":446,\"commentCount\":0,\"publisher\":{\"@id\":\"https:\/\/tribunadapraia.com.br\/#organization\"},\"image\":{\"@id\":\"https:\/\/tribunadapraia.com.br\/?p=6271#primaryimage\"},\"thumbnailUrl\":\"https:\/\/tribunadapraia.com.br\/wp-content\/uploads\/2023\/03\/IMG-20230322-WA00071.jpg\",\"articleSection\":[\"Not\\u00edcias\"],\"inLanguage\":\"pt-BR\",\"potentialAction\":[{\"@type\":\"CommentAction\",\"name\":\"Comment\",\"target\":[\"https:\/\/tribunadapraia.com.br\/?p=6271#respond\"]}]},{\"@type\":\"Person\",\"@id\":\"https:\/\/tribunadapraia.com.br\/#\/schema\/person\/326b0a9f3163b479142c64eba4928de0\",\"name\":\"tribunadapraia\",\"image\":{\"@type\":\"ImageObject\",\"@id\":\"https:\/\/tribunadapraia.com.br\/#personlogo\",\"inLanguage\":\"pt-BR\",\"url\":\"https:\/\/secure.gravatar.com\/avatar\/38b019c74762496076b7355024a0dad9?s=96&d=identicon&r=g\",\"contentUrl\":\"https:\/\/secure.gravatar.com\/avatar\/38b019c74762496076b7355024a0dad9?s=96&d=identicon&r=g\",\"caption\":\"tribunadapraia\"}}]}<\/script>\n<!-- \/ Yoast SEO plugin. -->","wps_subtitle":"","_links":{"self":[{"href":"https:\/\/tribunadapraia.com.br\/index.php?rest_route=\/wp\/v2\/posts\/6271"}],"collection":[{"href":"https:\/\/tribunadapraia.com.br\/index.php?rest_route=\/wp\/v2\/posts"}],"about":[{"href":"https:\/\/tribunadapraia.com.br\/index.php?rest_route=\/wp\/v2\/types\/post"}],"author":[{"embeddable":true,"href":"https:\/\/tribunadapraia.com.br\/index.php?rest_route=\/wp\/v2\/users\/1"}],"replies":[{"embeddable":true,"href":"https:\/\/tribunadapraia.com.br\/index.php?rest_route=%2Fwp%2Fv2%2Fcomments&post=6271"}],"version-history":[{"count":5,"href":"https:\/\/tribunadapraia.com.br\/index.php?rest_route=\/wp\/v2\/posts\/6271\/revisions"}],"predecessor-version":[{"id":6279,"href":"https:\/\/tribunadapraia.com.br\/index.php?rest_route=\/wp\/v2\/posts\/6271\/revisions\/6279"}],"wp:featuredmedia":[{"embeddable":true,"href":"https:\/\/tribunadapraia.com.br\/index.php?rest_route=\/wp\/v2\/media\/6273"}],"wp:attachment":[{"href":"https:\/\/tribunadapraia.com.br\/index.php?rest_route=%2Fwp%2Fv2%2Fmedia&parent=6271"}],"wp:term":[{"taxonomy":"category","embeddable":true,"href":"https:\/\/tribunadapraia.com.br\/index.php?rest_route=%2Fwp%2Fv2%2Fcategories&post=6271"},{"taxonomy":"post_tag","embeddable":true,"href":"https:\/\/tribunadapraia.com.br\/index.php?rest_route=%2Fwp%2Fv2%2Ftags&post=6271"}],"curies":[{"name":"wp","href":"https:\/\/api.w.org\/{rel}","templated":true}]}}