{"id":625,"date":"2020-03-18T12:14:45","date_gmt":"2020-03-18T15:14:45","guid":{"rendered":"https:\/\/tribunadapraia.com.br\/?p=625"},"modified":"2020-03-18T12:14:45","modified_gmt":"2020-03-18T15:14:45","slug":"edilene-oliveira-sem-perfil-para-ser-coadjuvante-mas-para-exercer-o-protagonismo-na-politica-de-propria","status":"publish","type":"post","link":"https:\/\/tribunadapraia.com.br\/?p=625","title":{"rendered":"EDILENE OLIVEIRA: Sem perfil para ser coadjuvante, mas para exercer o protagonismo na pol\u00edtica de Propri\u00e1"},"content":{"rendered":"<p>Primeira mulher a presidir a CDL em Propri\u00e1, sendo hoje uma refer\u00eancia em gest\u00e3o no estado de Sergipe, Edilene Oliveira \u00e9 uma empres\u00e1ria que enche de orgulho a cidade de Propri\u00e1, condi\u00e7\u00e3o que lhe al\u00e7ou ao seleto grupo das 10 mulheres fundadoras da Academia Liter\u00e1ria de Vida de Propri\u00e1.<\/p>\n<p>Edilene Oliveira tem uma trajet\u00f3ria de vida (pessoal, profissional e comunit\u00e1ria &#8211; que renderiam \u00e0s mais belas p\u00e1ginas de um livro que precisa ser escrito) cuja inser\u00e7\u00e3o social lhe credencia a integrar uma competitiva chapa majorit\u00e1ria que agregaram valores pol\u00edticos (e eleitorais) ao grupo que despertasse tamanha sapi\u00eancia a tivesse integrada.<\/p>\n<p>Filiada ao PSB, a convite do Orlando Melo (Orlando do T\u00eanis), Edilene foi convidada a integrar a chapa de Henri Clay Andrade, ex-candidato ao Senado da Rep\u00fablica, na condi\u00e7\u00e3o de suplente, mas agradeceu ao honroso convite por n\u00e3o ter perfil para o legislativo, sendo uma mulher de comprovada tend\u00eancia para gestora, conforme tem dado provas inequ\u00edvoca.<\/p>\n<p>Seu nome ecoa superlativamente em praticamente todos os partidos e grupos pol\u00edticos como express\u00e3o para integrar uma chapa majorit\u00e1ria (prefeita ou vice-prefeita), mas no momento ela est\u00e1 focada em suas atividades comerciais, na busca de melhorias para \u00e0s comunidades dos bairros Porira, Matadouro e adjasc\u00eancias, al\u00e9m da CDL\/Propri\u00e1.<\/p>\n<p>por ClaudOmir Herzog<\/p>\n","protected":false},"excerpt":{"rendered":"<p>Primeira mulher a presidir a CDL em Propri\u00e1, sendo hoje uma refer\u00eancia em gest\u00e3o no estado de Sergipe, Edilene Oliveira \u00e9 uma empres\u00e1ria que enche de orgulho a cidade de Propri\u00e1, condi\u00e7\u00e3o que lhe al\u00e7ou ao seleto grupo das 10 mulheres fundadoras da Academia Liter\u00e1ria de Vida de Propri\u00e1. Edilene Oliveira tem uma trajet\u00f3ria de vida (pessoal, profissional e comunit\u00e1ria &#8211; que renderiam \u00e0s mais belas p\u00e1ginas de um livro<\/p>\n","protected":false},"author":3,"featured_media":626,"comment_status":"open","ping_status":"open","sticky":false,"template":"","format":"standard","meta":[],"categories":[18],"tags":[],"yoast_head":"<!-- This site is optimized with the Yoast SEO plugin v16.3 - https:\/\/yoast.com\/wordpress\/plugins\/seo\/ -->\n<title>EDILENE OLIVEIRA: Sem perfil para ser coadjuvante, mas para exercer o protagonismo na pol\u00edtica de Propri\u00e1 - TRIBUNA DA PRAIA<\/title>\n<meta name=\"robots\" content=\"index, follow, max-snippet:-1, max-image-preview:large, max-video-preview:-1\" \/>\n<link rel=\"canonical\" href=\"https:\/\/tribunadapraia.com.br\/?p=625\" \/>\n<meta property=\"og:locale\" content=\"pt_BR\" \/>\n<meta property=\"og:type\" content=\"article\" \/>\n<meta property=\"og:title\" content=\"EDILENE OLIVEIRA: Sem perfil para ser coadjuvante, mas para exercer o protagonismo na pol\u00edtica de Propri\u00e1 - TRIBUNA DA PRAIA\" \/>\n<meta property=\"og:description\" content=\"Primeira mulher a presidir a CDL em Propri\u00e1, sendo hoje uma refer\u00eancia em gest\u00e3o no estado de Sergipe, Edilene Oliveira \u00e9 uma empres\u00e1ria que enche de orgulho a cidade de Propri\u00e1, condi\u00e7\u00e3o que lhe al\u00e7ou ao seleto grupo das 10 mulheres fundadoras da Academia Liter\u00e1ria de Vida de Propri\u00e1. Edilene Oliveira tem uma trajet\u00f3ria de vida (pessoal, profissional e comunit\u00e1ria &#8211; que renderiam \u00e0s mais belas p\u00e1ginas de um livro\" \/>\n<meta property=\"og:url\" content=\"https:\/\/tribunadapraia.com.br\/?p=625\" \/>\n<meta property=\"og:site_name\" content=\"TRIBUNA DA PRAIA\" \/>\n<meta property=\"article:publisher\" content=\"https:\/\/www.facebook.com\/tribunadapraiaonline\/\" \/>\n<meta property=\"article:published_time\" content=\"2020-03-18T15:14:45+00:00\" \/>\n<meta property=\"og:image\" content=\"https:\/\/tribunadapraia.com.br\/wp-content\/uploads\/2020\/03\/Screenshot_20200318-115612.jpg\" \/>\n\t<meta property=\"og:image:width\" content=\"540\" \/>\n\t<meta property=\"og:image:height\" content=\"960\" \/>\n<meta name=\"twitter:card\" content=\"summary_large_image\" \/>\n<meta name=\"twitter:creator\" content=\"@Claudomir21\" \/>\n<meta name=\"twitter:site\" content=\"@Claudomir21\" \/>\n<meta name=\"twitter:label1\" content=\"Est. tempo de leitura\">\n\t<meta name=\"twitter:data1\" content=\"1 minuto\">\n<script type=\"application\/ld+json\" class=\"yoast-schema-graph\">{\"@context\":\"https:\/\/schema.org\",\"@graph\":[{\"@type\":\"Organization\",\"@id\":\"https:\/\/tribunadapraia.com.br\/#organization\",\"name\":\"Tribuna da Praia\",\"url\":\"https:\/\/tribunadapraia.com.br\/\",\"sameAs\":[\"https:\/\/www.facebook.com\/tribunadapraiaonline\/\",\"https:\/\/www.instagram.com\/claudomirtavares\/\",\"https:\/\/www.youtube.com\/channel\/UCwQf80nxiMzCefAyjbp53Rw\",\"https:\/\/twitter.com\/Claudomir21\"],\"logo\":{\"@type\":\"ImageObject\",\"@id\":\"https:\/\/tribunadapraia.com.br\/#logo\",\"inLanguage\":\"pt-BR\",\"url\":\"https:\/\/tribunadapraia.com.br\/wp-content\/uploads\/2020\/02\/logo.png\",\"contentUrl\":\"https:\/\/tribunadapraia.com.br\/wp-content\/uploads\/2020\/02\/logo.png\",\"width\":501,\"height\":121,\"caption\":\"Tribuna da Praia\"},\"image\":{\"@id\":\"https:\/\/tribunadapraia.com.br\/#logo\"}},{\"@type\":\"WebSite\",\"@id\":\"https:\/\/tribunadapraia.com.br\/#website\",\"url\":\"https:\/\/tribunadapraia.com.br\/\",\"name\":\"TRIBUNA DA PRAIA\",\"description\":\"O 1\\u00ba jornal do interior de Sergipe na internet\",\"publisher\":{\"@id\":\"https:\/\/tribunadapraia.com.br\/#organization\"},\"potentialAction\":[{\"@type\":\"SearchAction\",\"target\":\"https:\/\/tribunadapraia.com.br\/?s={search_term_string}\",\"query-input\":\"required name=search_term_string\"}],\"inLanguage\":\"pt-BR\"},{\"@type\":\"ImageObject\",\"@id\":\"https:\/\/tribunadapraia.com.br\/?p=625#primaryimage\",\"inLanguage\":\"pt-BR\",\"url\":\"https:\/\/tribunadapraia.com.br\/wp-content\/uploads\/2020\/03\/Screenshot_20200318-115612.jpg\",\"contentUrl\":\"https:\/\/tribunadapraia.com.br\/wp-content\/uploads\/2020\/03\/Screenshot_20200318-115612.jpg\",\"width\":540,\"height\":960},{\"@type\":\"WebPage\",\"@id\":\"https:\/\/tribunadapraia.com.br\/?p=625#webpage\",\"url\":\"https:\/\/tribunadapraia.com.br\/?p=625\",\"name\":\"EDILENE OLIVEIRA: Sem perfil para ser coadjuvante, mas para exercer o protagonismo na pol\\u00edtica de Propri\\u00e1 - TRIBUNA DA PRAIA\",\"isPartOf\":{\"@id\":\"https:\/\/tribunadapraia.com.br\/#website\"},\"primaryImageOfPage\":{\"@id\":\"https:\/\/tribunadapraia.com.br\/?p=625#primaryimage\"},\"datePublished\":\"2020-03-18T15:14:45+00:00\",\"dateModified\":\"2020-03-18T15:14:45+00:00\",\"breadcrumb\":{\"@id\":\"https:\/\/tribunadapraia.com.br\/?p=625#breadcrumb\"},\"inLanguage\":\"pt-BR\",\"potentialAction\":[{\"@type\":\"ReadAction\",\"target\":[\"https:\/\/tribunadapraia.com.br\/?p=625\"]}]},{\"@type\":\"BreadcrumbList\",\"@id\":\"https:\/\/tribunadapraia.com.br\/?p=625#breadcrumb\",\"itemListElement\":[{\"@type\":\"ListItem\",\"position\":1,\"item\":{\"@type\":\"WebPage\",\"@id\":\"https:\/\/tribunadapraia.com.br\/\",\"url\":\"https:\/\/tribunadapraia.com.br\/\",\"name\":\"In\\u00edcio\"}},{\"@type\":\"ListItem\",\"position\":2,\"item\":{\"@id\":\"https:\/\/tribunadapraia.com.br\/?p=625#webpage\"}}]},{\"@type\":\"Article\",\"@id\":\"https:\/\/tribunadapraia.com.br\/?p=625#article\",\"isPartOf\":{\"@id\":\"https:\/\/tribunadapraia.com.br\/?p=625#webpage\"},\"author\":{\"@id\":\"https:\/\/tribunadapraia.com.br\/#\/schema\/person\/099fbbf59acc5895c0d7d52b4fc46c97\"},\"headline\":\"EDILENE OLIVEIRA: Sem perfil para ser coadjuvante, mas para exercer o protagonismo na pol\\u00edtica de Propri\\u00e1\",\"datePublished\":\"2020-03-18T15:14:45+00:00\",\"dateModified\":\"2020-03-18T15:14:45+00:00\",\"mainEntityOfPage\":{\"@id\":\"https:\/\/tribunadapraia.com.br\/?p=625#webpage\"},\"wordCount\":247,\"commentCount\":0,\"publisher\":{\"@id\":\"https:\/\/tribunadapraia.com.br\/#organization\"},\"image\":{\"@id\":\"https:\/\/tribunadapraia.com.br\/?p=625#primaryimage\"},\"thumbnailUrl\":\"https:\/\/tribunadapraia.com.br\/wp-content\/uploads\/2020\/03\/Screenshot_20200318-115612.jpg\",\"articleSection\":[\"Not\\u00edcias\"],\"inLanguage\":\"pt-BR\",\"potentialAction\":[{\"@type\":\"CommentAction\",\"name\":\"Comment\",\"target\":[\"https:\/\/tribunadapraia.com.br\/?p=625#respond\"]}]},{\"@type\":\"Person\",\"@id\":\"https:\/\/tribunadapraia.com.br\/#\/schema\/person\/099fbbf59acc5895c0d7d52b4fc46c97\",\"name\":\"Reda\\u00e7\\u00e3o\",\"image\":{\"@type\":\"ImageObject\",\"@id\":\"https:\/\/tribunadapraia.com.br\/#personlogo\",\"inLanguage\":\"pt-BR\",\"url\":\"https:\/\/secure.gravatar.com\/avatar\/91c8b91d2bfd7784eac5c3e055361f64?s=96&d=identicon&r=g\",\"contentUrl\":\"https:\/\/secure.gravatar.com\/avatar\/91c8b91d2bfd7784eac5c3e055361f64?s=96&d=identicon&r=g\",\"caption\":\"Reda\\u00e7\\u00e3o\"}}]}<\/script>\n<!-- \/ Yoast SEO plugin. -->","wps_subtitle":"","_links":{"self":[{"href":"https:\/\/tribunadapraia.com.br\/index.php?rest_route=\/wp\/v2\/posts\/625"}],"collection":[{"href":"https:\/\/tribunadapraia.com.br\/index.php?rest_route=\/wp\/v2\/posts"}],"about":[{"href":"https:\/\/tribunadapraia.com.br\/index.php?rest_route=\/wp\/v2\/types\/post"}],"author":[{"embeddable":true,"href":"https:\/\/tribunadapraia.com.br\/index.php?rest_route=\/wp\/v2\/users\/3"}],"replies":[{"embeddable":true,"href":"https:\/\/tribunadapraia.com.br\/index.php?rest_route=%2Fwp%2Fv2%2Fcomments&post=625"}],"version-history":[{"count":1,"href":"https:\/\/tribunadapraia.com.br\/index.php?rest_route=\/wp\/v2\/posts\/625\/revisions"}],"predecessor-version":[{"id":627,"href":"https:\/\/tribunadapraia.com.br\/index.php?rest_route=\/wp\/v2\/posts\/625\/revisions\/627"}],"wp:featuredmedia":[{"embeddable":true,"href":"https:\/\/tribunadapraia.com.br\/index.php?rest_route=\/wp\/v2\/media\/626"}],"wp:attachment":[{"href":"https:\/\/tribunadapraia.com.br\/index.php?rest_route=%2Fwp%2Fv2%2Fmedia&parent=625"}],"wp:term":[{"taxonomy":"category","embeddable":true,"href":"https:\/\/tribunadapraia.com.br\/index.php?rest_route=%2Fwp%2Fv2%2Fcategories&post=625"},{"taxonomy":"post_tag","embeddable":true,"href":"https:\/\/tribunadapraia.com.br\/index.php?rest_route=%2Fwp%2Fv2%2Ftags&post=625"}],"curies":[{"name":"wp","href":"https:\/\/api.w.org\/{rel}","templated":true}]}}