{"id":610,"date":"2020-03-18T06:45:47","date_gmt":"2020-03-18T09:45:47","guid":{"rendered":"https:\/\/tribunadapraia.com.br\/?p=610"},"modified":"2020-03-18T06:45:47","modified_gmt":"2020-03-18T09:45:47","slug":"adiada-posse-da-nova-diretoria-do-ccp-sociedade-de-cultura-e-arte-de-propria","status":"publish","type":"post","link":"https:\/\/tribunadapraia.com.br\/?p=610","title":{"rendered":"ADIADA &#8230;: Posse da nova Diretoria do CCP (Sociedade de Cultura e Arte de Propri\u00e1)"},"content":{"rendered":"<p>Prevista para acontecer nesta quarta-feira, 18, a posse da nova Diretoria do CCP (Sociedade de Cultura e Arte de Propri\u00e1) foi adiada para uma data que ser\u00e1 remarcada para quando a pandemia do coronaviris for controlada.<\/p>\n<p>Composta por Jos\u00e9 Alberto Amorim (presidente), Maria Helena Oliveira (vice-presidente), Erasmo Silva Lopes (secret\u00e1rio) e Luiz de Almeida Viana (tesoureiro), foi eleita na Assembl\u00e9ia Geral de 18 de dezembro de 2019 e substituir\u00e1 a dire\u00e7\u00e3o presidida por Geraldo Calazans de Melo, que est\u00e1 \u00e0 frente do CCP desde 10 de dezembro de 2012.<\/p>\n<p>Ao lado de organismos como a ALVP (Academia Liter\u00e1ria de Vida de Propri\u00e1), o CCP \u00e9 uma das mais s\u00f3lidas e atuantes na cidade, com razo\u00e1vel inser\u00e7\u00e3o social e de reconhecida presen\u00e7a no que diz respeito ao protagonismo cultural.<\/p>\n","protected":false},"excerpt":{"rendered":"<p>Prevista para acontecer nesta quarta-feira, 18, a posse da nova Diretoria do CCP (Sociedade de Cultura e Arte de Propri\u00e1) foi adiada para uma data que ser\u00e1 remarcada para quando a pandemia do coronaviris for controlada. Composta por Jos\u00e9 Alberto Amorim (presidente), Maria Helena Oliveira (vice-presidente), Erasmo Silva Lopes (secret\u00e1rio) e Luiz de Almeida Viana (tesoureiro), foi eleita na Assembl\u00e9ia Geral de 18 de dezembro de 2019 e substituir\u00e1 a<\/p>\n","protected":false},"author":3,"featured_media":611,"comment_status":"open","ping_status":"open","sticky":false,"template":"","format":"standard","meta":[],"categories":[18],"tags":[],"yoast_head":"<!-- This site is optimized with the Yoast SEO plugin v16.3 - https:\/\/yoast.com\/wordpress\/plugins\/seo\/ -->\n<title>ADIADA ...: Posse da nova Diretoria do CCP (Sociedade de Cultura e Arte de Propri\u00e1) - TRIBUNA DA PRAIA<\/title>\n<meta name=\"robots\" content=\"index, follow, max-snippet:-1, max-image-preview:large, max-video-preview:-1\" \/>\n<link rel=\"canonical\" href=\"https:\/\/tribunadapraia.com.br\/?p=610\" \/>\n<meta property=\"og:locale\" content=\"pt_BR\" \/>\n<meta property=\"og:type\" content=\"article\" \/>\n<meta property=\"og:title\" content=\"ADIADA ...: Posse da nova Diretoria do CCP (Sociedade de Cultura e Arte de Propri\u00e1) - TRIBUNA DA PRAIA\" \/>\n<meta property=\"og:description\" content=\"Prevista para acontecer nesta quarta-feira, 18, a posse da nova Diretoria do CCP (Sociedade de Cultura e Arte de Propri\u00e1) foi adiada para uma data que ser\u00e1 remarcada para quando a pandemia do coronaviris for controlada. Composta por Jos\u00e9 Alberto Amorim (presidente), Maria Helena Oliveira (vice-presidente), Erasmo Silva Lopes (secret\u00e1rio) e Luiz de Almeida Viana (tesoureiro), foi eleita na Assembl\u00e9ia Geral de 18 de dezembro de 2019 e substituir\u00e1 a\" \/>\n<meta property=\"og:url\" content=\"https:\/\/tribunadapraia.com.br\/?p=610\" \/>\n<meta property=\"og:site_name\" content=\"TRIBUNA DA PRAIA\" \/>\n<meta property=\"article:publisher\" content=\"https:\/\/www.facebook.com\/tribunadapraiaonline\/\" \/>\n<meta property=\"article:published_time\" content=\"2020-03-18T09:45:47+00:00\" \/>\n<meta property=\"og:image\" content=\"https:\/\/tribunadapraia.com.br\/wp-content\/uploads\/2020\/03\/IMG-20200318-WA0009.jpg\" \/>\n\t<meta property=\"og:image:width\" content=\"540\" \/>\n\t<meta property=\"og:image:height\" content=\"533\" \/>\n<meta name=\"twitter:card\" content=\"summary_large_image\" \/>\n<meta name=\"twitter:creator\" content=\"@Claudomir21\" \/>\n<meta name=\"twitter:site\" content=\"@Claudomir21\" \/>\n<meta name=\"twitter:label1\" content=\"Est. tempo de leitura\">\n\t<meta name=\"twitter:data1\" content=\"1 minuto\">\n<script type=\"application\/ld+json\" class=\"yoast-schema-graph\">{\"@context\":\"https:\/\/schema.org\",\"@graph\":[{\"@type\":\"Organization\",\"@id\":\"https:\/\/tribunadapraia.com.br\/#organization\",\"name\":\"Tribuna da Praia\",\"url\":\"https:\/\/tribunadapraia.com.br\/\",\"sameAs\":[\"https:\/\/www.facebook.com\/tribunadapraiaonline\/\",\"https:\/\/www.instagram.com\/claudomirtavares\/\",\"https:\/\/www.youtube.com\/channel\/UCwQf80nxiMzCefAyjbp53Rw\",\"https:\/\/twitter.com\/Claudomir21\"],\"logo\":{\"@type\":\"ImageObject\",\"@id\":\"https:\/\/tribunadapraia.com.br\/#logo\",\"inLanguage\":\"pt-BR\",\"url\":\"https:\/\/tribunadapraia.com.br\/wp-content\/uploads\/2020\/02\/logo.png\",\"contentUrl\":\"https:\/\/tribunadapraia.com.br\/wp-content\/uploads\/2020\/02\/logo.png\",\"width\":501,\"height\":121,\"caption\":\"Tribuna da Praia\"},\"image\":{\"@id\":\"https:\/\/tribunadapraia.com.br\/#logo\"}},{\"@type\":\"WebSite\",\"@id\":\"https:\/\/tribunadapraia.com.br\/#website\",\"url\":\"https:\/\/tribunadapraia.com.br\/\",\"name\":\"TRIBUNA DA PRAIA\",\"description\":\"O 1\\u00ba jornal do interior de Sergipe na internet\",\"publisher\":{\"@id\":\"https:\/\/tribunadapraia.com.br\/#organization\"},\"potentialAction\":[{\"@type\":\"SearchAction\",\"target\":\"https:\/\/tribunadapraia.com.br\/?s={search_term_string}\",\"query-input\":\"required name=search_term_string\"}],\"inLanguage\":\"pt-BR\"},{\"@type\":\"ImageObject\",\"@id\":\"https:\/\/tribunadapraia.com.br\/?p=610#primaryimage\",\"inLanguage\":\"pt-BR\",\"url\":\"https:\/\/tribunadapraia.com.br\/wp-content\/uploads\/2020\/03\/IMG-20200318-WA0009.jpg\",\"contentUrl\":\"https:\/\/tribunadapraia.com.br\/wp-content\/uploads\/2020\/03\/IMG-20200318-WA0009.jpg\",\"width\":540,\"height\":533},{\"@type\":\"WebPage\",\"@id\":\"https:\/\/tribunadapraia.com.br\/?p=610#webpage\",\"url\":\"https:\/\/tribunadapraia.com.br\/?p=610\",\"name\":\"ADIADA ...: Posse da nova Diretoria do CCP (Sociedade de Cultura e Arte de Propri\\u00e1) - TRIBUNA DA PRAIA\",\"isPartOf\":{\"@id\":\"https:\/\/tribunadapraia.com.br\/#website\"},\"primaryImageOfPage\":{\"@id\":\"https:\/\/tribunadapraia.com.br\/?p=610#primaryimage\"},\"datePublished\":\"2020-03-18T09:45:47+00:00\",\"dateModified\":\"2020-03-18T09:45:47+00:00\",\"breadcrumb\":{\"@id\":\"https:\/\/tribunadapraia.com.br\/?p=610#breadcrumb\"},\"inLanguage\":\"pt-BR\",\"potentialAction\":[{\"@type\":\"ReadAction\",\"target\":[\"https:\/\/tribunadapraia.com.br\/?p=610\"]}]},{\"@type\":\"BreadcrumbList\",\"@id\":\"https:\/\/tribunadapraia.com.br\/?p=610#breadcrumb\",\"itemListElement\":[{\"@type\":\"ListItem\",\"position\":1,\"item\":{\"@type\":\"WebPage\",\"@id\":\"https:\/\/tribunadapraia.com.br\/\",\"url\":\"https:\/\/tribunadapraia.com.br\/\",\"name\":\"In\\u00edcio\"}},{\"@type\":\"ListItem\",\"position\":2,\"item\":{\"@id\":\"https:\/\/tribunadapraia.com.br\/?p=610#webpage\"}}]},{\"@type\":\"Article\",\"@id\":\"https:\/\/tribunadapraia.com.br\/?p=610#article\",\"isPartOf\":{\"@id\":\"https:\/\/tribunadapraia.com.br\/?p=610#webpage\"},\"author\":{\"@id\":\"https:\/\/tribunadapraia.com.br\/#\/schema\/person\/099fbbf59acc5895c0d7d52b4fc46c97\"},\"headline\":\"ADIADA &#8230;: Posse da nova Diretoria do CCP (Sociedade de Cultura e Arte de Propri\\u00e1)\",\"datePublished\":\"2020-03-18T09:45:47+00:00\",\"dateModified\":\"2020-03-18T09:45:47+00:00\",\"mainEntityOfPage\":{\"@id\":\"https:\/\/tribunadapraia.com.br\/?p=610#webpage\"},\"wordCount\":143,\"commentCount\":0,\"publisher\":{\"@id\":\"https:\/\/tribunadapraia.com.br\/#organization\"},\"image\":{\"@id\":\"https:\/\/tribunadapraia.com.br\/?p=610#primaryimage\"},\"thumbnailUrl\":\"https:\/\/tribunadapraia.com.br\/wp-content\/uploads\/2020\/03\/IMG-20200318-WA0009.jpg\",\"articleSection\":[\"Not\\u00edcias\"],\"inLanguage\":\"pt-BR\",\"potentialAction\":[{\"@type\":\"CommentAction\",\"name\":\"Comment\",\"target\":[\"https:\/\/tribunadapraia.com.br\/?p=610#respond\"]}]},{\"@type\":\"Person\",\"@id\":\"https:\/\/tribunadapraia.com.br\/#\/schema\/person\/099fbbf59acc5895c0d7d52b4fc46c97\",\"name\":\"Reda\\u00e7\\u00e3o\",\"image\":{\"@type\":\"ImageObject\",\"@id\":\"https:\/\/tribunadapraia.com.br\/#personlogo\",\"inLanguage\":\"pt-BR\",\"url\":\"https:\/\/secure.gravatar.com\/avatar\/91c8b91d2bfd7784eac5c3e055361f64?s=96&d=identicon&r=g\",\"contentUrl\":\"https:\/\/secure.gravatar.com\/avatar\/91c8b91d2bfd7784eac5c3e055361f64?s=96&d=identicon&r=g\",\"caption\":\"Reda\\u00e7\\u00e3o\"}}]}<\/script>\n<!-- \/ Yoast SEO plugin. -->","wps_subtitle":"","_links":{"self":[{"href":"https:\/\/tribunadapraia.com.br\/index.php?rest_route=\/wp\/v2\/posts\/610"}],"collection":[{"href":"https:\/\/tribunadapraia.com.br\/index.php?rest_route=\/wp\/v2\/posts"}],"about":[{"href":"https:\/\/tribunadapraia.com.br\/index.php?rest_route=\/wp\/v2\/types\/post"}],"author":[{"embeddable":true,"href":"https:\/\/tribunadapraia.com.br\/index.php?rest_route=\/wp\/v2\/users\/3"}],"replies":[{"embeddable":true,"href":"https:\/\/tribunadapraia.com.br\/index.php?rest_route=%2Fwp%2Fv2%2Fcomments&post=610"}],"version-history":[{"count":1,"href":"https:\/\/tribunadapraia.com.br\/index.php?rest_route=\/wp\/v2\/posts\/610\/revisions"}],"predecessor-version":[{"id":612,"href":"https:\/\/tribunadapraia.com.br\/index.php?rest_route=\/wp\/v2\/posts\/610\/revisions\/612"}],"wp:featuredmedia":[{"embeddable":true,"href":"https:\/\/tribunadapraia.com.br\/index.php?rest_route=\/wp\/v2\/media\/611"}],"wp:attachment":[{"href":"https:\/\/tribunadapraia.com.br\/index.php?rest_route=%2Fwp%2Fv2%2Fmedia&parent=610"}],"wp:term":[{"taxonomy":"category","embeddable":true,"href":"https:\/\/tribunadapraia.com.br\/index.php?rest_route=%2Fwp%2Fv2%2Fcategories&post=610"},{"taxonomy":"post_tag","embeddable":true,"href":"https:\/\/tribunadapraia.com.br\/index.php?rest_route=%2Fwp%2Fv2%2Ftags&post=610"}],"curies":[{"name":"wp","href":"https:\/\/api.w.org\/{rel}","templated":true}]}}