{"id":6047,"date":"2023-02-28T16:58:06","date_gmt":"2023-02-28T19:58:06","guid":{"rendered":"https:\/\/tribunadapraia.com.br\/?p=6047"},"modified":"2023-02-28T17:06:02","modified_gmt":"2023-02-28T20:06:02","slug":"6047","status":"publish","type":"post","link":"https:\/\/tribunadapraia.com.br\/?p=6047","title":{"rendered":"SEGURAN\u00c7A ALIMENTAR: Com retomada do Consea, governo estabelece pacto contra a fome no pa\u00eds"},"content":{"rendered":"<p><em>Conselho Nacional de Seguran\u00e7a Alimentar e Nutricional aproxima a sociedade civil organizada da formula\u00e7\u00e3o e implementa\u00e7\u00e3o de pol\u00edticas p\u00fablicas para tirar o pa\u00eds do Mapa da Fome<\/em><\/p>\n<p>Foto: Ricardo Stuckert\/ PR<\/p>\n<p>O Pal\u00e1cio do Planalto foi palco nesta ter\u00e7a-feira, 28\/2, da renova\u00e7\u00e3o de um pacto entre Governo Federal e sociedade civil organizada. Um pacto pela seguran\u00e7a alimentar. Um pacto pelo enfrentamento da fome. Um pacto pela promo\u00e7\u00e3o do direito \u00e0 alimenta\u00e7\u00e3o saud\u00e1vel pelo menos tr\u00eas vezes ao dia. Um pacto pela busca pela produ\u00e7\u00e3o de comida de qualidade e que reconhe\u00e7a saberes, sabores, fazeres e falares. Um pacto pela formula\u00e7\u00e3o de pol\u00edticas p\u00fablicas consensuais e eficientes.<\/p>\n<p>&#8220;Quando a gente confia no povo e permite que o povo decida a pol\u00edtica que vamos implementar, a certeza do sucesso \u00e9 muito real\u201d<br \/>\n&#8211; Luiz In\u00e1cio Lula da Silva, presidente da Rep\u00fablica<\/p>\n<p>Leia mat\u00e9ria completa | Clique <a href=\"https:\/\/bit.ly\/3J0ttGI\">AQUI<\/a><\/p>\n<ul>\n<li><span style=\"color: #993300;\">Secretaria de Comunica\u00e7\u00e3o Social da Presid\u00eancia da Rep\u00fablica<\/span><\/li>\n<\/ul>\n","protected":false},"excerpt":{"rendered":"<p>Conselho Nacional de Seguran\u00e7a Alimentar e Nutricional aproxima a sociedade civil organizada da formula\u00e7\u00e3o e implementa\u00e7\u00e3o de pol\u00edticas p\u00fablicas para tirar o pa\u00eds do Mapa da Fome Foto: Ricardo Stuckert\/ PR O Pal\u00e1cio do Planalto foi palco nesta ter\u00e7a-feira, 28\/2, da renova\u00e7\u00e3o de um pacto entre Governo Federal e sociedade civil organizada. Um pacto pela seguran\u00e7a alimentar. Um pacto pelo enfrentamento da fome. Um pacto pela promo\u00e7\u00e3o do direito \u00e0<\/p>\n","protected":false},"author":1,"featured_media":6050,"comment_status":"open","ping_status":"open","sticky":false,"template":"","format":"standard","meta":[],"categories":[18],"tags":[],"yoast_head":"<!-- This site is optimized with the Yoast SEO plugin v16.3 - https:\/\/yoast.com\/wordpress\/plugins\/seo\/ -->\n<title>SEGURAN\u00c7A ALIMENTAR: Com retomada do Consea, governo estabelece pacto contra a fome no pa\u00eds - TRIBUNA DA PRAIA<\/title>\n<meta name=\"robots\" content=\"index, follow, max-snippet:-1, max-image-preview:large, max-video-preview:-1\" \/>\n<link rel=\"canonical\" href=\"https:\/\/tribunadapraia.com.br\/?p=6047\" \/>\n<meta property=\"og:locale\" content=\"pt_BR\" \/>\n<meta property=\"og:type\" content=\"article\" \/>\n<meta property=\"og:title\" content=\"SEGURAN\u00c7A ALIMENTAR: Com retomada do Consea, governo estabelece pacto contra a fome no pa\u00eds - TRIBUNA DA PRAIA\" \/>\n<meta property=\"og:description\" content=\"Conselho Nacional de Seguran\u00e7a Alimentar e Nutricional aproxima a sociedade civil organizada da formula\u00e7\u00e3o e implementa\u00e7\u00e3o de pol\u00edticas p\u00fablicas para tirar o pa\u00eds do Mapa da Fome Foto: Ricardo Stuckert\/ PR O Pal\u00e1cio do Planalto foi palco nesta ter\u00e7a-feira, 28\/2, da renova\u00e7\u00e3o de um pacto entre Governo Federal e sociedade civil organizada. Um pacto pela seguran\u00e7a alimentar. Um pacto pelo enfrentamento da fome. Um pacto pela promo\u00e7\u00e3o do direito \u00e0\" \/>\n<meta property=\"og:url\" content=\"https:\/\/tribunadapraia.com.br\/?p=6047\" \/>\n<meta property=\"og:site_name\" content=\"TRIBUNA DA PRAIA\" \/>\n<meta property=\"article:publisher\" content=\"https:\/\/www.facebook.com\/tribunadapraiaonline\/\" \/>\n<meta property=\"article:published_time\" content=\"2023-02-28T19:58:06+00:00\" \/>\n<meta property=\"article:modified_time\" content=\"2023-02-28T20:06:02+00:00\" \/>\n<meta property=\"og:image\" content=\"https:\/\/tribunadapraia.com.br\/wp-content\/uploads\/2023\/02\/703403f1-0be7-41a9-87c9-dd0b6cb3e60a.jpg\" \/>\n\t<meta property=\"og:image:width\" content=\"768\" \/>\n\t<meta property=\"og:image:height\" content=\"398\" \/>\n<meta name=\"twitter:card\" content=\"summary_large_image\" \/>\n<meta name=\"twitter:creator\" content=\"@Claudomir21\" \/>\n<meta name=\"twitter:site\" content=\"@Claudomir21\" \/>\n<meta name=\"twitter:label1\" content=\"Est. tempo de leitura\">\n\t<meta name=\"twitter:data1\" content=\"1 minuto\">\n<script type=\"application\/ld+json\" class=\"yoast-schema-graph\">{\"@context\":\"https:\/\/schema.org\",\"@graph\":[{\"@type\":\"Organization\",\"@id\":\"https:\/\/tribunadapraia.com.br\/#organization\",\"name\":\"Tribuna da Praia\",\"url\":\"https:\/\/tribunadapraia.com.br\/\",\"sameAs\":[\"https:\/\/www.facebook.com\/tribunadapraiaonline\/\",\"https:\/\/www.instagram.com\/claudomirtavares\/\",\"https:\/\/www.youtube.com\/channel\/UCwQf80nxiMzCefAyjbp53Rw\",\"https:\/\/twitter.com\/Claudomir21\"],\"logo\":{\"@type\":\"ImageObject\",\"@id\":\"https:\/\/tribunadapraia.com.br\/#logo\",\"inLanguage\":\"pt-BR\",\"url\":\"https:\/\/tribunadapraia.com.br\/wp-content\/uploads\/2020\/02\/logo.png\",\"contentUrl\":\"https:\/\/tribunadapraia.com.br\/wp-content\/uploads\/2020\/02\/logo.png\",\"width\":501,\"height\":121,\"caption\":\"Tribuna da Praia\"},\"image\":{\"@id\":\"https:\/\/tribunadapraia.com.br\/#logo\"}},{\"@type\":\"WebSite\",\"@id\":\"https:\/\/tribunadapraia.com.br\/#website\",\"url\":\"https:\/\/tribunadapraia.com.br\/\",\"name\":\"TRIBUNA DA PRAIA\",\"description\":\"O 1\\u00ba jornal do interior de Sergipe na internet\",\"publisher\":{\"@id\":\"https:\/\/tribunadapraia.com.br\/#organization\"},\"potentialAction\":[{\"@type\":\"SearchAction\",\"target\":\"https:\/\/tribunadapraia.com.br\/?s={search_term_string}\",\"query-input\":\"required name=search_term_string\"}],\"inLanguage\":\"pt-BR\"},{\"@type\":\"ImageObject\",\"@id\":\"https:\/\/tribunadapraia.com.br\/?p=6047#primaryimage\",\"inLanguage\":\"pt-BR\",\"url\":\"https:\/\/tribunadapraia.com.br\/wp-content\/uploads\/2023\/02\/703403f1-0be7-41a9-87c9-dd0b6cb3e60a.jpg\",\"contentUrl\":\"https:\/\/tribunadapraia.com.br\/wp-content\/uploads\/2023\/02\/703403f1-0be7-41a9-87c9-dd0b6cb3e60a.jpg\",\"width\":768,\"height\":398},{\"@type\":\"WebPage\",\"@id\":\"https:\/\/tribunadapraia.com.br\/?p=6047#webpage\",\"url\":\"https:\/\/tribunadapraia.com.br\/?p=6047\",\"name\":\"SEGURAN\\u00c7A ALIMENTAR: Com retomada do Consea, governo estabelece pacto contra a fome no pa\\u00eds - TRIBUNA DA PRAIA\",\"isPartOf\":{\"@id\":\"https:\/\/tribunadapraia.com.br\/#website\"},\"primaryImageOfPage\":{\"@id\":\"https:\/\/tribunadapraia.com.br\/?p=6047#primaryimage\"},\"datePublished\":\"2023-02-28T19:58:06+00:00\",\"dateModified\":\"2023-02-28T20:06:02+00:00\",\"breadcrumb\":{\"@id\":\"https:\/\/tribunadapraia.com.br\/?p=6047#breadcrumb\"},\"inLanguage\":\"pt-BR\",\"potentialAction\":[{\"@type\":\"ReadAction\",\"target\":[\"https:\/\/tribunadapraia.com.br\/?p=6047\"]}]},{\"@type\":\"BreadcrumbList\",\"@id\":\"https:\/\/tribunadapraia.com.br\/?p=6047#breadcrumb\",\"itemListElement\":[{\"@type\":\"ListItem\",\"position\":1,\"item\":{\"@type\":\"WebPage\",\"@id\":\"https:\/\/tribunadapraia.com.br\/\",\"url\":\"https:\/\/tribunadapraia.com.br\/\",\"name\":\"In\\u00edcio\"}},{\"@type\":\"ListItem\",\"position\":2,\"item\":{\"@id\":\"https:\/\/tribunadapraia.com.br\/?p=6047#webpage\"}}]},{\"@type\":\"Article\",\"@id\":\"https:\/\/tribunadapraia.com.br\/?p=6047#article\",\"isPartOf\":{\"@id\":\"https:\/\/tribunadapraia.com.br\/?p=6047#webpage\"},\"author\":{\"@id\":\"https:\/\/tribunadapraia.com.br\/#\/schema\/person\/326b0a9f3163b479142c64eba4928de0\"},\"headline\":\"SEGURAN\\u00c7A ALIMENTAR: Com retomada do Consea, governo estabelece pacto contra a fome no pa\\u00eds\",\"datePublished\":\"2023-02-28T19:58:06+00:00\",\"dateModified\":\"2023-02-28T20:06:02+00:00\",\"mainEntityOfPage\":{\"@id\":\"https:\/\/tribunadapraia.com.br\/?p=6047#webpage\"},\"wordCount\":191,\"commentCount\":0,\"publisher\":{\"@id\":\"https:\/\/tribunadapraia.com.br\/#organization\"},\"image\":{\"@id\":\"https:\/\/tribunadapraia.com.br\/?p=6047#primaryimage\"},\"thumbnailUrl\":\"https:\/\/tribunadapraia.com.br\/wp-content\/uploads\/2023\/02\/703403f1-0be7-41a9-87c9-dd0b6cb3e60a.jpg\",\"articleSection\":[\"Not\\u00edcias\"],\"inLanguage\":\"pt-BR\",\"potentialAction\":[{\"@type\":\"CommentAction\",\"name\":\"Comment\",\"target\":[\"https:\/\/tribunadapraia.com.br\/?p=6047#respond\"]}]},{\"@type\":\"Person\",\"@id\":\"https:\/\/tribunadapraia.com.br\/#\/schema\/person\/326b0a9f3163b479142c64eba4928de0\",\"name\":\"tribunadapraia\",\"image\":{\"@type\":\"ImageObject\",\"@id\":\"https:\/\/tribunadapraia.com.br\/#personlogo\",\"inLanguage\":\"pt-BR\",\"url\":\"https:\/\/secure.gravatar.com\/avatar\/38b019c74762496076b7355024a0dad9?s=96&d=identicon&r=g\",\"contentUrl\":\"https:\/\/secure.gravatar.com\/avatar\/38b019c74762496076b7355024a0dad9?s=96&d=identicon&r=g\",\"caption\":\"tribunadapraia\"}}]}<\/script>\n<!-- \/ Yoast SEO plugin. -->","wps_subtitle":"","_links":{"self":[{"href":"https:\/\/tribunadapraia.com.br\/index.php?rest_route=\/wp\/v2\/posts\/6047"}],"collection":[{"href":"https:\/\/tribunadapraia.com.br\/index.php?rest_route=\/wp\/v2\/posts"}],"about":[{"href":"https:\/\/tribunadapraia.com.br\/index.php?rest_route=\/wp\/v2\/types\/post"}],"author":[{"embeddable":true,"href":"https:\/\/tribunadapraia.com.br\/index.php?rest_route=\/wp\/v2\/users\/1"}],"replies":[{"embeddable":true,"href":"https:\/\/tribunadapraia.com.br\/index.php?rest_route=%2Fwp%2Fv2%2Fcomments&post=6047"}],"version-history":[{"count":3,"href":"https:\/\/tribunadapraia.com.br\/index.php?rest_route=\/wp\/v2\/posts\/6047\/revisions"}],"predecessor-version":[{"id":6051,"href":"https:\/\/tribunadapraia.com.br\/index.php?rest_route=\/wp\/v2\/posts\/6047\/revisions\/6051"}],"wp:featuredmedia":[{"embeddable":true,"href":"https:\/\/tribunadapraia.com.br\/index.php?rest_route=\/wp\/v2\/media\/6050"}],"wp:attachment":[{"href":"https:\/\/tribunadapraia.com.br\/index.php?rest_route=%2Fwp%2Fv2%2Fmedia&parent=6047"}],"wp:term":[{"taxonomy":"category","embeddable":true,"href":"https:\/\/tribunadapraia.com.br\/index.php?rest_route=%2Fwp%2Fv2%2Fcategories&post=6047"},{"taxonomy":"post_tag","embeddable":true,"href":"https:\/\/tribunadapraia.com.br\/index.php?rest_route=%2Fwp%2Fv2%2Ftags&post=6047"}],"curies":[{"name":"wp","href":"https:\/\/api.w.org\/{rel}","templated":true}]}}