{"id":6039,"date":"2023-02-27T01:23:08","date_gmt":"2023-02-27T04:23:08","guid":{"rendered":"https:\/\/tribunadapraia.com.br\/?p=6039"},"modified":"2023-02-27T01:47:56","modified_gmt":"2023-02-27T04:47:56","slug":"coluna-fique-de-olho-para-onde-vai-o-partido-de-lula-nas-eleicoes-municipais-de-2024","status":"publish","type":"post","link":"https:\/\/tribunadapraia.com.br\/?p=6039","title":{"rendered":"Coluna FIQUE DE OLHO: Para onde vai o partido de LULA nas elei\u00e7\u00f5es municipais de 2024?"},"content":{"rendered":"<p><em>Em Japaratuba o PT encontra \u00e0s condi\u00e7\u00f5es para retornar a Prefeitura?<\/em><\/p>\n<ul>\n<li><span style=\"color: #993300;\">Por ClaudOmir Herzog | claudomir21@gmail.com<\/span><\/li>\n<\/ul>\n<p>Fortalecido em Japaratuba, distante 55 km da capital, Aracaju, alavancado com a pr\u00e9-candidatura de Rui Brand\u00e3o, um de seus fundadores, o PT ter\u00e1 al\u00e9m de uma competitiva chapa majorit\u00e1ria e nesta &#8220;toada&#8221; de vereadores. A viabilidade eleitoral na terra do saudoso padre Gerard Olivier, assim como a atual prefeita Lara Moura (PSC) totalizando ambos tr\u00eas mandatos, o partido do presidente Lula t\u00eam chances reais de retornar a Prefeitura, tendo a seu favor a indecis\u00e3o dos nomes sugeridos como poss\u00edveis pr\u00e9-candidatos da situa\u00e7\u00e3o (voltaremos a falar sobre este tema).<\/p>\n<p><strong>\u25a0 Pirambu<\/strong><\/p>\n<p>J\u00e1 na cidade de Pirambu, no Leste Sergipano, o partido ter\u00e1 dificuldade para montar uma chapa proporcional (vereadores\/as) assim como na elei\u00e7\u00e3o anterior e se conseguir at\u00e9 mar\u00e7o\/abril de 2024, n\u00e3o seria competitiva, diante da rejei\u00e7\u00e3o de alguns dos seus quadros atuais. Mas ainda h\u00e1 tempo para recupera\u00e7\u00e3o.<\/p>\n<p><strong>\u25a0 Propria I<\/strong><\/p>\n<p>Em Propri\u00e1, no Baixo S\u00e3o Francisco, o PT vive o dilema da falta de identidade e sucessivos epis\u00f3dios de flagrante infidelidades, pois sempre se confundiu entre ser oposi\u00e7\u00e3o e situa\u00e7\u00e3o. Foi assim em 2016 quando havia uma ala vermelha apoiando o candidato do partudo, escolhido denocraticamente em comven\u00e7\u00e3o, Paulinho Cqnpos e a ala verde que n\u00e3o largou o &#8220;osso&#8221; e ficou com o candidato a reelei\u00e7\u00e3o, Jos\u00e9 Am\u00e9rico (PSC).<\/p>\n<p style=\"text-align: center;\"><img loading=\"lazy\" class=\"alignnone size-medium wp-image-5788\" src=\"https:\/\/tribunadapraia.com.br\/wp-content\/uploads\/2023\/01\/PPA-300x248.jpg\" alt=\"\" width=\"300\" height=\"248\" srcset=\"https:\/\/tribunadapraia.com.br\/wp-content\/uploads\/2023\/01\/PPA-300x248.jpg 300w, https:\/\/tribunadapraia.com.br\/wp-content\/uploads\/2023\/01\/PPA.jpg 768w\" sizes=\"(max-width: 300px) 100vw, 300px\" \/><\/p>\n<p><strong>\u25a0 Propri\u00e1 II<\/strong><\/p>\n<p>Da nesna forma ou en situa\u00e7\u00e3o semelhante, separada pelo tempo, correla\u00e7\u00e3o de for\u00e7as e a conjuntura eleitoral (n\u00e3o politica), o partido que tinha M\u00e1rcio D\u00f3ria como pr\u00e9-candidato a prefeito, parte dos &#8220;militantes: (sic) ficou com o candidato e atual prefeito Valberto Lima (MDB), todos em busca de cargos. Esvaziado, o PT caiu nos bra\u00e7os e nas gra\u00e7as do ent\u00e3o prefeito Iokanaan Santana (PL), que chegou em terceiro lugar.<\/p>\n<p><strong>\u25a0 Barra dos Coqueiros<\/strong><\/p>\n<p>Na Barra dos Coqueiros, regi\u00e3o Metropolitana de Aracaju, ao PT n\u00e3o restar\u00e1 outra op\u00e7\u00e3o que n\u00e3o seja lan\u00e7ar chapa proporcional, n\u00e3o estando claro se far\u00e1 aliqnca, pois o ex-candidato que apoiou em 2020; Alysson Souza (SD) j\u00e1 est\u00e1 no projeto de reelei\u00e7\u00e3o do prefeito Alberto Macedo (MDB), que est\u00e1 formando uma frente ampla para barrar o projeto de rretorno dos Martoms.<\/p>\n<p><strong>\u25a0 Desastres do PT<\/strong><\/p>\n<p>&#8220;O PT tem em Sergipe dois p\u00e9ssimos exemplos de gestores p\u00fablicos. Em Maruim, h\u00e1 atraso de pagamento de sal\u00e1rios na Sa\u00fade e, em Canind\u00e9, o prefeito est\u00e1 afastado pela Justi\u00e7a por 60 dias. Fica dif\u00edcil convencer a sociedade com esse \u201cjeito petista\u201d de governar&#8221;. &#8211; Narcizo Machado (Fan F1)<\/p>\n<p><strong>\u25a0 A Voz do Povo<\/strong><\/p>\n<p>Programa jornal\u00edstico, A VOZ DO POVO, com ClaudOmir Herzog, vai ao ar diariamente, de segunda a sexta, das 19 \u00e0s 20 horas, aqui na R\u00e1dio TRIBUNDAPRAIA.com.br, uma trincheira em defesa da sociedade_<\/p>\n<p><strong>\u25a0 Pingos da Pol\u00edtica<\/strong><\/p>\n<p>A partir desta semana vamos publicar como anexo a coluna &#8220;Pingos da Politica&#8221; que vai ao ar aos s\u00e1bados, \u00e0s 7 da manh\u00e3 no programa &#8220;A Hora da Noticia&#8221; apresrntada por Renner Alves na R\u00e1dio Cidade de Piranhas (AL) com retransmiss\u00e3o pela R\u00e1dio Tribuna da Praia.<\/p>\n<!--[if lt IE 9]><script>document.createElement('audio');<\/script><![endif]-->\n<audio class=\"wp-audio-shortcode\" id=\"audio-6039-1\" preload=\"none\" style=\"width: 100%;\" controls=\"controls\"><source type=\"audio\/mpeg\" src=\"https:\/\/tribunadapraia.com.br\/wp-content\/uploads\/2023\/02\/AUD-20230227-WA0002.mp3?_=1\" \/><a href=\"https:\/\/tribunadapraia.com.br\/wp-content\/uploads\/2023\/02\/AUD-20230227-WA0002.mp3\">https:\/\/tribunadapraia.com.br\/wp-content\/uploads\/2023\/02\/AUD-20230227-WA0002.mp3<\/a><\/audio>\n<p><strong>\u25a0 Mensagem da Semama<\/strong><\/p>\n<p>&#8220;O s\u00e1bio nunca diz tudo o que pensa, mas pensa sempre tudo o que diz.&#8221;<br \/>\n&#8211; Arist\u00f3teles<\/p>\n<p><img loading=\"lazy\" class=\"size-medium wp-image-6045 alignleft\" src=\"https:\/\/tribunadapraia.com.br\/wp-content\/uploads\/2023\/02\/ClaudOmir-199x300.jpg\" alt=\"\" width=\"199\" height=\"300\" srcset=\"https:\/\/tribunadapraia.com.br\/wp-content\/uploads\/2023\/02\/ClaudOmir-199x300.jpg 199w, https:\/\/tribunadapraia.com.br\/wp-content\/uploads\/2023\/02\/ClaudOmir-678x1024.jpg 678w, https:\/\/tribunadapraia.com.br\/wp-content\/uploads\/2023\/02\/ClaudOmir.jpg 722w\" sizes=\"(max-width: 199px) 100vw, 199px\" \/>ClaudOmir Herzog (54) \u00e9 barracoqueirense e cidad\u00e3o honor\u00e1rio de Jaoaratuba, Pirambu e Propri\u00e1<\/p>\n","protected":false},"excerpt":{"rendered":"<p>Em Japaratuba o PT encontra \u00e0s condi\u00e7\u00f5es para retornar a Prefeitura? Por ClaudOmir Herzog | claudomir21@gmail.com Fortalecido em Japaratuba, distante 55 km da capital, Aracaju, alavancado com a pr\u00e9-candidatura de Rui Brand\u00e3o, um de seus fundadores, o PT ter\u00e1 al\u00e9m de uma competitiva chapa majorit\u00e1ria e nesta &#8220;toada&#8221; de vereadores. A viabilidade eleitoral na terra do saudoso padre Gerard Olivier, assim como a atual prefeita Lara Moura (PSC) totalizando ambos<\/p>\n","protected":false},"author":3,"featured_media":6040,"comment_status":"open","ping_status":"open","sticky":false,"template":"","format":"standard","meta":[],"categories":[18,1],"tags":[],"yoast_head":"<!-- This site is optimized with the Yoast SEO plugin v16.3 - https:\/\/yoast.com\/wordpress\/plugins\/seo\/ -->\n<title>Coluna FIQUE DE OLHO: Para onde vai o partido de LULA nas elei\u00e7\u00f5es municipais de 2024? - TRIBUNA DA PRAIA<\/title>\n<meta name=\"robots\" content=\"index, follow, max-snippet:-1, max-image-preview:large, max-video-preview:-1\" \/>\n<link rel=\"canonical\" href=\"https:\/\/tribunadapraia.com.br\/?p=6039\" \/>\n<meta property=\"og:locale\" content=\"pt_BR\" \/>\n<meta property=\"og:type\" content=\"article\" \/>\n<meta property=\"og:title\" content=\"Coluna FIQUE DE OLHO: Para onde vai o partido de LULA nas elei\u00e7\u00f5es municipais de 2024? - TRIBUNA DA PRAIA\" \/>\n<meta property=\"og:description\" content=\"Em Japaratuba o PT encontra \u00e0s condi\u00e7\u00f5es para retornar a Prefeitura? Por ClaudOmir Herzog | claudomir21@gmail.com Fortalecido em Japaratuba, distante 55 km da capital, Aracaju, alavancado com a pr\u00e9-candidatura de Rui Brand\u00e3o, um de seus fundadores, o PT ter\u00e1 al\u00e9m de uma competitiva chapa majorit\u00e1ria e nesta &#8220;toada&#8221; de vereadores. A viabilidade eleitoral na terra do saudoso padre Gerard Olivier, assim como a atual prefeita Lara Moura (PSC) totalizando ambos\" \/>\n<meta property=\"og:url\" content=\"https:\/\/tribunadapraia.com.br\/?p=6039\" \/>\n<meta property=\"og:site_name\" content=\"TRIBUNA DA PRAIA\" \/>\n<meta property=\"article:publisher\" content=\"https:\/\/www.facebook.com\/tribunadapraiaonline\/\" \/>\n<meta property=\"article:published_time\" content=\"2023-02-27T04:23:08+00:00\" \/>\n<meta property=\"article:modified_time\" content=\"2023-02-27T04:47:56+00:00\" \/>\n<meta property=\"og:image\" content=\"https:\/\/tribunadapraia.com.br\/wp-content\/uploads\/2023\/02\/IMG-20230227-WA0004.jpg\" \/>\n\t<meta property=\"og:image:width\" content=\"590\" \/>\n\t<meta property=\"og:image:height\" content=\"331\" \/>\n<meta name=\"twitter:card\" content=\"summary_large_image\" \/>\n<meta name=\"twitter:creator\" content=\"@Claudomir21\" \/>\n<meta name=\"twitter:site\" content=\"@Claudomir21\" \/>\n<meta name=\"twitter:label1\" content=\"Est. tempo de leitura\">\n\t<meta name=\"twitter:data1\" content=\"3 minutos\">\n<script type=\"application\/ld+json\" class=\"yoast-schema-graph\">{\"@context\":\"https:\/\/schema.org\",\"@graph\":[{\"@type\":\"Organization\",\"@id\":\"https:\/\/tribunadapraia.com.br\/#organization\",\"name\":\"Tribuna da Praia\",\"url\":\"https:\/\/tribunadapraia.com.br\/\",\"sameAs\":[\"https:\/\/www.facebook.com\/tribunadapraiaonline\/\",\"https:\/\/www.instagram.com\/claudomirtavares\/\",\"https:\/\/www.youtube.com\/channel\/UCwQf80nxiMzCefAyjbp53Rw\",\"https:\/\/twitter.com\/Claudomir21\"],\"logo\":{\"@type\":\"ImageObject\",\"@id\":\"https:\/\/tribunadapraia.com.br\/#logo\",\"inLanguage\":\"pt-BR\",\"url\":\"https:\/\/tribunadapraia.com.br\/wp-content\/uploads\/2020\/02\/logo.png\",\"contentUrl\":\"https:\/\/tribunadapraia.com.br\/wp-content\/uploads\/2020\/02\/logo.png\",\"width\":501,\"height\":121,\"caption\":\"Tribuna da Praia\"},\"image\":{\"@id\":\"https:\/\/tribunadapraia.com.br\/#logo\"}},{\"@type\":\"WebSite\",\"@id\":\"https:\/\/tribunadapraia.com.br\/#website\",\"url\":\"https:\/\/tribunadapraia.com.br\/\",\"name\":\"TRIBUNA DA PRAIA\",\"description\":\"O 1\\u00ba jornal do interior de Sergipe na internet\",\"publisher\":{\"@id\":\"https:\/\/tribunadapraia.com.br\/#organization\"},\"potentialAction\":[{\"@type\":\"SearchAction\",\"target\":\"https:\/\/tribunadapraia.com.br\/?s={search_term_string}\",\"query-input\":\"required name=search_term_string\"}],\"inLanguage\":\"pt-BR\"},{\"@type\":\"ImageObject\",\"@id\":\"https:\/\/tribunadapraia.com.br\/?p=6039#primaryimage\",\"inLanguage\":\"pt-BR\",\"url\":\"https:\/\/tribunadapraia.com.br\/wp-content\/uploads\/2023\/02\/IMG-20230227-WA0004.jpg\",\"contentUrl\":\"https:\/\/tribunadapraia.com.br\/wp-content\/uploads\/2023\/02\/IMG-20230227-WA0004.jpg\",\"width\":590,\"height\":331},{\"@type\":\"WebPage\",\"@id\":\"https:\/\/tribunadapraia.com.br\/?p=6039#webpage\",\"url\":\"https:\/\/tribunadapraia.com.br\/?p=6039\",\"name\":\"Coluna FIQUE DE OLHO: Para onde vai o partido de LULA nas elei\\u00e7\\u00f5es municipais de 2024? - TRIBUNA DA PRAIA\",\"isPartOf\":{\"@id\":\"https:\/\/tribunadapraia.com.br\/#website\"},\"primaryImageOfPage\":{\"@id\":\"https:\/\/tribunadapraia.com.br\/?p=6039#primaryimage\"},\"datePublished\":\"2023-02-27T04:23:08+00:00\",\"dateModified\":\"2023-02-27T04:47:56+00:00\",\"breadcrumb\":{\"@id\":\"https:\/\/tribunadapraia.com.br\/?p=6039#breadcrumb\"},\"inLanguage\":\"pt-BR\",\"potentialAction\":[{\"@type\":\"ReadAction\",\"target\":[\"https:\/\/tribunadapraia.com.br\/?p=6039\"]}]},{\"@type\":\"BreadcrumbList\",\"@id\":\"https:\/\/tribunadapraia.com.br\/?p=6039#breadcrumb\",\"itemListElement\":[{\"@type\":\"ListItem\",\"position\":1,\"item\":{\"@type\":\"WebPage\",\"@id\":\"https:\/\/tribunadapraia.com.br\/\",\"url\":\"https:\/\/tribunadapraia.com.br\/\",\"name\":\"In\\u00edcio\"}},{\"@type\":\"ListItem\",\"position\":2,\"item\":{\"@id\":\"https:\/\/tribunadapraia.com.br\/?p=6039#webpage\"}}]},{\"@type\":\"Article\",\"@id\":\"https:\/\/tribunadapraia.com.br\/?p=6039#article\",\"isPartOf\":{\"@id\":\"https:\/\/tribunadapraia.com.br\/?p=6039#webpage\"},\"author\":{\"@id\":\"https:\/\/tribunadapraia.com.br\/#\/schema\/person\/099fbbf59acc5895c0d7d52b4fc46c97\"},\"headline\":\"Coluna FIQUE DE OLHO: Para onde vai o partido de LULA nas elei\\u00e7\\u00f5es municipais de 2024?\",\"datePublished\":\"2023-02-27T04:23:08+00:00\",\"dateModified\":\"2023-02-27T04:47:56+00:00\",\"mainEntityOfPage\":{\"@id\":\"https:\/\/tribunadapraia.com.br\/?p=6039#webpage\"},\"wordCount\":609,\"commentCount\":0,\"publisher\":{\"@id\":\"https:\/\/tribunadapraia.com.br\/#organization\"},\"image\":{\"@id\":\"https:\/\/tribunadapraia.com.br\/?p=6039#primaryimage\"},\"thumbnailUrl\":\"https:\/\/tribunadapraia.com.br\/wp-content\/uploads\/2023\/02\/IMG-20230227-WA0004.jpg\",\"articleSection\":[\"Not\\u00edcias\"],\"inLanguage\":\"pt-BR\",\"potentialAction\":[{\"@type\":\"CommentAction\",\"name\":\"Comment\",\"target\":[\"https:\/\/tribunadapraia.com.br\/?p=6039#respond\"]}]},{\"@type\":\"Person\",\"@id\":\"https:\/\/tribunadapraia.com.br\/#\/schema\/person\/099fbbf59acc5895c0d7d52b4fc46c97\",\"name\":\"Reda\\u00e7\\u00e3o\",\"image\":{\"@type\":\"ImageObject\",\"@id\":\"https:\/\/tribunadapraia.com.br\/#personlogo\",\"inLanguage\":\"pt-BR\",\"url\":\"https:\/\/secure.gravatar.com\/avatar\/91c8b91d2bfd7784eac5c3e055361f64?s=96&d=identicon&r=g\",\"contentUrl\":\"https:\/\/secure.gravatar.com\/avatar\/91c8b91d2bfd7784eac5c3e055361f64?s=96&d=identicon&r=g\",\"caption\":\"Reda\\u00e7\\u00e3o\"}}]}<\/script>\n<!-- \/ Yoast SEO plugin. -->","wps_subtitle":"","_links":{"self":[{"href":"https:\/\/tribunadapraia.com.br\/index.php?rest_route=\/wp\/v2\/posts\/6039"}],"collection":[{"href":"https:\/\/tribunadapraia.com.br\/index.php?rest_route=\/wp\/v2\/posts"}],"about":[{"href":"https:\/\/tribunadapraia.com.br\/index.php?rest_route=\/wp\/v2\/types\/post"}],"author":[{"embeddable":true,"href":"https:\/\/tribunadapraia.com.br\/index.php?rest_route=\/wp\/v2\/users\/3"}],"replies":[{"embeddable":true,"href":"https:\/\/tribunadapraia.com.br\/index.php?rest_route=%2Fwp%2Fv2%2Fcomments&post=6039"}],"version-history":[{"count":4,"href":"https:\/\/tribunadapraia.com.br\/index.php?rest_route=\/wp\/v2\/posts\/6039\/revisions"}],"predecessor-version":[{"id":6046,"href":"https:\/\/tribunadapraia.com.br\/index.php?rest_route=\/wp\/v2\/posts\/6039\/revisions\/6046"}],"wp:featuredmedia":[{"embeddable":true,"href":"https:\/\/tribunadapraia.com.br\/index.php?rest_route=\/wp\/v2\/media\/6040"}],"wp:attachment":[{"href":"https:\/\/tribunadapraia.com.br\/index.php?rest_route=%2Fwp%2Fv2%2Fmedia&parent=6039"}],"wp:term":[{"taxonomy":"category","embeddable":true,"href":"https:\/\/tribunadapraia.com.br\/index.php?rest_route=%2Fwp%2Fv2%2Fcategories&post=6039"},{"taxonomy":"post_tag","embeddable":true,"href":"https:\/\/tribunadapraia.com.br\/index.php?rest_route=%2Fwp%2Fv2%2Ftags&post=6039"}],"curies":[{"name":"wp","href":"https:\/\/api.w.org\/{rel}","templated":true}]}}