{"id":6034,"date":"2023-02-26T22:34:50","date_gmt":"2023-02-27T01:34:50","guid":{"rendered":"https:\/\/tribunadapraia.com.br\/?p=6034"},"modified":"2023-02-26T22:36:42","modified_gmt":"2023-02-27T01:36:42","slug":"andrea-de-coralia-um-nome-com-as-credenciais-indispensaveis","status":"publish","type":"post","link":"https:\/\/tribunadapraia.com.br\/?p=6034","title":{"rendered":"Andr\u00e9a de Cor\u00e1lia, um nome com \u00e0s credenciais indispens\u00e1veis"},"content":{"rendered":"<ul>\n<li><span style=\"color: #993300;\">Por ClaudOmir Herzog | Foto: Divulga\u00e7\u00e3o<\/span><\/li>\n<\/ul>\n<p>\u00c0s \u00faltimas representa\u00e7\u00f5es femininas nas v\u00e1rias esferas eletivas, n\u00e3o corresponderam aos anseios da sociedade propriaense, muito menos as mulheres, carentes de atitudes e de compromisso com a coletividade, desprovida de projetos pessoas e familiares.<\/p>\n<p style=\"text-align: center;\"><img loading=\"lazy\" class=\"alignnone size-medium wp-image-5788\" src=\"https:\/\/tribunadapraia.com.br\/wp-content\/uploads\/2023\/01\/PPA-300x248.jpg\" alt=\"\" width=\"300\" height=\"248\" srcset=\"https:\/\/tribunadapraia.com.br\/wp-content\/uploads\/2023\/01\/PPA-300x248.jpg 300w, https:\/\/tribunadapraia.com.br\/wp-content\/uploads\/2023\/01\/PPA.jpg 768w\" sizes=\"(max-width: 300px) 100vw, 300px\" \/><\/p>\n<p>\u00c9 nesse cen\u00e1rio que torna-se imprescind\u00edvel e inadi\u00e1vel a presen\u00e7a de mulheres de car\u00e1ter pol\u00edtico ilibado, a exemplo da assistente social, pedagoga, podcaster, ativista cultural e produtora audiovisual.<\/p>\n<p style=\"text-align: center;\"><img loading=\"lazy\" class=\"alignnone size-medium wp-image-5775\" src=\"https:\/\/tribunadapraia.com.br\/wp-content\/uploads\/2023\/01\/iTA-300x153.jpg\" alt=\"\" width=\"300\" height=\"153\" srcset=\"https:\/\/tribunadapraia.com.br\/wp-content\/uploads\/2023\/01\/iTA-300x153.jpg 300w, https:\/\/tribunadapraia.com.br\/wp-content\/uploads\/2023\/01\/iTA-768x392.jpg 768w, https:\/\/tribunadapraia.com.br\/wp-content\/uploads\/2023\/01\/iTA.jpg 1024w\" sizes=\"(max-width: 300px) 100vw, 300px\" \/><\/p>\n<p>Andr\u00e9a de Cor\u00e1lia. A sapiente m\u00e3e, filha, esposa, irm\u00e3 e amiga de credibilidade irretoc\u00e1vel e irrepreens\u00edvel, n\u00e3o ser\u00e1 uma mera figurante, mas a protagonista da grandeza que clamam diferentes gera\u00e7\u00f5es de propriaenses. 2024 \u00e9 logo al\u00ed!<\/p>\n","protected":false},"excerpt":{"rendered":"<p>Por ClaudOmir Herzog | Foto: Divulga\u00e7\u00e3o \u00c0s \u00faltimas representa\u00e7\u00f5es femininas nas v\u00e1rias esferas eletivas, n\u00e3o corresponderam aos anseios da sociedade propriaense, muito menos as mulheres, carentes de atitudes e de compromisso com a coletividade, desprovida de projetos pessoas e familiares. \u00c9 nesse cen\u00e1rio que torna-se imprescind\u00edvel e inadi\u00e1vel a presen\u00e7a de mulheres de car\u00e1ter pol\u00edtico ilibado, a exemplo da assistente social, pedagoga, podcaster, ativista cultural e produtora audiovisual. Andr\u00e9a de<\/p>\n","protected":false},"author":3,"featured_media":6035,"comment_status":"open","ping_status":"open","sticky":false,"template":"","format":"standard","meta":[],"categories":[18],"tags":[],"yoast_head":"<!-- This site is optimized with the Yoast SEO plugin v16.3 - https:\/\/yoast.com\/wordpress\/plugins\/seo\/ -->\n<title>Andr\u00e9a de Cor\u00e1lia, um nome com \u00e0s credenciais indispens\u00e1veis - TRIBUNA DA PRAIA<\/title>\n<meta name=\"robots\" content=\"index, follow, max-snippet:-1, max-image-preview:large, max-video-preview:-1\" \/>\n<link rel=\"canonical\" href=\"https:\/\/tribunadapraia.com.br\/?p=6034\" \/>\n<meta property=\"og:locale\" content=\"pt_BR\" \/>\n<meta property=\"og:type\" content=\"article\" \/>\n<meta property=\"og:title\" content=\"Andr\u00e9a de Cor\u00e1lia, um nome com \u00e0s credenciais indispens\u00e1veis - TRIBUNA DA PRAIA\" \/>\n<meta property=\"og:description\" content=\"Por ClaudOmir Herzog | Foto: Divulga\u00e7\u00e3o \u00c0s \u00faltimas representa\u00e7\u00f5es femininas nas v\u00e1rias esferas eletivas, n\u00e3o corresponderam aos anseios da sociedade propriaense, muito menos as mulheres, carentes de atitudes e de compromisso com a coletividade, desprovida de projetos pessoas e familiares. \u00c9 nesse cen\u00e1rio que torna-se imprescind\u00edvel e inadi\u00e1vel a presen\u00e7a de mulheres de car\u00e1ter pol\u00edtico ilibado, a exemplo da assistente social, pedagoga, podcaster, ativista cultural e produtora audiovisual. Andr\u00e9a de\" \/>\n<meta property=\"og:url\" content=\"https:\/\/tribunadapraia.com.br\/?p=6034\" \/>\n<meta property=\"og:site_name\" content=\"TRIBUNA DA PRAIA\" \/>\n<meta property=\"article:publisher\" content=\"https:\/\/www.facebook.com\/tribunadapraiaonline\/\" \/>\n<meta property=\"article:published_time\" content=\"2023-02-27T01:34:50+00:00\" \/>\n<meta property=\"article:modified_time\" content=\"2023-02-27T01:36:42+00:00\" \/>\n<meta property=\"og:image\" content=\"https:\/\/tribunadapraia.com.br\/wp-content\/uploads\/2023\/02\/IMG-20230226-WA0094.jpg\" \/>\n\t<meta property=\"og:image:width\" content=\"834\" \/>\n\t<meta property=\"og:image:height\" content=\"1280\" \/>\n<meta name=\"twitter:card\" content=\"summary_large_image\" \/>\n<meta name=\"twitter:creator\" content=\"@Claudomir21\" \/>\n<meta name=\"twitter:site\" content=\"@Claudomir21\" \/>\n<meta name=\"twitter:label1\" content=\"Est. tempo de leitura\">\n\t<meta name=\"twitter:data1\" content=\"1 minuto\">\n<script type=\"application\/ld+json\" class=\"yoast-schema-graph\">{\"@context\":\"https:\/\/schema.org\",\"@graph\":[{\"@type\":\"Organization\",\"@id\":\"https:\/\/tribunadapraia.com.br\/#organization\",\"name\":\"Tribuna da Praia\",\"url\":\"https:\/\/tribunadapraia.com.br\/\",\"sameAs\":[\"https:\/\/www.facebook.com\/tribunadapraiaonline\/\",\"https:\/\/www.instagram.com\/claudomirtavares\/\",\"https:\/\/www.youtube.com\/channel\/UCwQf80nxiMzCefAyjbp53Rw\",\"https:\/\/twitter.com\/Claudomir21\"],\"logo\":{\"@type\":\"ImageObject\",\"@id\":\"https:\/\/tribunadapraia.com.br\/#logo\",\"inLanguage\":\"pt-BR\",\"url\":\"https:\/\/tribunadapraia.com.br\/wp-content\/uploads\/2020\/02\/logo.png\",\"contentUrl\":\"https:\/\/tribunadapraia.com.br\/wp-content\/uploads\/2020\/02\/logo.png\",\"width\":501,\"height\":121,\"caption\":\"Tribuna da Praia\"},\"image\":{\"@id\":\"https:\/\/tribunadapraia.com.br\/#logo\"}},{\"@type\":\"WebSite\",\"@id\":\"https:\/\/tribunadapraia.com.br\/#website\",\"url\":\"https:\/\/tribunadapraia.com.br\/\",\"name\":\"TRIBUNA DA PRAIA\",\"description\":\"O 1\\u00ba jornal do interior de Sergipe na internet\",\"publisher\":{\"@id\":\"https:\/\/tribunadapraia.com.br\/#organization\"},\"potentialAction\":[{\"@type\":\"SearchAction\",\"target\":\"https:\/\/tribunadapraia.com.br\/?s={search_term_string}\",\"query-input\":\"required name=search_term_string\"}],\"inLanguage\":\"pt-BR\"},{\"@type\":\"ImageObject\",\"@id\":\"https:\/\/tribunadapraia.com.br\/?p=6034#primaryimage\",\"inLanguage\":\"pt-BR\",\"url\":\"https:\/\/tribunadapraia.com.br\/wp-content\/uploads\/2023\/02\/IMG-20230226-WA0094.jpg\",\"contentUrl\":\"https:\/\/tribunadapraia.com.br\/wp-content\/uploads\/2023\/02\/IMG-20230226-WA0094.jpg\",\"width\":834,\"height\":1280},{\"@type\":\"WebPage\",\"@id\":\"https:\/\/tribunadapraia.com.br\/?p=6034#webpage\",\"url\":\"https:\/\/tribunadapraia.com.br\/?p=6034\",\"name\":\"Andr\\u00e9a de Cor\\u00e1lia, um nome com \\u00e0s credenciais indispens\\u00e1veis - TRIBUNA DA PRAIA\",\"isPartOf\":{\"@id\":\"https:\/\/tribunadapraia.com.br\/#website\"},\"primaryImageOfPage\":{\"@id\":\"https:\/\/tribunadapraia.com.br\/?p=6034#primaryimage\"},\"datePublished\":\"2023-02-27T01:34:50+00:00\",\"dateModified\":\"2023-02-27T01:36:42+00:00\",\"breadcrumb\":{\"@id\":\"https:\/\/tribunadapraia.com.br\/?p=6034#breadcrumb\"},\"inLanguage\":\"pt-BR\",\"potentialAction\":[{\"@type\":\"ReadAction\",\"target\":[\"https:\/\/tribunadapraia.com.br\/?p=6034\"]}]},{\"@type\":\"BreadcrumbList\",\"@id\":\"https:\/\/tribunadapraia.com.br\/?p=6034#breadcrumb\",\"itemListElement\":[{\"@type\":\"ListItem\",\"position\":1,\"item\":{\"@type\":\"WebPage\",\"@id\":\"https:\/\/tribunadapraia.com.br\/\",\"url\":\"https:\/\/tribunadapraia.com.br\/\",\"name\":\"In\\u00edcio\"}},{\"@type\":\"ListItem\",\"position\":2,\"item\":{\"@id\":\"https:\/\/tribunadapraia.com.br\/?p=6034#webpage\"}}]},{\"@type\":\"Article\",\"@id\":\"https:\/\/tribunadapraia.com.br\/?p=6034#article\",\"isPartOf\":{\"@id\":\"https:\/\/tribunadapraia.com.br\/?p=6034#webpage\"},\"author\":{\"@id\":\"https:\/\/tribunadapraia.com.br\/#\/schema\/person\/099fbbf59acc5895c0d7d52b4fc46c97\"},\"headline\":\"Andr\\u00e9a de Cor\\u00e1lia, um nome com \\u00e0s credenciais indispens\\u00e1veis\",\"datePublished\":\"2023-02-27T01:34:50+00:00\",\"dateModified\":\"2023-02-27T01:36:42+00:00\",\"mainEntityOfPage\":{\"@id\":\"https:\/\/tribunadapraia.com.br\/?p=6034#webpage\"},\"wordCount\":129,\"commentCount\":0,\"publisher\":{\"@id\":\"https:\/\/tribunadapraia.com.br\/#organization\"},\"image\":{\"@id\":\"https:\/\/tribunadapraia.com.br\/?p=6034#primaryimage\"},\"thumbnailUrl\":\"https:\/\/tribunadapraia.com.br\/wp-content\/uploads\/2023\/02\/IMG-20230226-WA0094.jpg\",\"articleSection\":[\"Not\\u00edcias\"],\"inLanguage\":\"pt-BR\",\"potentialAction\":[{\"@type\":\"CommentAction\",\"name\":\"Comment\",\"target\":[\"https:\/\/tribunadapraia.com.br\/?p=6034#respond\"]}]},{\"@type\":\"Person\",\"@id\":\"https:\/\/tribunadapraia.com.br\/#\/schema\/person\/099fbbf59acc5895c0d7d52b4fc46c97\",\"name\":\"Reda\\u00e7\\u00e3o\",\"image\":{\"@type\":\"ImageObject\",\"@id\":\"https:\/\/tribunadapraia.com.br\/#personlogo\",\"inLanguage\":\"pt-BR\",\"url\":\"https:\/\/secure.gravatar.com\/avatar\/91c8b91d2bfd7784eac5c3e055361f64?s=96&d=identicon&r=g\",\"contentUrl\":\"https:\/\/secure.gravatar.com\/avatar\/91c8b91d2bfd7784eac5c3e055361f64?s=96&d=identicon&r=g\",\"caption\":\"Reda\\u00e7\\u00e3o\"}}]}<\/script>\n<!-- \/ Yoast SEO plugin. -->","wps_subtitle":"","_links":{"self":[{"href":"https:\/\/tribunadapraia.com.br\/index.php?rest_route=\/wp\/v2\/posts\/6034"}],"collection":[{"href":"https:\/\/tribunadapraia.com.br\/index.php?rest_route=\/wp\/v2\/posts"}],"about":[{"href":"https:\/\/tribunadapraia.com.br\/index.php?rest_route=\/wp\/v2\/types\/post"}],"author":[{"embeddable":true,"href":"https:\/\/tribunadapraia.com.br\/index.php?rest_route=\/wp\/v2\/users\/3"}],"replies":[{"embeddable":true,"href":"https:\/\/tribunadapraia.com.br\/index.php?rest_route=%2Fwp%2Fv2%2Fcomments&post=6034"}],"version-history":[{"count":3,"href":"https:\/\/tribunadapraia.com.br\/index.php?rest_route=\/wp\/v2\/posts\/6034\/revisions"}],"predecessor-version":[{"id":6038,"href":"https:\/\/tribunadapraia.com.br\/index.php?rest_route=\/wp\/v2\/posts\/6034\/revisions\/6038"}],"wp:featuredmedia":[{"embeddable":true,"href":"https:\/\/tribunadapraia.com.br\/index.php?rest_route=\/wp\/v2\/media\/6035"}],"wp:attachment":[{"href":"https:\/\/tribunadapraia.com.br\/index.php?rest_route=%2Fwp%2Fv2%2Fmedia&parent=6034"}],"wp:term":[{"taxonomy":"category","embeddable":true,"href":"https:\/\/tribunadapraia.com.br\/index.php?rest_route=%2Fwp%2Fv2%2Fcategories&post=6034"},{"taxonomy":"post_tag","embeddable":true,"href":"https:\/\/tribunadapraia.com.br\/index.php?rest_route=%2Fwp%2Fv2%2Ftags&post=6034"}],"curies":[{"name":"wp","href":"https:\/\/api.w.org\/{rel}","templated":true}]}}