{"id":6029,"date":"2023-02-26T16:08:11","date_gmt":"2023-02-26T19:08:11","guid":{"rendered":"https:\/\/tribunadapraia.com.br\/?p=6029"},"modified":"2023-02-26T16:16:39","modified_gmt":"2023-02-26T19:16:39","slug":"propria-leitores-e-ouvintes-da-tribuna-da-praia-lembram-do-nome-de-patricio-lessa","status":"publish","type":"post","link":"https:\/\/tribunadapraia.com.br\/?p=6029","title":{"rendered":"Propri\u00e1: Leitores e ouvintes da Tribuna da Praia lembram do nome de Patr\u00edcio Lessa"},"content":{"rendered":"<ul>\n<li><span style=\"color: #993300;\">Por ClaudOmir Herzog | Foto: Divulga\u00e7\u00e3o<\/span><\/li>\n<\/ul>\n<p>O radialista Patr\u00edcio Lessa (foto), que apresenta de segunda \u00e0 sexta, das 8 \u00e0s 10 da manh\u00e3 o Jornal da 104 na R\u00e1dio Propri\u00e1 FM, foi citado esta semana por ouvintes e leitores da r\u00e1dio e jornal da Tribuna da Praia para compor uma chapa majorit\u00e1ria em 2024.<\/p>\n<p><img loading=\"lazy\" class=\"size-medium wp-image-5788 aligncenter\" src=\"https:\/\/tribunadapraia.com.br\/wp-content\/uploads\/2023\/01\/PPA-300x248.jpg\" alt=\"\" width=\"300\" height=\"248\" srcset=\"https:\/\/tribunadapraia.com.br\/wp-content\/uploads\/2023\/01\/PPA-300x248.jpg 300w, https:\/\/tribunadapraia.com.br\/wp-content\/uploads\/2023\/01\/PPA.jpg 768w\" sizes=\"(max-width: 300px) 100vw, 300px\" \/><\/p>\n<p>Perguntamos ao mesmo a qual partido pol\u00edtico est\u00e1 filiado s ele respondeu que se desfilou ao assumir o programa, acrescentamos que para preseevar sua isen\u00e7\u00e3o, o que lhe credencia como um eximio profissional do r\u00e1dio.<\/p>\n<p style=\"text-align: right;\"><img loading=\"lazy\" class=\"size-medium wp-image-5775 aligncenter\" src=\"https:\/\/tribunadapraia.com.br\/wp-content\/uploads\/2023\/01\/iTA-300x153.jpg\" alt=\"\" width=\"300\" height=\"153\" srcset=\"https:\/\/tribunadapraia.com.br\/wp-content\/uploads\/2023\/01\/iTA-300x153.jpg 300w, https:\/\/tribunadapraia.com.br\/wp-content\/uploads\/2023\/01\/iTA-768x392.jpg 768w, https:\/\/tribunadapraia.com.br\/wp-content\/uploads\/2023\/01\/iTA.jpg 1024w\" sizes=\"(max-width: 300px) 100vw, 300px\" \/><\/p>\n<p>N\u00e3o o inquirimos sobre esta possibilidade, por entender que n\u00e3o seria o nomento, mas ele tem legitimidade, elegibilidade, inser\u00e7\u00e3o social e representatividade<\/p>\n<p style=\"text-align: center;\"><img loading=\"lazy\" class=\"alignnone size-medium wp-image-6006\" src=\"https:\/\/tribunadapraia.com.br\/wp-content\/uploads\/2023\/02\/IMG-20230223-WA0054-300x300.jpg\" alt=\"\" width=\"300\" height=\"300\" srcset=\"https:\/\/tribunadapraia.com.br\/wp-content\/uploads\/2023\/02\/IMG-20230223-WA0054-300x300.jpg 300w, https:\/\/tribunadapraia.com.br\/wp-content\/uploads\/2023\/02\/IMG-20230223-WA0054-1024x1024.jpg 1024w, https:\/\/tribunadapraia.com.br\/wp-content\/uploads\/2023\/02\/IMG-20230223-WA0054-150x150.jpg 150w, https:\/\/tribunadapraia.com.br\/wp-content\/uploads\/2023\/02\/IMG-20230223-WA0054-768x768.jpg 768w, https:\/\/tribunadapraia.com.br\/wp-content\/uploads\/2023\/02\/IMG-20230223-WA0054-250x250.jpg 250w, https:\/\/tribunadapraia.com.br\/wp-content\/uploads\/2023\/02\/IMG-20230223-WA0054.jpg 1080w\" sizes=\"(max-width: 300px) 100vw, 300px\" \/><\/p>\n<p>&nbsp;<\/p>\n","protected":false},"excerpt":{"rendered":"<p>Por ClaudOmir Herzog | Foto: Divulga\u00e7\u00e3o O radialista Patr\u00edcio Lessa (foto), que apresenta de segunda \u00e0 sexta, das 8 \u00e0s 10 da manh\u00e3 o Jornal da 104 na R\u00e1dio Propri\u00e1 FM, foi citado esta semana por ouvintes e leitores da r\u00e1dio e jornal da Tribuna da Praia para compor uma chapa majorit\u00e1ria em 2024. Perguntamos ao mesmo a qual partido pol\u00edtico est\u00e1 filiado s ele respondeu que se desfilou ao<\/p>\n","protected":false},"author":3,"featured_media":6032,"comment_status":"open","ping_status":"open","sticky":false,"template":"","format":"standard","meta":[],"categories":[1],"tags":[],"yoast_head":"<!-- This site is optimized with the Yoast SEO plugin v16.3 - https:\/\/yoast.com\/wordpress\/plugins\/seo\/ -->\n<title>Propri\u00e1: Leitores e ouvintes da Tribuna da Praia lembram do nome de Patr\u00edcio Lessa - TRIBUNA DA PRAIA<\/title>\n<meta name=\"robots\" content=\"index, follow, max-snippet:-1, max-image-preview:large, max-video-preview:-1\" \/>\n<link rel=\"canonical\" href=\"https:\/\/tribunadapraia.com.br\/?p=6029\" \/>\n<meta property=\"og:locale\" content=\"pt_BR\" \/>\n<meta property=\"og:type\" content=\"article\" \/>\n<meta property=\"og:title\" content=\"Propri\u00e1: Leitores e ouvintes da Tribuna da Praia lembram do nome de Patr\u00edcio Lessa - TRIBUNA DA PRAIA\" \/>\n<meta property=\"og:description\" content=\"Por ClaudOmir Herzog | Foto: Divulga\u00e7\u00e3o O radialista Patr\u00edcio Lessa (foto), que apresenta de segunda \u00e0 sexta, das 8 \u00e0s 10 da manh\u00e3 o Jornal da 104 na R\u00e1dio Propri\u00e1 FM, foi citado esta semana por ouvintes e leitores da r\u00e1dio e jornal da Tribuna da Praia para compor uma chapa majorit\u00e1ria em 2024. Perguntamos ao mesmo a qual partido pol\u00edtico est\u00e1 filiado s ele respondeu que se desfilou ao\" \/>\n<meta property=\"og:url\" content=\"https:\/\/tribunadapraia.com.br\/?p=6029\" \/>\n<meta property=\"og:site_name\" content=\"TRIBUNA DA PRAIA\" \/>\n<meta property=\"article:publisher\" content=\"https:\/\/www.facebook.com\/tribunadapraiaonline\/\" \/>\n<meta property=\"article:published_time\" content=\"2023-02-26T19:08:11+00:00\" \/>\n<meta property=\"article:modified_time\" content=\"2023-02-26T19:16:39+00:00\" \/>\n<meta property=\"og:image\" content=\"https:\/\/tribunadapraia.com.br\/wp-content\/uploads\/2023\/02\/IMG-20230226-WA0082.jpg\" \/>\n\t<meta property=\"og:image:width\" content=\"1080\" \/>\n\t<meta property=\"og:image:height\" content=\"1036\" \/>\n<meta name=\"twitter:card\" content=\"summary_large_image\" \/>\n<meta name=\"twitter:creator\" content=\"@Claudomir21\" \/>\n<meta name=\"twitter:site\" content=\"@Claudomir21\" \/>\n<meta name=\"twitter:label1\" content=\"Est. tempo de leitura\">\n\t<meta name=\"twitter:data1\" content=\"2 minutos\">\n<script type=\"application\/ld+json\" class=\"yoast-schema-graph\">{\"@context\":\"https:\/\/schema.org\",\"@graph\":[{\"@type\":\"Organization\",\"@id\":\"https:\/\/tribunadapraia.com.br\/#organization\",\"name\":\"Tribuna da Praia\",\"url\":\"https:\/\/tribunadapraia.com.br\/\",\"sameAs\":[\"https:\/\/www.facebook.com\/tribunadapraiaonline\/\",\"https:\/\/www.instagram.com\/claudomirtavares\/\",\"https:\/\/www.youtube.com\/channel\/UCwQf80nxiMzCefAyjbp53Rw\",\"https:\/\/twitter.com\/Claudomir21\"],\"logo\":{\"@type\":\"ImageObject\",\"@id\":\"https:\/\/tribunadapraia.com.br\/#logo\",\"inLanguage\":\"pt-BR\",\"url\":\"https:\/\/tribunadapraia.com.br\/wp-content\/uploads\/2020\/02\/logo.png\",\"contentUrl\":\"https:\/\/tribunadapraia.com.br\/wp-content\/uploads\/2020\/02\/logo.png\",\"width\":501,\"height\":121,\"caption\":\"Tribuna da Praia\"},\"image\":{\"@id\":\"https:\/\/tribunadapraia.com.br\/#logo\"}},{\"@type\":\"WebSite\",\"@id\":\"https:\/\/tribunadapraia.com.br\/#website\",\"url\":\"https:\/\/tribunadapraia.com.br\/\",\"name\":\"TRIBUNA DA PRAIA\",\"description\":\"O 1\\u00ba jornal do interior de Sergipe na internet\",\"publisher\":{\"@id\":\"https:\/\/tribunadapraia.com.br\/#organization\"},\"potentialAction\":[{\"@type\":\"SearchAction\",\"target\":\"https:\/\/tribunadapraia.com.br\/?s={search_term_string}\",\"query-input\":\"required name=search_term_string\"}],\"inLanguage\":\"pt-BR\"},{\"@type\":\"ImageObject\",\"@id\":\"https:\/\/tribunadapraia.com.br\/?p=6029#primaryimage\",\"inLanguage\":\"pt-BR\",\"url\":\"https:\/\/tribunadapraia.com.br\/wp-content\/uploads\/2023\/02\/IMG-20230226-WA0082.jpg\",\"contentUrl\":\"https:\/\/tribunadapraia.com.br\/wp-content\/uploads\/2023\/02\/IMG-20230226-WA0082.jpg\",\"width\":1080,\"height\":1036},{\"@type\":\"WebPage\",\"@id\":\"https:\/\/tribunadapraia.com.br\/?p=6029#webpage\",\"url\":\"https:\/\/tribunadapraia.com.br\/?p=6029\",\"name\":\"Propri\\u00e1: Leitores e ouvintes da Tribuna da Praia lembram do nome de Patr\\u00edcio Lessa - TRIBUNA DA PRAIA\",\"isPartOf\":{\"@id\":\"https:\/\/tribunadapraia.com.br\/#website\"},\"primaryImageOfPage\":{\"@id\":\"https:\/\/tribunadapraia.com.br\/?p=6029#primaryimage\"},\"datePublished\":\"2023-02-26T19:08:11+00:00\",\"dateModified\":\"2023-02-26T19:16:39+00:00\",\"breadcrumb\":{\"@id\":\"https:\/\/tribunadapraia.com.br\/?p=6029#breadcrumb\"},\"inLanguage\":\"pt-BR\",\"potentialAction\":[{\"@type\":\"ReadAction\",\"target\":[\"https:\/\/tribunadapraia.com.br\/?p=6029\"]}]},{\"@type\":\"BreadcrumbList\",\"@id\":\"https:\/\/tribunadapraia.com.br\/?p=6029#breadcrumb\",\"itemListElement\":[{\"@type\":\"ListItem\",\"position\":1,\"item\":{\"@type\":\"WebPage\",\"@id\":\"https:\/\/tribunadapraia.com.br\/\",\"url\":\"https:\/\/tribunadapraia.com.br\/\",\"name\":\"In\\u00edcio\"}},{\"@type\":\"ListItem\",\"position\":2,\"item\":{\"@id\":\"https:\/\/tribunadapraia.com.br\/?p=6029#webpage\"}}]},{\"@type\":\"Article\",\"@id\":\"https:\/\/tribunadapraia.com.br\/?p=6029#article\",\"isPartOf\":{\"@id\":\"https:\/\/tribunadapraia.com.br\/?p=6029#webpage\"},\"author\":{\"@id\":\"https:\/\/tribunadapraia.com.br\/#\/schema\/person\/099fbbf59acc5895c0d7d52b4fc46c97\"},\"headline\":\"Propri\\u00e1: Leitores e ouvintes da Tribuna da Praia lembram do nome de Patr\\u00edcio Lessa\",\"datePublished\":\"2023-02-26T19:08:11+00:00\",\"dateModified\":\"2023-02-26T19:16:39+00:00\",\"mainEntityOfPage\":{\"@id\":\"https:\/\/tribunadapraia.com.br\/?p=6029#webpage\"},\"wordCount\":132,\"commentCount\":0,\"publisher\":{\"@id\":\"https:\/\/tribunadapraia.com.br\/#organization\"},\"image\":{\"@id\":\"https:\/\/tribunadapraia.com.br\/?p=6029#primaryimage\"},\"thumbnailUrl\":\"https:\/\/tribunadapraia.com.br\/wp-content\/uploads\/2023\/02\/IMG-20230226-WA0082.jpg\",\"inLanguage\":\"pt-BR\",\"potentialAction\":[{\"@type\":\"CommentAction\",\"name\":\"Comment\",\"target\":[\"https:\/\/tribunadapraia.com.br\/?p=6029#respond\"]}]},{\"@type\":\"Person\",\"@id\":\"https:\/\/tribunadapraia.com.br\/#\/schema\/person\/099fbbf59acc5895c0d7d52b4fc46c97\",\"name\":\"Reda\\u00e7\\u00e3o\",\"image\":{\"@type\":\"ImageObject\",\"@id\":\"https:\/\/tribunadapraia.com.br\/#personlogo\",\"inLanguage\":\"pt-BR\",\"url\":\"https:\/\/secure.gravatar.com\/avatar\/91c8b91d2bfd7784eac5c3e055361f64?s=96&d=identicon&r=g\",\"contentUrl\":\"https:\/\/secure.gravatar.com\/avatar\/91c8b91d2bfd7784eac5c3e055361f64?s=96&d=identicon&r=g\",\"caption\":\"Reda\\u00e7\\u00e3o\"}}]}<\/script>\n<!-- \/ Yoast SEO plugin. -->","wps_subtitle":"","_links":{"self":[{"href":"https:\/\/tribunadapraia.com.br\/index.php?rest_route=\/wp\/v2\/posts\/6029"}],"collection":[{"href":"https:\/\/tribunadapraia.com.br\/index.php?rest_route=\/wp\/v2\/posts"}],"about":[{"href":"https:\/\/tribunadapraia.com.br\/index.php?rest_route=\/wp\/v2\/types\/post"}],"author":[{"embeddable":true,"href":"https:\/\/tribunadapraia.com.br\/index.php?rest_route=\/wp\/v2\/users\/3"}],"replies":[{"embeddable":true,"href":"https:\/\/tribunadapraia.com.br\/index.php?rest_route=%2Fwp%2Fv2%2Fcomments&post=6029"}],"version-history":[{"count":3,"href":"https:\/\/tribunadapraia.com.br\/index.php?rest_route=\/wp\/v2\/posts\/6029\/revisions"}],"predecessor-version":[{"id":6033,"href":"https:\/\/tribunadapraia.com.br\/index.php?rest_route=\/wp\/v2\/posts\/6029\/revisions\/6033"}],"wp:featuredmedia":[{"embeddable":true,"href":"https:\/\/tribunadapraia.com.br\/index.php?rest_route=\/wp\/v2\/media\/6032"}],"wp:attachment":[{"href":"https:\/\/tribunadapraia.com.br\/index.php?rest_route=%2Fwp%2Fv2%2Fmedia&parent=6029"}],"wp:term":[{"taxonomy":"category","embeddable":true,"href":"https:\/\/tribunadapraia.com.br\/index.php?rest_route=%2Fwp%2Fv2%2Fcategories&post=6029"},{"taxonomy":"post_tag","embeddable":true,"href":"https:\/\/tribunadapraia.com.br\/index.php?rest_route=%2Fwp%2Fv2%2Ftags&post=6029"}],"curies":[{"name":"wp","href":"https:\/\/api.w.org\/{rel}","templated":true}]}}