{"id":6012,"date":"2023-02-25T10:51:05","date_gmt":"2023-02-25T13:51:05","guid":{"rendered":"https:\/\/tribunadapraia.com.br\/?p=6012"},"modified":"2023-02-25T11:58:16","modified_gmt":"2023-02-25T14:58:16","slug":"6012","status":"publish","type":"post","link":"https:\/\/tribunadapraia.com.br\/?p=6012","title":{"rendered":"H\u00e1 39 anos nascia o FLAMENGUINHO em Pirambu, o &#8220;papa-titulo&#8221; rubro negro praiano"},"content":{"rendered":"<!--[if lt IE 9]><script>document.createElement('audio');<\/script><![endif]-->\n<audio class=\"wp-audio-shortcode\" id=\"audio-6012-1\" preload=\"none\" style=\"width: 100%;\" controls=\"controls\"><source type=\"audio\/mpeg\" src=\"https:\/\/tribunadapraia.com.br\/wp-content\/uploads\/2023\/02\/Himno-de-Flamengo-Letra.mp3?_=1\" \/><a href=\"https:\/\/tribunadapraia.com.br\/wp-content\/uploads\/2023\/02\/Himno-de-Flamengo-Letra.mp3\">https:\/\/tribunadapraia.com.br\/wp-content\/uploads\/2023\/02\/Himno-de-Flamengo-Letra.mp3<\/a><\/audio>\n<p><span style=\"color: #000000;\"><em>Em jogo inaugural, goleou o Palmeiras por 5 X 1 em 25 de fevereiro de 1984<\/em><\/span><\/p>\n<ul>\n<li><span style=\"color: #ff6600;\">Por ClaudOmir<\/span> Herzog<\/li>\n<\/ul>\n<p>H\u00e1 39 anos, em 25 de fevereiro de 1984, era fundado e lan\u00e7ado em Pirambu, o Clube de Regatas do Flamengo, que em jogo inaugural contra o clube mirim do Palmeiras tamb\u00e9m de Pirambu, aplicou uma sonora goleada de 5 X 1. Os onze que vestiram as camisas brancas do Flamenguinho foram: 1. Nem, 2. Nininho, 3. B\u00e3o, 4. Marcinho e 6. Ginaldo; 5. Pio, 8. Tom Jerry e 10. Alexandre; 7. Venta, 9. Pel\u00e9 e 11. Jango. O t\u00e9cnico era Juarez Batista, mais tarde substitu\u00eddo por Clauromir Tavares. Outros foram entrando no decorrer do jogo e nos confrontos semanais, a saber: Nado de Gago, Mainha, Alex, Adriano, Amarilho e dezenas de outras crian\u00e7as e adolescentes, hoje pais e at\u00e9 av\u00f4s e Nos anos seguintes o Flamenguinho montou seu time do que chamamos hoje de sub-17.<\/p>\n<p>Ao longo de tr\u00eas anos (1984\/1986), o Flamemguinho disputou as seguintes competi\u00e7\u00f5es:<\/p>\n<p><strong>\u26061984:<\/strong><\/p>\n<ul>\n<li>Campe\u00e3o Municipal de Futebol Mirim (ano calend\u00e1rio 1983\/84)<\/li>\n<li>Vice-Campe\u00e3o Municipal de Futebol Mirim<\/li>\n<li>Vice campe\u00e3o da Ta\u00e7a Claudomir<\/li>\n<\/ul>\n<p><strong>\u2606 1985<\/strong><\/p>\n<ul>\n<li>Campe\u00e3o da Copa Juventude<\/li>\n<li>Campe\u00e3o Munciipal de Futebol Sub-17<\/li>\n<\/ul>\n<p><strong>\u2606 1986<\/strong><\/p>\n<ul>\n<li>Campe\u00e3o Municipal de Futebol Mirim<\/li>\n<\/ul>\n<p style=\"text-align: center;\"><img loading=\"lazy\" class=\"alignnone size-medium wp-image-6019\" src=\"https:\/\/tribunadapraia.com.br\/wp-content\/uploads\/2023\/02\/IMG-20230225-WA0028-300x225.jpg\" alt=\"\" width=\"300\" height=\"225\" srcset=\"https:\/\/tribunadapraia.com.br\/wp-content\/uploads\/2023\/02\/IMG-20230225-WA0028-300x225.jpg 300w, https:\/\/tribunadapraia.com.br\/wp-content\/uploads\/2023\/02\/IMG-20230225-WA0028-1024x768.jpg 1024w, https:\/\/tribunadapraia.com.br\/wp-content\/uploads\/2023\/02\/IMG-20230225-WA0028-768x576.jpg 768w, https:\/\/tribunadapraia.com.br\/wp-content\/uploads\/2023\/02\/IMG-20230225-WA0028-1536x1152.jpg 1536w, https:\/\/tribunadapraia.com.br\/wp-content\/uploads\/2023\/02\/IMG-20230225-WA0028.jpg 1600w\" sizes=\"(max-width: 300px) 100vw, 300px\" \/><\/p>\n<p>Ap\u00f3s um longo hiato at\u00e9 a retomada nos anos 2000 e 2010, j\u00e1 com seu time adulto, de futsal, de fut-7 e futebol de praia, o Flamguinho e iniciou uma fase de novas conquistas. E foi nesta modalidade que nos \u00faltimos anos em nove edi\u00e7\u00f5es, foi oito vezes campe\u00e3o e uma vez vice-campe\u00e3o. &#8220;Precisamos alugar um novo espa\u00e7o para guardar tantos trofeus&#8221;, disse o advogado e desportista Carlos Alberto Mendon\u00e7a, patrono-fundador do mais vencedor clube da cidade.<\/p>\n<p><img loading=\"lazy\" class=\"size-medium wp-image-6024 alignleft\" src=\"https:\/\/tribunadapraia.com.br\/wp-content\/uploads\/2023\/02\/IMG-20230225-WA0029-225x300.jpg\" alt=\"\" width=\"225\" height=\"300\" srcset=\"https:\/\/tribunadapraia.com.br\/wp-content\/uploads\/2023\/02\/IMG-20230225-WA0029-225x300.jpg 225w, https:\/\/tribunadapraia.com.br\/wp-content\/uploads\/2023\/02\/IMG-20230225-WA0029-768x1024.jpg 768w, https:\/\/tribunadapraia.com.br\/wp-content\/uploads\/2023\/02\/IMG-20230225-WA0029-1152x1536.jpg 1152w, https:\/\/tribunadapraia.com.br\/wp-content\/uploads\/2023\/02\/IMG-20230225-WA0029.jpg 1200w\" sizes=\"(max-width: 225px) 100vw, 225px\" \/>O quarto clube de maior longeividade em Pirambu, atr\u00e1s apenas do Guarany fundado em 1969, do Santos , fundado em 1972 e do Santa Cruz, fundado em 1975, o Flamenguinho det\u00e9m a maior torcida, atua em v\u00e1rias modalidades\/categorias e t\u00eam como presidente atual Artur Mendon\u00e7a.<\/p>\n<p><img loading=\"lazy\" class=\"size-medium wp-image-6022 alignleft\" src=\"https:\/\/tribunadapraia.com.br\/wp-content\/uploads\/2023\/02\/IMG-20230225-WA0043-214x300.jpg\" alt=\"\" width=\"214\" height=\"300\" srcset=\"https:\/\/tribunadapraia.com.br\/wp-content\/uploads\/2023\/02\/IMG-20230225-WA0043-214x300.jpg 214w, https:\/\/tribunadapraia.com.br\/wp-content\/uploads\/2023\/02\/IMG-20230225-WA0043.jpg 667w\" sizes=\"(max-width: 214px) 100vw, 214px\" \/>Confira abaixo o \u00e1udio da entrevista concedida pelo Carlos Amberto Mendon\u00e7a ao programa A Voz do Povo_R\u00e1dio Tribuna da Praia na quinta-feira, 23:<!--more--><\/p>\n<audio class=\"wp-audio-shortcode\" id=\"audio-6012-2\" preload=\"none\" style=\"width: 100%;\" controls=\"controls\"><source type=\"audio\/mpeg\" src=\"https:\/\/tribunadapraia.com.br\/wp-content\/uploads\/2023\/02\/BOLINJA.mp3?_=2\" \/><a href=\"https:\/\/tribunadapraia.com.br\/wp-content\/uploads\/2023\/02\/BOLINJA.mp3\">https:\/\/tribunadapraia.com.br\/wp-content\/uploads\/2023\/02\/BOLINJA.mp3<\/a><\/audio>\n","protected":false},"excerpt":{"rendered":"<p>Em jogo inaugural, goleou o Palmeiras por 5 X 1 em 25 de fevereiro de 1984 Por ClaudOmir Herzog H\u00e1 39 anos, em 25 de fevereiro de 1984, era fundado e lan\u00e7ado em Pirambu, o Clube de Regatas do Flamengo, que em jogo inaugural contra o clube mirim do Palmeiras tamb\u00e9m de Pirambu, aplicou uma sonora goleada de 5 X 1. Os onze que vestiram as camisas brancas do Flamenguinho<\/p>\n","protected":false},"author":3,"featured_media":6018,"comment_status":"open","ping_status":"open","sticky":false,"template":"","format":"standard","meta":[],"categories":[1],"tags":[],"yoast_head":"<!-- This site is optimized with the Yoast SEO plugin v16.3 - https:\/\/yoast.com\/wordpress\/plugins\/seo\/ -->\n<title>H\u00e1 39 anos nascia o FLAMENGUINHO em Pirambu, o &quot;papa-titulo&quot; rubro negro praiano - TRIBUNA DA PRAIA<\/title>\n<meta name=\"robots\" content=\"index, follow, max-snippet:-1, max-image-preview:large, max-video-preview:-1\" \/>\n<link rel=\"canonical\" href=\"https:\/\/tribunadapraia.com.br\/?p=6012\" \/>\n<meta property=\"og:locale\" content=\"pt_BR\" \/>\n<meta property=\"og:type\" content=\"article\" \/>\n<meta property=\"og:title\" content=\"H\u00e1 39 anos nascia o FLAMENGUINHO em Pirambu, o &quot;papa-titulo&quot; rubro negro praiano - TRIBUNA DA PRAIA\" \/>\n<meta property=\"og:description\" content=\"Em jogo inaugural, goleou o Palmeiras por 5 X 1 em 25 de fevereiro de 1984 Por ClaudOmir Herzog H\u00e1 39 anos, em 25 de fevereiro de 1984, era fundado e lan\u00e7ado em Pirambu, o Clube de Regatas do Flamengo, que em jogo inaugural contra o clube mirim do Palmeiras tamb\u00e9m de Pirambu, aplicou uma sonora goleada de 5 X 1. Os onze que vestiram as camisas brancas do Flamenguinho\" \/>\n<meta property=\"og:url\" content=\"https:\/\/tribunadapraia.com.br\/?p=6012\" \/>\n<meta property=\"og:site_name\" content=\"TRIBUNA DA PRAIA\" \/>\n<meta property=\"article:publisher\" content=\"https:\/\/www.facebook.com\/tribunadapraiaonline\/\" \/>\n<meta property=\"article:published_time\" content=\"2023-02-25T13:51:05+00:00\" \/>\n<meta property=\"article:modified_time\" content=\"2023-02-25T14:58:16+00:00\" \/>\n<meta property=\"og:image\" content=\"https:\/\/tribunadapraia.com.br\/wp-content\/uploads\/2023\/02\/IMG-20230225-WA0027.jpg\" \/>\n\t<meta property=\"og:image:width\" content=\"1600\" \/>\n\t<meta property=\"og:image:height\" content=\"1200\" \/>\n<meta name=\"twitter:card\" content=\"summary_large_image\" \/>\n<meta name=\"twitter:creator\" content=\"@Claudomir21\" \/>\n<meta name=\"twitter:site\" content=\"@Claudomir21\" \/>\n<meta name=\"twitter:label1\" content=\"Est. tempo de leitura\">\n\t<meta name=\"twitter:data1\" content=\"3 minutos\">\n<script type=\"application\/ld+json\" class=\"yoast-schema-graph\">{\"@context\":\"https:\/\/schema.org\",\"@graph\":[{\"@type\":\"Organization\",\"@id\":\"https:\/\/tribunadapraia.com.br\/#organization\",\"name\":\"Tribuna da Praia\",\"url\":\"https:\/\/tribunadapraia.com.br\/\",\"sameAs\":[\"https:\/\/www.facebook.com\/tribunadapraiaonline\/\",\"https:\/\/www.instagram.com\/claudomirtavares\/\",\"https:\/\/www.youtube.com\/channel\/UCwQf80nxiMzCefAyjbp53Rw\",\"https:\/\/twitter.com\/Claudomir21\"],\"logo\":{\"@type\":\"ImageObject\",\"@id\":\"https:\/\/tribunadapraia.com.br\/#logo\",\"inLanguage\":\"pt-BR\",\"url\":\"https:\/\/tribunadapraia.com.br\/wp-content\/uploads\/2020\/02\/logo.png\",\"contentUrl\":\"https:\/\/tribunadapraia.com.br\/wp-content\/uploads\/2020\/02\/logo.png\",\"width\":501,\"height\":121,\"caption\":\"Tribuna da Praia\"},\"image\":{\"@id\":\"https:\/\/tribunadapraia.com.br\/#logo\"}},{\"@type\":\"WebSite\",\"@id\":\"https:\/\/tribunadapraia.com.br\/#website\",\"url\":\"https:\/\/tribunadapraia.com.br\/\",\"name\":\"TRIBUNA DA PRAIA\",\"description\":\"O 1\\u00ba jornal do interior de Sergipe na internet\",\"publisher\":{\"@id\":\"https:\/\/tribunadapraia.com.br\/#organization\"},\"potentialAction\":[{\"@type\":\"SearchAction\",\"target\":\"https:\/\/tribunadapraia.com.br\/?s={search_term_string}\",\"query-input\":\"required name=search_term_string\"}],\"inLanguage\":\"pt-BR\"},{\"@type\":\"ImageObject\",\"@id\":\"https:\/\/tribunadapraia.com.br\/?p=6012#primaryimage\",\"inLanguage\":\"pt-BR\",\"url\":\"https:\/\/tribunadapraia.com.br\/wp-content\/uploads\/2023\/02\/IMG-20230225-WA0027.jpg\",\"contentUrl\":\"https:\/\/tribunadapraia.com.br\/wp-content\/uploads\/2023\/02\/IMG-20230225-WA0027.jpg\",\"width\":1600,\"height\":1200},{\"@type\":\"WebPage\",\"@id\":\"https:\/\/tribunadapraia.com.br\/?p=6012#webpage\",\"url\":\"https:\/\/tribunadapraia.com.br\/?p=6012\",\"name\":\"H\\u00e1 39 anos nascia o FLAMENGUINHO em Pirambu, o \\\"papa-titulo\\\" rubro negro praiano - TRIBUNA DA PRAIA\",\"isPartOf\":{\"@id\":\"https:\/\/tribunadapraia.com.br\/#website\"},\"primaryImageOfPage\":{\"@id\":\"https:\/\/tribunadapraia.com.br\/?p=6012#primaryimage\"},\"datePublished\":\"2023-02-25T13:51:05+00:00\",\"dateModified\":\"2023-02-25T14:58:16+00:00\",\"breadcrumb\":{\"@id\":\"https:\/\/tribunadapraia.com.br\/?p=6012#breadcrumb\"},\"inLanguage\":\"pt-BR\",\"potentialAction\":[{\"@type\":\"ReadAction\",\"target\":[\"https:\/\/tribunadapraia.com.br\/?p=6012\"]}]},{\"@type\":\"BreadcrumbList\",\"@id\":\"https:\/\/tribunadapraia.com.br\/?p=6012#breadcrumb\",\"itemListElement\":[{\"@type\":\"ListItem\",\"position\":1,\"item\":{\"@type\":\"WebPage\",\"@id\":\"https:\/\/tribunadapraia.com.br\/\",\"url\":\"https:\/\/tribunadapraia.com.br\/\",\"name\":\"In\\u00edcio\"}},{\"@type\":\"ListItem\",\"position\":2,\"item\":{\"@id\":\"https:\/\/tribunadapraia.com.br\/?p=6012#webpage\"}}]},{\"@type\":\"Article\",\"@id\":\"https:\/\/tribunadapraia.com.br\/?p=6012#article\",\"isPartOf\":{\"@id\":\"https:\/\/tribunadapraia.com.br\/?p=6012#webpage\"},\"author\":{\"@id\":\"https:\/\/tribunadapraia.com.br\/#\/schema\/person\/099fbbf59acc5895c0d7d52b4fc46c97\"},\"headline\":\"H\\u00e1 39 anos nascia o FLAMENGUINHO em Pirambu, o &#8220;papa-titulo&#8221; rubro negro praiano\",\"datePublished\":\"2023-02-25T13:51:05+00:00\",\"dateModified\":\"2023-02-25T14:58:16+00:00\",\"mainEntityOfPage\":{\"@id\":\"https:\/\/tribunadapraia.com.br\/?p=6012#webpage\"},\"wordCount\":381,\"commentCount\":0,\"publisher\":{\"@id\":\"https:\/\/tribunadapraia.com.br\/#organization\"},\"image\":{\"@id\":\"https:\/\/tribunadapraia.com.br\/?p=6012#primaryimage\"},\"thumbnailUrl\":\"https:\/\/tribunadapraia.com.br\/wp-content\/uploads\/2023\/02\/IMG-20230225-WA0027.jpg\",\"inLanguage\":\"pt-BR\",\"potentialAction\":[{\"@type\":\"CommentAction\",\"name\":\"Comment\",\"target\":[\"https:\/\/tribunadapraia.com.br\/?p=6012#respond\"]}]},{\"@type\":\"Person\",\"@id\":\"https:\/\/tribunadapraia.com.br\/#\/schema\/person\/099fbbf59acc5895c0d7d52b4fc46c97\",\"name\":\"Reda\\u00e7\\u00e3o\",\"image\":{\"@type\":\"ImageObject\",\"@id\":\"https:\/\/tribunadapraia.com.br\/#personlogo\",\"inLanguage\":\"pt-BR\",\"url\":\"https:\/\/secure.gravatar.com\/avatar\/91c8b91d2bfd7784eac5c3e055361f64?s=96&d=identicon&r=g\",\"contentUrl\":\"https:\/\/secure.gravatar.com\/avatar\/91c8b91d2bfd7784eac5c3e055361f64?s=96&d=identicon&r=g\",\"caption\":\"Reda\\u00e7\\u00e3o\"}}]}<\/script>\n<!-- \/ Yoast SEO plugin. -->","wps_subtitle":"","_links":{"self":[{"href":"https:\/\/tribunadapraia.com.br\/index.php?rest_route=\/wp\/v2\/posts\/6012"}],"collection":[{"href":"https:\/\/tribunadapraia.com.br\/index.php?rest_route=\/wp\/v2\/posts"}],"about":[{"href":"https:\/\/tribunadapraia.com.br\/index.php?rest_route=\/wp\/v2\/types\/post"}],"author":[{"embeddable":true,"href":"https:\/\/tribunadapraia.com.br\/index.php?rest_route=\/wp\/v2\/users\/3"}],"replies":[{"embeddable":true,"href":"https:\/\/tribunadapraia.com.br\/index.php?rest_route=%2Fwp%2Fv2%2Fcomments&post=6012"}],"version-history":[{"count":8,"href":"https:\/\/tribunadapraia.com.br\/index.php?rest_route=\/wp\/v2\/posts\/6012\/revisions"}],"predecessor-version":[{"id":6028,"href":"https:\/\/tribunadapraia.com.br\/index.php?rest_route=\/wp\/v2\/posts\/6012\/revisions\/6028"}],"wp:featuredmedia":[{"embeddable":true,"href":"https:\/\/tribunadapraia.com.br\/index.php?rest_route=\/wp\/v2\/media\/6018"}],"wp:attachment":[{"href":"https:\/\/tribunadapraia.com.br\/index.php?rest_route=%2Fwp%2Fv2%2Fmedia&parent=6012"}],"wp:term":[{"taxonomy":"category","embeddable":true,"href":"https:\/\/tribunadapraia.com.br\/index.php?rest_route=%2Fwp%2Fv2%2Fcategories&post=6012"},{"taxonomy":"post_tag","embeddable":true,"href":"https:\/\/tribunadapraia.com.br\/index.php?rest_route=%2Fwp%2Fv2%2Ftags&post=6012"}],"curies":[{"name":"wp","href":"https:\/\/api.w.org\/{rel}","templated":true}]}}