{"id":5995,"date":"2023-02-21T09:27:07","date_gmt":"2023-02-21T12:27:07","guid":{"rendered":"https:\/\/tribunadapraia.com.br\/?p=5995"},"modified":"2023-02-21T09:30:40","modified_gmt":"2023-02-21T12:30:40","slug":"barra-folia-2023-esta-transcorrendo-na-mais-santa-paz-com-alegria-e-diversidade","status":"publish","type":"post","link":"https:\/\/tribunadapraia.com.br\/?p=5995","title":{"rendered":"Barra Folia 2023 est\u00e1 transcorrendo na mais santa paz, com alegria e diversidade"},"content":{"rendered":"<!--[if lt IE 9]><script>document.createElement('audio');<\/script><![endif]-->\n<audio class=\"wp-audio-shortcode\" id=\"audio-5995-1\" preload=\"none\" style=\"width: 100%;\" controls=\"controls\"><source type=\"audio\/mpeg\" src=\"https:\/\/tribunadapraia.com.br\/wp-content\/uploads\/2023\/02\/ANUNCIE-1.mp3?_=1\" \/><a href=\"https:\/\/tribunadapraia.com.br\/wp-content\/uploads\/2023\/02\/ANUNCIE-1.mp3\">https:\/\/tribunadapraia.com.br\/wp-content\/uploads\/2023\/02\/ANUNCIE-1.mp3<\/a><\/audio>\n<ul>\n<li><span style=\"color: #ff6600;\">Por Anthony Maderah | Foto: Secom\/PMBC<\/span><\/li>\n<\/ul>\n<p>A proximidade com Aracaju, sem pared\u00f5es no s\u00edtio hist\u00f3rico e bairros populares, o BARRA FOLIA 2023, o Carnaval de Barra dos Coqueiros, est\u00e1 sendo um sucesso de p\u00fablico e de alegria, proporcionados por uma ecl\u00e9tica e diversificada programa\u00e7\u00e3o art\u00edstica. Os shows acontecem \u00e0s tardes na Praia da Costa e a noite na Pra\u00e7a de Eventos da Atalaia Nova, ligados por negas arrast\u00f5es que tem atra\u00eddo uma multid\u00e3o de foli\u00f5es.<\/p>\n<p style=\"text-align: center;\"><img loading=\"lazy\" class=\"alignnone size-medium wp-image-5987\" src=\"https:\/\/tribunadapraia.com.br\/wp-content\/uploads\/2023\/02\/IMG-20230219-WA0149-300x229.jpg\" alt=\"\" width=\"300\" height=\"229\" srcset=\"https:\/\/tribunadapraia.com.br\/wp-content\/uploads\/2023\/02\/IMG-20230219-WA0149-300x229.jpg 300w, https:\/\/tribunadapraia.com.br\/wp-content\/uploads\/2023\/02\/IMG-20230219-WA0149-1024x782.jpg 1024w, https:\/\/tribunadapraia.com.br\/wp-content\/uploads\/2023\/02\/IMG-20230219-WA0149-768x587.jpg 768w, https:\/\/tribunadapraia.com.br\/wp-content\/uploads\/2023\/02\/IMG-20230219-WA0149.jpg 1080w\" sizes=\"(max-width: 300px) 100vw, 300px\" \/><\/p>\n<p>&#8220;Aqui est\u00e1 acontecendo, sem sombra de d\u00favidas o melhor Carnaval de Sergipe&#8221;, avalia e comemora o prefeito Alberto Macedo.<\/p>\n<p>\u25a0 Anteriores:<\/p>\n<blockquote class=\"wp-embedded-content\" data-secret=\"E41jzcO8LD\"><p><a href=\"https:\/\/tribunadapraia.com.br\/?p=5978\">Editorial: Duelo do bem &#8211; Barra dos Coqueiros e Pirambu disputam o t\u00edtulo de melhor carnaval de Sergipe<\/a><\/p><\/blockquote>\n<p><iframe class=\"wp-embedded-content\" sandbox=\"allow-scripts\" security=\"restricted\" style=\"position: absolute; clip: rect(1px, 1px, 1px, 1px);\" title=\"&#8220;Editorial: Duelo do bem &#8211; Barra dos Coqueiros e Pirambu disputam o t\u00edtulo de melhor carnaval de Sergipe&#8221; &#8212; TRIBUNA DA PRAIA\" src=\"https:\/\/tribunadapraia.com.br\/?p=5978&#038;embed=true#?secret=E41jzcO8LD\" data-secret=\"E41jzcO8LD\" width=\"600\" height=\"338\" frameborder=\"0\" marginwidth=\"0\" marginheight=\"0\" scrolling=\"no\"><\/iframe><\/p>\n","protected":false},"excerpt":{"rendered":"<p>Por Anthony Maderah | Foto: Secom\/PMBC A proximidade com Aracaju, sem pared\u00f5es no s\u00edtio hist\u00f3rico e bairros populares, o BARRA FOLIA 2023, o Carnaval de Barra dos Coqueiros, est\u00e1 sendo um sucesso de p\u00fablico e de alegria, proporcionados por uma ecl\u00e9tica e diversificada programa\u00e7\u00e3o art\u00edstica. Os shows acontecem \u00e0s tardes na Praia da Costa e a noite na Pra\u00e7a de Eventos da Atalaia Nova, ligados por negas arrast\u00f5es que tem<\/p>\n","protected":false},"author":1,"featured_media":5996,"comment_status":"open","ping_status":"open","sticky":false,"template":"","format":"standard","meta":[],"categories":[1],"tags":[],"yoast_head":"<!-- This site is optimized with the Yoast SEO plugin v16.3 - https:\/\/yoast.com\/wordpress\/plugins\/seo\/ -->\n<title>Barra Folia 2023 est\u00e1 transcorrendo na mais santa paz, com alegria e diversidade - TRIBUNA DA PRAIA<\/title>\n<meta name=\"robots\" content=\"index, follow, max-snippet:-1, max-image-preview:large, max-video-preview:-1\" \/>\n<link rel=\"canonical\" href=\"https:\/\/tribunadapraia.com.br\/?p=5995\" \/>\n<meta property=\"og:locale\" content=\"pt_BR\" \/>\n<meta property=\"og:type\" content=\"article\" \/>\n<meta property=\"og:title\" content=\"Barra Folia 2023 est\u00e1 transcorrendo na mais santa paz, com alegria e diversidade - TRIBUNA DA PRAIA\" \/>\n<meta property=\"og:description\" content=\"Por Anthony Maderah | Foto: Secom\/PMBC A proximidade com Aracaju, sem pared\u00f5es no s\u00edtio hist\u00f3rico e bairros populares, o BARRA FOLIA 2023, o Carnaval de Barra dos Coqueiros, est\u00e1 sendo um sucesso de p\u00fablico e de alegria, proporcionados por uma ecl\u00e9tica e diversificada programa\u00e7\u00e3o art\u00edstica. Os shows acontecem \u00e0s tardes na Praia da Costa e a noite na Pra\u00e7a de Eventos da Atalaia Nova, ligados por negas arrast\u00f5es que tem\" \/>\n<meta property=\"og:url\" content=\"https:\/\/tribunadapraia.com.br\/?p=5995\" \/>\n<meta property=\"og:site_name\" content=\"TRIBUNA DA PRAIA\" \/>\n<meta property=\"article:publisher\" content=\"https:\/\/www.facebook.com\/tribunadapraiaonline\/\" \/>\n<meta property=\"article:published_time\" content=\"2023-02-21T12:27:07+00:00\" \/>\n<meta property=\"article:modified_time\" content=\"2023-02-21T12:30:40+00:00\" \/>\n<meta property=\"og:image\" content=\"https:\/\/tribunadapraia.com.br\/wp-content\/uploads\/2023\/02\/IMG-20230221-WA0006.jpg\" \/>\n\t<meta property=\"og:image:width\" content=\"1080\" \/>\n\t<meta property=\"og:image:height\" content=\"802\" \/>\n<meta name=\"twitter:card\" content=\"summary_large_image\" \/>\n<meta name=\"twitter:creator\" content=\"@Claudomir21\" \/>\n<meta name=\"twitter:site\" content=\"@Claudomir21\" \/>\n<meta name=\"twitter:label1\" content=\"Est. tempo de leitura\">\n\t<meta name=\"twitter:data1\" content=\"1 minuto\">\n<script type=\"application\/ld+json\" class=\"yoast-schema-graph\">{\"@context\":\"https:\/\/schema.org\",\"@graph\":[{\"@type\":\"Organization\",\"@id\":\"https:\/\/tribunadapraia.com.br\/#organization\",\"name\":\"Tribuna da Praia\",\"url\":\"https:\/\/tribunadapraia.com.br\/\",\"sameAs\":[\"https:\/\/www.facebook.com\/tribunadapraiaonline\/\",\"https:\/\/www.instagram.com\/claudomirtavares\/\",\"https:\/\/www.youtube.com\/channel\/UCwQf80nxiMzCefAyjbp53Rw\",\"https:\/\/twitter.com\/Claudomir21\"],\"logo\":{\"@type\":\"ImageObject\",\"@id\":\"https:\/\/tribunadapraia.com.br\/#logo\",\"inLanguage\":\"pt-BR\",\"url\":\"https:\/\/tribunadapraia.com.br\/wp-content\/uploads\/2020\/02\/logo.png\",\"contentUrl\":\"https:\/\/tribunadapraia.com.br\/wp-content\/uploads\/2020\/02\/logo.png\",\"width\":501,\"height\":121,\"caption\":\"Tribuna da Praia\"},\"image\":{\"@id\":\"https:\/\/tribunadapraia.com.br\/#logo\"}},{\"@type\":\"WebSite\",\"@id\":\"https:\/\/tribunadapraia.com.br\/#website\",\"url\":\"https:\/\/tribunadapraia.com.br\/\",\"name\":\"TRIBUNA DA PRAIA\",\"description\":\"O 1\\u00ba jornal do interior de Sergipe na internet\",\"publisher\":{\"@id\":\"https:\/\/tribunadapraia.com.br\/#organization\"},\"potentialAction\":[{\"@type\":\"SearchAction\",\"target\":\"https:\/\/tribunadapraia.com.br\/?s={search_term_string}\",\"query-input\":\"required name=search_term_string\"}],\"inLanguage\":\"pt-BR\"},{\"@type\":\"ImageObject\",\"@id\":\"https:\/\/tribunadapraia.com.br\/?p=5995#primaryimage\",\"inLanguage\":\"pt-BR\",\"url\":\"https:\/\/tribunadapraia.com.br\/wp-content\/uploads\/2023\/02\/IMG-20230221-WA0006.jpg\",\"contentUrl\":\"https:\/\/tribunadapraia.com.br\/wp-content\/uploads\/2023\/02\/IMG-20230221-WA0006.jpg\",\"width\":1080,\"height\":802},{\"@type\":\"WebPage\",\"@id\":\"https:\/\/tribunadapraia.com.br\/?p=5995#webpage\",\"url\":\"https:\/\/tribunadapraia.com.br\/?p=5995\",\"name\":\"Barra Folia 2023 est\\u00e1 transcorrendo na mais santa paz, com alegria e diversidade - TRIBUNA DA PRAIA\",\"isPartOf\":{\"@id\":\"https:\/\/tribunadapraia.com.br\/#website\"},\"primaryImageOfPage\":{\"@id\":\"https:\/\/tribunadapraia.com.br\/?p=5995#primaryimage\"},\"datePublished\":\"2023-02-21T12:27:07+00:00\",\"dateModified\":\"2023-02-21T12:30:40+00:00\",\"breadcrumb\":{\"@id\":\"https:\/\/tribunadapraia.com.br\/?p=5995#breadcrumb\"},\"inLanguage\":\"pt-BR\",\"potentialAction\":[{\"@type\":\"ReadAction\",\"target\":[\"https:\/\/tribunadapraia.com.br\/?p=5995\"]}]},{\"@type\":\"BreadcrumbList\",\"@id\":\"https:\/\/tribunadapraia.com.br\/?p=5995#breadcrumb\",\"itemListElement\":[{\"@type\":\"ListItem\",\"position\":1,\"item\":{\"@type\":\"WebPage\",\"@id\":\"https:\/\/tribunadapraia.com.br\/\",\"url\":\"https:\/\/tribunadapraia.com.br\/\",\"name\":\"In\\u00edcio\"}},{\"@type\":\"ListItem\",\"position\":2,\"item\":{\"@id\":\"https:\/\/tribunadapraia.com.br\/?p=5995#webpage\"}}]},{\"@type\":\"Article\",\"@id\":\"https:\/\/tribunadapraia.com.br\/?p=5995#article\",\"isPartOf\":{\"@id\":\"https:\/\/tribunadapraia.com.br\/?p=5995#webpage\"},\"author\":{\"@id\":\"https:\/\/tribunadapraia.com.br\/#\/schema\/person\/326b0a9f3163b479142c64eba4928de0\"},\"headline\":\"Barra Folia 2023 est\\u00e1 transcorrendo na mais santa paz, com alegria e diversidade\",\"datePublished\":\"2023-02-21T12:27:07+00:00\",\"dateModified\":\"2023-02-21T12:30:40+00:00\",\"mainEntityOfPage\":{\"@id\":\"https:\/\/tribunadapraia.com.br\/?p=5995#webpage\"},\"wordCount\":135,\"commentCount\":0,\"publisher\":{\"@id\":\"https:\/\/tribunadapraia.com.br\/#organization\"},\"image\":{\"@id\":\"https:\/\/tribunadapraia.com.br\/?p=5995#primaryimage\"},\"thumbnailUrl\":\"https:\/\/tribunadapraia.com.br\/wp-content\/uploads\/2023\/02\/IMG-20230221-WA0006.jpg\",\"inLanguage\":\"pt-BR\",\"potentialAction\":[{\"@type\":\"CommentAction\",\"name\":\"Comment\",\"target\":[\"https:\/\/tribunadapraia.com.br\/?p=5995#respond\"]}]},{\"@type\":\"Person\",\"@id\":\"https:\/\/tribunadapraia.com.br\/#\/schema\/person\/326b0a9f3163b479142c64eba4928de0\",\"name\":\"tribunadapraia\",\"image\":{\"@type\":\"ImageObject\",\"@id\":\"https:\/\/tribunadapraia.com.br\/#personlogo\",\"inLanguage\":\"pt-BR\",\"url\":\"https:\/\/secure.gravatar.com\/avatar\/38b019c74762496076b7355024a0dad9?s=96&d=identicon&r=g\",\"contentUrl\":\"https:\/\/secure.gravatar.com\/avatar\/38b019c74762496076b7355024a0dad9?s=96&d=identicon&r=g\",\"caption\":\"tribunadapraia\"}}]}<\/script>\n<!-- \/ Yoast SEO plugin. -->","wps_subtitle":"","_links":{"self":[{"href":"https:\/\/tribunadapraia.com.br\/index.php?rest_route=\/wp\/v2\/posts\/5995"}],"collection":[{"href":"https:\/\/tribunadapraia.com.br\/index.php?rest_route=\/wp\/v2\/posts"}],"about":[{"href":"https:\/\/tribunadapraia.com.br\/index.php?rest_route=\/wp\/v2\/types\/post"}],"author":[{"embeddable":true,"href":"https:\/\/tribunadapraia.com.br\/index.php?rest_route=\/wp\/v2\/users\/1"}],"replies":[{"embeddable":true,"href":"https:\/\/tribunadapraia.com.br\/index.php?rest_route=%2Fwp%2Fv2%2Fcomments&post=5995"}],"version-history":[{"count":2,"href":"https:\/\/tribunadapraia.com.br\/index.php?rest_route=\/wp\/v2\/posts\/5995\/revisions"}],"predecessor-version":[{"id":5999,"href":"https:\/\/tribunadapraia.com.br\/index.php?rest_route=\/wp\/v2\/posts\/5995\/revisions\/5999"}],"wp:featuredmedia":[{"embeddable":true,"href":"https:\/\/tribunadapraia.com.br\/index.php?rest_route=\/wp\/v2\/media\/5996"}],"wp:attachment":[{"href":"https:\/\/tribunadapraia.com.br\/index.php?rest_route=%2Fwp%2Fv2%2Fmedia&parent=5995"}],"wp:term":[{"taxonomy":"category","embeddable":true,"href":"https:\/\/tribunadapraia.com.br\/index.php?rest_route=%2Fwp%2Fv2%2Fcategories&post=5995"},{"taxonomy":"post_tag","embeddable":true,"href":"https:\/\/tribunadapraia.com.br\/index.php?rest_route=%2Fwp%2Fv2%2Ftags&post=5995"}],"curies":[{"name":"wp","href":"https:\/\/api.w.org\/{rel}","templated":true}]}}