{"id":5978,"date":"2023-02-20T08:27:45","date_gmt":"2023-02-20T11:27:45","guid":{"rendered":"https:\/\/tribunadapraia.com.br\/?p=5978"},"modified":"2023-02-20T10:35:35","modified_gmt":"2023-02-20T13:35:35","slug":"editorial-duelo-do-bem-barra-dos-coqueiros-e-pirambu-disputam-o-titulo-de-melhor-carnaval-de-sergipe","status":"publish","type":"post","link":"https:\/\/tribunadapraia.com.br\/?p=5978","title":{"rendered":"Editorial: Duelo do bem &#8211; Barra dos Coqueiros e Pirambu disputam o t\u00edtulo de melhor carnaval de Sergipe"},"content":{"rendered":"<p>As cidades de Barra dos Coqueiros, na regi\u00e3o metropolitana e Pirambu, no Vale do Japaratuba, disputam o t\u00edtulo simb\u00f3lico de maior e melhor Carnaval de Sergipe. Ambas tem proporcionado aos foli\u00f5es da cidade e visitantes v\u00e1rias atra\u00e7\u00f5es, destacando-se o ax\u00e9 music com inspira\u00e7\u00e3o baiana, mas incluindo outros ritmos que agradam aos diferentes p\u00fablicos.<\/p>\n<p style=\"text-align: center;\"><img loading=\"lazy\" class=\"alignnone size-medium wp-image-5982\" src=\"https:\/\/tribunadapraia.com.br\/wp-content\/uploads\/2023\/02\/IMG-20230219-WA01521-300x201.jpg\" alt=\"\" width=\"300\" height=\"201\" srcset=\"https:\/\/tribunadapraia.com.br\/wp-content\/uploads\/2023\/02\/IMG-20230219-WA01521-300x200.jpg 300w, https:\/\/tribunadapraia.com.br\/wp-content\/uploads\/2023\/02\/IMG-20230219-WA01521-1024x686.jpg 1024w, https:\/\/tribunadapraia.com.br\/wp-content\/uploads\/2023\/02\/IMG-20230219-WA01521-768x515.jpg 768w, https:\/\/tribunadapraia.com.br\/wp-content\/uploads\/2023\/02\/IMG-20230219-WA01521-600x400.jpg 600w, https:\/\/tribunadapraia.com.br\/wp-content\/uploads\/2023\/02\/IMG-20230219-WA01521-272x182.jpg 272w, https:\/\/tribunadapraia.com.br\/wp-content\/uploads\/2023\/02\/IMG-20230219-WA01521.jpg 1080w\" sizes=\"(max-width: 300px) 100vw, 300px\" \/><\/p>\n<p>N\u00e3o d\u00e1 para cravar em qual delas est\u00e1 acontecendo o melhor Carnaval, at\u00e9 porque apesar de serem cidades litor\u00e2neas, t\u00eam caracter\u00edsticas diferentes, marcadamente pelas suas localiza\u00e7\u00f5es geogr\u00e1fica. Enquanto na Barra registra-se um p\u00fablico em maior quantidade vindo da capital, Aracaju e seu entorno, em Pirambu \u00e9 maior a propor\u00e7\u00e3o das cidades da regi\u00e3o Norte e Leste Sergipano.<\/p>\n<p style=\"text-align: center;\"><img loading=\"lazy\" class=\"alignnone size-medium wp-image-5983\" src=\"https:\/\/tribunadapraia.com.br\/wp-content\/uploads\/2023\/02\/IMG-20230219-WA0150-300x199.jpg\" alt=\"\" width=\"300\" height=\"199\" srcset=\"https:\/\/tribunadapraia.com.br\/wp-content\/uploads\/2023\/02\/IMG-20230219-WA0150-300x200.jpg 300w, https:\/\/tribunadapraia.com.br\/wp-content\/uploads\/2023\/02\/IMG-20230219-WA0150-1024x679.jpg 1024w, https:\/\/tribunadapraia.com.br\/wp-content\/uploads\/2023\/02\/IMG-20230219-WA0150-768x509.jpg 768w, https:\/\/tribunadapraia.com.br\/wp-content\/uploads\/2023\/02\/IMG-20230219-WA0150-600x400.jpg 600w, https:\/\/tribunadapraia.com.br\/wp-content\/uploads\/2023\/02\/IMG-20230219-WA0150.jpg 1080w\" sizes=\"(max-width: 300px) 100vw, 300px\" \/><\/p>\n<p>As for\u00e7osas conten\u00e7\u00f5es de recursos n\u00e3o impediram que afluisse uma multid\u00e3o para a cidade da Ilha de Santa Luzia, enquanto na cidade do Leste anota-se mais diversidade em sua programa\u00e7\u00e3o oficial e popular.<\/p>\n<p style=\"text-align: center;\"><img loading=\"lazy\" class=\"alignnone size-medium wp-image-5984\" src=\"https:\/\/tribunadapraia.com.br\/wp-content\/uploads\/2023\/02\/IMG-20230219-WA0151-300x184.jpg\" alt=\"\" width=\"300\" height=\"184\" srcset=\"https:\/\/tribunadapraia.com.br\/wp-content\/uploads\/2023\/02\/IMG-20230219-WA0151-300x184.jpg 300w, https:\/\/tribunadapraia.com.br\/wp-content\/uploads\/2023\/02\/IMG-20230219-WA0151-1024x627.jpg 1024w, https:\/\/tribunadapraia.com.br\/wp-content\/uploads\/2023\/02\/IMG-20230219-WA0151-768x470.jpg 768w, https:\/\/tribunadapraia.com.br\/wp-content\/uploads\/2023\/02\/IMG-20230219-WA0151.jpg 1080w\" sizes=\"(max-width: 300px) 100vw, 300px\" \/><\/p>\n<p>A conclus\u00e3o \u00e9 sua, pois preferimos acrescentar a cidade de Ne\u00f3polis, no Baixo S\u00e3o Francisco, entre os principais centros momescos de Sergipe, pelas suas peculiaridades cujo elemento principal tem sido o frevo inspirado em Pernambuco e o l\u00fadico &#8220;mela-mela&#8221;.<\/p>\n<p style=\"text-align: center;\"><img loading=\"lazy\" class=\"alignnone size-medium wp-image-5985\" src=\"https:\/\/tribunadapraia.com.br\/wp-content\/uploads\/2023\/02\/IMG-20230219-WA0153-1-300x196.jpg\" alt=\"\" width=\"300\" height=\"196\" srcset=\"https:\/\/tribunadapraia.com.br\/wp-content\/uploads\/2023\/02\/IMG-20230219-WA0153-1-300x196.jpg 300w, https:\/\/tribunadapraia.com.br\/wp-content\/uploads\/2023\/02\/IMG-20230219-WA0153-1-1024x667.jpg 1024w, https:\/\/tribunadapraia.com.br\/wp-content\/uploads\/2023\/02\/IMG-20230219-WA0153-1-768x501.jpg 768w, https:\/\/tribunadapraia.com.br\/wp-content\/uploads\/2023\/02\/IMG-20230219-WA0153-1.jpg 1080w\" sizes=\"(max-width: 300px) 100vw, 300px\" \/><\/p>\n<p>A decis\u00e3o \u00e9 sua, a festa \u00e9 de todos!<\/p>\n<ul>\n<li><span style=\"color: #ff6600;\">Por Claudomir Herzog | Fotos: Assessorias de Imprensa<\/span><\/li>\n<\/ul>\n","protected":false},"excerpt":{"rendered":"<p>As cidades de Barra dos Coqueiros, na regi\u00e3o metropolitana e Pirambu, no Vale do Japaratuba, disputam o t\u00edtulo simb\u00f3lico de maior e melhor Carnaval de Sergipe. Ambas tem proporcionado aos foli\u00f5es da cidade e visitantes v\u00e1rias atra\u00e7\u00f5es, destacando-se o ax\u00e9 music com inspira\u00e7\u00e3o baiana, mas incluindo outros ritmos que agradam aos diferentes p\u00fablicos. N\u00e3o d\u00e1 para cravar em qual delas est\u00e1 acontecendo o melhor Carnaval, at\u00e9 porque apesar de serem<\/p>\n","protected":false},"author":3,"featured_media":5987,"comment_status":"open","ping_status":"open","sticky":false,"template":"","format":"standard","meta":[],"categories":[18],"tags":[],"yoast_head":"<!-- This site is optimized with the Yoast SEO plugin v16.3 - https:\/\/yoast.com\/wordpress\/plugins\/seo\/ -->\n<title>Editorial: Duelo do bem - Barra dos Coqueiros e Pirambu disputam o t\u00edtulo de melhor carnaval de Sergipe - TRIBUNA DA PRAIA<\/title>\n<meta name=\"robots\" content=\"index, follow, max-snippet:-1, max-image-preview:large, max-video-preview:-1\" \/>\n<link rel=\"canonical\" href=\"https:\/\/tribunadapraia.com.br\/?p=5978\" \/>\n<meta property=\"og:locale\" content=\"pt_BR\" \/>\n<meta property=\"og:type\" content=\"article\" \/>\n<meta property=\"og:title\" content=\"Editorial: Duelo do bem - Barra dos Coqueiros e Pirambu disputam o t\u00edtulo de melhor carnaval de Sergipe - TRIBUNA DA PRAIA\" \/>\n<meta property=\"og:description\" content=\"As cidades de Barra dos Coqueiros, na regi\u00e3o metropolitana e Pirambu, no Vale do Japaratuba, disputam o t\u00edtulo simb\u00f3lico de maior e melhor Carnaval de Sergipe. Ambas tem proporcionado aos foli\u00f5es da cidade e visitantes v\u00e1rias atra\u00e7\u00f5es, destacando-se o ax\u00e9 music com inspira\u00e7\u00e3o baiana, mas incluindo outros ritmos que agradam aos diferentes p\u00fablicos. N\u00e3o d\u00e1 para cravar em qual delas est\u00e1 acontecendo o melhor Carnaval, at\u00e9 porque apesar de serem\" \/>\n<meta property=\"og:url\" content=\"https:\/\/tribunadapraia.com.br\/?p=5978\" \/>\n<meta property=\"og:site_name\" content=\"TRIBUNA DA PRAIA\" \/>\n<meta property=\"article:publisher\" content=\"https:\/\/www.facebook.com\/tribunadapraiaonline\/\" \/>\n<meta property=\"article:published_time\" content=\"2023-02-20T11:27:45+00:00\" \/>\n<meta property=\"article:modified_time\" content=\"2023-02-20T13:35:35+00:00\" \/>\n<meta property=\"og:image\" content=\"https:\/\/tribunadapraia.com.br\/wp-content\/uploads\/2023\/02\/IMG-20230219-WA0149.jpg\" \/>\n\t<meta property=\"og:image:width\" content=\"1080\" \/>\n\t<meta property=\"og:image:height\" content=\"825\" \/>\n<meta name=\"twitter:card\" content=\"summary_large_image\" \/>\n<meta name=\"twitter:creator\" content=\"@Claudomir21\" \/>\n<meta name=\"twitter:site\" content=\"@Claudomir21\" \/>\n<meta name=\"twitter:label1\" content=\"Est. tempo de leitura\">\n\t<meta name=\"twitter:data1\" content=\"2 minutos\">\n<script type=\"application\/ld+json\" class=\"yoast-schema-graph\">{\"@context\":\"https:\/\/schema.org\",\"@graph\":[{\"@type\":\"Organization\",\"@id\":\"https:\/\/tribunadapraia.com.br\/#organization\",\"name\":\"Tribuna da Praia\",\"url\":\"https:\/\/tribunadapraia.com.br\/\",\"sameAs\":[\"https:\/\/www.facebook.com\/tribunadapraiaonline\/\",\"https:\/\/www.instagram.com\/claudomirtavares\/\",\"https:\/\/www.youtube.com\/channel\/UCwQf80nxiMzCefAyjbp53Rw\",\"https:\/\/twitter.com\/Claudomir21\"],\"logo\":{\"@type\":\"ImageObject\",\"@id\":\"https:\/\/tribunadapraia.com.br\/#logo\",\"inLanguage\":\"pt-BR\",\"url\":\"https:\/\/tribunadapraia.com.br\/wp-content\/uploads\/2020\/02\/logo.png\",\"contentUrl\":\"https:\/\/tribunadapraia.com.br\/wp-content\/uploads\/2020\/02\/logo.png\",\"width\":501,\"height\":121,\"caption\":\"Tribuna da Praia\"},\"image\":{\"@id\":\"https:\/\/tribunadapraia.com.br\/#logo\"}},{\"@type\":\"WebSite\",\"@id\":\"https:\/\/tribunadapraia.com.br\/#website\",\"url\":\"https:\/\/tribunadapraia.com.br\/\",\"name\":\"TRIBUNA DA PRAIA\",\"description\":\"O 1\\u00ba jornal do interior de Sergipe na internet\",\"publisher\":{\"@id\":\"https:\/\/tribunadapraia.com.br\/#organization\"},\"potentialAction\":[{\"@type\":\"SearchAction\",\"target\":\"https:\/\/tribunadapraia.com.br\/?s={search_term_string}\",\"query-input\":\"required name=search_term_string\"}],\"inLanguage\":\"pt-BR\"},{\"@type\":\"ImageObject\",\"@id\":\"https:\/\/tribunadapraia.com.br\/?p=5978#primaryimage\",\"inLanguage\":\"pt-BR\",\"url\":\"https:\/\/tribunadapraia.com.br\/wp-content\/uploads\/2023\/02\/IMG-20230219-WA0149.jpg\",\"contentUrl\":\"https:\/\/tribunadapraia.com.br\/wp-content\/uploads\/2023\/02\/IMG-20230219-WA0149.jpg\",\"width\":1080,\"height\":825},{\"@type\":\"WebPage\",\"@id\":\"https:\/\/tribunadapraia.com.br\/?p=5978#webpage\",\"url\":\"https:\/\/tribunadapraia.com.br\/?p=5978\",\"name\":\"Editorial: Duelo do bem - Barra dos Coqueiros e Pirambu disputam o t\\u00edtulo de melhor carnaval de Sergipe - TRIBUNA DA PRAIA\",\"isPartOf\":{\"@id\":\"https:\/\/tribunadapraia.com.br\/#website\"},\"primaryImageOfPage\":{\"@id\":\"https:\/\/tribunadapraia.com.br\/?p=5978#primaryimage\"},\"datePublished\":\"2023-02-20T11:27:45+00:00\",\"dateModified\":\"2023-02-20T13:35:35+00:00\",\"breadcrumb\":{\"@id\":\"https:\/\/tribunadapraia.com.br\/?p=5978#breadcrumb\"},\"inLanguage\":\"pt-BR\",\"potentialAction\":[{\"@type\":\"ReadAction\",\"target\":[\"https:\/\/tribunadapraia.com.br\/?p=5978\"]}]},{\"@type\":\"BreadcrumbList\",\"@id\":\"https:\/\/tribunadapraia.com.br\/?p=5978#breadcrumb\",\"itemListElement\":[{\"@type\":\"ListItem\",\"position\":1,\"item\":{\"@type\":\"WebPage\",\"@id\":\"https:\/\/tribunadapraia.com.br\/\",\"url\":\"https:\/\/tribunadapraia.com.br\/\",\"name\":\"In\\u00edcio\"}},{\"@type\":\"ListItem\",\"position\":2,\"item\":{\"@id\":\"https:\/\/tribunadapraia.com.br\/?p=5978#webpage\"}}]},{\"@type\":\"Article\",\"@id\":\"https:\/\/tribunadapraia.com.br\/?p=5978#article\",\"isPartOf\":{\"@id\":\"https:\/\/tribunadapraia.com.br\/?p=5978#webpage\"},\"author\":{\"@id\":\"https:\/\/tribunadapraia.com.br\/#\/schema\/person\/099fbbf59acc5895c0d7d52b4fc46c97\"},\"headline\":\"Editorial: Duelo do bem &#8211; Barra dos Coqueiros e Pirambu disputam o t\\u00edtulo de melhor carnaval de Sergipe\",\"datePublished\":\"2023-02-20T11:27:45+00:00\",\"dateModified\":\"2023-02-20T13:35:35+00:00\",\"mainEntityOfPage\":{\"@id\":\"https:\/\/tribunadapraia.com.br\/?p=5978#webpage\"},\"wordCount\":240,\"commentCount\":1,\"publisher\":{\"@id\":\"https:\/\/tribunadapraia.com.br\/#organization\"},\"image\":{\"@id\":\"https:\/\/tribunadapraia.com.br\/?p=5978#primaryimage\"},\"thumbnailUrl\":\"https:\/\/tribunadapraia.com.br\/wp-content\/uploads\/2023\/02\/IMG-20230219-WA0149.jpg\",\"articleSection\":[\"Not\\u00edcias\"],\"inLanguage\":\"pt-BR\",\"potentialAction\":[{\"@type\":\"CommentAction\",\"name\":\"Comment\",\"target\":[\"https:\/\/tribunadapraia.com.br\/?p=5978#respond\"]}]},{\"@type\":\"Person\",\"@id\":\"https:\/\/tribunadapraia.com.br\/#\/schema\/person\/099fbbf59acc5895c0d7d52b4fc46c97\",\"name\":\"Reda\\u00e7\\u00e3o\",\"image\":{\"@type\":\"ImageObject\",\"@id\":\"https:\/\/tribunadapraia.com.br\/#personlogo\",\"inLanguage\":\"pt-BR\",\"url\":\"https:\/\/secure.gravatar.com\/avatar\/91c8b91d2bfd7784eac5c3e055361f64?s=96&d=identicon&r=g\",\"contentUrl\":\"https:\/\/secure.gravatar.com\/avatar\/91c8b91d2bfd7784eac5c3e055361f64?s=96&d=identicon&r=g\",\"caption\":\"Reda\\u00e7\\u00e3o\"}}]}<\/script>\n<!-- \/ Yoast SEO plugin. -->","wps_subtitle":"","_links":{"self":[{"href":"https:\/\/tribunadapraia.com.br\/index.php?rest_route=\/wp\/v2\/posts\/5978"}],"collection":[{"href":"https:\/\/tribunadapraia.com.br\/index.php?rest_route=\/wp\/v2\/posts"}],"about":[{"href":"https:\/\/tribunadapraia.com.br\/index.php?rest_route=\/wp\/v2\/types\/post"}],"author":[{"embeddable":true,"href":"https:\/\/tribunadapraia.com.br\/index.php?rest_route=\/wp\/v2\/users\/3"}],"replies":[{"embeddable":true,"href":"https:\/\/tribunadapraia.com.br\/index.php?rest_route=%2Fwp%2Fv2%2Fcomments&post=5978"}],"version-history":[{"count":3,"href":"https:\/\/tribunadapraia.com.br\/index.php?rest_route=\/wp\/v2\/posts\/5978\/revisions"}],"predecessor-version":[{"id":5981,"href":"https:\/\/tribunadapraia.com.br\/index.php?rest_route=\/wp\/v2\/posts\/5978\/revisions\/5981"}],"wp:featuredmedia":[{"embeddable":true,"href":"https:\/\/tribunadapraia.com.br\/index.php?rest_route=\/wp\/v2\/media\/5987"}],"wp:attachment":[{"href":"https:\/\/tribunadapraia.com.br\/index.php?rest_route=%2Fwp%2Fv2%2Fmedia&parent=5978"}],"wp:term":[{"taxonomy":"category","embeddable":true,"href":"https:\/\/tribunadapraia.com.br\/index.php?rest_route=%2Fwp%2Fv2%2Fcategories&post=5978"},{"taxonomy":"post_tag","embeddable":true,"href":"https:\/\/tribunadapraia.com.br\/index.php?rest_route=%2Fwp%2Fv2%2Ftags&post=5978"}],"curies":[{"name":"wp","href":"https:\/\/api.w.org\/{rel}","templated":true}]}}