{"id":5968,"date":"2023-02-19T16:40:19","date_gmt":"2023-02-19T19:40:19","guid":{"rendered":"https:\/\/tribunadapraia.com.br\/?p=5968"},"modified":"2023-02-19T20:55:40","modified_gmt":"2023-02-19T23:55:40","slug":"audio-bloco-sedutores-ciganinhas18-anos-da-mais-pura-tradicao-entrevista-com-claudio-caducha","status":"publish","type":"post","link":"https:\/\/tribunadapraia.com.br\/?p=5968","title":{"rendered":"\u00c1udio: Bloco SEDUTORES &#038; CIGANINHAS,18 anos da mais pura tradi\u00e7\u00e3o &#8211; entrevista com Cl\u00e1udio Caducha"},"content":{"rendered":"<ul>\n<li><span style=\"color: #ff6600;\">Por ClaudOmir Herzog | Foto\/imagem: Divulga\u00e7\u00e3o<\/span><\/li>\n<\/ul>\n<p>A reportagem da r\u00e1dio (e jornal) Tribuna da Praia entrevistou o ativista cultiral Cl\u00e1udio Caducha, articulador do bloco Sedutores da Ilha e Ciganimhas, nos seus 18 anos da mais pura tradi\u00e7\u00e3o. <img loading=\"lazy\" class=\"size-full wp-image-5973 alignleft\" src=\"https:\/\/tribunadapraia.com.br\/wp-content\/uploads\/2023\/02\/FSE260000623634_div.jpg\" alt=\"\" width=\"161\" height=\"225\" \/>Caducha falou sobre o 4\u00b0 Baile Carnavalesco do bloco que acontece nesta segunda-feira, 20, \u00e0s 16 horas na Pra\u00e7a Erasmo Santa B\u00e1rbara, em Barra dos Cloqueiros.<\/p>\n<p style=\"text-align: center;\"><img loading=\"lazy\" class=\"alignnone size-medium wp-image-5974\" src=\"https:\/\/tribunadapraia.com.br\/wp-content\/uploads\/2023\/02\/IMG-20230217-WA0044-300x300.jpg\" alt=\"\" width=\"300\" height=\"300\" srcset=\"https:\/\/tribunadapraia.com.br\/wp-content\/uploads\/2023\/02\/IMG-20230217-WA0044-300x300.jpg 300w, https:\/\/tribunadapraia.com.br\/wp-content\/uploads\/2023\/02\/IMG-20230217-WA0044-1024x1024.jpg 1024w, https:\/\/tribunadapraia.com.br\/wp-content\/uploads\/2023\/02\/IMG-20230217-WA0044-150x150.jpg 150w, https:\/\/tribunadapraia.com.br\/wp-content\/uploads\/2023\/02\/IMG-20230217-WA0044-768x768.jpg 768w, https:\/\/tribunadapraia.com.br\/wp-content\/uploads\/2023\/02\/IMG-20230217-WA0044-250x250.jpg 250w, https:\/\/tribunadapraia.com.br\/wp-content\/uploads\/2023\/02\/IMG-20230217-WA0044.jpg 1242w\" sizes=\"(max-width: 300px) 100vw, 300px\" \/><\/p>\n<ul>\n<li>Confira abaixo o \u00e1udio da entrevista disponibilizado pela emissora:<\/li>\n<\/ul>\n<!--[if lt IE 9]><script>document.createElement('audio');<\/script><![endif]-->\n<audio class=\"wp-audio-shortcode\" id=\"audio-5968-1\" preload=\"none\" style=\"width: 100%;\" controls=\"controls\"><source type=\"audio\/mpeg\" src=\"https:\/\/tribunadapraia.com.br\/wp-content\/uploads\/2023\/02\/20230219-Caducha.mp3?_=1\" \/><a href=\"https:\/\/tribunadapraia.com.br\/wp-content\/uploads\/2023\/02\/20230219-Caducha.mp3\">https:\/\/tribunadapraia.com.br\/wp-content\/uploads\/2023\/02\/20230219-Caducha.mp3<\/a><\/audio>\n<p>\u25a0 <strong>Anteriores<\/strong>:<\/p>\n<blockquote class=\"wp-embedded-content\" data-secret=\"EXcfpq9l8G\"><p><a href=\"https:\/\/tribunadapraia.com.br\/?p=5959\">\u00c1udio: Entrevista com o prefeito ALBERTO MACEDO, fazendo um balan\u00e7o do primeiro dia do BARRA FOLIA, o carnaval de Barra dos Coqueiros<\/a><\/p><\/blockquote>\n<p><iframe class=\"wp-embedded-content\" sandbox=\"allow-scripts\" security=\"restricted\" style=\"position: absolute; clip: rect(1px, 1px, 1px, 1px);\" title=\"&#8220;\u00c1udio: Entrevista com o prefeito ALBERTO MACEDO, fazendo um balan\u00e7o do primeiro dia do BARRA FOLIA, o carnaval de Barra dos Coqueiros&#8221; &#8212; TRIBUNA DA PRAIA\" src=\"https:\/\/tribunadapraia.com.br\/?p=5959&#038;embed=true#?secret=EXcfpq9l8G\" data-secret=\"EXcfpq9l8G\" width=\"600\" height=\"338\" frameborder=\"0\" marginwidth=\"0\" marginheight=\"0\" scrolling=\"no\"><\/iframe><\/p>\n<p>&nbsp;<\/p>\n","protected":false},"excerpt":{"rendered":"<p>Por ClaudOmir Herzog | Foto\/imagem: Divulga\u00e7\u00e3o A reportagem da r\u00e1dio (e jornal) Tribuna da Praia entrevistou o ativista cultiral Cl\u00e1udio Caducha, articulador do bloco Sedutores da Ilha e Ciganimhas, nos seus 18 anos da mais pura tradi\u00e7\u00e3o. Caducha falou sobre o 4\u00b0 Baile Carnavalesco do bloco que acontece nesta segunda-feira, 20, \u00e0s 16 horas na Pra\u00e7a Erasmo Santa B\u00e1rbara, em Barra dos Cloqueiros. Confira abaixo o \u00e1udio da entrevista disponibilizado<\/p>\n","protected":false},"author":3,"featured_media":5970,"comment_status":"open","ping_status":"open","sticky":false,"template":"","format":"standard","meta":[],"categories":[18],"tags":[],"yoast_head":"<!-- This site is optimized with the Yoast SEO plugin v16.3 - https:\/\/yoast.com\/wordpress\/plugins\/seo\/ -->\n<title>\u00c1udio: Bloco SEDUTORES &amp; CIGANINHAS,18 anos da mais pura tradi\u00e7\u00e3o - entrevista com Cl\u00e1udio Caducha - TRIBUNA DA PRAIA<\/title>\n<meta name=\"robots\" content=\"index, follow, max-snippet:-1, max-image-preview:large, max-video-preview:-1\" \/>\n<link rel=\"canonical\" href=\"https:\/\/tribunadapraia.com.br\/?p=5968\" \/>\n<meta property=\"og:locale\" content=\"pt_BR\" \/>\n<meta property=\"og:type\" content=\"article\" \/>\n<meta property=\"og:title\" content=\"\u00c1udio: Bloco SEDUTORES &amp; CIGANINHAS,18 anos da mais pura tradi\u00e7\u00e3o - entrevista com Cl\u00e1udio Caducha - TRIBUNA DA PRAIA\" \/>\n<meta property=\"og:description\" content=\"Por ClaudOmir Herzog | Foto\/imagem: Divulga\u00e7\u00e3o A reportagem da r\u00e1dio (e jornal) Tribuna da Praia entrevistou o ativista cultiral Cl\u00e1udio Caducha, articulador do bloco Sedutores da Ilha e Ciganimhas, nos seus 18 anos da mais pura tradi\u00e7\u00e3o. Caducha falou sobre o 4\u00b0 Baile Carnavalesco do bloco que acontece nesta segunda-feira, 20, \u00e0s 16 horas na Pra\u00e7a Erasmo Santa B\u00e1rbara, em Barra dos Cloqueiros. Confira abaixo o \u00e1udio da entrevista disponibilizado\" \/>\n<meta property=\"og:url\" content=\"https:\/\/tribunadapraia.com.br\/?p=5968\" \/>\n<meta property=\"og:site_name\" content=\"TRIBUNA DA PRAIA\" \/>\n<meta property=\"article:publisher\" content=\"https:\/\/www.facebook.com\/tribunadapraiaonline\/\" \/>\n<meta property=\"article:published_time\" content=\"2023-02-19T19:40:19+00:00\" \/>\n<meta property=\"article:modified_time\" content=\"2023-02-19T23:55:40+00:00\" \/>\n<meta property=\"og:image\" content=\"https:\/\/tribunadapraia.com.br\/wp-content\/uploads\/2023\/02\/IMG-20230219-WA0131.jpg\" \/>\n\t<meta property=\"og:image:width\" content=\"1080\" \/>\n\t<meta property=\"og:image:height\" content=\"688\" \/>\n<meta name=\"twitter:card\" content=\"summary_large_image\" \/>\n<meta name=\"twitter:creator\" content=\"@Claudomir21\" \/>\n<meta name=\"twitter:site\" content=\"@Claudomir21\" \/>\n<meta name=\"twitter:label1\" content=\"Est. tempo de leitura\">\n\t<meta name=\"twitter:data1\" content=\"1 minuto\">\n<script type=\"application\/ld+json\" class=\"yoast-schema-graph\">{\"@context\":\"https:\/\/schema.org\",\"@graph\":[{\"@type\":\"Organization\",\"@id\":\"https:\/\/tribunadapraia.com.br\/#organization\",\"name\":\"Tribuna da Praia\",\"url\":\"https:\/\/tribunadapraia.com.br\/\",\"sameAs\":[\"https:\/\/www.facebook.com\/tribunadapraiaonline\/\",\"https:\/\/www.instagram.com\/claudomirtavares\/\",\"https:\/\/www.youtube.com\/channel\/UCwQf80nxiMzCefAyjbp53Rw\",\"https:\/\/twitter.com\/Claudomir21\"],\"logo\":{\"@type\":\"ImageObject\",\"@id\":\"https:\/\/tribunadapraia.com.br\/#logo\",\"inLanguage\":\"pt-BR\",\"url\":\"https:\/\/tribunadapraia.com.br\/wp-content\/uploads\/2020\/02\/logo.png\",\"contentUrl\":\"https:\/\/tribunadapraia.com.br\/wp-content\/uploads\/2020\/02\/logo.png\",\"width\":501,\"height\":121,\"caption\":\"Tribuna da Praia\"},\"image\":{\"@id\":\"https:\/\/tribunadapraia.com.br\/#logo\"}},{\"@type\":\"WebSite\",\"@id\":\"https:\/\/tribunadapraia.com.br\/#website\",\"url\":\"https:\/\/tribunadapraia.com.br\/\",\"name\":\"TRIBUNA DA PRAIA\",\"description\":\"O 1\\u00ba jornal do interior de Sergipe na internet\",\"publisher\":{\"@id\":\"https:\/\/tribunadapraia.com.br\/#organization\"},\"potentialAction\":[{\"@type\":\"SearchAction\",\"target\":\"https:\/\/tribunadapraia.com.br\/?s={search_term_string}\",\"query-input\":\"required name=search_term_string\"}],\"inLanguage\":\"pt-BR\"},{\"@type\":\"ImageObject\",\"@id\":\"https:\/\/tribunadapraia.com.br\/?p=5968#primaryimage\",\"inLanguage\":\"pt-BR\",\"url\":\"https:\/\/tribunadapraia.com.br\/wp-content\/uploads\/2023\/02\/IMG-20230219-WA0131.jpg\",\"contentUrl\":\"https:\/\/tribunadapraia.com.br\/wp-content\/uploads\/2023\/02\/IMG-20230219-WA0131.jpg\",\"width\":1080,\"height\":688},{\"@type\":\"WebPage\",\"@id\":\"https:\/\/tribunadapraia.com.br\/?p=5968#webpage\",\"url\":\"https:\/\/tribunadapraia.com.br\/?p=5968\",\"name\":\"\\u00c1udio: Bloco SEDUTORES & CIGANINHAS,18 anos da mais pura tradi\\u00e7\\u00e3o - entrevista com Cl\\u00e1udio Caducha - TRIBUNA DA PRAIA\",\"isPartOf\":{\"@id\":\"https:\/\/tribunadapraia.com.br\/#website\"},\"primaryImageOfPage\":{\"@id\":\"https:\/\/tribunadapraia.com.br\/?p=5968#primaryimage\"},\"datePublished\":\"2023-02-19T19:40:19+00:00\",\"dateModified\":\"2023-02-19T23:55:40+00:00\",\"breadcrumb\":{\"@id\":\"https:\/\/tribunadapraia.com.br\/?p=5968#breadcrumb\"},\"inLanguage\":\"pt-BR\",\"potentialAction\":[{\"@type\":\"ReadAction\",\"target\":[\"https:\/\/tribunadapraia.com.br\/?p=5968\"]}]},{\"@type\":\"BreadcrumbList\",\"@id\":\"https:\/\/tribunadapraia.com.br\/?p=5968#breadcrumb\",\"itemListElement\":[{\"@type\":\"ListItem\",\"position\":1,\"item\":{\"@type\":\"WebPage\",\"@id\":\"https:\/\/tribunadapraia.com.br\/\",\"url\":\"https:\/\/tribunadapraia.com.br\/\",\"name\":\"In\\u00edcio\"}},{\"@type\":\"ListItem\",\"position\":2,\"item\":{\"@id\":\"https:\/\/tribunadapraia.com.br\/?p=5968#webpage\"}}]},{\"@type\":\"Article\",\"@id\":\"https:\/\/tribunadapraia.com.br\/?p=5968#article\",\"isPartOf\":{\"@id\":\"https:\/\/tribunadapraia.com.br\/?p=5968#webpage\"},\"author\":{\"@id\":\"https:\/\/tribunadapraia.com.br\/#\/schema\/person\/099fbbf59acc5895c0d7d52b4fc46c97\"},\"headline\":\"\\u00c1udio: Bloco SEDUTORES &#038; CIGANINHAS,18 anos da mais pura tradi\\u00e7\\u00e3o &#8211; entrevista com Cl\\u00e1udio Caducha\",\"datePublished\":\"2023-02-19T19:40:19+00:00\",\"dateModified\":\"2023-02-19T23:55:40+00:00\",\"mainEntityOfPage\":{\"@id\":\"https:\/\/tribunadapraia.com.br\/?p=5968#webpage\"},\"wordCount\":108,\"commentCount\":0,\"publisher\":{\"@id\":\"https:\/\/tribunadapraia.com.br\/#organization\"},\"image\":{\"@id\":\"https:\/\/tribunadapraia.com.br\/?p=5968#primaryimage\"},\"thumbnailUrl\":\"https:\/\/tribunadapraia.com.br\/wp-content\/uploads\/2023\/02\/IMG-20230219-WA0131.jpg\",\"articleSection\":[\"Not\\u00edcias\"],\"inLanguage\":\"pt-BR\",\"potentialAction\":[{\"@type\":\"CommentAction\",\"name\":\"Comment\",\"target\":[\"https:\/\/tribunadapraia.com.br\/?p=5968#respond\"]}]},{\"@type\":\"Person\",\"@id\":\"https:\/\/tribunadapraia.com.br\/#\/schema\/person\/099fbbf59acc5895c0d7d52b4fc46c97\",\"name\":\"Reda\\u00e7\\u00e3o\",\"image\":{\"@type\":\"ImageObject\",\"@id\":\"https:\/\/tribunadapraia.com.br\/#personlogo\",\"inLanguage\":\"pt-BR\",\"url\":\"https:\/\/secure.gravatar.com\/avatar\/91c8b91d2bfd7784eac5c3e055361f64?s=96&d=identicon&r=g\",\"contentUrl\":\"https:\/\/secure.gravatar.com\/avatar\/91c8b91d2bfd7784eac5c3e055361f64?s=96&d=identicon&r=g\",\"caption\":\"Reda\\u00e7\\u00e3o\"}}]}<\/script>\n<!-- \/ Yoast SEO plugin. -->","wps_subtitle":"","_links":{"self":[{"href":"https:\/\/tribunadapraia.com.br\/index.php?rest_route=\/wp\/v2\/posts\/5968"}],"collection":[{"href":"https:\/\/tribunadapraia.com.br\/index.php?rest_route=\/wp\/v2\/posts"}],"about":[{"href":"https:\/\/tribunadapraia.com.br\/index.php?rest_route=\/wp\/v2\/types\/post"}],"author":[{"embeddable":true,"href":"https:\/\/tribunadapraia.com.br\/index.php?rest_route=\/wp\/v2\/users\/3"}],"replies":[{"embeddable":true,"href":"https:\/\/tribunadapraia.com.br\/index.php?rest_route=%2Fwp%2Fv2%2Fcomments&post=5968"}],"version-history":[{"count":4,"href":"https:\/\/tribunadapraia.com.br\/index.php?rest_route=\/wp\/v2\/posts\/5968\/revisions"}],"predecessor-version":[{"id":5971,"href":"https:\/\/tribunadapraia.com.br\/index.php?rest_route=\/wp\/v2\/posts\/5968\/revisions\/5971"}],"wp:featuredmedia":[{"embeddable":true,"href":"https:\/\/tribunadapraia.com.br\/index.php?rest_route=\/wp\/v2\/media\/5970"}],"wp:attachment":[{"href":"https:\/\/tribunadapraia.com.br\/index.php?rest_route=%2Fwp%2Fv2%2Fmedia&parent=5968"}],"wp:term":[{"taxonomy":"category","embeddable":true,"href":"https:\/\/tribunadapraia.com.br\/index.php?rest_route=%2Fwp%2Fv2%2Fcategories&post=5968"},{"taxonomy":"post_tag","embeddable":true,"href":"https:\/\/tribunadapraia.com.br\/index.php?rest_route=%2Fwp%2Fv2%2Ftags&post=5968"}],"curies":[{"name":"wp","href":"https:\/\/api.w.org\/{rel}","templated":true}]}}