{"id":594,"date":"2020-03-17T11:53:11","date_gmt":"2020-03-17T14:53:11","guid":{"rendered":"https:\/\/tribunadapraia.com.br\/?p=594"},"modified":"2020-03-17T11:53:11","modified_gmt":"2020-03-17T14:53:11","slug":"escandalo-audios-comprometem-prefeito-de-propria-yokanaan-santana-e-sua-permanencia-torna-se-insustentavel","status":"publish","type":"post","link":"https:\/\/tribunadapraia.com.br\/?p=594","title":{"rendered":"ESC\u00c2NDALO: \u00c1udios comprometem prefeito de Propri\u00e1, Yokanaan Santana e sua perman\u00eancia torna-se insustent\u00e1vel"},"content":{"rendered":"<p style=\"text-align: left;\">Um combo de \u00e1udios, resultante de di\u00e1logos gravados provavelmente 2019 a partir de liga\u00e7\u00f5es via telefone celular, viralizaram desde ontem, 16, na cidade de Propri\u00e1, distante 98 km da capital, Aracaju, envolvendo o prefeito Yokanaaan Santana (PSB) que deixou escapar um vocabul\u00e1rio impr\u00f3prio para um prefeito, al\u00e9m de revela\u00e7\u00f5es comprometedoras, est\u00e3o fazendo ascender o sinal de alerta do Poder Legislativo Municipal, do Minist\u00e9rio P\u00fablico Estadual e do Poder Judici\u00e1rio, al\u00e9m da Receita Federal.<\/p>\n<p>Na corda bamba &#8211; A situa\u00e7\u00e3o do prefeito Yoka \u00e9, do ponto de vista da moralidade, da \u00e9tica e da legalidade, insustent\u00e1vel e seu afastamento por um desses poderes ser\u00e1 inevit\u00e1vel &#8211; \u00e9 s\u00f3 esperar o dia, marcar o tempo para a fruta cair.<\/p>\n<p>Entramos em contato com a assessoria de comunica\u00e7\u00e3o da Prefeitura de Propri\u00e1, que gentilmente nos informou est\u00e1 a disposi\u00e7\u00e3o para quaisquer esclarecimentos<br \/>\na respeito da administra\u00e7\u00e3o municipal, se eximindo de assuntos relacionados ao prefeito Yokanaan Santana, o que \u00e9 absolutamente compreens\u00edvel.<\/p>\n<p>Ou\u00e7a detalhes adicionais deste esc\u00e2ndalo nesta quarta-feira, 18, no programa A VOZ DO POVO, apresentado por ClaudOmir Herzog, \u00e0s 7 da manh\u00e3 pela Rede Popular de Comunica\u00e7\u00e3o Alternativa de Sergipe, atrav\u00e9s das web&#8217;s r\u00e1dios SERIGY e POMONGA pelos App&#8217;s RPCA Sergipe e RadiosNet ou portal Tribuna da Praia.<\/p>\n","protected":false},"excerpt":{"rendered":"<p>Um combo de \u00e1udios, resultante de di\u00e1logos gravados provavelmente 2019 a partir de liga\u00e7\u00f5es via telefone celular, viralizaram desde ontem, 16, na cidade de Propri\u00e1, distante 98 km da capital, Aracaju, envolvendo o prefeito Yokanaaan Santana (PSB) que deixou escapar um vocabul\u00e1rio impr\u00f3prio para um prefeito, al\u00e9m de revela\u00e7\u00f5es comprometedoras, est\u00e3o fazendo ascender o sinal de alerta do Poder Legislativo Municipal, do Minist\u00e9rio P\u00fablico Estadual e do Poder Judici\u00e1rio, al\u00e9m<\/p>\n","protected":false},"author":3,"featured_media":595,"comment_status":"open","ping_status":"open","sticky":false,"template":"","format":"standard","meta":[],"categories":[18],"tags":[],"yoast_head":"<!-- This site is optimized with the Yoast SEO plugin v16.3 - https:\/\/yoast.com\/wordpress\/plugins\/seo\/ -->\n<title>ESC\u00c2NDALO: \u00c1udios comprometem prefeito de Propri\u00e1, Yokanaan Santana e sua perman\u00eancia torna-se insustent\u00e1vel - TRIBUNA DA PRAIA<\/title>\n<meta name=\"robots\" content=\"index, follow, max-snippet:-1, max-image-preview:large, max-video-preview:-1\" \/>\n<link rel=\"canonical\" href=\"https:\/\/tribunadapraia.com.br\/?p=594\" \/>\n<meta property=\"og:locale\" content=\"pt_BR\" \/>\n<meta property=\"og:type\" content=\"article\" \/>\n<meta property=\"og:title\" content=\"ESC\u00c2NDALO: \u00c1udios comprometem prefeito de Propri\u00e1, Yokanaan Santana e sua perman\u00eancia torna-se insustent\u00e1vel - TRIBUNA DA PRAIA\" \/>\n<meta property=\"og:description\" content=\"Um combo de \u00e1udios, resultante de di\u00e1logos gravados provavelmente 2019 a partir de liga\u00e7\u00f5es via telefone celular, viralizaram desde ontem, 16, na cidade de Propri\u00e1, distante 98 km da capital, Aracaju, envolvendo o prefeito Yokanaaan Santana (PSB) que deixou escapar um vocabul\u00e1rio impr\u00f3prio para um prefeito, al\u00e9m de revela\u00e7\u00f5es comprometedoras, est\u00e3o fazendo ascender o sinal de alerta do Poder Legislativo Municipal, do Minist\u00e9rio P\u00fablico Estadual e do Poder Judici\u00e1rio, al\u00e9m\" \/>\n<meta property=\"og:url\" content=\"https:\/\/tribunadapraia.com.br\/?p=594\" \/>\n<meta property=\"og:site_name\" content=\"TRIBUNA DA PRAIA\" \/>\n<meta property=\"article:publisher\" content=\"https:\/\/www.facebook.com\/tribunadapraiaonline\/\" \/>\n<meta property=\"article:published_time\" content=\"2020-03-17T14:53:11+00:00\" \/>\n<meta property=\"og:image\" content=\"https:\/\/tribunadapraia.com.br\/wp-content\/uploads\/2020\/03\/Screenshot_20200317-114815.jpg\" \/>\n\t<meta property=\"og:image:width\" content=\"540\" \/>\n\t<meta property=\"og:image:height\" content=\"960\" \/>\n<meta name=\"twitter:card\" content=\"summary_large_image\" \/>\n<meta name=\"twitter:creator\" content=\"@Claudomir21\" \/>\n<meta name=\"twitter:site\" content=\"@Claudomir21\" \/>\n<meta name=\"twitter:label1\" content=\"Est. tempo de leitura\">\n\t<meta name=\"twitter:data1\" content=\"1 minuto\">\n<script type=\"application\/ld+json\" class=\"yoast-schema-graph\">{\"@context\":\"https:\/\/schema.org\",\"@graph\":[{\"@type\":\"Organization\",\"@id\":\"https:\/\/tribunadapraia.com.br\/#organization\",\"name\":\"Tribuna da Praia\",\"url\":\"https:\/\/tribunadapraia.com.br\/\",\"sameAs\":[\"https:\/\/www.facebook.com\/tribunadapraiaonline\/\",\"https:\/\/www.instagram.com\/claudomirtavares\/\",\"https:\/\/www.youtube.com\/channel\/UCwQf80nxiMzCefAyjbp53Rw\",\"https:\/\/twitter.com\/Claudomir21\"],\"logo\":{\"@type\":\"ImageObject\",\"@id\":\"https:\/\/tribunadapraia.com.br\/#logo\",\"inLanguage\":\"pt-BR\",\"url\":\"https:\/\/tribunadapraia.com.br\/wp-content\/uploads\/2020\/02\/logo.png\",\"contentUrl\":\"https:\/\/tribunadapraia.com.br\/wp-content\/uploads\/2020\/02\/logo.png\",\"width\":501,\"height\":121,\"caption\":\"Tribuna da Praia\"},\"image\":{\"@id\":\"https:\/\/tribunadapraia.com.br\/#logo\"}},{\"@type\":\"WebSite\",\"@id\":\"https:\/\/tribunadapraia.com.br\/#website\",\"url\":\"https:\/\/tribunadapraia.com.br\/\",\"name\":\"TRIBUNA DA PRAIA\",\"description\":\"O 1\\u00ba jornal do interior de Sergipe na internet\",\"publisher\":{\"@id\":\"https:\/\/tribunadapraia.com.br\/#organization\"},\"potentialAction\":[{\"@type\":\"SearchAction\",\"target\":\"https:\/\/tribunadapraia.com.br\/?s={search_term_string}\",\"query-input\":\"required name=search_term_string\"}],\"inLanguage\":\"pt-BR\"},{\"@type\":\"ImageObject\",\"@id\":\"https:\/\/tribunadapraia.com.br\/?p=594#primaryimage\",\"inLanguage\":\"pt-BR\",\"url\":\"https:\/\/tribunadapraia.com.br\/wp-content\/uploads\/2020\/03\/Screenshot_20200317-114815.jpg\",\"contentUrl\":\"https:\/\/tribunadapraia.com.br\/wp-content\/uploads\/2020\/03\/Screenshot_20200317-114815.jpg\",\"width\":540,\"height\":960},{\"@type\":\"WebPage\",\"@id\":\"https:\/\/tribunadapraia.com.br\/?p=594#webpage\",\"url\":\"https:\/\/tribunadapraia.com.br\/?p=594\",\"name\":\"ESC\\u00c2NDALO: \\u00c1udios comprometem prefeito de Propri\\u00e1, Yokanaan Santana e sua perman\\u00eancia torna-se insustent\\u00e1vel - TRIBUNA DA PRAIA\",\"isPartOf\":{\"@id\":\"https:\/\/tribunadapraia.com.br\/#website\"},\"primaryImageOfPage\":{\"@id\":\"https:\/\/tribunadapraia.com.br\/?p=594#primaryimage\"},\"datePublished\":\"2020-03-17T14:53:11+00:00\",\"dateModified\":\"2020-03-17T14:53:11+00:00\",\"breadcrumb\":{\"@id\":\"https:\/\/tribunadapraia.com.br\/?p=594#breadcrumb\"},\"inLanguage\":\"pt-BR\",\"potentialAction\":[{\"@type\":\"ReadAction\",\"target\":[\"https:\/\/tribunadapraia.com.br\/?p=594\"]}]},{\"@type\":\"BreadcrumbList\",\"@id\":\"https:\/\/tribunadapraia.com.br\/?p=594#breadcrumb\",\"itemListElement\":[{\"@type\":\"ListItem\",\"position\":1,\"item\":{\"@type\":\"WebPage\",\"@id\":\"https:\/\/tribunadapraia.com.br\/\",\"url\":\"https:\/\/tribunadapraia.com.br\/\",\"name\":\"In\\u00edcio\"}},{\"@type\":\"ListItem\",\"position\":2,\"item\":{\"@id\":\"https:\/\/tribunadapraia.com.br\/?p=594#webpage\"}}]},{\"@type\":\"Article\",\"@id\":\"https:\/\/tribunadapraia.com.br\/?p=594#article\",\"isPartOf\":{\"@id\":\"https:\/\/tribunadapraia.com.br\/?p=594#webpage\"},\"author\":{\"@id\":\"https:\/\/tribunadapraia.com.br\/#\/schema\/person\/099fbbf59acc5895c0d7d52b4fc46c97\"},\"headline\":\"ESC\\u00c2NDALO: \\u00c1udios comprometem prefeito de Propri\\u00e1, Yokanaan Santana e sua perman\\u00eancia torna-se insustent\\u00e1vel\",\"datePublished\":\"2020-03-17T14:53:11+00:00\",\"dateModified\":\"2020-03-17T14:53:11+00:00\",\"mainEntityOfPage\":{\"@id\":\"https:\/\/tribunadapraia.com.br\/?p=594#webpage\"},\"wordCount\":237,\"commentCount\":0,\"publisher\":{\"@id\":\"https:\/\/tribunadapraia.com.br\/#organization\"},\"image\":{\"@id\":\"https:\/\/tribunadapraia.com.br\/?p=594#primaryimage\"},\"thumbnailUrl\":\"https:\/\/tribunadapraia.com.br\/wp-content\/uploads\/2020\/03\/Screenshot_20200317-114815.jpg\",\"articleSection\":[\"Not\\u00edcias\"],\"inLanguage\":\"pt-BR\",\"potentialAction\":[{\"@type\":\"CommentAction\",\"name\":\"Comment\",\"target\":[\"https:\/\/tribunadapraia.com.br\/?p=594#respond\"]}]},{\"@type\":\"Person\",\"@id\":\"https:\/\/tribunadapraia.com.br\/#\/schema\/person\/099fbbf59acc5895c0d7d52b4fc46c97\",\"name\":\"Reda\\u00e7\\u00e3o\",\"image\":{\"@type\":\"ImageObject\",\"@id\":\"https:\/\/tribunadapraia.com.br\/#personlogo\",\"inLanguage\":\"pt-BR\",\"url\":\"https:\/\/secure.gravatar.com\/avatar\/91c8b91d2bfd7784eac5c3e055361f64?s=96&d=identicon&r=g\",\"contentUrl\":\"https:\/\/secure.gravatar.com\/avatar\/91c8b91d2bfd7784eac5c3e055361f64?s=96&d=identicon&r=g\",\"caption\":\"Reda\\u00e7\\u00e3o\"}}]}<\/script>\n<!-- \/ Yoast SEO plugin. -->","wps_subtitle":"Pedido de impeachment na C\u00e2mara de Vereadores e de afastamento pela Justi\u00e7a a caminho","_links":{"self":[{"href":"https:\/\/tribunadapraia.com.br\/index.php?rest_route=\/wp\/v2\/posts\/594"}],"collection":[{"href":"https:\/\/tribunadapraia.com.br\/index.php?rest_route=\/wp\/v2\/posts"}],"about":[{"href":"https:\/\/tribunadapraia.com.br\/index.php?rest_route=\/wp\/v2\/types\/post"}],"author":[{"embeddable":true,"href":"https:\/\/tribunadapraia.com.br\/index.php?rest_route=\/wp\/v2\/users\/3"}],"replies":[{"embeddable":true,"href":"https:\/\/tribunadapraia.com.br\/index.php?rest_route=%2Fwp%2Fv2%2Fcomments&post=594"}],"version-history":[{"count":1,"href":"https:\/\/tribunadapraia.com.br\/index.php?rest_route=\/wp\/v2\/posts\/594\/revisions"}],"predecessor-version":[{"id":596,"href":"https:\/\/tribunadapraia.com.br\/index.php?rest_route=\/wp\/v2\/posts\/594\/revisions\/596"}],"wp:featuredmedia":[{"embeddable":true,"href":"https:\/\/tribunadapraia.com.br\/index.php?rest_route=\/wp\/v2\/media\/595"}],"wp:attachment":[{"href":"https:\/\/tribunadapraia.com.br\/index.php?rest_route=%2Fwp%2Fv2%2Fmedia&parent=594"}],"wp:term":[{"taxonomy":"category","embeddable":true,"href":"https:\/\/tribunadapraia.com.br\/index.php?rest_route=%2Fwp%2Fv2%2Fcategories&post=594"},{"taxonomy":"post_tag","embeddable":true,"href":"https:\/\/tribunadapraia.com.br\/index.php?rest_route=%2Fwp%2Fv2%2Ftags&post=594"}],"curies":[{"name":"wp","href":"https:\/\/api.w.org\/{rel}","templated":true}]}}