{"id":588,"date":"2020-03-17T11:12:54","date_gmt":"2020-03-17T14:12:54","guid":{"rendered":"https:\/\/tribunadapraia.com.br\/?p=588"},"modified":"2020-03-17T11:12:54","modified_gmt":"2020-03-17T14:12:54","slug":"antonio-samarone-fio-da-peste","status":"publish","type":"post","link":"https:\/\/tribunadapraia.com.br\/?p=588","title":{"rendered":"ANT\u00d4NIO SAMARONE: Fio da Peste"},"content":{"rendered":"<p>A Fome, as Guerras e as Pestes s\u00e3o os tr\u00eas maiores flagelos da humanidade. A Peste bub\u00f4nica (transmitida pela pulga) deixou sequelas indel\u00e9veis. Peste virou nome de todas as epidemias, que dizimaram popula\u00e7\u00f5es.<\/p>\n<p>O medo das Pestes \u00e9 at\u00e1vico, est\u00e1 em nosso inconsciente. Em Sergipe, usamos corruptelas de doen\u00e7as pestilenciais como xingamento. Fio da peste! Cabrunco, gota serena, bexiguento, estopor balaio, e por a\u00ed vai.<\/p>\n<p>S\u00f3 recentemente as doen\u00e7as cr\u00f4nicas tiveram esse prest\u00edgio. O usual \u201cfio do canso\u201d dos ceboleiros.<\/p>\n<p>Em 1855, na funda\u00e7\u00e3o de Aracaju, Sergipe viveu a maior Peste da sua hist\u00f3ria. A pandemia de Cholera Morbus assolou o nosso estado. Em tr\u00eas meses, 40 mil mortos, numa popula\u00e7\u00e3o de 160 mil habitantes.<\/p>\n<p>No s\u00e9culo XIV, durante a Peste Bub\u00f4nica na Europa, Giovanni Boccaccio ficou de quarentena em Floren\u00e7a, onde aproveitou para escrever Decameron (1356), a sua obra mais famosa.<\/p>\n<p>\u201cTriste e aborrecida \u00e9 a penosa lembran\u00e7a da mortandade que a peste causou a pouco tempo. A cada um, e a todos que a viram, ou souberam dela, ela prejudicou\u201d. (Decameron)<\/p>\n<p>\u201cDigo, pois, que os anos da frut\u00edfera encarna\u00e7\u00e3o do Filho de Deus j\u00e1 haviam chegado ao n\u00famero de 1348 quando, na insigne cidade de Floren\u00e7a, a mais bela de todas as da It\u00e1lia, ocorreu uma peste mort\u00edfera, que \u2013 fosse ela fruto da a\u00e7\u00e3o dos corpos celestes, fosse ela enviada aos mortais pela justa ira de Deus pela corre\u00e7\u00e3o de nossas obras in\u00edquas.\u201d Decameron.<\/p>\n<p>A peste bub\u00f4nica teve sua origem na \u00c1sia central, onde existia em estado end\u00eamico. Chegou ao ocidente pela rota da seda e atacou a It\u00e1lia pelos portos. O com\u00e9rcio europeu havia se desenvolvido e os negociantes genoveses e venezianos partiam para negociar at\u00e9 os confins do Mar Negro.<\/p>\n<p>O Papa Clemente IV descreveu com realismo a Peste bub\u00f4nica do s\u00e9culo XIV:<\/p>\n<p>\u201cNo ano de Senhor, 1348, aconteceu sobre quase toda a superf\u00edcie do globo uma tal mortandade que raramente se tinha conhecido semelhante. Os vivos, de fato, quase n\u00e3o conseguiam enterrar os mortos, ou os evitavam com horror.\u201d<\/p>\n<p>\u201cUm terror t\u00e3o grande tinha-se apoderado de quase todo o mundo, de tal maneira que no momento que aparecia em algu\u00e9m uma \u00falcera ou um incha\u00e7o, geralmente embaixo da vir\u00edlia ou da axila, a v\u00edtima ficava privada de toda assist\u00eancia, e mesmo abandonada por seus parentes.\u201d<\/p>\n<p>\u201cO pai deixava o filho em seu leito, e o filho fazia o mesmo com o pai.\u201d<\/p>\n<p>O medo do desconhecido leva ao p\u00e2nico. \u00c9 o que precisamos evitar na atual Peste do novo coronav\u00edrus.<\/p>\n<p>No in\u00edcio da d\u00e9cada de 1960, Itabaiana quedou paralisada com medo de uma Peste. A teoria miasm\u00e1tica era bem aceita. Resolveram exumar o cad\u00e1ver de um l\u00edder pol\u00edtico. A not\u00edcia deixou a cidade em p\u00e2nico. Quem ousaria desenterrar os mortos? E os risco para a sa\u00fade da popula\u00e7\u00e3o?<\/p>\n<p>A primeira exuma\u00e7\u00e3o em Itabaiana foi executada. A dificuldade foi encontrar um coveiro corajoso. Nelson Tocha e Miguel Patav\u00e1, os coveiros oficiais, n\u00e3o aceitaram. E agora? Pagava-se bem, mas ningu\u00e9m queria correr o risco.<\/p>\n<p>Encontraram Antonio Angico, acostumado a limpar fossa, que aceitou. Antes, ele tomou dois litros de casca de pau, acreditando que a cacha\u00e7a corta tudo, at\u00e9 mordida de cobra.<\/p>\n<p>Para encurtar a conversa, o m\u00e9dico e o legista que fizeram a exuma\u00e7\u00e3o morreram em poucos dias. S\u00f3 escapou Antonio Angico, por causa da cacha\u00e7a.<\/p>\n<p>Imaginem o medo da Peste que dominou a cidade por um bom tempo. At\u00e9 hoje em Itabaiana, se algu\u00e9m encontrar uma sepultura rachando, corre para avisar ao coveiro.<\/p>\n<p>Antonio Samarone.<\/p>\n","protected":false},"excerpt":{"rendered":"<p>A Fome, as Guerras e as Pestes s\u00e3o os tr\u00eas maiores flagelos da humanidade. A Peste bub\u00f4nica (transmitida pela pulga) deixou sequelas indel\u00e9veis. Peste virou nome de todas as epidemias, que dizimaram popula\u00e7\u00f5es. O medo das Pestes \u00e9 at\u00e1vico, est\u00e1 em nosso inconsciente. Em Sergipe, usamos corruptelas de doen\u00e7as pestilenciais como xingamento. Fio da peste! Cabrunco, gota serena, bexiguento, estopor balaio, e por a\u00ed vai. S\u00f3 recentemente as doen\u00e7as cr\u00f4nicas<\/p>\n","protected":false},"author":3,"featured_media":589,"comment_status":"open","ping_status":"open","sticky":false,"template":"","format":"standard","meta":[],"categories":[18],"tags":[],"yoast_head":"<!-- This site is optimized with the Yoast SEO plugin v16.3 - https:\/\/yoast.com\/wordpress\/plugins\/seo\/ -->\n<title>ANT\u00d4NIO SAMARONE: Fio da Peste - TRIBUNA DA PRAIA<\/title>\n<meta name=\"robots\" content=\"index, follow, max-snippet:-1, max-image-preview:large, max-video-preview:-1\" \/>\n<link rel=\"canonical\" href=\"https:\/\/tribunadapraia.com.br\/?p=588\" \/>\n<meta property=\"og:locale\" content=\"pt_BR\" \/>\n<meta property=\"og:type\" content=\"article\" \/>\n<meta property=\"og:title\" content=\"ANT\u00d4NIO SAMARONE: Fio da Peste - TRIBUNA DA PRAIA\" \/>\n<meta property=\"og:description\" content=\"A Fome, as Guerras e as Pestes s\u00e3o os tr\u00eas maiores flagelos da humanidade. A Peste bub\u00f4nica (transmitida pela pulga) deixou sequelas indel\u00e9veis. Peste virou nome de todas as epidemias, que dizimaram popula\u00e7\u00f5es. O medo das Pestes \u00e9 at\u00e1vico, est\u00e1 em nosso inconsciente. Em Sergipe, usamos corruptelas de doen\u00e7as pestilenciais como xingamento. Fio da peste! Cabrunco, gota serena, bexiguento, estopor balaio, e por a\u00ed vai. S\u00f3 recentemente as doen\u00e7as cr\u00f4nicas\" \/>\n<meta property=\"og:url\" content=\"https:\/\/tribunadapraia.com.br\/?p=588\" \/>\n<meta property=\"og:site_name\" content=\"TRIBUNA DA PRAIA\" \/>\n<meta property=\"article:publisher\" content=\"https:\/\/www.facebook.com\/tribunadapraiaonline\/\" \/>\n<meta property=\"article:published_time\" content=\"2020-03-17T14:12:54+00:00\" \/>\n<meta property=\"og:image\" content=\"https:\/\/tribunadapraia.com.br\/wp-content\/uploads\/2020\/03\/19b263cc-c430-472a-9aac-cf11db5a7575_b47f29767ee3e84d6ef78f5-1.jpeg\" \/>\n\t<meta property=\"og:image:width\" content=\"900\" \/>\n\t<meta property=\"og:image:height\" content=\"600\" \/>\n<meta name=\"twitter:card\" content=\"summary_large_image\" \/>\n<meta name=\"twitter:creator\" content=\"@Claudomir21\" \/>\n<meta name=\"twitter:site\" content=\"@Claudomir21\" \/>\n<meta name=\"twitter:label1\" content=\"Est. tempo de leitura\">\n\t<meta name=\"twitter:data1\" content=\"3 minutos\">\n<script type=\"application\/ld+json\" class=\"yoast-schema-graph\">{\"@context\":\"https:\/\/schema.org\",\"@graph\":[{\"@type\":\"Organization\",\"@id\":\"https:\/\/tribunadapraia.com.br\/#organization\",\"name\":\"Tribuna da Praia\",\"url\":\"https:\/\/tribunadapraia.com.br\/\",\"sameAs\":[\"https:\/\/www.facebook.com\/tribunadapraiaonline\/\",\"https:\/\/www.instagram.com\/claudomirtavares\/\",\"https:\/\/www.youtube.com\/channel\/UCwQf80nxiMzCefAyjbp53Rw\",\"https:\/\/twitter.com\/Claudomir21\"],\"logo\":{\"@type\":\"ImageObject\",\"@id\":\"https:\/\/tribunadapraia.com.br\/#logo\",\"inLanguage\":\"pt-BR\",\"url\":\"https:\/\/tribunadapraia.com.br\/wp-content\/uploads\/2020\/02\/logo.png\",\"contentUrl\":\"https:\/\/tribunadapraia.com.br\/wp-content\/uploads\/2020\/02\/logo.png\",\"width\":501,\"height\":121,\"caption\":\"Tribuna da Praia\"},\"image\":{\"@id\":\"https:\/\/tribunadapraia.com.br\/#logo\"}},{\"@type\":\"WebSite\",\"@id\":\"https:\/\/tribunadapraia.com.br\/#website\",\"url\":\"https:\/\/tribunadapraia.com.br\/\",\"name\":\"TRIBUNA DA PRAIA\",\"description\":\"O 1\\u00ba jornal do interior de Sergipe na internet\",\"publisher\":{\"@id\":\"https:\/\/tribunadapraia.com.br\/#organization\"},\"potentialAction\":[{\"@type\":\"SearchAction\",\"target\":\"https:\/\/tribunadapraia.com.br\/?s={search_term_string}\",\"query-input\":\"required name=search_term_string\"}],\"inLanguage\":\"pt-BR\"},{\"@type\":\"ImageObject\",\"@id\":\"https:\/\/tribunadapraia.com.br\/?p=588#primaryimage\",\"inLanguage\":\"pt-BR\",\"url\":\"https:\/\/tribunadapraia.com.br\/wp-content\/uploads\/2020\/03\/19b263cc-c430-472a-9aac-cf11db5a7575_b47f29767ee3e84d6ef78f5-1.jpeg\",\"contentUrl\":\"https:\/\/tribunadapraia.com.br\/wp-content\/uploads\/2020\/03\/19b263cc-c430-472a-9aac-cf11db5a7575_b47f29767ee3e84d6ef78f5-1.jpeg\",\"width\":900,\"height\":600},{\"@type\":\"WebPage\",\"@id\":\"https:\/\/tribunadapraia.com.br\/?p=588#webpage\",\"url\":\"https:\/\/tribunadapraia.com.br\/?p=588\",\"name\":\"ANT\\u00d4NIO SAMARONE: Fio da Peste - TRIBUNA DA PRAIA\",\"isPartOf\":{\"@id\":\"https:\/\/tribunadapraia.com.br\/#website\"},\"primaryImageOfPage\":{\"@id\":\"https:\/\/tribunadapraia.com.br\/?p=588#primaryimage\"},\"datePublished\":\"2020-03-17T14:12:54+00:00\",\"dateModified\":\"2020-03-17T14:12:54+00:00\",\"breadcrumb\":{\"@id\":\"https:\/\/tribunadapraia.com.br\/?p=588#breadcrumb\"},\"inLanguage\":\"pt-BR\",\"potentialAction\":[{\"@type\":\"ReadAction\",\"target\":[\"https:\/\/tribunadapraia.com.br\/?p=588\"]}]},{\"@type\":\"BreadcrumbList\",\"@id\":\"https:\/\/tribunadapraia.com.br\/?p=588#breadcrumb\",\"itemListElement\":[{\"@type\":\"ListItem\",\"position\":1,\"item\":{\"@type\":\"WebPage\",\"@id\":\"https:\/\/tribunadapraia.com.br\/\",\"url\":\"https:\/\/tribunadapraia.com.br\/\",\"name\":\"In\\u00edcio\"}},{\"@type\":\"ListItem\",\"position\":2,\"item\":{\"@id\":\"https:\/\/tribunadapraia.com.br\/?p=588#webpage\"}}]},{\"@type\":\"Article\",\"@id\":\"https:\/\/tribunadapraia.com.br\/?p=588#article\",\"isPartOf\":{\"@id\":\"https:\/\/tribunadapraia.com.br\/?p=588#webpage\"},\"author\":{\"@id\":\"https:\/\/tribunadapraia.com.br\/#\/schema\/person\/099fbbf59acc5895c0d7d52b4fc46c97\"},\"headline\":\"ANT\\u00d4NIO SAMARONE: Fio da Peste\",\"datePublished\":\"2020-03-17T14:12:54+00:00\",\"dateModified\":\"2020-03-17T14:12:54+00:00\",\"mainEntityOfPage\":{\"@id\":\"https:\/\/tribunadapraia.com.br\/?p=588#webpage\"},\"wordCount\":637,\"commentCount\":0,\"publisher\":{\"@id\":\"https:\/\/tribunadapraia.com.br\/#organization\"},\"image\":{\"@id\":\"https:\/\/tribunadapraia.com.br\/?p=588#primaryimage\"},\"thumbnailUrl\":\"https:\/\/tribunadapraia.com.br\/wp-content\/uploads\/2020\/03\/19b263cc-c430-472a-9aac-cf11db5a7575_b47f29767ee3e84d6ef78f5-1.jpeg\",\"articleSection\":[\"Not\\u00edcias\"],\"inLanguage\":\"pt-BR\",\"potentialAction\":[{\"@type\":\"CommentAction\",\"name\":\"Comment\",\"target\":[\"https:\/\/tribunadapraia.com.br\/?p=588#respond\"]}]},{\"@type\":\"Person\",\"@id\":\"https:\/\/tribunadapraia.com.br\/#\/schema\/person\/099fbbf59acc5895c0d7d52b4fc46c97\",\"name\":\"Reda\\u00e7\\u00e3o\",\"image\":{\"@type\":\"ImageObject\",\"@id\":\"https:\/\/tribunadapraia.com.br\/#personlogo\",\"inLanguage\":\"pt-BR\",\"url\":\"https:\/\/secure.gravatar.com\/avatar\/91c8b91d2bfd7784eac5c3e055361f64?s=96&d=identicon&r=g\",\"contentUrl\":\"https:\/\/secure.gravatar.com\/avatar\/91c8b91d2bfd7784eac5c3e055361f64?s=96&d=identicon&r=g\",\"caption\":\"Reda\\u00e7\\u00e3o\"}}]}<\/script>\n<!-- \/ Yoast SEO plugin. -->","wps_subtitle":"","_links":{"self":[{"href":"https:\/\/tribunadapraia.com.br\/index.php?rest_route=\/wp\/v2\/posts\/588"}],"collection":[{"href":"https:\/\/tribunadapraia.com.br\/index.php?rest_route=\/wp\/v2\/posts"}],"about":[{"href":"https:\/\/tribunadapraia.com.br\/index.php?rest_route=\/wp\/v2\/types\/post"}],"author":[{"embeddable":true,"href":"https:\/\/tribunadapraia.com.br\/index.php?rest_route=\/wp\/v2\/users\/3"}],"replies":[{"embeddable":true,"href":"https:\/\/tribunadapraia.com.br\/index.php?rest_route=%2Fwp%2Fv2%2Fcomments&post=588"}],"version-history":[{"count":1,"href":"https:\/\/tribunadapraia.com.br\/index.php?rest_route=\/wp\/v2\/posts\/588\/revisions"}],"predecessor-version":[{"id":590,"href":"https:\/\/tribunadapraia.com.br\/index.php?rest_route=\/wp\/v2\/posts\/588\/revisions\/590"}],"wp:featuredmedia":[{"embeddable":true,"href":"https:\/\/tribunadapraia.com.br\/index.php?rest_route=\/wp\/v2\/media\/589"}],"wp:attachment":[{"href":"https:\/\/tribunadapraia.com.br\/index.php?rest_route=%2Fwp%2Fv2%2Fmedia&parent=588"}],"wp:term":[{"taxonomy":"category","embeddable":true,"href":"https:\/\/tribunadapraia.com.br\/index.php?rest_route=%2Fwp%2Fv2%2Fcategories&post=588"},{"taxonomy":"post_tag","embeddable":true,"href":"https:\/\/tribunadapraia.com.br\/index.php?rest_route=%2Fwp%2Fv2%2Ftags&post=588"}],"curies":[{"name":"wp","href":"https:\/\/api.w.org\/{rel}","templated":true}]}}