{"id":5796,"date":"2023-01-28T20:52:50","date_gmt":"2023-01-28T23:52:50","guid":{"rendered":"https:\/\/tribunadapraia.com.br\/?p=5796"},"modified":"2023-01-28T20:55:00","modified_gmt":"2023-01-28T23:55:00","slug":"prefeitura-da-barra-dos-coqueiros-troca-todos-postes-de-iluminacao-da-orla-da-atalaia-nova","status":"publish","type":"post","link":"https:\/\/tribunadapraia.com.br\/?p=5796","title":{"rendered":"Prefeitura da Barra dos Coqueiros troca todos postes de ilumina\u00e7\u00e3o da Orla da Atalaia Nova"},"content":{"rendered":"<p>Preocupada com a seguran\u00e7a e atendendo a pedidos da popula\u00e7\u00e3o, a Prefeitura da Barra dos Coqueiros, atrav\u00e9s da Secretaria Municipal de Obras, iniciou a coloca\u00e7\u00e3o de 35 novos postes de ilumina\u00e7\u00e3o na Orla da Atalaia Nova.<\/p>\n<p>Com um investimento total de R$ 165.278,01, a Prefeitura da Barra dos Coqueiros est\u00e1 instalando novos postes de concretos em toda extens\u00e3o da Orla: seis no campo de futebol; oito na quadra de futsal e v\u00f4lei; oito no campo de futebol de areia e v\u00f4lei de praia; e 13 na pra\u00e7a de eventos.<\/p>\n<p>A Secretaria de Obras iniciou a retirada dos postes antigos da Orla da Atalaia Nova no final do m\u00eas de dezembro e iniciou a coloca\u00e7\u00e3o dos novos no dia 20 de janeiro. A previs\u00e3o \u00e9 de que todos os equipamentos estejam instalados e com a ilumina\u00e7\u00e3o funcionando no m\u00eas de fevereiro.<\/p>\n<p>\u201cA troca dos postes na Orla da Atalaia Nova \u00e9 uma a\u00e7\u00e3o de car\u00e1ter preventivo da Prefeitura diante do estado dos equipamentos, que sofreram danifica\u00e7\u00e3o de sua estrutura com o passar do tempo, sobretudo, devido \u00e0 maresia, \u00e0 proximidade com o mar\u201d, explica o secret\u00e1rio Municipal de Obras da Barra dos Coqueiros, o engenheiro Marcel F\u00fcrst.<\/p>\n<p>A atual gest\u00e3o da Prefeitura da Barra dos Coqueiros vem se empenhando para fazer a manuten\u00e7\u00e3o da rede de ilumina\u00e7\u00e3o p\u00fablica do munic\u00edpio, com a substitui\u00e7\u00e3o de postes, l\u00e2mpadas, lumin\u00e1rias e demais equipamentos e materiais que comp\u00f5em o sistema de ilumina\u00e7\u00e3o.<\/p>\n<p>\u201cA Orla da Atalaia Nova \u00e9 um cart\u00e3o postal do nosso munic\u00edpio. \u00c9 um local por onde nossa popula\u00e7\u00e3o e turistas transitam para contemplar as belezas da nossa cidade. Ent\u00e3o, mais do que necess\u00e1rio fazer esta troca dos postes para garantir a seguran\u00e7a de todos. Sabemos bem que uma via iluminada co\u00edbe a criminalidade\u201d, destaca o prefeito da Barra dos Coqueiros, Alberto Macedo.<\/p>\n<ul>\n<li>Com informa\u00e7\u00f5es da Ascom\/PMBC<\/li>\n<\/ul>\n","protected":false},"excerpt":{"rendered":"<p>Preocupada com a seguran\u00e7a e atendendo a pedidos da popula\u00e7\u00e3o, a Prefeitura da Barra dos Coqueiros, atrav\u00e9s da Secretaria Municipal de Obras, iniciou a coloca\u00e7\u00e3o de 35 novos postes de ilumina\u00e7\u00e3o na Orla da Atalaia Nova. Com um investimento total de R$ 165.278,01, a Prefeitura da Barra dos Coqueiros est\u00e1 instalando novos postes de concretos em toda extens\u00e3o da Orla: seis no campo de futebol; oito na quadra de futsal<\/p>\n","protected":false},"author":1,"featured_media":5798,"comment_status":"open","ping_status":"open","sticky":false,"template":"","format":"standard","meta":[],"categories":[18],"tags":[],"yoast_head":"<!-- This site is optimized with the Yoast SEO plugin v16.3 - https:\/\/yoast.com\/wordpress\/plugins\/seo\/ -->\n<title>Prefeitura da Barra dos Coqueiros troca todos postes de ilumina\u00e7\u00e3o da Orla da Atalaia Nova - TRIBUNA DA PRAIA<\/title>\n<meta name=\"robots\" content=\"index, follow, max-snippet:-1, max-image-preview:large, max-video-preview:-1\" \/>\n<link rel=\"canonical\" href=\"https:\/\/tribunadapraia.com.br\/?p=5796\" \/>\n<meta property=\"og:locale\" content=\"pt_BR\" \/>\n<meta property=\"og:type\" content=\"article\" \/>\n<meta property=\"og:title\" content=\"Prefeitura da Barra dos Coqueiros troca todos postes de ilumina\u00e7\u00e3o da Orla da Atalaia Nova - TRIBUNA DA PRAIA\" \/>\n<meta property=\"og:description\" content=\"Preocupada com a seguran\u00e7a e atendendo a pedidos da popula\u00e7\u00e3o, a Prefeitura da Barra dos Coqueiros, atrav\u00e9s da Secretaria Municipal de Obras, iniciou a coloca\u00e7\u00e3o de 35 novos postes de ilumina\u00e7\u00e3o na Orla da Atalaia Nova. Com um investimento total de R$ 165.278,01, a Prefeitura da Barra dos Coqueiros est\u00e1 instalando novos postes de concretos em toda extens\u00e3o da Orla: seis no campo de futebol; oito na quadra de futsal\" \/>\n<meta property=\"og:url\" content=\"https:\/\/tribunadapraia.com.br\/?p=5796\" \/>\n<meta property=\"og:site_name\" content=\"TRIBUNA DA PRAIA\" \/>\n<meta property=\"article:publisher\" content=\"https:\/\/www.facebook.com\/tribunadapraiaonline\/\" \/>\n<meta property=\"article:published_time\" content=\"2023-01-28T23:52:50+00:00\" \/>\n<meta property=\"article:modified_time\" content=\"2023-01-28T23:55:00+00:00\" \/>\n<meta property=\"og:image\" content=\"https:\/\/tribunadapraia.com.br\/wp-content\/uploads\/2023\/01\/IMG-20230128-WA0074.jpg\" \/>\n\t<meta property=\"og:image:width\" content=\"1080\" \/>\n\t<meta property=\"og:image:height\" content=\"793\" \/>\n<meta name=\"twitter:card\" content=\"summary_large_image\" \/>\n<meta name=\"twitter:creator\" content=\"@Claudomir21\" \/>\n<meta name=\"twitter:site\" content=\"@Claudomir21\" \/>\n<meta name=\"twitter:label1\" content=\"Est. tempo de leitura\">\n\t<meta name=\"twitter:data1\" content=\"2 minutos\">\n<script type=\"application\/ld+json\" class=\"yoast-schema-graph\">{\"@context\":\"https:\/\/schema.org\",\"@graph\":[{\"@type\":\"Organization\",\"@id\":\"https:\/\/tribunadapraia.com.br\/#organization\",\"name\":\"Tribuna da Praia\",\"url\":\"https:\/\/tribunadapraia.com.br\/\",\"sameAs\":[\"https:\/\/www.facebook.com\/tribunadapraiaonline\/\",\"https:\/\/www.instagram.com\/claudomirtavares\/\",\"https:\/\/www.youtube.com\/channel\/UCwQf80nxiMzCefAyjbp53Rw\",\"https:\/\/twitter.com\/Claudomir21\"],\"logo\":{\"@type\":\"ImageObject\",\"@id\":\"https:\/\/tribunadapraia.com.br\/#logo\",\"inLanguage\":\"pt-BR\",\"url\":\"https:\/\/tribunadapraia.com.br\/wp-content\/uploads\/2020\/02\/logo.png\",\"contentUrl\":\"https:\/\/tribunadapraia.com.br\/wp-content\/uploads\/2020\/02\/logo.png\",\"width\":501,\"height\":121,\"caption\":\"Tribuna da Praia\"},\"image\":{\"@id\":\"https:\/\/tribunadapraia.com.br\/#logo\"}},{\"@type\":\"WebSite\",\"@id\":\"https:\/\/tribunadapraia.com.br\/#website\",\"url\":\"https:\/\/tribunadapraia.com.br\/\",\"name\":\"TRIBUNA DA PRAIA\",\"description\":\"O 1\\u00ba jornal do interior de Sergipe na internet\",\"publisher\":{\"@id\":\"https:\/\/tribunadapraia.com.br\/#organization\"},\"potentialAction\":[{\"@type\":\"SearchAction\",\"target\":\"https:\/\/tribunadapraia.com.br\/?s={search_term_string}\",\"query-input\":\"required name=search_term_string\"}],\"inLanguage\":\"pt-BR\"},{\"@type\":\"ImageObject\",\"@id\":\"https:\/\/tribunadapraia.com.br\/?p=5796#primaryimage\",\"inLanguage\":\"pt-BR\",\"url\":\"https:\/\/tribunadapraia.com.br\/wp-content\/uploads\/2023\/01\/IMG-20230128-WA0074.jpg\",\"contentUrl\":\"https:\/\/tribunadapraia.com.br\/wp-content\/uploads\/2023\/01\/IMG-20230128-WA0074.jpg\",\"width\":1080,\"height\":793},{\"@type\":\"WebPage\",\"@id\":\"https:\/\/tribunadapraia.com.br\/?p=5796#webpage\",\"url\":\"https:\/\/tribunadapraia.com.br\/?p=5796\",\"name\":\"Prefeitura da Barra dos Coqueiros troca todos postes de ilumina\\u00e7\\u00e3o da Orla da Atalaia Nova - TRIBUNA DA PRAIA\",\"isPartOf\":{\"@id\":\"https:\/\/tribunadapraia.com.br\/#website\"},\"primaryImageOfPage\":{\"@id\":\"https:\/\/tribunadapraia.com.br\/?p=5796#primaryimage\"},\"datePublished\":\"2023-01-28T23:52:50+00:00\",\"dateModified\":\"2023-01-28T23:55:00+00:00\",\"breadcrumb\":{\"@id\":\"https:\/\/tribunadapraia.com.br\/?p=5796#breadcrumb\"},\"inLanguage\":\"pt-BR\",\"potentialAction\":[{\"@type\":\"ReadAction\",\"target\":[\"https:\/\/tribunadapraia.com.br\/?p=5796\"]}]},{\"@type\":\"BreadcrumbList\",\"@id\":\"https:\/\/tribunadapraia.com.br\/?p=5796#breadcrumb\",\"itemListElement\":[{\"@type\":\"ListItem\",\"position\":1,\"item\":{\"@type\":\"WebPage\",\"@id\":\"https:\/\/tribunadapraia.com.br\/\",\"url\":\"https:\/\/tribunadapraia.com.br\/\",\"name\":\"In\\u00edcio\"}},{\"@type\":\"ListItem\",\"position\":2,\"item\":{\"@id\":\"https:\/\/tribunadapraia.com.br\/?p=5796#webpage\"}}]},{\"@type\":\"Article\",\"@id\":\"https:\/\/tribunadapraia.com.br\/?p=5796#article\",\"isPartOf\":{\"@id\":\"https:\/\/tribunadapraia.com.br\/?p=5796#webpage\"},\"author\":{\"@id\":\"https:\/\/tribunadapraia.com.br\/#\/schema\/person\/326b0a9f3163b479142c64eba4928de0\"},\"headline\":\"Prefeitura da Barra dos Coqueiros troca todos postes de ilumina\\u00e7\\u00e3o da Orla da Atalaia Nova\",\"datePublished\":\"2023-01-28T23:52:50+00:00\",\"dateModified\":\"2023-01-28T23:55:00+00:00\",\"mainEntityOfPage\":{\"@id\":\"https:\/\/tribunadapraia.com.br\/?p=5796#webpage\"},\"wordCount\":348,\"commentCount\":0,\"publisher\":{\"@id\":\"https:\/\/tribunadapraia.com.br\/#organization\"},\"image\":{\"@id\":\"https:\/\/tribunadapraia.com.br\/?p=5796#primaryimage\"},\"thumbnailUrl\":\"https:\/\/tribunadapraia.com.br\/wp-content\/uploads\/2023\/01\/IMG-20230128-WA0074.jpg\",\"articleSection\":[\"Not\\u00edcias\"],\"inLanguage\":\"pt-BR\",\"potentialAction\":[{\"@type\":\"CommentAction\",\"name\":\"Comment\",\"target\":[\"https:\/\/tribunadapraia.com.br\/?p=5796#respond\"]}]},{\"@type\":\"Person\",\"@id\":\"https:\/\/tribunadapraia.com.br\/#\/schema\/person\/326b0a9f3163b479142c64eba4928de0\",\"name\":\"tribunadapraia\",\"image\":{\"@type\":\"ImageObject\",\"@id\":\"https:\/\/tribunadapraia.com.br\/#personlogo\",\"inLanguage\":\"pt-BR\",\"url\":\"https:\/\/secure.gravatar.com\/avatar\/38b019c74762496076b7355024a0dad9?s=96&d=identicon&r=g\",\"contentUrl\":\"https:\/\/secure.gravatar.com\/avatar\/38b019c74762496076b7355024a0dad9?s=96&d=identicon&r=g\",\"caption\":\"tribunadapraia\"}}]}<\/script>\n<!-- \/ Yoast SEO plugin. -->","wps_subtitle":"","_links":{"self":[{"href":"https:\/\/tribunadapraia.com.br\/index.php?rest_route=\/wp\/v2\/posts\/5796"}],"collection":[{"href":"https:\/\/tribunadapraia.com.br\/index.php?rest_route=\/wp\/v2\/posts"}],"about":[{"href":"https:\/\/tribunadapraia.com.br\/index.php?rest_route=\/wp\/v2\/types\/post"}],"author":[{"embeddable":true,"href":"https:\/\/tribunadapraia.com.br\/index.php?rest_route=\/wp\/v2\/users\/1"}],"replies":[{"embeddable":true,"href":"https:\/\/tribunadapraia.com.br\/index.php?rest_route=%2Fwp%2Fv2%2Fcomments&post=5796"}],"version-history":[{"count":1,"href":"https:\/\/tribunadapraia.com.br\/index.php?rest_route=\/wp\/v2\/posts\/5796\/revisions"}],"predecessor-version":[{"id":5797,"href":"https:\/\/tribunadapraia.com.br\/index.php?rest_route=\/wp\/v2\/posts\/5796\/revisions\/5797"}],"wp:featuredmedia":[{"embeddable":true,"href":"https:\/\/tribunadapraia.com.br\/index.php?rest_route=\/wp\/v2\/media\/5798"}],"wp:attachment":[{"href":"https:\/\/tribunadapraia.com.br\/index.php?rest_route=%2Fwp%2Fv2%2Fmedia&parent=5796"}],"wp:term":[{"taxonomy":"category","embeddable":true,"href":"https:\/\/tribunadapraia.com.br\/index.php?rest_route=%2Fwp%2Fv2%2Fcategories&post=5796"},{"taxonomy":"post_tag","embeddable":true,"href":"https:\/\/tribunadapraia.com.br\/index.php?rest_route=%2Fwp%2Fv2%2Ftags&post=5796"}],"curies":[{"name":"wp","href":"https:\/\/api.w.org\/{rel}","templated":true}]}}