{"id":5786,"date":"2023-01-27T09:06:53","date_gmt":"2023-01-27T12:06:53","guid":{"rendered":"https:\/\/tribunadapraia.com.br\/?p=5786"},"modified":"2023-01-27T09:06:53","modified_gmt":"2023-01-27T12:06:53","slug":"ha-20-anos-tribuna-da-praia-chegava-as-ruas-de-propria-e-baixo-sao-francisco-se-al","status":"publish","type":"post","link":"https:\/\/tribunadapraia.com.br\/?p=5786","title":{"rendered":"H\u00e1 20 anos, TRIBUNA DA PRAIA chegava \u00e0s ruas de Propri\u00e1 e Baixo S\u00e3o Francisco SE\/AL"},"content":{"rendered":"<p>Fundado em 23 de agosto de 1983, a TRIBUNA DA PRAIA estar\u00e1 comemorando 40 anos de intensa atividade informativa em Sergipe. Um dos momentos que destacamos hoje pelo simbolismo e relev\u00e2ncia, foi o lan\u00e7amento da primeira edi\u00e7\u00e3o no formato A3, com 8 p\u00e1ginas e editorias definidas em 27 de janeiro de 2003 da Sucursal Baixo S\u00e3o Francisco SE\/AL, a partir da cidade de Propri\u00e1.<\/p>\n<p>Atrav\u00e9s de postagens via Correios e diretamente em algumas cidades, o jornal chegava mensalmente a Brejo Grande, Ilha das Flores, Ne\u00f3polis, Santana do S\u00e3o Francisco, Telha, Cedro de S\u00e3o Jo\u00e3o, Amparo do S\u00e3o Francisco,1Canhoba, Nossa Senhora de Lourdes, Gararu, Porto da Folha, Po\u00e7o Redondo e Canind\u00e9 do S\u00e3o Francisco, em Sergipe. Em Alagoas a Tribuna da Praia chegava a Piranhas, Traipu, S\u00e3o Br\u00e1s, Porto Real do Col\u00e9gio, Penedo e Pia\u00e7abu\u00e7u. Em Propri\u00e1 as edi\u00e7\u00f5es chegavam as m\u00e3os da popula\u00e7\u00e3o no Centro Comercial e diversas reparti\u00e7\u00f5es p\u00fablicas.<\/p>\n<p style=\"text-align: center;\"><img loading=\"lazy\" class=\"alignnone size-medium wp-image-5788\" src=\"https:\/\/tribunadapraia.com.br\/wp-content\/uploads\/2023\/01\/PPA-300x248.jpg\" alt=\"\" width=\"300\" height=\"248\" srcset=\"https:\/\/tribunadapraia.com.br\/wp-content\/uploads\/2023\/01\/PPA-300x248.jpg 300w, https:\/\/tribunadapraia.com.br\/wp-content\/uploads\/2023\/01\/PPA.jpg 768w\" sizes=\"(max-width: 300px) 100vw, 300px\" \/><\/p>\n<p>Ao longo destes 20 anos foram estabelecidas algumas parcerias que tornaram poss\u00edvel a realiza\u00e7\u00e3o e coloca\u00e7\u00e3o em pr\u00e1tica deste projeto, n\u00e3o citando-as para que n\u00e3o sejam esquecidas algumas delas.<\/p>\n<ul>\n<li><span style=\"color: #ff6600;\">Por ClaudOmir Herzog<\/span><\/li>\n<\/ul>\n","protected":false},"excerpt":{"rendered":"<p>Fundado em 23 de agosto de 1983, a TRIBUNA DA PRAIA estar\u00e1 comemorando 40 anos de intensa atividade informativa em Sergipe. Um dos momentos que destacamos hoje pelo simbolismo e relev\u00e2ncia, foi o lan\u00e7amento da primeira edi\u00e7\u00e3o no formato A3, com 8 p\u00e1ginas e editorias definidas em 27 de janeiro de 2003 da Sucursal Baixo S\u00e3o Francisco SE\/AL, a partir da cidade de Propri\u00e1. Atrav\u00e9s de postagens via Correios e<\/p>\n","protected":false},"author":3,"featured_media":5787,"comment_status":"open","ping_status":"open","sticky":false,"template":"","format":"standard","meta":[],"categories":[18],"tags":[],"yoast_head":"<!-- This site is optimized with the Yoast SEO plugin v16.3 - https:\/\/yoast.com\/wordpress\/plugins\/seo\/ -->\n<title>H\u00e1 20 anos, TRIBUNA DA PRAIA chegava \u00e0s ruas de Propri\u00e1 e Baixo S\u00e3o Francisco SE\/AL - TRIBUNA DA PRAIA<\/title>\n<meta name=\"robots\" content=\"index, follow, max-snippet:-1, max-image-preview:large, max-video-preview:-1\" \/>\n<link rel=\"canonical\" href=\"https:\/\/tribunadapraia.com.br\/?p=5786\" \/>\n<meta property=\"og:locale\" content=\"pt_BR\" \/>\n<meta property=\"og:type\" content=\"article\" \/>\n<meta property=\"og:title\" content=\"H\u00e1 20 anos, TRIBUNA DA PRAIA chegava \u00e0s ruas de Propri\u00e1 e Baixo S\u00e3o Francisco SE\/AL - TRIBUNA DA PRAIA\" \/>\n<meta property=\"og:description\" content=\"Fundado em 23 de agosto de 1983, a TRIBUNA DA PRAIA estar\u00e1 comemorando 40 anos de intensa atividade informativa em Sergipe. Um dos momentos que destacamos hoje pelo simbolismo e relev\u00e2ncia, foi o lan\u00e7amento da primeira edi\u00e7\u00e3o no formato A3, com 8 p\u00e1ginas e editorias definidas em 27 de janeiro de 2003 da Sucursal Baixo S\u00e3o Francisco SE\/AL, a partir da cidade de Propri\u00e1. Atrav\u00e9s de postagens via Correios e\" \/>\n<meta property=\"og:url\" content=\"https:\/\/tribunadapraia.com.br\/?p=5786\" \/>\n<meta property=\"og:site_name\" content=\"TRIBUNA DA PRAIA\" \/>\n<meta property=\"article:publisher\" content=\"https:\/\/www.facebook.com\/tribunadapraiaonline\/\" \/>\n<meta property=\"article:published_time\" content=\"2023-01-27T12:06:53+00:00\" \/>\n<meta property=\"og:image\" content=\"https:\/\/tribunadapraia.com.br\/wp-content\/uploads\/2023\/01\/IMG-20230127-WA0024.jpg\" \/>\n\t<meta property=\"og:image:width\" content=\"1019\" \/>\n\t<meta property=\"og:image:height\" content=\"1014\" \/>\n<meta name=\"twitter:card\" content=\"summary_large_image\" \/>\n<meta name=\"twitter:creator\" content=\"@Claudomir21\" \/>\n<meta name=\"twitter:site\" content=\"@Claudomir21\" \/>\n<meta name=\"twitter:label1\" content=\"Est. tempo de leitura\">\n\t<meta name=\"twitter:data1\" content=\"1 minuto\">\n<script type=\"application\/ld+json\" class=\"yoast-schema-graph\">{\"@context\":\"https:\/\/schema.org\",\"@graph\":[{\"@type\":\"Organization\",\"@id\":\"https:\/\/tribunadapraia.com.br\/#organization\",\"name\":\"Tribuna da Praia\",\"url\":\"https:\/\/tribunadapraia.com.br\/\",\"sameAs\":[\"https:\/\/www.facebook.com\/tribunadapraiaonline\/\",\"https:\/\/www.instagram.com\/claudomirtavares\/\",\"https:\/\/www.youtube.com\/channel\/UCwQf80nxiMzCefAyjbp53Rw\",\"https:\/\/twitter.com\/Claudomir21\"],\"logo\":{\"@type\":\"ImageObject\",\"@id\":\"https:\/\/tribunadapraia.com.br\/#logo\",\"inLanguage\":\"pt-BR\",\"url\":\"https:\/\/tribunadapraia.com.br\/wp-content\/uploads\/2020\/02\/logo.png\",\"contentUrl\":\"https:\/\/tribunadapraia.com.br\/wp-content\/uploads\/2020\/02\/logo.png\",\"width\":501,\"height\":121,\"caption\":\"Tribuna da Praia\"},\"image\":{\"@id\":\"https:\/\/tribunadapraia.com.br\/#logo\"}},{\"@type\":\"WebSite\",\"@id\":\"https:\/\/tribunadapraia.com.br\/#website\",\"url\":\"https:\/\/tribunadapraia.com.br\/\",\"name\":\"TRIBUNA DA PRAIA\",\"description\":\"O 1\\u00ba jornal do interior de Sergipe na internet\",\"publisher\":{\"@id\":\"https:\/\/tribunadapraia.com.br\/#organization\"},\"potentialAction\":[{\"@type\":\"SearchAction\",\"target\":\"https:\/\/tribunadapraia.com.br\/?s={search_term_string}\",\"query-input\":\"required name=search_term_string\"}],\"inLanguage\":\"pt-BR\"},{\"@type\":\"ImageObject\",\"@id\":\"https:\/\/tribunadapraia.com.br\/?p=5786#primaryimage\",\"inLanguage\":\"pt-BR\",\"url\":\"https:\/\/tribunadapraia.com.br\/wp-content\/uploads\/2023\/01\/IMG-20230127-WA0024.jpg\",\"contentUrl\":\"https:\/\/tribunadapraia.com.br\/wp-content\/uploads\/2023\/01\/IMG-20230127-WA0024.jpg\",\"width\":1019,\"height\":1014},{\"@type\":\"WebPage\",\"@id\":\"https:\/\/tribunadapraia.com.br\/?p=5786#webpage\",\"url\":\"https:\/\/tribunadapraia.com.br\/?p=5786\",\"name\":\"H\\u00e1 20 anos, TRIBUNA DA PRAIA chegava \\u00e0s ruas de Propri\\u00e1 e Baixo S\\u00e3o Francisco SE\/AL - TRIBUNA DA PRAIA\",\"isPartOf\":{\"@id\":\"https:\/\/tribunadapraia.com.br\/#website\"},\"primaryImageOfPage\":{\"@id\":\"https:\/\/tribunadapraia.com.br\/?p=5786#primaryimage\"},\"datePublished\":\"2023-01-27T12:06:53+00:00\",\"dateModified\":\"2023-01-27T12:06:53+00:00\",\"breadcrumb\":{\"@id\":\"https:\/\/tribunadapraia.com.br\/?p=5786#breadcrumb\"},\"inLanguage\":\"pt-BR\",\"potentialAction\":[{\"@type\":\"ReadAction\",\"target\":[\"https:\/\/tribunadapraia.com.br\/?p=5786\"]}]},{\"@type\":\"BreadcrumbList\",\"@id\":\"https:\/\/tribunadapraia.com.br\/?p=5786#breadcrumb\",\"itemListElement\":[{\"@type\":\"ListItem\",\"position\":1,\"item\":{\"@type\":\"WebPage\",\"@id\":\"https:\/\/tribunadapraia.com.br\/\",\"url\":\"https:\/\/tribunadapraia.com.br\/\",\"name\":\"In\\u00edcio\"}},{\"@type\":\"ListItem\",\"position\":2,\"item\":{\"@id\":\"https:\/\/tribunadapraia.com.br\/?p=5786#webpage\"}}]},{\"@type\":\"Article\",\"@id\":\"https:\/\/tribunadapraia.com.br\/?p=5786#article\",\"isPartOf\":{\"@id\":\"https:\/\/tribunadapraia.com.br\/?p=5786#webpage\"},\"author\":{\"@id\":\"https:\/\/tribunadapraia.com.br\/#\/schema\/person\/099fbbf59acc5895c0d7d52b4fc46c97\"},\"headline\":\"H\\u00e1 20 anos, TRIBUNA DA PRAIA chegava \\u00e0s ruas de Propri\\u00e1 e Baixo S\\u00e3o Francisco SE\/AL\",\"datePublished\":\"2023-01-27T12:06:53+00:00\",\"dateModified\":\"2023-01-27T12:06:53+00:00\",\"mainEntityOfPage\":{\"@id\":\"https:\/\/tribunadapraia.com.br\/?p=5786#webpage\"},\"wordCount\":223,\"commentCount\":0,\"publisher\":{\"@id\":\"https:\/\/tribunadapraia.com.br\/#organization\"},\"image\":{\"@id\":\"https:\/\/tribunadapraia.com.br\/?p=5786#primaryimage\"},\"thumbnailUrl\":\"https:\/\/tribunadapraia.com.br\/wp-content\/uploads\/2023\/01\/IMG-20230127-WA0024.jpg\",\"articleSection\":[\"Not\\u00edcias\"],\"inLanguage\":\"pt-BR\",\"potentialAction\":[{\"@type\":\"CommentAction\",\"name\":\"Comment\",\"target\":[\"https:\/\/tribunadapraia.com.br\/?p=5786#respond\"]}]},{\"@type\":\"Person\",\"@id\":\"https:\/\/tribunadapraia.com.br\/#\/schema\/person\/099fbbf59acc5895c0d7d52b4fc46c97\",\"name\":\"Reda\\u00e7\\u00e3o\",\"image\":{\"@type\":\"ImageObject\",\"@id\":\"https:\/\/tribunadapraia.com.br\/#personlogo\",\"inLanguage\":\"pt-BR\",\"url\":\"https:\/\/secure.gravatar.com\/avatar\/91c8b91d2bfd7784eac5c3e055361f64?s=96&d=identicon&r=g\",\"contentUrl\":\"https:\/\/secure.gravatar.com\/avatar\/91c8b91d2bfd7784eac5c3e055361f64?s=96&d=identicon&r=g\",\"caption\":\"Reda\\u00e7\\u00e3o\"}}]}<\/script>\n<!-- \/ Yoast SEO plugin. -->","wps_subtitle":"","_links":{"self":[{"href":"https:\/\/tribunadapraia.com.br\/index.php?rest_route=\/wp\/v2\/posts\/5786"}],"collection":[{"href":"https:\/\/tribunadapraia.com.br\/index.php?rest_route=\/wp\/v2\/posts"}],"about":[{"href":"https:\/\/tribunadapraia.com.br\/index.php?rest_route=\/wp\/v2\/types\/post"}],"author":[{"embeddable":true,"href":"https:\/\/tribunadapraia.com.br\/index.php?rest_route=\/wp\/v2\/users\/3"}],"replies":[{"embeddable":true,"href":"https:\/\/tribunadapraia.com.br\/index.php?rest_route=%2Fwp%2Fv2%2Fcomments&post=5786"}],"version-history":[{"count":1,"href":"https:\/\/tribunadapraia.com.br\/index.php?rest_route=\/wp\/v2\/posts\/5786\/revisions"}],"predecessor-version":[{"id":5789,"href":"https:\/\/tribunadapraia.com.br\/index.php?rest_route=\/wp\/v2\/posts\/5786\/revisions\/5789"}],"wp:featuredmedia":[{"embeddable":true,"href":"https:\/\/tribunadapraia.com.br\/index.php?rest_route=\/wp\/v2\/media\/5787"}],"wp:attachment":[{"href":"https:\/\/tribunadapraia.com.br\/index.php?rest_route=%2Fwp%2Fv2%2Fmedia&parent=5786"}],"wp:term":[{"taxonomy":"category","embeddable":true,"href":"https:\/\/tribunadapraia.com.br\/index.php?rest_route=%2Fwp%2Fv2%2Fcategories&post=5786"},{"taxonomy":"post_tag","embeddable":true,"href":"https:\/\/tribunadapraia.com.br\/index.php?rest_route=%2Fwp%2Fv2%2Ftags&post=5786"}],"curies":[{"name":"wp","href":"https:\/\/api.w.org\/{rel}","templated":true}]}}