{"id":5783,"date":"2023-01-27T07:38:24","date_gmt":"2023-01-27T10:38:24","guid":{"rendered":"https:\/\/tribunadapraia.com.br\/?p=5783"},"modified":"2023-01-27T07:38:24","modified_gmt":"2023-01-27T10:38:24","slug":"da-historia-da-educacao-primeiras-turmas-do-2-grau-do-emiliano-nunes-de-moura-em-japaratuba","status":"publish","type":"post","link":"https:\/\/tribunadapraia.com.br\/?p=5783","title":{"rendered":"Da Hist\u00f3ria da Educa\u00e7\u00e3o: Primeiras turmas do 2\u00b0 Grau do Emiliano Nunes de Moura, em Japaratuba"},"content":{"rendered":"<ul>\n<li><span style=\"color: #ff6600;\">Por ClaudOmir Herzog<\/span><\/li>\n<\/ul>\n<p>Fundada em 1969, foi h\u00e1 35 anos (em dezembro de 1987) que a Escola de 1\u00b0 e 2\u00b0 Graus Professor Emiliano Nunes de Moura &#8211; at\u00e9 1986 Gin\u00e1sio [1] Municipal e atualmente Escola Municipal de mesmo nome, em Japaratuba, distante 55 km da capital, Aracaju, formava as primeiras turmas em n\u00edvel de 2\u00b0 Grau (correspondente ao atual Ensino M\u00e9dio) de T\u00e9cnico em Contabilidade e Pedag\u00f3gico, qualificando-os para o exerc\u00edcio das atividades profissional de contadores e professores para ministrar aulas nas s\u00e9ries iniciais do 1\u00b0 Grau respectivamente, al\u00e9m de habilit\u00e1-los para cursar o Vestibular em instituicao de ensino superior. Estes estudantes foram os \u00faltimos egressos do Col\u00e9gio Cenecista [2] Senador Albano do Prado Pimental Franco, que funcionava nas instala\u00e7\u00f5es<br \/>\nda Escola de 1\u00b0 Grau Senador Gon\u00e7alo Prado Rolemberg cedida pela Secretaria de Estado da Educa\u00e7\u00e3o (SEED).<\/p>\n<p>O Cenecista, seguido do Emiliano eram alguns dos poucos estabelecimentos de ensino onde se ofertava o 2\u00b0 Grau em Sergipe e em ambas estavam matriculados estudantes de Japaratuba (e povoados), Pirambu (e povoados Aguilhadas e Marimbondo), Carmopolis (e povoado Aguada), General Maynard, al\u00e9m dos povoados Curral do Meio e Fleixeiras em Santo Amaro das Brotas. As primeiras turmas genuinamente formadas no Emiliano conclu\u00edram o 2\u00b0 Grau em 1989.<\/p>\n<p>\u00c9 preciso registrar aqui o empenho do professor e advogado Juscelino Pinheiro de Britto, assistente da dire\u00e7\u00e3o do Emiliano e do prefeito Pedro Moura Neto para a implanta\u00e7\u00e3o do 2\u00b0 Grau na rede municipal, cujos cursos Cient\u00edfico (no 1\u00b0 ano), Pedag\u00f3gico ou Contabilidade (a partir do 2\u00b0 ao 3\u00b0 anos) foram assumidos at\u00e9 que o Governo de Sergipe emprantasse o Ensino M\u00e9dio na d\u00e9cada de 1990 atrav\u00e9s do Sistema Organizacional Modular do Ensino M\u00e9dio (SOMEM) nos termos da Constitui\u00e7\u00e3o Federal de 05 de outubro de 1988 e da Lei de Diretrizes e Bases da Educa\u00e7\u00e3o Nacional, a LDB &#8211; Lei n\u00b0 9.394 de 20 de dezembro de 1996.<\/p>\n<ul>\n<li><span style=\"color: #993300;\">ClaudOmir Tavares da Silva (54) \u00e9 membro Honor\u00e1rio da Academia Japaratubense de Letras, Artes e Ci\u00eancias (AJLAC)<\/span><\/li>\n<\/ul>\n<p><strong>Fonte:<\/strong><\/p>\n<p>Centro de Documenta\u00e7\u00e3o da RPCA Sergipe (RPCA Sergipe)<\/p>\n<p><strong>Notas:<\/strong><\/p>\n<p>[1] O Gin\u00e1sio era a nomenclatura que se dava \u00e0s turmas de 5\u00aa a 8\u00aa s\u00e9ries, precedidas pelas de 1\u00ba a 4\u00aa que eram denominadas primarias.<br \/>\n[2] Do sistema Campanha Nacional de Escolas da Comunidade (CNEC).<\/p>\n","protected":false},"excerpt":{"rendered":"<p>Por ClaudOmir Herzog Fundada em 1969, foi h\u00e1 35 anos (em dezembro de 1987) que a Escola de 1\u00b0 e 2\u00b0 Graus Professor Emiliano Nunes de Moura &#8211; at\u00e9 1986 Gin\u00e1sio [1] Municipal e atualmente Escola Municipal de mesmo nome, em Japaratuba, distante 55 km da capital, Aracaju, formava as primeiras turmas em n\u00edvel de 2\u00b0 Grau (correspondente ao atual Ensino M\u00e9dio) de T\u00e9cnico em Contabilidade e Pedag\u00f3gico, qualificando-os para<\/p>\n","protected":false},"author":3,"featured_media":5784,"comment_status":"open","ping_status":"open","sticky":false,"template":"","format":"standard","meta":[],"categories":[18],"tags":[],"yoast_head":"<!-- This site is optimized with the Yoast SEO plugin v16.3 - https:\/\/yoast.com\/wordpress\/plugins\/seo\/ -->\n<title>Da Hist\u00f3ria da Educa\u00e7\u00e3o: Primeiras turmas do 2\u00b0 Grau do Emiliano Nunes de Moura, em Japaratuba - TRIBUNA DA PRAIA<\/title>\n<meta name=\"robots\" content=\"index, follow, max-snippet:-1, max-image-preview:large, max-video-preview:-1\" \/>\n<link rel=\"canonical\" href=\"https:\/\/tribunadapraia.com.br\/?p=5783\" \/>\n<meta property=\"og:locale\" content=\"pt_BR\" \/>\n<meta property=\"og:type\" content=\"article\" \/>\n<meta property=\"og:title\" content=\"Da Hist\u00f3ria da Educa\u00e7\u00e3o: Primeiras turmas do 2\u00b0 Grau do Emiliano Nunes de Moura, em Japaratuba - TRIBUNA DA PRAIA\" \/>\n<meta property=\"og:description\" content=\"Por ClaudOmir Herzog Fundada em 1969, foi h\u00e1 35 anos (em dezembro de 1987) que a Escola de 1\u00b0 e 2\u00b0 Graus Professor Emiliano Nunes de Moura &#8211; at\u00e9 1986 Gin\u00e1sio [1] Municipal e atualmente Escola Municipal de mesmo nome, em Japaratuba, distante 55 km da capital, Aracaju, formava as primeiras turmas em n\u00edvel de 2\u00b0 Grau (correspondente ao atual Ensino M\u00e9dio) de T\u00e9cnico em Contabilidade e Pedag\u00f3gico, qualificando-os para\" \/>\n<meta property=\"og:url\" content=\"https:\/\/tribunadapraia.com.br\/?p=5783\" \/>\n<meta property=\"og:site_name\" content=\"TRIBUNA DA PRAIA\" \/>\n<meta property=\"article:publisher\" content=\"https:\/\/www.facebook.com\/tribunadapraiaonline\/\" \/>\n<meta property=\"article:published_time\" content=\"2023-01-27T10:38:24+00:00\" \/>\n<meta property=\"og:image\" content=\"https:\/\/tribunadapraia.com.br\/wp-content\/uploads\/2023\/01\/IMG-20230127-WA0013.jpg\" \/>\n\t<meta property=\"og:image:width\" content=\"1019\" \/>\n\t<meta property=\"og:image:height\" content=\"1014\" \/>\n<meta name=\"twitter:card\" content=\"summary_large_image\" \/>\n<meta name=\"twitter:creator\" content=\"@Claudomir21\" \/>\n<meta name=\"twitter:site\" content=\"@Claudomir21\" \/>\n<meta name=\"twitter:label1\" content=\"Est. tempo de leitura\">\n\t<meta name=\"twitter:data1\" content=\"2 minutos\">\n<script type=\"application\/ld+json\" class=\"yoast-schema-graph\">{\"@context\":\"https:\/\/schema.org\",\"@graph\":[{\"@type\":\"Organization\",\"@id\":\"https:\/\/tribunadapraia.com.br\/#organization\",\"name\":\"Tribuna da Praia\",\"url\":\"https:\/\/tribunadapraia.com.br\/\",\"sameAs\":[\"https:\/\/www.facebook.com\/tribunadapraiaonline\/\",\"https:\/\/www.instagram.com\/claudomirtavares\/\",\"https:\/\/www.youtube.com\/channel\/UCwQf80nxiMzCefAyjbp53Rw\",\"https:\/\/twitter.com\/Claudomir21\"],\"logo\":{\"@type\":\"ImageObject\",\"@id\":\"https:\/\/tribunadapraia.com.br\/#logo\",\"inLanguage\":\"pt-BR\",\"url\":\"https:\/\/tribunadapraia.com.br\/wp-content\/uploads\/2020\/02\/logo.png\",\"contentUrl\":\"https:\/\/tribunadapraia.com.br\/wp-content\/uploads\/2020\/02\/logo.png\",\"width\":501,\"height\":121,\"caption\":\"Tribuna da Praia\"},\"image\":{\"@id\":\"https:\/\/tribunadapraia.com.br\/#logo\"}},{\"@type\":\"WebSite\",\"@id\":\"https:\/\/tribunadapraia.com.br\/#website\",\"url\":\"https:\/\/tribunadapraia.com.br\/\",\"name\":\"TRIBUNA DA PRAIA\",\"description\":\"O 1\\u00ba jornal do interior de Sergipe na internet\",\"publisher\":{\"@id\":\"https:\/\/tribunadapraia.com.br\/#organization\"},\"potentialAction\":[{\"@type\":\"SearchAction\",\"target\":\"https:\/\/tribunadapraia.com.br\/?s={search_term_string}\",\"query-input\":\"required name=search_term_string\"}],\"inLanguage\":\"pt-BR\"},{\"@type\":\"ImageObject\",\"@id\":\"https:\/\/tribunadapraia.com.br\/?p=5783#primaryimage\",\"inLanguage\":\"pt-BR\",\"url\":\"https:\/\/tribunadapraia.com.br\/wp-content\/uploads\/2023\/01\/IMG-20230127-WA0013.jpg\",\"contentUrl\":\"https:\/\/tribunadapraia.com.br\/wp-content\/uploads\/2023\/01\/IMG-20230127-WA0013.jpg\",\"width\":1019,\"height\":1014},{\"@type\":\"WebPage\",\"@id\":\"https:\/\/tribunadapraia.com.br\/?p=5783#webpage\",\"url\":\"https:\/\/tribunadapraia.com.br\/?p=5783\",\"name\":\"Da Hist\\u00f3ria da Educa\\u00e7\\u00e3o: Primeiras turmas do 2\\u00b0 Grau do Emiliano Nunes de Moura, em Japaratuba - TRIBUNA DA PRAIA\",\"isPartOf\":{\"@id\":\"https:\/\/tribunadapraia.com.br\/#website\"},\"primaryImageOfPage\":{\"@id\":\"https:\/\/tribunadapraia.com.br\/?p=5783#primaryimage\"},\"datePublished\":\"2023-01-27T10:38:24+00:00\",\"dateModified\":\"2023-01-27T10:38:24+00:00\",\"breadcrumb\":{\"@id\":\"https:\/\/tribunadapraia.com.br\/?p=5783#breadcrumb\"},\"inLanguage\":\"pt-BR\",\"potentialAction\":[{\"@type\":\"ReadAction\",\"target\":[\"https:\/\/tribunadapraia.com.br\/?p=5783\"]}]},{\"@type\":\"BreadcrumbList\",\"@id\":\"https:\/\/tribunadapraia.com.br\/?p=5783#breadcrumb\",\"itemListElement\":[{\"@type\":\"ListItem\",\"position\":1,\"item\":{\"@type\":\"WebPage\",\"@id\":\"https:\/\/tribunadapraia.com.br\/\",\"url\":\"https:\/\/tribunadapraia.com.br\/\",\"name\":\"In\\u00edcio\"}},{\"@type\":\"ListItem\",\"position\":2,\"item\":{\"@id\":\"https:\/\/tribunadapraia.com.br\/?p=5783#webpage\"}}]},{\"@type\":\"Article\",\"@id\":\"https:\/\/tribunadapraia.com.br\/?p=5783#article\",\"isPartOf\":{\"@id\":\"https:\/\/tribunadapraia.com.br\/?p=5783#webpage\"},\"author\":{\"@id\":\"https:\/\/tribunadapraia.com.br\/#\/schema\/person\/099fbbf59acc5895c0d7d52b4fc46c97\"},\"headline\":\"Da Hist\\u00f3ria da Educa\\u00e7\\u00e3o: Primeiras turmas do 2\\u00b0 Grau do Emiliano Nunes de Moura, em Japaratuba\",\"datePublished\":\"2023-01-27T10:38:24+00:00\",\"dateModified\":\"2023-01-27T10:38:24+00:00\",\"mainEntityOfPage\":{\"@id\":\"https:\/\/tribunadapraia.com.br\/?p=5783#webpage\"},\"wordCount\":390,\"commentCount\":0,\"publisher\":{\"@id\":\"https:\/\/tribunadapraia.com.br\/#organization\"},\"image\":{\"@id\":\"https:\/\/tribunadapraia.com.br\/?p=5783#primaryimage\"},\"thumbnailUrl\":\"https:\/\/tribunadapraia.com.br\/wp-content\/uploads\/2023\/01\/IMG-20230127-WA0013.jpg\",\"articleSection\":[\"Not\\u00edcias\"],\"inLanguage\":\"pt-BR\",\"potentialAction\":[{\"@type\":\"CommentAction\",\"name\":\"Comment\",\"target\":[\"https:\/\/tribunadapraia.com.br\/?p=5783#respond\"]}]},{\"@type\":\"Person\",\"@id\":\"https:\/\/tribunadapraia.com.br\/#\/schema\/person\/099fbbf59acc5895c0d7d52b4fc46c97\",\"name\":\"Reda\\u00e7\\u00e3o\",\"image\":{\"@type\":\"ImageObject\",\"@id\":\"https:\/\/tribunadapraia.com.br\/#personlogo\",\"inLanguage\":\"pt-BR\",\"url\":\"https:\/\/secure.gravatar.com\/avatar\/91c8b91d2bfd7784eac5c3e055361f64?s=96&d=identicon&r=g\",\"contentUrl\":\"https:\/\/secure.gravatar.com\/avatar\/91c8b91d2bfd7784eac5c3e055361f64?s=96&d=identicon&r=g\",\"caption\":\"Reda\\u00e7\\u00e3o\"}}]}<\/script>\n<!-- \/ Yoast SEO plugin. -->","wps_subtitle":"","_links":{"self":[{"href":"https:\/\/tribunadapraia.com.br\/index.php?rest_route=\/wp\/v2\/posts\/5783"}],"collection":[{"href":"https:\/\/tribunadapraia.com.br\/index.php?rest_route=\/wp\/v2\/posts"}],"about":[{"href":"https:\/\/tribunadapraia.com.br\/index.php?rest_route=\/wp\/v2\/types\/post"}],"author":[{"embeddable":true,"href":"https:\/\/tribunadapraia.com.br\/index.php?rest_route=\/wp\/v2\/users\/3"}],"replies":[{"embeddable":true,"href":"https:\/\/tribunadapraia.com.br\/index.php?rest_route=%2Fwp%2Fv2%2Fcomments&post=5783"}],"version-history":[{"count":1,"href":"https:\/\/tribunadapraia.com.br\/index.php?rest_route=\/wp\/v2\/posts\/5783\/revisions"}],"predecessor-version":[{"id":5785,"href":"https:\/\/tribunadapraia.com.br\/index.php?rest_route=\/wp\/v2\/posts\/5783\/revisions\/5785"}],"wp:featuredmedia":[{"embeddable":true,"href":"https:\/\/tribunadapraia.com.br\/index.php?rest_route=\/wp\/v2\/media\/5784"}],"wp:attachment":[{"href":"https:\/\/tribunadapraia.com.br\/index.php?rest_route=%2Fwp%2Fv2%2Fmedia&parent=5783"}],"wp:term":[{"taxonomy":"category","embeddable":true,"href":"https:\/\/tribunadapraia.com.br\/index.php?rest_route=%2Fwp%2Fv2%2Fcategories&post=5783"},{"taxonomy":"post_tag","embeddable":true,"href":"https:\/\/tribunadapraia.com.br\/index.php?rest_route=%2Fwp%2Fv2%2Ftags&post=5783"}],"curies":[{"name":"wp","href":"https:\/\/api.w.org\/{rel}","templated":true}]}}