{"id":5765,"date":"2023-01-26T23:15:41","date_gmt":"2023-01-27T02:15:41","guid":{"rendered":"https:\/\/tribunadapraia.com.br\/?p=5765"},"modified":"2023-01-26T23:25:23","modified_gmt":"2023-01-27T02:25:23","slug":"esportes-festival-de-verao-em-pirambu-tera-sequencia-neste-final-de-semana","status":"publish","type":"post","link":"https:\/\/tribunadapraia.com.br\/?p=5765","title":{"rendered":"Esportes: Festival de Ver\u00e3o em Pirambu ter\u00e1 sequ\u00eancia neste final de semana"},"content":{"rendered":"<p>Realizado desde o j\u00e1 distante ano de 1996, com alguns hiatos e diferentes nomenclaturas, o Festival de Ver\u00e3o de Pirambu, \u00e9 uma iniciativa da Prefeitura Municipal, atrav\u00e9s da Secretaria de Esportes e Lazer, sendo o maior e de mais longeividade em Sergipe, fazendo parte do Calend\u00e1rio Tur\u00edstico oficial em nosso estado.<\/p>\n<p>Iniciado em 13 de janeiro, vai at\u00e9 12 de fevereiro de 2023 e ter\u00e1 sequ\u00eancia neste final de semana com competi\u00e7\u00f5es de X1, beach soccer, futsal, surf e futev\u00f4lei, comforme programa\u00e7\u00e3o abaixo:<\/p>\n<p><strong>\u25a0 27\/01 &#8211; Sexta-feira:<\/strong><\/p>\n<p>19:00 &#8211; X1<br \/>\nLocal: Quadra Jairtom Santos.(Atalainha)<\/p>\n<p><strong>\u25a0 28\/01 &#8211; S\u00e1bado:<\/strong><\/p>\n<p>08:00 &#8211; Beach Soccer<br \/>\nLocal: Orla de Atalainha<br \/>\n19:00 &#8211; Futsal<br \/>\nLocal: Quadra Jairton Santos (Atalainha)<\/p>\n<p><strong>\u25a0 29\/01 &#8211; Domomgo:<\/strong><\/p>\n<p>08:00 &#8211; Surf<br \/>\nLocal: Praia Oce\u00e2nica (Km 1)<br \/>\n08:00 &#8211; Futv\u00f4lei<br \/>\nLocal: Academia de Sa\u00fade<\/p>\n<p style=\"text-align: center;\"><img loading=\"lazy\" class=\"alignnone size-medium wp-image-5516\" src=\"https:\/\/tribunadapraia.com.br\/wp-content\/uploads\/2022\/12\/IMG-20221216-WA00371-300x153.jpg\" alt=\"\" width=\"300\" height=\"153\" srcset=\"https:\/\/tribunadapraia.com.br\/wp-content\/uploads\/2022\/12\/IMG-20221216-WA00371-300x153.jpg 300w, https:\/\/tribunadapraia.com.br\/wp-content\/uploads\/2022\/12\/IMG-20221216-WA00371-1024x523.jpg 1024w, https:\/\/tribunadapraia.com.br\/wp-content\/uploads\/2022\/12\/IMG-20221216-WA00371-768x393.jpg 768w, https:\/\/tribunadapraia.com.br\/wp-content\/uploads\/2022\/12\/IMG-20221216-WA00371.jpg 1080w\" sizes=\"(max-width: 300px) 100vw, 300px\" \/><\/p>\n<ul>\n<li><span style=\"color: #808000;\">Por Reda\u00e7\u00e3o, com informa\u00e7\u00f5es da SMEL\/Pirambu<\/span><\/li>\n<\/ul>\n","protected":false},"excerpt":{"rendered":"<p>Realizado desde o j\u00e1 distante ano de 1996, com alguns hiatos e diferentes nomenclaturas, o Festival de Ver\u00e3o de Pirambu, \u00e9 uma iniciativa da Prefeitura Municipal, atrav\u00e9s da Secretaria de Esportes e Lazer, sendo o maior e de mais longeividade em Sergipe, fazendo parte do Calend\u00e1rio Tur\u00edstico oficial em nosso estado. Iniciado em 13 de janeiro, vai at\u00e9 12 de fevereiro de 2023 e ter\u00e1 sequ\u00eancia neste final de semana<\/p>\n","protected":false},"author":1,"featured_media":5767,"comment_status":"open","ping_status":"open","sticky":false,"template":"","format":"standard","meta":[],"categories":[18],"tags":[],"yoast_head":"<!-- This site is optimized with the Yoast SEO plugin v16.3 - https:\/\/yoast.com\/wordpress\/plugins\/seo\/ -->\n<title>Esportes: Festival de Ver\u00e3o em Pirambu ter\u00e1 sequ\u00eancia neste final de semana - TRIBUNA DA PRAIA<\/title>\n<meta name=\"robots\" content=\"index, follow, max-snippet:-1, max-image-preview:large, max-video-preview:-1\" \/>\n<link rel=\"canonical\" href=\"https:\/\/tribunadapraia.com.br\/?p=5765\" \/>\n<meta property=\"og:locale\" content=\"pt_BR\" \/>\n<meta property=\"og:type\" content=\"article\" \/>\n<meta property=\"og:title\" content=\"Esportes: Festival de Ver\u00e3o em Pirambu ter\u00e1 sequ\u00eancia neste final de semana - TRIBUNA DA PRAIA\" \/>\n<meta property=\"og:description\" content=\"Realizado desde o j\u00e1 distante ano de 1996, com alguns hiatos e diferentes nomenclaturas, o Festival de Ver\u00e3o de Pirambu, \u00e9 uma iniciativa da Prefeitura Municipal, atrav\u00e9s da Secretaria de Esportes e Lazer, sendo o maior e de mais longeividade em Sergipe, fazendo parte do Calend\u00e1rio Tur\u00edstico oficial em nosso estado. Iniciado em 13 de janeiro, vai at\u00e9 12 de fevereiro de 2023 e ter\u00e1 sequ\u00eancia neste final de semana\" \/>\n<meta property=\"og:url\" content=\"https:\/\/tribunadapraia.com.br\/?p=5765\" \/>\n<meta property=\"og:site_name\" content=\"TRIBUNA DA PRAIA\" \/>\n<meta property=\"article:publisher\" content=\"https:\/\/www.facebook.com\/tribunadapraiaonline\/\" \/>\n<meta property=\"article:published_time\" content=\"2023-01-27T02:15:41+00:00\" \/>\n<meta property=\"article:modified_time\" content=\"2023-01-27T02:25:23+00:00\" \/>\n<meta property=\"og:image\" content=\"https:\/\/tribunadapraia.com.br\/wp-content\/uploads\/2023\/01\/IMG-20230126-WA0104.jpg\" \/>\n\t<meta property=\"og:image:width\" content=\"906\" \/>\n\t<meta property=\"og:image:height\" content=\"483\" \/>\n<meta name=\"twitter:card\" content=\"summary_large_image\" \/>\n<meta name=\"twitter:creator\" content=\"@Claudomir21\" \/>\n<meta name=\"twitter:site\" content=\"@Claudomir21\" \/>\n<meta name=\"twitter:label1\" content=\"Est. tempo de leitura\">\n\t<meta name=\"twitter:data1\" content=\"1 minuto\">\n<script type=\"application\/ld+json\" class=\"yoast-schema-graph\">{\"@context\":\"https:\/\/schema.org\",\"@graph\":[{\"@type\":\"Organization\",\"@id\":\"https:\/\/tribunadapraia.com.br\/#organization\",\"name\":\"Tribuna da Praia\",\"url\":\"https:\/\/tribunadapraia.com.br\/\",\"sameAs\":[\"https:\/\/www.facebook.com\/tribunadapraiaonline\/\",\"https:\/\/www.instagram.com\/claudomirtavares\/\",\"https:\/\/www.youtube.com\/channel\/UCwQf80nxiMzCefAyjbp53Rw\",\"https:\/\/twitter.com\/Claudomir21\"],\"logo\":{\"@type\":\"ImageObject\",\"@id\":\"https:\/\/tribunadapraia.com.br\/#logo\",\"inLanguage\":\"pt-BR\",\"url\":\"https:\/\/tribunadapraia.com.br\/wp-content\/uploads\/2020\/02\/logo.png\",\"contentUrl\":\"https:\/\/tribunadapraia.com.br\/wp-content\/uploads\/2020\/02\/logo.png\",\"width\":501,\"height\":121,\"caption\":\"Tribuna da Praia\"},\"image\":{\"@id\":\"https:\/\/tribunadapraia.com.br\/#logo\"}},{\"@type\":\"WebSite\",\"@id\":\"https:\/\/tribunadapraia.com.br\/#website\",\"url\":\"https:\/\/tribunadapraia.com.br\/\",\"name\":\"TRIBUNA DA PRAIA\",\"description\":\"O 1\\u00ba jornal do interior de Sergipe na internet\",\"publisher\":{\"@id\":\"https:\/\/tribunadapraia.com.br\/#organization\"},\"potentialAction\":[{\"@type\":\"SearchAction\",\"target\":\"https:\/\/tribunadapraia.com.br\/?s={search_term_string}\",\"query-input\":\"required name=search_term_string\"}],\"inLanguage\":\"pt-BR\"},{\"@type\":\"ImageObject\",\"@id\":\"https:\/\/tribunadapraia.com.br\/?p=5765#primaryimage\",\"inLanguage\":\"pt-BR\",\"url\":\"https:\/\/tribunadapraia.com.br\/wp-content\/uploads\/2023\/01\/IMG-20230126-WA0104.jpg\",\"contentUrl\":\"https:\/\/tribunadapraia.com.br\/wp-content\/uploads\/2023\/01\/IMG-20230126-WA0104.jpg\",\"width\":906,\"height\":483},{\"@type\":\"WebPage\",\"@id\":\"https:\/\/tribunadapraia.com.br\/?p=5765#webpage\",\"url\":\"https:\/\/tribunadapraia.com.br\/?p=5765\",\"name\":\"Esportes: Festival de Ver\\u00e3o em Pirambu ter\\u00e1 sequ\\u00eancia neste final de semana - TRIBUNA DA PRAIA\",\"isPartOf\":{\"@id\":\"https:\/\/tribunadapraia.com.br\/#website\"},\"primaryImageOfPage\":{\"@id\":\"https:\/\/tribunadapraia.com.br\/?p=5765#primaryimage\"},\"datePublished\":\"2023-01-27T02:15:41+00:00\",\"dateModified\":\"2023-01-27T02:25:23+00:00\",\"breadcrumb\":{\"@id\":\"https:\/\/tribunadapraia.com.br\/?p=5765#breadcrumb\"},\"inLanguage\":\"pt-BR\",\"potentialAction\":[{\"@type\":\"ReadAction\",\"target\":[\"https:\/\/tribunadapraia.com.br\/?p=5765\"]}]},{\"@type\":\"BreadcrumbList\",\"@id\":\"https:\/\/tribunadapraia.com.br\/?p=5765#breadcrumb\",\"itemListElement\":[{\"@type\":\"ListItem\",\"position\":1,\"item\":{\"@type\":\"WebPage\",\"@id\":\"https:\/\/tribunadapraia.com.br\/\",\"url\":\"https:\/\/tribunadapraia.com.br\/\",\"name\":\"In\\u00edcio\"}},{\"@type\":\"ListItem\",\"position\":2,\"item\":{\"@id\":\"https:\/\/tribunadapraia.com.br\/?p=5765#webpage\"}}]},{\"@type\":\"Article\",\"@id\":\"https:\/\/tribunadapraia.com.br\/?p=5765#article\",\"isPartOf\":{\"@id\":\"https:\/\/tribunadapraia.com.br\/?p=5765#webpage\"},\"author\":{\"@id\":\"https:\/\/tribunadapraia.com.br\/#\/schema\/person\/326b0a9f3163b479142c64eba4928de0\"},\"headline\":\"Esportes: Festival de Ver\\u00e3o em Pirambu ter\\u00e1 sequ\\u00eancia neste final de semana\",\"datePublished\":\"2023-01-27T02:15:41+00:00\",\"dateModified\":\"2023-01-27T02:25:23+00:00\",\"mainEntityOfPage\":{\"@id\":\"https:\/\/tribunadapraia.com.br\/?p=5765#webpage\"},\"wordCount\":152,\"commentCount\":0,\"publisher\":{\"@id\":\"https:\/\/tribunadapraia.com.br\/#organization\"},\"image\":{\"@id\":\"https:\/\/tribunadapraia.com.br\/?p=5765#primaryimage\"},\"thumbnailUrl\":\"https:\/\/tribunadapraia.com.br\/wp-content\/uploads\/2023\/01\/IMG-20230126-WA0104.jpg\",\"articleSection\":[\"Not\\u00edcias\"],\"inLanguage\":\"pt-BR\",\"potentialAction\":[{\"@type\":\"CommentAction\",\"name\":\"Comment\",\"target\":[\"https:\/\/tribunadapraia.com.br\/?p=5765#respond\"]}]},{\"@type\":\"Person\",\"@id\":\"https:\/\/tribunadapraia.com.br\/#\/schema\/person\/326b0a9f3163b479142c64eba4928de0\",\"name\":\"tribunadapraia\",\"image\":{\"@type\":\"ImageObject\",\"@id\":\"https:\/\/tribunadapraia.com.br\/#personlogo\",\"inLanguage\":\"pt-BR\",\"url\":\"https:\/\/secure.gravatar.com\/avatar\/38b019c74762496076b7355024a0dad9?s=96&d=identicon&r=g\",\"contentUrl\":\"https:\/\/secure.gravatar.com\/avatar\/38b019c74762496076b7355024a0dad9?s=96&d=identicon&r=g\",\"caption\":\"tribunadapraia\"}}]}<\/script>\n<!-- \/ Yoast SEO plugin. -->","wps_subtitle":"","_links":{"self":[{"href":"https:\/\/tribunadapraia.com.br\/index.php?rest_route=\/wp\/v2\/posts\/5765"}],"collection":[{"href":"https:\/\/tribunadapraia.com.br\/index.php?rest_route=\/wp\/v2\/posts"}],"about":[{"href":"https:\/\/tribunadapraia.com.br\/index.php?rest_route=\/wp\/v2\/types\/post"}],"author":[{"embeddable":true,"href":"https:\/\/tribunadapraia.com.br\/index.php?rest_route=\/wp\/v2\/users\/1"}],"replies":[{"embeddable":true,"href":"https:\/\/tribunadapraia.com.br\/index.php?rest_route=%2Fwp%2Fv2%2Fcomments&post=5765"}],"version-history":[{"count":3,"href":"https:\/\/tribunadapraia.com.br\/index.php?rest_route=\/wp\/v2\/posts\/5765\/revisions"}],"predecessor-version":[{"id":5769,"href":"https:\/\/tribunadapraia.com.br\/index.php?rest_route=\/wp\/v2\/posts\/5765\/revisions\/5769"}],"wp:featuredmedia":[{"embeddable":true,"href":"https:\/\/tribunadapraia.com.br\/index.php?rest_route=\/wp\/v2\/media\/5767"}],"wp:attachment":[{"href":"https:\/\/tribunadapraia.com.br\/index.php?rest_route=%2Fwp%2Fv2%2Fmedia&parent=5765"}],"wp:term":[{"taxonomy":"category","embeddable":true,"href":"https:\/\/tribunadapraia.com.br\/index.php?rest_route=%2Fwp%2Fv2%2Fcategories&post=5765"},{"taxonomy":"post_tag","embeddable":true,"href":"https:\/\/tribunadapraia.com.br\/index.php?rest_route=%2Fwp%2Fv2%2Ftags&post=5765"}],"curies":[{"name":"wp","href":"https:\/\/api.w.org\/{rel}","templated":true}]}}