{"id":5744,"date":"2023-01-24T07:47:45","date_gmt":"2023-01-24T10:47:45","guid":{"rendered":"https:\/\/tribunadapraia.com.br\/?p=5744"},"modified":"2023-01-24T08:32:56","modified_gmt":"2023-01-24T11:32:56","slug":"5744","status":"publish","type":"post","link":"https:\/\/tribunadapraia.com.br\/?p=5744","title":{"rendered":"Come\u00e7ou: Adriana de Cor\u00e1lia abriu ciclo de entrevistas da temporada 2023 na R\u00e1dio Tribuna da Praia"},"content":{"rendered":"<p>&#8220;Propri\u00e1 est\u00e1 pronta para receber todos os seus visitantes de bra\u00e7os abertos&#8221;, convida Adriana<\/p>\n<p><img loading=\"lazy\" class=\"size-medium wp-image-5747 alignleft\" src=\"https:\/\/tribunadapraia.com.br\/wp-content\/uploads\/2023\/01\/IMG-20230123-WA0197-181x300.jpg\" alt=\"\" width=\"181\" height=\"300\" srcset=\"https:\/\/tribunadapraia.com.br\/wp-content\/uploads\/2023\/01\/IMG-20230123-WA0197-181x300.jpg 181w, https:\/\/tribunadapraia.com.br\/wp-content\/uploads\/2023\/01\/IMG-20230123-WA0197-618x1024.jpg 618w, https:\/\/tribunadapraia.com.br\/wp-content\/uploads\/2023\/01\/IMG-20230123-WA0197-768x1272.jpg 768w, https:\/\/tribunadapraia.com.br\/wp-content\/uploads\/2023\/01\/IMG-20230123-WA0197.jpg 773w\" sizes=\"(max-width: 181px) 100vw, 181px\" \/>Foi ao ar na noite de ontem, 23, o primeiro programa A VOZ DO POVO que abriu a temporada 2023 do jornalismo na R\u00e1dio Tribuna da Praia, uma trincheira em defesa da sociedade. Convidada especial, a assistente social, pedagoga e especialista em psicopedagogia Adriana M\u00e1rcia Costa Britto, a Adriana de Cor\u00e1lia, que entre os meses de dezembro de 2022 e janeiro de 2023 destacou-se atrav\u00e9s dos v\u00eddeos que divulgaram a f\u00e9, a religiosidade popular e as sete maravilhas de Propri\u00e1 &#8211; a capital da f\u00e9, a Princesinha do S\u00e3o Francisco , t\u00e3o bem descritos neste projeto que segundo revelou, &#8220;surgiu no ventre&#8221; de sua genitora. A entrevista com a m\u00e3e de Ana Carolina, marcou o inicio dos nossos trabalhos em 2023, obteve elevados \u00edndices de audi\u00eancia, comforme dados estatistcos da MaxCast, geradora do nosso straining. Da entrevista de Adriana, participou sua irm\u00e3 e produtora dos conteudos, Andrea Costa Lima. &#8220;Uma completa a outra&#8221;, descreveu ao comentar, a m\u00e3e de Andrezinho.<\/p>\n<p style=\"text-align: center;\"><img loading=\"lazy\" class=\"alignnone size-medium wp-image-5749\" src=\"https:\/\/tribunadapraia.com.br\/wp-content\/uploads\/2023\/01\/IMG-20230123-WA01961-297x300.jpg\" alt=\"\" width=\"297\" height=\"300\" srcset=\"https:\/\/tribunadapraia.com.br\/wp-content\/uploads\/2023\/01\/IMG-20230123-WA01961-297x300.jpg 297w, https:\/\/tribunadapraia.com.br\/wp-content\/uploads\/2023\/01\/IMG-20230123-WA01961-768x775.jpg 768w, https:\/\/tribunadapraia.com.br\/wp-content\/uploads\/2023\/01\/IMG-20230123-WA01961.jpg 834w\" sizes=\"(max-width: 297px) 100vw, 297px\" \/><\/p>\n<p>Confira na \u00edntegra a entrevista concedida \u00e0 ClaudOmir Herzog, apresentador do programa que vai ao ar de segunda \u00e0 sexta, das 19 \u00e0s 20 horas pela Rede Popular de Comunica\u00e7\u00e3o Alternativa de Sergipe &#8211; RPCA Sergipe.<\/p>\n<!--[if lt IE 9]><script>document.createElement('audio');<\/script><![endif]-->\n<audio class=\"wp-audio-shortcode\" id=\"audio-5744-1\" preload=\"none\" style=\"width: 100%;\" controls=\"controls\"><source type=\"audio\/mpeg\" src=\"https:\/\/tribunadapraia.com.br\/wp-content\/uploads\/2023\/01\/ADRIANA-DE-CORALIA.mp3?_=1\" \/><a href=\"https:\/\/tribunadapraia.com.br\/wp-content\/uploads\/2023\/01\/ADRIANA-DE-CORALIA.mp3\">https:\/\/tribunadapraia.com.br\/wp-content\/uploads\/2023\/01\/ADRIANA-DE-CORALIA.mp3<\/a><\/audio>\n<p>Caso tenha interesse em receber o \u00e1udio acima, solicite pelo nosso WathsApp +55 79 99973.6883.<\/p>\n<ul>\n<li><span style=\"color: #ff6600;\">Por Anthony Maderah | Fotos: Andr\u00e9a Costa<\/span><\/li>\n<\/ul>\n","protected":false},"excerpt":{"rendered":"<p>&#8220;Propri\u00e1 est\u00e1 pronta para receber todos os seus visitantes de bra\u00e7os abertos&#8221;, convida Adriana Foi ao ar na noite de ontem, 23, o primeiro programa A VOZ DO POVO que abriu a temporada 2023 do jornalismo na R\u00e1dio Tribuna da Praia, uma trincheira em defesa da sociedade. Convidada especial, a assistente social, pedagoga e especialista em psicopedagogia Adriana M\u00e1rcia Costa Britto, a Adriana de Cor\u00e1lia, que entre os meses de<\/p>\n","protected":false},"author":1,"featured_media":5745,"comment_status":"open","ping_status":"open","sticky":false,"template":"","format":"standard","meta":[],"categories":[18],"tags":[],"yoast_head":"<!-- This site is optimized with the Yoast SEO plugin v16.3 - https:\/\/yoast.com\/wordpress\/plugins\/seo\/ -->\n<title>Come\u00e7ou: Adriana de Cor\u00e1lia abriu ciclo de entrevistas da temporada 2023 na R\u00e1dio Tribuna da Praia - TRIBUNA DA PRAIA<\/title>\n<meta name=\"robots\" content=\"index, follow, max-snippet:-1, max-image-preview:large, max-video-preview:-1\" \/>\n<link rel=\"canonical\" href=\"https:\/\/tribunadapraia.com.br\/?p=5744\" \/>\n<meta property=\"og:locale\" content=\"pt_BR\" \/>\n<meta property=\"og:type\" content=\"article\" \/>\n<meta property=\"og:title\" content=\"Come\u00e7ou: Adriana de Cor\u00e1lia abriu ciclo de entrevistas da temporada 2023 na R\u00e1dio Tribuna da Praia - TRIBUNA DA PRAIA\" \/>\n<meta property=\"og:description\" content=\"&#8220;Propri\u00e1 est\u00e1 pronta para receber todos os seus visitantes de bra\u00e7os abertos&#8221;, convida Adriana Foi ao ar na noite de ontem, 23, o primeiro programa A VOZ DO POVO que abriu a temporada 2023 do jornalismo na R\u00e1dio Tribuna da Praia, uma trincheira em defesa da sociedade. Convidada especial, a assistente social, pedagoga e especialista em psicopedagogia Adriana M\u00e1rcia Costa Britto, a Adriana de Cor\u00e1lia, que entre os meses de\" \/>\n<meta property=\"og:url\" content=\"https:\/\/tribunadapraia.com.br\/?p=5744\" \/>\n<meta property=\"og:site_name\" content=\"TRIBUNA DA PRAIA\" \/>\n<meta property=\"article:publisher\" content=\"https:\/\/www.facebook.com\/tribunadapraiaonline\/\" \/>\n<meta property=\"article:published_time\" content=\"2023-01-24T10:47:45+00:00\" \/>\n<meta property=\"article:modified_time\" content=\"2023-01-24T11:32:56+00:00\" \/>\n<meta property=\"og:image\" content=\"https:\/\/tribunadapraia.com.br\/wp-content\/uploads\/2023\/01\/IMG-20230123-WA0068.jpg\" \/>\n\t<meta property=\"og:image:width\" content=\"1204\" \/>\n\t<meta property=\"og:image:height\" content=\"852\" \/>\n<meta name=\"twitter:card\" content=\"summary_large_image\" \/>\n<meta name=\"twitter:creator\" content=\"@Claudomir21\" \/>\n<meta name=\"twitter:site\" content=\"@Claudomir21\" \/>\n<meta name=\"twitter:label1\" content=\"Est. tempo de leitura\">\n\t<meta name=\"twitter:data1\" content=\"2 minutos\">\n<script type=\"application\/ld+json\" class=\"yoast-schema-graph\">{\"@context\":\"https:\/\/schema.org\",\"@graph\":[{\"@type\":\"Organization\",\"@id\":\"https:\/\/tribunadapraia.com.br\/#organization\",\"name\":\"Tribuna da Praia\",\"url\":\"https:\/\/tribunadapraia.com.br\/\",\"sameAs\":[\"https:\/\/www.facebook.com\/tribunadapraiaonline\/\",\"https:\/\/www.instagram.com\/claudomirtavares\/\",\"https:\/\/www.youtube.com\/channel\/UCwQf80nxiMzCefAyjbp53Rw\",\"https:\/\/twitter.com\/Claudomir21\"],\"logo\":{\"@type\":\"ImageObject\",\"@id\":\"https:\/\/tribunadapraia.com.br\/#logo\",\"inLanguage\":\"pt-BR\",\"url\":\"https:\/\/tribunadapraia.com.br\/wp-content\/uploads\/2020\/02\/logo.png\",\"contentUrl\":\"https:\/\/tribunadapraia.com.br\/wp-content\/uploads\/2020\/02\/logo.png\",\"width\":501,\"height\":121,\"caption\":\"Tribuna da Praia\"},\"image\":{\"@id\":\"https:\/\/tribunadapraia.com.br\/#logo\"}},{\"@type\":\"WebSite\",\"@id\":\"https:\/\/tribunadapraia.com.br\/#website\",\"url\":\"https:\/\/tribunadapraia.com.br\/\",\"name\":\"TRIBUNA DA PRAIA\",\"description\":\"O 1\\u00ba jornal do interior de Sergipe na internet\",\"publisher\":{\"@id\":\"https:\/\/tribunadapraia.com.br\/#organization\"},\"potentialAction\":[{\"@type\":\"SearchAction\",\"target\":\"https:\/\/tribunadapraia.com.br\/?s={search_term_string}\",\"query-input\":\"required name=search_term_string\"}],\"inLanguage\":\"pt-BR\"},{\"@type\":\"ImageObject\",\"@id\":\"https:\/\/tribunadapraia.com.br\/?p=5744#primaryimage\",\"inLanguage\":\"pt-BR\",\"url\":\"https:\/\/tribunadapraia.com.br\/wp-content\/uploads\/2023\/01\/IMG-20230123-WA0068.jpg\",\"contentUrl\":\"https:\/\/tribunadapraia.com.br\/wp-content\/uploads\/2023\/01\/IMG-20230123-WA0068.jpg\",\"width\":1204,\"height\":852},{\"@type\":\"WebPage\",\"@id\":\"https:\/\/tribunadapraia.com.br\/?p=5744#webpage\",\"url\":\"https:\/\/tribunadapraia.com.br\/?p=5744\",\"name\":\"Come\\u00e7ou: Adriana de Cor\\u00e1lia abriu ciclo de entrevistas da temporada 2023 na R\\u00e1dio Tribuna da Praia - TRIBUNA DA PRAIA\",\"isPartOf\":{\"@id\":\"https:\/\/tribunadapraia.com.br\/#website\"},\"primaryImageOfPage\":{\"@id\":\"https:\/\/tribunadapraia.com.br\/?p=5744#primaryimage\"},\"datePublished\":\"2023-01-24T10:47:45+00:00\",\"dateModified\":\"2023-01-24T11:32:56+00:00\",\"breadcrumb\":{\"@id\":\"https:\/\/tribunadapraia.com.br\/?p=5744#breadcrumb\"},\"inLanguage\":\"pt-BR\",\"potentialAction\":[{\"@type\":\"ReadAction\",\"target\":[\"https:\/\/tribunadapraia.com.br\/?p=5744\"]}]},{\"@type\":\"BreadcrumbList\",\"@id\":\"https:\/\/tribunadapraia.com.br\/?p=5744#breadcrumb\",\"itemListElement\":[{\"@type\":\"ListItem\",\"position\":1,\"item\":{\"@type\":\"WebPage\",\"@id\":\"https:\/\/tribunadapraia.com.br\/\",\"url\":\"https:\/\/tribunadapraia.com.br\/\",\"name\":\"In\\u00edcio\"}},{\"@type\":\"ListItem\",\"position\":2,\"item\":{\"@id\":\"https:\/\/tribunadapraia.com.br\/?p=5744#webpage\"}}]},{\"@type\":\"Article\",\"@id\":\"https:\/\/tribunadapraia.com.br\/?p=5744#article\",\"isPartOf\":{\"@id\":\"https:\/\/tribunadapraia.com.br\/?p=5744#webpage\"},\"author\":{\"@id\":\"https:\/\/tribunadapraia.com.br\/#\/schema\/person\/326b0a9f3163b479142c64eba4928de0\"},\"headline\":\"Come\\u00e7ou: Adriana de Cor\\u00e1lia abriu ciclo de entrevistas da temporada 2023 na R\\u00e1dio Tribuna da Praia\",\"datePublished\":\"2023-01-24T10:47:45+00:00\",\"dateModified\":\"2023-01-24T11:32:56+00:00\",\"mainEntityOfPage\":{\"@id\":\"https:\/\/tribunadapraia.com.br\/?p=5744#webpage\"},\"wordCount\":260,\"commentCount\":0,\"publisher\":{\"@id\":\"https:\/\/tribunadapraia.com.br\/#organization\"},\"image\":{\"@id\":\"https:\/\/tribunadapraia.com.br\/?p=5744#primaryimage\"},\"thumbnailUrl\":\"https:\/\/tribunadapraia.com.br\/wp-content\/uploads\/2023\/01\/IMG-20230123-WA0068.jpg\",\"articleSection\":[\"Not\\u00edcias\"],\"inLanguage\":\"pt-BR\",\"potentialAction\":[{\"@type\":\"CommentAction\",\"name\":\"Comment\",\"target\":[\"https:\/\/tribunadapraia.com.br\/?p=5744#respond\"]}]},{\"@type\":\"Person\",\"@id\":\"https:\/\/tribunadapraia.com.br\/#\/schema\/person\/326b0a9f3163b479142c64eba4928de0\",\"name\":\"tribunadapraia\",\"image\":{\"@type\":\"ImageObject\",\"@id\":\"https:\/\/tribunadapraia.com.br\/#personlogo\",\"inLanguage\":\"pt-BR\",\"url\":\"https:\/\/secure.gravatar.com\/avatar\/38b019c74762496076b7355024a0dad9?s=96&d=identicon&r=g\",\"contentUrl\":\"https:\/\/secure.gravatar.com\/avatar\/38b019c74762496076b7355024a0dad9?s=96&d=identicon&r=g\",\"caption\":\"tribunadapraia\"}}]}<\/script>\n<!-- \/ Yoast SEO plugin. -->","wps_subtitle":"","_links":{"self":[{"href":"https:\/\/tribunadapraia.com.br\/index.php?rest_route=\/wp\/v2\/posts\/5744"}],"collection":[{"href":"https:\/\/tribunadapraia.com.br\/index.php?rest_route=\/wp\/v2\/posts"}],"about":[{"href":"https:\/\/tribunadapraia.com.br\/index.php?rest_route=\/wp\/v2\/types\/post"}],"author":[{"embeddable":true,"href":"https:\/\/tribunadapraia.com.br\/index.php?rest_route=\/wp\/v2\/users\/1"}],"replies":[{"embeddable":true,"href":"https:\/\/tribunadapraia.com.br\/index.php?rest_route=%2Fwp%2Fv2%2Fcomments&post=5744"}],"version-history":[{"count":5,"href":"https:\/\/tribunadapraia.com.br\/index.php?rest_route=\/wp\/v2\/posts\/5744\/revisions"}],"predecessor-version":[{"id":5755,"href":"https:\/\/tribunadapraia.com.br\/index.php?rest_route=\/wp\/v2\/posts\/5744\/revisions\/5755"}],"wp:featuredmedia":[{"embeddable":true,"href":"https:\/\/tribunadapraia.com.br\/index.php?rest_route=\/wp\/v2\/media\/5745"}],"wp:attachment":[{"href":"https:\/\/tribunadapraia.com.br\/index.php?rest_route=%2Fwp%2Fv2%2Fmedia&parent=5744"}],"wp:term":[{"taxonomy":"category","embeddable":true,"href":"https:\/\/tribunadapraia.com.br\/index.php?rest_route=%2Fwp%2Fv2%2Fcategories&post=5744"},{"taxonomy":"post_tag","embeddable":true,"href":"https:\/\/tribunadapraia.com.br\/index.php?rest_route=%2Fwp%2Fv2%2Ftags&post=5744"}],"curies":[{"name":"wp","href":"https:\/\/api.w.org\/{rel}","templated":true}]}}