{"id":551,"date":"2020-03-13T09:17:04","date_gmt":"2020-03-13T12:17:04","guid":{"rendered":"https:\/\/tribunadapraia.com.br\/?p=551"},"modified":"2020-03-13T09:17:04","modified_gmt":"2020-03-13T12:17:04","slug":"ninguem-quer-soltar-o-osso","status":"publish","type":"post","link":"https:\/\/tribunadapraia.com.br\/?p=551","title":{"rendered":"Ningu\u00e9m quer soltar o osso."},"content":{"rendered":"<p>Em primeiro de janeiro de 1986, Jackson Barreto e Edvaldo Nogueira chegaram \u00e0 Prefeitura de Aracaju. L\u00e1 se v\u00e3o trinta e quatro anos. S\u00f3 ficaram de fora da Prefeitura nos quatro anos de Jo\u00e3o Alves. S\u00e3o trinta anos de mando, direta ou indiretamente, e querem continuar!<\/p>\n<p>Jackson Barreto est\u00e1 ocupando cargos pol\u00edticos em Sergipe h\u00e1 quarenta e sete anos (quase meio s\u00e9culo). JB foi eleito vereador em 1973. J\u00e1 foi quase tudo, at\u00e9 Governador. Entretanto, h\u00e1 quem diga, que Jackson est\u00e1 politicamente vivo e quer mais&#8230;<\/p>\n<p>Jackson Barreto ainda tem d\u00favidas sobre a quem apoiar: o Centr\u00e3o de Edvaldo Nogueira ou o PT?<\/p>\n<p>A amizade com Lula \u00e9 antiga. Em 2009, o deputado Jackson Barreto apresentou uma Emenda Constitucional (PEC), permitindo o terceiro mandato de Lula. N\u00e3o deu certo, Lula rejeitou. Mas, JB ficou com esse cr\u00e9dito com o PT.<\/p>\n<p>Amizades \u00e0 parte, os acertos com Edvaldo Nogueira s\u00e3o mais suculentos e parecem tentadores.<\/p>\n<p>O fato \u00e9 que, o apoio de Jackson Barreto em Aracaju ainda \u00e9 disputado.<\/p>\n<p>Alguns analistas acreditam que a presen\u00e7a de Jackson Barreto em um palanque, a essa altura, tira mais votos do que acrescenta.<\/p>\n<p>Eu n\u00e3o sei dizer&#8230;<\/p>\n<p>Quem vai tirar essa d\u00favida \u00e9 o eleitorado de Aracaju.<\/p>\n<p>Antonio Samarone.<\/p>\n","protected":false},"excerpt":{"rendered":"<p>Em primeiro de janeiro de 1986, Jackson Barreto e Edvaldo Nogueira chegaram \u00e0 Prefeitura de Aracaju. L\u00e1 se v\u00e3o trinta e quatro anos. S\u00f3 ficaram de fora da Prefeitura nos quatro anos de Jo\u00e3o Alves. S\u00e3o trinta anos de mando, direta ou indiretamente, e querem continuar! Jackson Barreto est\u00e1 ocupando cargos pol\u00edticos em Sergipe h\u00e1 quarenta e sete anos (quase meio s\u00e9culo). JB foi eleito vereador em 1973. J\u00e1 foi<\/p>\n","protected":false},"author":3,"featured_media":552,"comment_status":"open","ping_status":"open","sticky":false,"template":"","format":"standard","meta":[],"categories":[18],"tags":[],"yoast_head":"<!-- This site is optimized with the Yoast SEO plugin v16.3 - https:\/\/yoast.com\/wordpress\/plugins\/seo\/ -->\n<title>Ningu\u00e9m quer soltar o osso. - TRIBUNA DA PRAIA<\/title>\n<meta name=\"robots\" content=\"index, follow, max-snippet:-1, max-image-preview:large, max-video-preview:-1\" \/>\n<link rel=\"canonical\" href=\"https:\/\/tribunadapraia.com.br\/?p=551\" \/>\n<meta property=\"og:locale\" content=\"pt_BR\" \/>\n<meta property=\"og:type\" content=\"article\" \/>\n<meta property=\"og:title\" content=\"Ningu\u00e9m quer soltar o osso. - TRIBUNA DA PRAIA\" \/>\n<meta property=\"og:description\" content=\"Em primeiro de janeiro de 1986, Jackson Barreto e Edvaldo Nogueira chegaram \u00e0 Prefeitura de Aracaju. L\u00e1 se v\u00e3o trinta e quatro anos. S\u00f3 ficaram de fora da Prefeitura nos quatro anos de Jo\u00e3o Alves. S\u00e3o trinta anos de mando, direta ou indiretamente, e querem continuar! Jackson Barreto est\u00e1 ocupando cargos pol\u00edticos em Sergipe h\u00e1 quarenta e sete anos (quase meio s\u00e9culo). JB foi eleito vereador em 1973. J\u00e1 foi\" \/>\n<meta property=\"og:url\" content=\"https:\/\/tribunadapraia.com.br\/?p=551\" \/>\n<meta property=\"og:site_name\" content=\"TRIBUNA DA PRAIA\" \/>\n<meta property=\"article:publisher\" content=\"https:\/\/www.facebook.com\/tribunadapraiaonline\/\" \/>\n<meta property=\"article:published_time\" content=\"2020-03-13T12:17:04+00:00\" \/>\n<meta property=\"og:image\" content=\"https:\/\/tribunadapraia.com.br\/wp-content\/uploads\/2020\/03\/IMG-20200313-WA0016.jpg\" \/>\n\t<meta property=\"og:image:width\" content=\"700\" \/>\n\t<meta property=\"og:image:height\" content=\"467\" \/>\n<meta name=\"twitter:card\" content=\"summary_large_image\" \/>\n<meta name=\"twitter:creator\" content=\"@Claudomir21\" \/>\n<meta name=\"twitter:site\" content=\"@Claudomir21\" \/>\n<meta name=\"twitter:label1\" content=\"Est. tempo de leitura\">\n\t<meta name=\"twitter:data1\" content=\"1 minuto\">\n<script type=\"application\/ld+json\" class=\"yoast-schema-graph\">{\"@context\":\"https:\/\/schema.org\",\"@graph\":[{\"@type\":\"Organization\",\"@id\":\"https:\/\/tribunadapraia.com.br\/#organization\",\"name\":\"Tribuna da Praia\",\"url\":\"https:\/\/tribunadapraia.com.br\/\",\"sameAs\":[\"https:\/\/www.facebook.com\/tribunadapraiaonline\/\",\"https:\/\/www.instagram.com\/claudomirtavares\/\",\"https:\/\/www.youtube.com\/channel\/UCwQf80nxiMzCefAyjbp53Rw\",\"https:\/\/twitter.com\/Claudomir21\"],\"logo\":{\"@type\":\"ImageObject\",\"@id\":\"https:\/\/tribunadapraia.com.br\/#logo\",\"inLanguage\":\"pt-BR\",\"url\":\"https:\/\/tribunadapraia.com.br\/wp-content\/uploads\/2020\/02\/logo.png\",\"contentUrl\":\"https:\/\/tribunadapraia.com.br\/wp-content\/uploads\/2020\/02\/logo.png\",\"width\":501,\"height\":121,\"caption\":\"Tribuna da Praia\"},\"image\":{\"@id\":\"https:\/\/tribunadapraia.com.br\/#logo\"}},{\"@type\":\"WebSite\",\"@id\":\"https:\/\/tribunadapraia.com.br\/#website\",\"url\":\"https:\/\/tribunadapraia.com.br\/\",\"name\":\"TRIBUNA DA PRAIA\",\"description\":\"O 1\\u00ba jornal do interior de Sergipe na internet\",\"publisher\":{\"@id\":\"https:\/\/tribunadapraia.com.br\/#organization\"},\"potentialAction\":[{\"@type\":\"SearchAction\",\"target\":\"https:\/\/tribunadapraia.com.br\/?s={search_term_string}\",\"query-input\":\"required name=search_term_string\"}],\"inLanguage\":\"pt-BR\"},{\"@type\":\"ImageObject\",\"@id\":\"https:\/\/tribunadapraia.com.br\/?p=551#primaryimage\",\"inLanguage\":\"pt-BR\",\"url\":\"https:\/\/tribunadapraia.com.br\/wp-content\/uploads\/2020\/03\/IMG-20200313-WA0016.jpg\",\"contentUrl\":\"https:\/\/tribunadapraia.com.br\/wp-content\/uploads\/2020\/03\/IMG-20200313-WA0016.jpg\",\"width\":700,\"height\":467},{\"@type\":\"WebPage\",\"@id\":\"https:\/\/tribunadapraia.com.br\/?p=551#webpage\",\"url\":\"https:\/\/tribunadapraia.com.br\/?p=551\",\"name\":\"Ningu\\u00e9m quer soltar o osso. - TRIBUNA DA PRAIA\",\"isPartOf\":{\"@id\":\"https:\/\/tribunadapraia.com.br\/#website\"},\"primaryImageOfPage\":{\"@id\":\"https:\/\/tribunadapraia.com.br\/?p=551#primaryimage\"},\"datePublished\":\"2020-03-13T12:17:04+00:00\",\"dateModified\":\"2020-03-13T12:17:04+00:00\",\"breadcrumb\":{\"@id\":\"https:\/\/tribunadapraia.com.br\/?p=551#breadcrumb\"},\"inLanguage\":\"pt-BR\",\"potentialAction\":[{\"@type\":\"ReadAction\",\"target\":[\"https:\/\/tribunadapraia.com.br\/?p=551\"]}]},{\"@type\":\"BreadcrumbList\",\"@id\":\"https:\/\/tribunadapraia.com.br\/?p=551#breadcrumb\",\"itemListElement\":[{\"@type\":\"ListItem\",\"position\":1,\"item\":{\"@type\":\"WebPage\",\"@id\":\"https:\/\/tribunadapraia.com.br\/\",\"url\":\"https:\/\/tribunadapraia.com.br\/\",\"name\":\"In\\u00edcio\"}},{\"@type\":\"ListItem\",\"position\":2,\"item\":{\"@id\":\"https:\/\/tribunadapraia.com.br\/?p=551#webpage\"}}]},{\"@type\":\"Article\",\"@id\":\"https:\/\/tribunadapraia.com.br\/?p=551#article\",\"isPartOf\":{\"@id\":\"https:\/\/tribunadapraia.com.br\/?p=551#webpage\"},\"author\":{\"@id\":\"https:\/\/tribunadapraia.com.br\/#\/schema\/person\/099fbbf59acc5895c0d7d52b4fc46c97\"},\"headline\":\"Ningu\\u00e9m quer soltar o osso.\",\"datePublished\":\"2020-03-13T12:17:04+00:00\",\"dateModified\":\"2020-03-13T12:17:04+00:00\",\"mainEntityOfPage\":{\"@id\":\"https:\/\/tribunadapraia.com.br\/?p=551#webpage\"},\"wordCount\":215,\"commentCount\":0,\"publisher\":{\"@id\":\"https:\/\/tribunadapraia.com.br\/#organization\"},\"image\":{\"@id\":\"https:\/\/tribunadapraia.com.br\/?p=551#primaryimage\"},\"thumbnailUrl\":\"https:\/\/tribunadapraia.com.br\/wp-content\/uploads\/2020\/03\/IMG-20200313-WA0016.jpg\",\"articleSection\":[\"Not\\u00edcias\"],\"inLanguage\":\"pt-BR\",\"potentialAction\":[{\"@type\":\"CommentAction\",\"name\":\"Comment\",\"target\":[\"https:\/\/tribunadapraia.com.br\/?p=551#respond\"]}]},{\"@type\":\"Person\",\"@id\":\"https:\/\/tribunadapraia.com.br\/#\/schema\/person\/099fbbf59acc5895c0d7d52b4fc46c97\",\"name\":\"Reda\\u00e7\\u00e3o\",\"image\":{\"@type\":\"ImageObject\",\"@id\":\"https:\/\/tribunadapraia.com.br\/#personlogo\",\"inLanguage\":\"pt-BR\",\"url\":\"https:\/\/secure.gravatar.com\/avatar\/91c8b91d2bfd7784eac5c3e055361f64?s=96&d=identicon&r=g\",\"contentUrl\":\"https:\/\/secure.gravatar.com\/avatar\/91c8b91d2bfd7784eac5c3e055361f64?s=96&d=identicon&r=g\",\"caption\":\"Reda\\u00e7\\u00e3o\"}}]}<\/script>\n<!-- \/ Yoast SEO plugin. -->","wps_subtitle":"","_links":{"self":[{"href":"https:\/\/tribunadapraia.com.br\/index.php?rest_route=\/wp\/v2\/posts\/551"}],"collection":[{"href":"https:\/\/tribunadapraia.com.br\/index.php?rest_route=\/wp\/v2\/posts"}],"about":[{"href":"https:\/\/tribunadapraia.com.br\/index.php?rest_route=\/wp\/v2\/types\/post"}],"author":[{"embeddable":true,"href":"https:\/\/tribunadapraia.com.br\/index.php?rest_route=\/wp\/v2\/users\/3"}],"replies":[{"embeddable":true,"href":"https:\/\/tribunadapraia.com.br\/index.php?rest_route=%2Fwp%2Fv2%2Fcomments&post=551"}],"version-history":[{"count":1,"href":"https:\/\/tribunadapraia.com.br\/index.php?rest_route=\/wp\/v2\/posts\/551\/revisions"}],"predecessor-version":[{"id":553,"href":"https:\/\/tribunadapraia.com.br\/index.php?rest_route=\/wp\/v2\/posts\/551\/revisions\/553"}],"wp:featuredmedia":[{"embeddable":true,"href":"https:\/\/tribunadapraia.com.br\/index.php?rest_route=\/wp\/v2\/media\/552"}],"wp:attachment":[{"href":"https:\/\/tribunadapraia.com.br\/index.php?rest_route=%2Fwp%2Fv2%2Fmedia&parent=551"}],"wp:term":[{"taxonomy":"category","embeddable":true,"href":"https:\/\/tribunadapraia.com.br\/index.php?rest_route=%2Fwp%2Fv2%2Fcategories&post=551"},{"taxonomy":"post_tag","embeddable":true,"href":"https:\/\/tribunadapraia.com.br\/index.php?rest_route=%2Fwp%2Fv2%2Ftags&post=551"}],"curies":[{"name":"wp","href":"https:\/\/api.w.org\/{rel}","templated":true}]}}