{"id":540,"date":"2020-03-12T08:44:48","date_gmt":"2020-03-12T11:44:48","guid":{"rendered":"https:\/\/tribunadapraia.com.br\/?p=540"},"modified":"2020-03-12T08:44:48","modified_gmt":"2020-03-12T11:44:48","slug":"o-mormaco-higienico","status":"publish","type":"post","link":"https:\/\/tribunadapraia.com.br\/?p=540","title":{"rendered":"O morma\u00e7o higi\u00eanico"},"content":{"rendered":"<p>por Antonio Samarone<\/p>\n<p>A Sa\u00fade de Aracaju est\u00e1 mandando comunicados sobre os casos suspeitos de Coronav\u00edrus na cidade, como se a aus\u00eancia de casos confirmados entre a gente, se devesse as a\u00e7\u00f5es do \u00f3rg\u00e3o.<\/p>\n<p>Calma gente, marketing demais pode ensejar desconfian\u00e7a. A pandemia est\u00e1 em seu in\u00edcio no Brasil. As previs\u00f5es s\u00e3o incertas.<\/p>\n<p>Um fato positivo: o morma\u00e7o de Aracaju \u00e9 um fator de prote\u00e7\u00e3o. Pelo menos esse forno a c\u00e9u aberto serve para alguma coisa.<\/p>\n<p>O cont\u00e1gio do COVID \u2013 19 \u00e9 atrav\u00e9s de gotas respirat\u00f3rias. No meio ambiente, o v\u00edrus sobrevive 28 dias na gota se a temperatura for inferior a 10 graus, mas s\u00f3 suporta um dia quando faz mais de 30 graus.<\/p>\n<p>A Prefeitura de Aracaju n\u00e3o perde tempo, est\u00e1 pronta para anunciar que o seu desprezo pela arboriza\u00e7\u00e3o da cidade \u00e9 planejado, s\u00f3 para aumentar o calor e com isso dificultar a transmiss\u00e3o do Coronav\u00edrus.<\/p>\n<p>Confirmado: somos mesmo uma cidade inteligente.<\/p>\n","protected":false},"excerpt":{"rendered":"<p>por Antonio Samarone A Sa\u00fade de Aracaju est\u00e1 mandando comunicados sobre os casos suspeitos de Coronav\u00edrus na cidade, como se a aus\u00eancia de casos confirmados entre a gente, se devesse as a\u00e7\u00f5es do \u00f3rg\u00e3o. Calma gente, marketing demais pode ensejar desconfian\u00e7a. A pandemia est\u00e1 em seu in\u00edcio no Brasil. As previs\u00f5es s\u00e3o incertas. Um fato positivo: o morma\u00e7o de Aracaju \u00e9 um fator de prote\u00e7\u00e3o. Pelo menos esse forno a<\/p>\n","protected":false},"author":3,"featured_media":541,"comment_status":"open","ping_status":"open","sticky":false,"template":"","format":"standard","meta":[],"categories":[18],"tags":[],"yoast_head":"<!-- This site is optimized with the Yoast SEO plugin v16.3 - https:\/\/yoast.com\/wordpress\/plugins\/seo\/ -->\n<title>O morma\u00e7o higi\u00eanico - TRIBUNA DA PRAIA<\/title>\n<meta name=\"robots\" content=\"index, follow, max-snippet:-1, max-image-preview:large, max-video-preview:-1\" \/>\n<link rel=\"canonical\" href=\"https:\/\/tribunadapraia.com.br\/?p=540\" \/>\n<meta property=\"og:locale\" content=\"pt_BR\" \/>\n<meta property=\"og:type\" content=\"article\" \/>\n<meta property=\"og:title\" content=\"O morma\u00e7o higi\u00eanico - TRIBUNA DA PRAIA\" \/>\n<meta property=\"og:description\" content=\"por Antonio Samarone A Sa\u00fade de Aracaju est\u00e1 mandando comunicados sobre os casos suspeitos de Coronav\u00edrus na cidade, como se a aus\u00eancia de casos confirmados entre a gente, se devesse as a\u00e7\u00f5es do \u00f3rg\u00e3o. Calma gente, marketing demais pode ensejar desconfian\u00e7a. A pandemia est\u00e1 em seu in\u00edcio no Brasil. As previs\u00f5es s\u00e3o incertas. Um fato positivo: o morma\u00e7o de Aracaju \u00e9 um fator de prote\u00e7\u00e3o. Pelo menos esse forno a\" \/>\n<meta property=\"og:url\" content=\"https:\/\/tribunadapraia.com.br\/?p=540\" \/>\n<meta property=\"og:site_name\" content=\"TRIBUNA DA PRAIA\" \/>\n<meta property=\"article:publisher\" content=\"https:\/\/www.facebook.com\/tribunadapraiaonline\/\" \/>\n<meta property=\"article:published_time\" content=\"2020-03-12T11:44:48+00:00\" \/>\n<meta property=\"og:image\" content=\"https:\/\/tribunadapraia.com.br\/wp-content\/uploads\/2020\/03\/IMG-20200312-WA0009.jpg\" \/>\n\t<meta property=\"og:image:width\" content=\"1080\" \/>\n\t<meta property=\"og:image:height\" content=\"1080\" \/>\n<meta name=\"twitter:card\" content=\"summary_large_image\" \/>\n<meta name=\"twitter:creator\" content=\"@Claudomir21\" \/>\n<meta name=\"twitter:site\" content=\"@Claudomir21\" \/>\n<meta name=\"twitter:label1\" content=\"Est. tempo de leitura\">\n\t<meta name=\"twitter:data1\" content=\"1 minuto\">\n<script type=\"application\/ld+json\" class=\"yoast-schema-graph\">{\"@context\":\"https:\/\/schema.org\",\"@graph\":[{\"@type\":\"Organization\",\"@id\":\"https:\/\/tribunadapraia.com.br\/#organization\",\"name\":\"Tribuna da Praia\",\"url\":\"https:\/\/tribunadapraia.com.br\/\",\"sameAs\":[\"https:\/\/www.facebook.com\/tribunadapraiaonline\/\",\"https:\/\/www.instagram.com\/claudomirtavares\/\",\"https:\/\/www.youtube.com\/channel\/UCwQf80nxiMzCefAyjbp53Rw\",\"https:\/\/twitter.com\/Claudomir21\"],\"logo\":{\"@type\":\"ImageObject\",\"@id\":\"https:\/\/tribunadapraia.com.br\/#logo\",\"inLanguage\":\"pt-BR\",\"url\":\"https:\/\/tribunadapraia.com.br\/wp-content\/uploads\/2020\/02\/logo.png\",\"contentUrl\":\"https:\/\/tribunadapraia.com.br\/wp-content\/uploads\/2020\/02\/logo.png\",\"width\":501,\"height\":121,\"caption\":\"Tribuna da Praia\"},\"image\":{\"@id\":\"https:\/\/tribunadapraia.com.br\/#logo\"}},{\"@type\":\"WebSite\",\"@id\":\"https:\/\/tribunadapraia.com.br\/#website\",\"url\":\"https:\/\/tribunadapraia.com.br\/\",\"name\":\"TRIBUNA DA PRAIA\",\"description\":\"O 1\\u00ba jornal do interior de Sergipe na internet\",\"publisher\":{\"@id\":\"https:\/\/tribunadapraia.com.br\/#organization\"},\"potentialAction\":[{\"@type\":\"SearchAction\",\"target\":\"https:\/\/tribunadapraia.com.br\/?s={search_term_string}\",\"query-input\":\"required name=search_term_string\"}],\"inLanguage\":\"pt-BR\"},{\"@type\":\"ImageObject\",\"@id\":\"https:\/\/tribunadapraia.com.br\/?p=540#primaryimage\",\"inLanguage\":\"pt-BR\",\"url\":\"https:\/\/tribunadapraia.com.br\/wp-content\/uploads\/2020\/03\/IMG-20200312-WA0009.jpg\",\"contentUrl\":\"https:\/\/tribunadapraia.com.br\/wp-content\/uploads\/2020\/03\/IMG-20200312-WA0009.jpg\",\"width\":1080,\"height\":1080},{\"@type\":\"WebPage\",\"@id\":\"https:\/\/tribunadapraia.com.br\/?p=540#webpage\",\"url\":\"https:\/\/tribunadapraia.com.br\/?p=540\",\"name\":\"O morma\\u00e7o higi\\u00eanico - TRIBUNA DA PRAIA\",\"isPartOf\":{\"@id\":\"https:\/\/tribunadapraia.com.br\/#website\"},\"primaryImageOfPage\":{\"@id\":\"https:\/\/tribunadapraia.com.br\/?p=540#primaryimage\"},\"datePublished\":\"2020-03-12T11:44:48+00:00\",\"dateModified\":\"2020-03-12T11:44:48+00:00\",\"breadcrumb\":{\"@id\":\"https:\/\/tribunadapraia.com.br\/?p=540#breadcrumb\"},\"inLanguage\":\"pt-BR\",\"potentialAction\":[{\"@type\":\"ReadAction\",\"target\":[\"https:\/\/tribunadapraia.com.br\/?p=540\"]}]},{\"@type\":\"BreadcrumbList\",\"@id\":\"https:\/\/tribunadapraia.com.br\/?p=540#breadcrumb\",\"itemListElement\":[{\"@type\":\"ListItem\",\"position\":1,\"item\":{\"@type\":\"WebPage\",\"@id\":\"https:\/\/tribunadapraia.com.br\/\",\"url\":\"https:\/\/tribunadapraia.com.br\/\",\"name\":\"In\\u00edcio\"}},{\"@type\":\"ListItem\",\"position\":2,\"item\":{\"@id\":\"https:\/\/tribunadapraia.com.br\/?p=540#webpage\"}}]},{\"@type\":\"Article\",\"@id\":\"https:\/\/tribunadapraia.com.br\/?p=540#article\",\"isPartOf\":{\"@id\":\"https:\/\/tribunadapraia.com.br\/?p=540#webpage\"},\"author\":{\"@id\":\"https:\/\/tribunadapraia.com.br\/#\/schema\/person\/099fbbf59acc5895c0d7d52b4fc46c97\"},\"headline\":\"O morma\\u00e7o higi\\u00eanico\",\"datePublished\":\"2020-03-12T11:44:48+00:00\",\"dateModified\":\"2020-03-12T11:44:48+00:00\",\"mainEntityOfPage\":{\"@id\":\"https:\/\/tribunadapraia.com.br\/?p=540#webpage\"},\"wordCount\":173,\"commentCount\":0,\"publisher\":{\"@id\":\"https:\/\/tribunadapraia.com.br\/#organization\"},\"image\":{\"@id\":\"https:\/\/tribunadapraia.com.br\/?p=540#primaryimage\"},\"thumbnailUrl\":\"https:\/\/tribunadapraia.com.br\/wp-content\/uploads\/2020\/03\/IMG-20200312-WA0009.jpg\",\"articleSection\":[\"Not\\u00edcias\"],\"inLanguage\":\"pt-BR\",\"potentialAction\":[{\"@type\":\"CommentAction\",\"name\":\"Comment\",\"target\":[\"https:\/\/tribunadapraia.com.br\/?p=540#respond\"]}]},{\"@type\":\"Person\",\"@id\":\"https:\/\/tribunadapraia.com.br\/#\/schema\/person\/099fbbf59acc5895c0d7d52b4fc46c97\",\"name\":\"Reda\\u00e7\\u00e3o\",\"image\":{\"@type\":\"ImageObject\",\"@id\":\"https:\/\/tribunadapraia.com.br\/#personlogo\",\"inLanguage\":\"pt-BR\",\"url\":\"https:\/\/secure.gravatar.com\/avatar\/91c8b91d2bfd7784eac5c3e055361f64?s=96&d=identicon&r=g\",\"contentUrl\":\"https:\/\/secure.gravatar.com\/avatar\/91c8b91d2bfd7784eac5c3e055361f64?s=96&d=identicon&r=g\",\"caption\":\"Reda\\u00e7\\u00e3o\"}}]}<\/script>\n<!-- \/ Yoast SEO plugin. -->","wps_subtitle":"","_links":{"self":[{"href":"https:\/\/tribunadapraia.com.br\/index.php?rest_route=\/wp\/v2\/posts\/540"}],"collection":[{"href":"https:\/\/tribunadapraia.com.br\/index.php?rest_route=\/wp\/v2\/posts"}],"about":[{"href":"https:\/\/tribunadapraia.com.br\/index.php?rest_route=\/wp\/v2\/types\/post"}],"author":[{"embeddable":true,"href":"https:\/\/tribunadapraia.com.br\/index.php?rest_route=\/wp\/v2\/users\/3"}],"replies":[{"embeddable":true,"href":"https:\/\/tribunadapraia.com.br\/index.php?rest_route=%2Fwp%2Fv2%2Fcomments&post=540"}],"version-history":[{"count":1,"href":"https:\/\/tribunadapraia.com.br\/index.php?rest_route=\/wp\/v2\/posts\/540\/revisions"}],"predecessor-version":[{"id":542,"href":"https:\/\/tribunadapraia.com.br\/index.php?rest_route=\/wp\/v2\/posts\/540\/revisions\/542"}],"wp:featuredmedia":[{"embeddable":true,"href":"https:\/\/tribunadapraia.com.br\/index.php?rest_route=\/wp\/v2\/media\/541"}],"wp:attachment":[{"href":"https:\/\/tribunadapraia.com.br\/index.php?rest_route=%2Fwp%2Fv2%2Fmedia&parent=540"}],"wp:term":[{"taxonomy":"category","embeddable":true,"href":"https:\/\/tribunadapraia.com.br\/index.php?rest_route=%2Fwp%2Fv2%2Fcategories&post=540"},{"taxonomy":"post_tag","embeddable":true,"href":"https:\/\/tribunadapraia.com.br\/index.php?rest_route=%2Fwp%2Fv2%2Ftags&post=540"}],"curies":[{"name":"wp","href":"https:\/\/api.w.org\/{rel}","templated":true}]}}