{"id":537,"date":"2020-03-11T11:43:27","date_gmt":"2020-03-11T14:43:27","guid":{"rendered":"https:\/\/tribunadapraia.com.br\/?p=537"},"modified":"2020-03-11T11:43:27","modified_gmt":"2020-03-11T14:43:27","slug":"60-anos-marcelo-deda-chagas-1960-2013-cometeu-erros-e-acertos-mas-devemos-eterniza-lo-pelas-suas-virtudes","status":"publish","type":"post","link":"https:\/\/tribunadapraia.com.br\/?p=537","title":{"rendered":"60 ANOS: Marcelo D\u00e9da Chagas (1960\/2013) cometeu erros e acertos, mas devemos eterniz\u00e1-lo pelas suas virtudes"},"content":{"rendered":"<p>por ClaudOmir Herzog<\/p>\n<p>H\u00e1 60 anos nascia em 11 de mar\u00e7o de 1960 na cidade de Sim\u00e3o Dias, Marcelo D\u00e9da Chagss, un dos fundadores do Partido dos Trabalhadores. Deputado estadual (1987\/1990), deputado federal (1995\/2000), prefeito de Aracaju (2001\/2006) e governador de Sergipe (20072013),foi um dos mais importantes pol\u00edticos da Historia, cujos paralelos, a nosso olhar, o remete a Fausto Cardoso e Seixas Dorea, duas refer\u00eancias em diferentes per\u00edodos que dialogan<\/p>\n<p>Sobre a funda\u00e7\u00e3o do PT em Pirambu, disse D\u00e9da no final da d\u00e9cada de 1990:<\/p>\n<p>\u201cContam que certa vez o grande artista do Renascimento, Michelangelo, foi abordado para responder como conseguia produzir esculturas t\u00e3o magn\u00edficas. O mestre teria apontado um bloco de pedra que repousava em seu atelier e respondido: \u2013 A obra j\u00e1 vem pronta, eu s\u00f3 fa\u00e7o retirar o excesso de pedra. Lembro-me dessa hist\u00f3ria porque a funda\u00e7\u00e3o do PT em Pirambu foi obra de um vision\u00e1rio artista da pol\u00edtica, o companheiro Claudomir. Alimentado pelo ideal de organizar os trabalhadores e v\u00ea-los assumir o seu papel de agentes de transforma\u00e7\u00e3o, Claudomir insistia em fundar em sua cidade o Partido dos Trabalhadores. Muitos encaravam com ceticismo o desafio, pois olhavam e s\u00f3 viam a resist\u00eancia das lideran\u00e7as tradicionais, verdadeira montanha de pedra erguida contra a mudan\u00e7a. Claudomir, pelo contr\u00e1rio, enxergava longe. Para al\u00e9m das lindas praias, ornadas com capricho pelos verdes coqueirais, ele via o sofrimento de sua gente: a explora\u00e7\u00e3o dos pescadores, a pobreza da zona rural, a falta de perspectivas da juventude, o mandonismo dos chefes pol\u00edticos que usavam o bem p\u00fablico como propriedade particular. Ele sabia que se utilizasse suas id\u00e9ias e sua consci\u00eancia pol\u00edtica como um cinzel e a solidariedade de outros companheiros como talhadeira conseguiria desbastar a pedra bruta da opress\u00e3o e revelar nossos caminhos, iluminados pela estrela da liberdade, da igualdade e da justi\u00e7a s\u00f3cia\u201d. (1).<\/p>\n<p>Como qualquer politico (e ele n\u00e3o foi um pol\u00edtico qualquer), D\u00e9da cometeu erros e acertos, mas devemos eterniz\u00e1-lo pelas suas virtudes que eram herc\u00falias<\/p>\n<p>MARCELO D\u00c9DA CHAGAS<br \/>\n* 11\/03\/1960<br \/>\n+ 02\/12\/2013<br \/>\nPRESENTE!<\/p>\n<p>Nota:<\/p>\n<p>(1) SILVA, Claudomir Tavares da. Arqueologia de um dec\u00eanio: um resgate da hist\u00f3ria pol\u00edtica e cultural do Partido dos Trabalhadores em Pirambu \u2013 1985\/1995.: monografia. Propri\u00e1: UFS, 2002: 130 p.<\/p>\n","protected":false},"excerpt":{"rendered":"<p>por ClaudOmir Herzog H\u00e1 60 anos nascia em 11 de mar\u00e7o de 1960 na cidade de Sim\u00e3o Dias, Marcelo D\u00e9da Chagss, un dos fundadores do Partido dos Trabalhadores. Deputado estadual (1987\/1990), deputado federal (1995\/2000), prefeito de Aracaju (2001\/2006) e governador de Sergipe (20072013),foi um dos mais importantes pol\u00edticos da Historia, cujos paralelos, a nosso olhar, o remete a Fausto Cardoso e Seixas Dorea, duas refer\u00eancias em diferentes per\u00edodos que dialogan<\/p>\n","protected":false},"author":3,"featured_media":538,"comment_status":"open","ping_status":"open","sticky":false,"template":"","format":"standard","meta":[],"categories":[18],"tags":[],"yoast_head":"<!-- This site is optimized with the Yoast SEO plugin v16.3 - https:\/\/yoast.com\/wordpress\/plugins\/seo\/ -->\n<title>60 ANOS: Marcelo D\u00e9da Chagas (1960\/2013) cometeu erros e acertos, mas devemos eterniz\u00e1-lo pelas suas virtudes - TRIBUNA DA PRAIA<\/title>\n<meta name=\"robots\" content=\"index, follow, max-snippet:-1, max-image-preview:large, max-video-preview:-1\" \/>\n<link rel=\"canonical\" href=\"https:\/\/tribunadapraia.com.br\/?p=537\" \/>\n<meta property=\"og:locale\" content=\"pt_BR\" \/>\n<meta property=\"og:type\" content=\"article\" \/>\n<meta property=\"og:title\" content=\"60 ANOS: Marcelo D\u00e9da Chagas (1960\/2013) cometeu erros e acertos, mas devemos eterniz\u00e1-lo pelas suas virtudes - TRIBUNA DA PRAIA\" \/>\n<meta property=\"og:description\" content=\"por ClaudOmir Herzog H\u00e1 60 anos nascia em 11 de mar\u00e7o de 1960 na cidade de Sim\u00e3o Dias, Marcelo D\u00e9da Chagss, un dos fundadores do Partido dos Trabalhadores. Deputado estadual (1987\/1990), deputado federal (1995\/2000), prefeito de Aracaju (2001\/2006) e governador de Sergipe (20072013),foi um dos mais importantes pol\u00edticos da Historia, cujos paralelos, a nosso olhar, o remete a Fausto Cardoso e Seixas Dorea, duas refer\u00eancias em diferentes per\u00edodos que dialogan\" \/>\n<meta property=\"og:url\" content=\"https:\/\/tribunadapraia.com.br\/?p=537\" \/>\n<meta property=\"og:site_name\" content=\"TRIBUNA DA PRAIA\" \/>\n<meta property=\"article:publisher\" content=\"https:\/\/www.facebook.com\/tribunadapraiaonline\/\" \/>\n<meta property=\"article:published_time\" content=\"2020-03-11T14:43:27+00:00\" \/>\n<meta property=\"og:image\" content=\"https:\/\/tribunadapraia.com.br\/wp-content\/uploads\/2020\/03\/marcelo-deda.jpg\" \/>\n\t<meta property=\"og:image:width\" content=\"480\" \/>\n\t<meta property=\"og:image:height\" content=\"521\" \/>\n<meta name=\"twitter:card\" content=\"summary_large_image\" \/>\n<meta name=\"twitter:creator\" content=\"@Claudomir21\" \/>\n<meta name=\"twitter:site\" content=\"@Claudomir21\" \/>\n<meta name=\"twitter:label1\" content=\"Est. tempo de leitura\">\n\t<meta name=\"twitter:data1\" content=\"2 minutos\">\n<script type=\"application\/ld+json\" class=\"yoast-schema-graph\">{\"@context\":\"https:\/\/schema.org\",\"@graph\":[{\"@type\":\"Organization\",\"@id\":\"https:\/\/tribunadapraia.com.br\/#organization\",\"name\":\"Tribuna da Praia\",\"url\":\"https:\/\/tribunadapraia.com.br\/\",\"sameAs\":[\"https:\/\/www.facebook.com\/tribunadapraiaonline\/\",\"https:\/\/www.instagram.com\/claudomirtavares\/\",\"https:\/\/www.youtube.com\/channel\/UCwQf80nxiMzCefAyjbp53Rw\",\"https:\/\/twitter.com\/Claudomir21\"],\"logo\":{\"@type\":\"ImageObject\",\"@id\":\"https:\/\/tribunadapraia.com.br\/#logo\",\"inLanguage\":\"pt-BR\",\"url\":\"https:\/\/tribunadapraia.com.br\/wp-content\/uploads\/2020\/02\/logo.png\",\"contentUrl\":\"https:\/\/tribunadapraia.com.br\/wp-content\/uploads\/2020\/02\/logo.png\",\"width\":501,\"height\":121,\"caption\":\"Tribuna da Praia\"},\"image\":{\"@id\":\"https:\/\/tribunadapraia.com.br\/#logo\"}},{\"@type\":\"WebSite\",\"@id\":\"https:\/\/tribunadapraia.com.br\/#website\",\"url\":\"https:\/\/tribunadapraia.com.br\/\",\"name\":\"TRIBUNA DA PRAIA\",\"description\":\"O 1\\u00ba jornal do interior de Sergipe na internet\",\"publisher\":{\"@id\":\"https:\/\/tribunadapraia.com.br\/#organization\"},\"potentialAction\":[{\"@type\":\"SearchAction\",\"target\":\"https:\/\/tribunadapraia.com.br\/?s={search_term_string}\",\"query-input\":\"required name=search_term_string\"}],\"inLanguage\":\"pt-BR\"},{\"@type\":\"ImageObject\",\"@id\":\"https:\/\/tribunadapraia.com.br\/?p=537#primaryimage\",\"inLanguage\":\"pt-BR\",\"url\":\"https:\/\/tribunadapraia.com.br\/wp-content\/uploads\/2020\/03\/marcelo-deda.jpg\",\"contentUrl\":\"https:\/\/tribunadapraia.com.br\/wp-content\/uploads\/2020\/03\/marcelo-deda.jpg\",\"width\":480,\"height\":521},{\"@type\":\"WebPage\",\"@id\":\"https:\/\/tribunadapraia.com.br\/?p=537#webpage\",\"url\":\"https:\/\/tribunadapraia.com.br\/?p=537\",\"name\":\"60 ANOS: Marcelo D\\u00e9da Chagas (1960\/2013) cometeu erros e acertos, mas devemos eterniz\\u00e1-lo pelas suas virtudes - TRIBUNA DA PRAIA\",\"isPartOf\":{\"@id\":\"https:\/\/tribunadapraia.com.br\/#website\"},\"primaryImageOfPage\":{\"@id\":\"https:\/\/tribunadapraia.com.br\/?p=537#primaryimage\"},\"datePublished\":\"2020-03-11T14:43:27+00:00\",\"dateModified\":\"2020-03-11T14:43:27+00:00\",\"breadcrumb\":{\"@id\":\"https:\/\/tribunadapraia.com.br\/?p=537#breadcrumb\"},\"inLanguage\":\"pt-BR\",\"potentialAction\":[{\"@type\":\"ReadAction\",\"target\":[\"https:\/\/tribunadapraia.com.br\/?p=537\"]}]},{\"@type\":\"BreadcrumbList\",\"@id\":\"https:\/\/tribunadapraia.com.br\/?p=537#breadcrumb\",\"itemListElement\":[{\"@type\":\"ListItem\",\"position\":1,\"item\":{\"@type\":\"WebPage\",\"@id\":\"https:\/\/tribunadapraia.com.br\/\",\"url\":\"https:\/\/tribunadapraia.com.br\/\",\"name\":\"In\\u00edcio\"}},{\"@type\":\"ListItem\",\"position\":2,\"item\":{\"@id\":\"https:\/\/tribunadapraia.com.br\/?p=537#webpage\"}}]},{\"@type\":\"Article\",\"@id\":\"https:\/\/tribunadapraia.com.br\/?p=537#article\",\"isPartOf\":{\"@id\":\"https:\/\/tribunadapraia.com.br\/?p=537#webpage\"},\"author\":{\"@id\":\"https:\/\/tribunadapraia.com.br\/#\/schema\/person\/099fbbf59acc5895c0d7d52b4fc46c97\"},\"headline\":\"60 ANOS: Marcelo D\\u00e9da Chagas (1960\/2013) cometeu erros e acertos, mas devemos eterniz\\u00e1-lo pelas suas virtudes\",\"datePublished\":\"2020-03-11T14:43:27+00:00\",\"dateModified\":\"2020-03-11T14:43:27+00:00\",\"mainEntityOfPage\":{\"@id\":\"https:\/\/tribunadapraia.com.br\/?p=537#webpage\"},\"wordCount\":405,\"commentCount\":0,\"publisher\":{\"@id\":\"https:\/\/tribunadapraia.com.br\/#organization\"},\"image\":{\"@id\":\"https:\/\/tribunadapraia.com.br\/?p=537#primaryimage\"},\"thumbnailUrl\":\"https:\/\/tribunadapraia.com.br\/wp-content\/uploads\/2020\/03\/marcelo-deda.jpg\",\"articleSection\":[\"Not\\u00edcias\"],\"inLanguage\":\"pt-BR\",\"potentialAction\":[{\"@type\":\"CommentAction\",\"name\":\"Comment\",\"target\":[\"https:\/\/tribunadapraia.com.br\/?p=537#respond\"]}]},{\"@type\":\"Person\",\"@id\":\"https:\/\/tribunadapraia.com.br\/#\/schema\/person\/099fbbf59acc5895c0d7d52b4fc46c97\",\"name\":\"Reda\\u00e7\\u00e3o\",\"image\":{\"@type\":\"ImageObject\",\"@id\":\"https:\/\/tribunadapraia.com.br\/#personlogo\",\"inLanguage\":\"pt-BR\",\"url\":\"https:\/\/secure.gravatar.com\/avatar\/91c8b91d2bfd7784eac5c3e055361f64?s=96&d=identicon&r=g\",\"contentUrl\":\"https:\/\/secure.gravatar.com\/avatar\/91c8b91d2bfd7784eac5c3e055361f64?s=96&d=identicon&r=g\",\"caption\":\"Reda\\u00e7\\u00e3o\"}}]}<\/script>\n<!-- \/ Yoast SEO plugin. -->","wps_subtitle":"","_links":{"self":[{"href":"https:\/\/tribunadapraia.com.br\/index.php?rest_route=\/wp\/v2\/posts\/537"}],"collection":[{"href":"https:\/\/tribunadapraia.com.br\/index.php?rest_route=\/wp\/v2\/posts"}],"about":[{"href":"https:\/\/tribunadapraia.com.br\/index.php?rest_route=\/wp\/v2\/types\/post"}],"author":[{"embeddable":true,"href":"https:\/\/tribunadapraia.com.br\/index.php?rest_route=\/wp\/v2\/users\/3"}],"replies":[{"embeddable":true,"href":"https:\/\/tribunadapraia.com.br\/index.php?rest_route=%2Fwp%2Fv2%2Fcomments&post=537"}],"version-history":[{"count":1,"href":"https:\/\/tribunadapraia.com.br\/index.php?rest_route=\/wp\/v2\/posts\/537\/revisions"}],"predecessor-version":[{"id":539,"href":"https:\/\/tribunadapraia.com.br\/index.php?rest_route=\/wp\/v2\/posts\/537\/revisions\/539"}],"wp:featuredmedia":[{"embeddable":true,"href":"https:\/\/tribunadapraia.com.br\/index.php?rest_route=\/wp\/v2\/media\/538"}],"wp:attachment":[{"href":"https:\/\/tribunadapraia.com.br\/index.php?rest_route=%2Fwp%2Fv2%2Fmedia&parent=537"}],"wp:term":[{"taxonomy":"category","embeddable":true,"href":"https:\/\/tribunadapraia.com.br\/index.php?rest_route=%2Fwp%2Fv2%2Fcategories&post=537"},{"taxonomy":"post_tag","embeddable":true,"href":"https:\/\/tribunadapraia.com.br\/index.php?rest_route=%2Fwp%2Fv2%2Ftags&post=537"}],"curies":[{"name":"wp","href":"https:\/\/api.w.org\/{rel}","templated":true}]}}