{"id":532,"date":"2020-03-11T01:04:48","date_gmt":"2020-03-11T04:04:48","guid":{"rendered":"https:\/\/tribunadapraia.com.br\/?p=532"},"modified":"2020-03-11T01:04:48","modified_gmt":"2020-03-11T04:04:48","slug":"eleicoes-2020-pcb-nao-se-omitira-das-eleicoes-municipais-recomendara-apoio-critico-aos-filhos-da-luta","status":"publish","type":"post","link":"https:\/\/tribunadapraia.com.br\/?p=532","title":{"rendered":"ELEI\u00c7\u00d5ES 2020: PCB n\u00e3o se omitir\u00e1 das elei\u00e7\u00f5es municipais &#8211; recomendar\u00e1 apoio cr\u00edtico aos filhos da luta"},"content":{"rendered":"<p>Os comunistas sergipanos n\u00e3o resumem a atividade pol\u00edtica apenas as disputas eleitorais e neste sentido dever\u00e3o disputar em cidades como Aracaju (capital) e Est\u00e2ncia (interior), n\u00e3o estando ainda aberta esta discuss\u00e3o nos f\u00f3runs de delibera\u00e7\u00e3o. Segundo o professor e dirigente comunista ClaudOmir Herzog, &#8220;em Pirambu, onde est\u00e1 instalado desde 21 de julho de 2010 e em Barra dos Coqueiros, onde iniciar\u00e1 os passos de sua edifica\u00e7\u00e3o, em 25 de mar\u00e7o de 2020, o Partid\u00e3o n\u00e2o dever\u00e1 se envolver com \u00e0s elei\u00e7\u00f5es, mas se posicionar\u00e1 publicamente recomendando apoio cr\u00edtico aos filhos da luta, aqueles que mant\u00e9m empunhada a bandeira da resist\u00eancia&#8221;, prev\u00ea o dirigente estadual.<\/p>\n","protected":false},"excerpt":{"rendered":"<p>Os comunistas sergipanos n\u00e3o resumem a atividade pol\u00edtica apenas as disputas eleitorais e neste sentido dever\u00e3o disputar em cidades como Aracaju (capital) e Est\u00e2ncia (interior), n\u00e3o estando ainda aberta esta discuss\u00e3o nos f\u00f3runs de delibera\u00e7\u00e3o. Segundo o professor e dirigente comunista ClaudOmir Herzog, &#8220;em Pirambu, onde est\u00e1 instalado desde 21 de julho de 2010 e em Barra dos Coqueiros, onde iniciar\u00e1 os passos de sua edifica\u00e7\u00e3o, em 25 de mar\u00e7o<\/p>\n","protected":false},"author":3,"featured_media":533,"comment_status":"open","ping_status":"open","sticky":false,"template":"","format":"standard","meta":[],"categories":[18],"tags":[],"yoast_head":"<!-- This site is optimized with the Yoast SEO plugin v16.3 - https:\/\/yoast.com\/wordpress\/plugins\/seo\/ -->\n<title>ELEI\u00c7\u00d5ES 2020: PCB n\u00e3o se omitir\u00e1 das elei\u00e7\u00f5es municipais - recomendar\u00e1 apoio cr\u00edtico aos filhos da luta - TRIBUNA DA PRAIA<\/title>\n<meta name=\"robots\" content=\"index, follow, max-snippet:-1, max-image-preview:large, max-video-preview:-1\" \/>\n<link rel=\"canonical\" href=\"https:\/\/tribunadapraia.com.br\/?p=532\" \/>\n<meta property=\"og:locale\" content=\"pt_BR\" \/>\n<meta property=\"og:type\" content=\"article\" \/>\n<meta property=\"og:title\" content=\"ELEI\u00c7\u00d5ES 2020: PCB n\u00e3o se omitir\u00e1 das elei\u00e7\u00f5es municipais - recomendar\u00e1 apoio cr\u00edtico aos filhos da luta - TRIBUNA DA PRAIA\" \/>\n<meta property=\"og:description\" content=\"Os comunistas sergipanos n\u00e3o resumem a atividade pol\u00edtica apenas as disputas eleitorais e neste sentido dever\u00e3o disputar em cidades como Aracaju (capital) e Est\u00e2ncia (interior), n\u00e3o estando ainda aberta esta discuss\u00e3o nos f\u00f3runs de delibera\u00e7\u00e3o. Segundo o professor e dirigente comunista ClaudOmir Herzog, &#8220;em Pirambu, onde est\u00e1 instalado desde 21 de julho de 2010 e em Barra dos Coqueiros, onde iniciar\u00e1 os passos de sua edifica\u00e7\u00e3o, em 25 de mar\u00e7o\" \/>\n<meta property=\"og:url\" content=\"https:\/\/tribunadapraia.com.br\/?p=532\" \/>\n<meta property=\"og:site_name\" content=\"TRIBUNA DA PRAIA\" \/>\n<meta property=\"article:publisher\" content=\"https:\/\/www.facebook.com\/tribunadapraiaonline\/\" \/>\n<meta property=\"article:published_time\" content=\"2020-03-11T04:04:48+00:00\" \/>\n<meta property=\"og:image\" content=\"https:\/\/tribunadapraia.com.br\/wp-content\/uploads\/2020\/03\/Screenshot_20200311-001447.jpg\" \/>\n\t<meta property=\"og:image:width\" content=\"540\" \/>\n\t<meta property=\"og:image:height\" content=\"960\" \/>\n<meta name=\"twitter:card\" content=\"summary_large_image\" \/>\n<meta name=\"twitter:creator\" content=\"@Claudomir21\" \/>\n<meta name=\"twitter:site\" content=\"@Claudomir21\" \/>\n<meta name=\"twitter:label1\" content=\"Est. tempo de leitura\">\n\t<meta name=\"twitter:data1\" content=\"1 minuto\">\n<script type=\"application\/ld+json\" class=\"yoast-schema-graph\">{\"@context\":\"https:\/\/schema.org\",\"@graph\":[{\"@type\":\"Organization\",\"@id\":\"https:\/\/tribunadapraia.com.br\/#organization\",\"name\":\"Tribuna da Praia\",\"url\":\"https:\/\/tribunadapraia.com.br\/\",\"sameAs\":[\"https:\/\/www.facebook.com\/tribunadapraiaonline\/\",\"https:\/\/www.instagram.com\/claudomirtavares\/\",\"https:\/\/www.youtube.com\/channel\/UCwQf80nxiMzCefAyjbp53Rw\",\"https:\/\/twitter.com\/Claudomir21\"],\"logo\":{\"@type\":\"ImageObject\",\"@id\":\"https:\/\/tribunadapraia.com.br\/#logo\",\"inLanguage\":\"pt-BR\",\"url\":\"https:\/\/tribunadapraia.com.br\/wp-content\/uploads\/2020\/02\/logo.png\",\"contentUrl\":\"https:\/\/tribunadapraia.com.br\/wp-content\/uploads\/2020\/02\/logo.png\",\"width\":501,\"height\":121,\"caption\":\"Tribuna da Praia\"},\"image\":{\"@id\":\"https:\/\/tribunadapraia.com.br\/#logo\"}},{\"@type\":\"WebSite\",\"@id\":\"https:\/\/tribunadapraia.com.br\/#website\",\"url\":\"https:\/\/tribunadapraia.com.br\/\",\"name\":\"TRIBUNA DA PRAIA\",\"description\":\"O 1\\u00ba jornal do interior de Sergipe na internet\",\"publisher\":{\"@id\":\"https:\/\/tribunadapraia.com.br\/#organization\"},\"potentialAction\":[{\"@type\":\"SearchAction\",\"target\":\"https:\/\/tribunadapraia.com.br\/?s={search_term_string}\",\"query-input\":\"required name=search_term_string\"}],\"inLanguage\":\"pt-BR\"},{\"@type\":\"ImageObject\",\"@id\":\"https:\/\/tribunadapraia.com.br\/?p=532#primaryimage\",\"inLanguage\":\"pt-BR\",\"url\":\"https:\/\/tribunadapraia.com.br\/wp-content\/uploads\/2020\/03\/Screenshot_20200311-001447.jpg\",\"contentUrl\":\"https:\/\/tribunadapraia.com.br\/wp-content\/uploads\/2020\/03\/Screenshot_20200311-001447.jpg\",\"width\":540,\"height\":960},{\"@type\":\"WebPage\",\"@id\":\"https:\/\/tribunadapraia.com.br\/?p=532#webpage\",\"url\":\"https:\/\/tribunadapraia.com.br\/?p=532\",\"name\":\"ELEI\\u00c7\\u00d5ES 2020: PCB n\\u00e3o se omitir\\u00e1 das elei\\u00e7\\u00f5es municipais - recomendar\\u00e1 apoio cr\\u00edtico aos filhos da luta - TRIBUNA DA PRAIA\",\"isPartOf\":{\"@id\":\"https:\/\/tribunadapraia.com.br\/#website\"},\"primaryImageOfPage\":{\"@id\":\"https:\/\/tribunadapraia.com.br\/?p=532#primaryimage\"},\"datePublished\":\"2020-03-11T04:04:48+00:00\",\"dateModified\":\"2020-03-11T04:04:48+00:00\",\"breadcrumb\":{\"@id\":\"https:\/\/tribunadapraia.com.br\/?p=532#breadcrumb\"},\"inLanguage\":\"pt-BR\",\"potentialAction\":[{\"@type\":\"ReadAction\",\"target\":[\"https:\/\/tribunadapraia.com.br\/?p=532\"]}]},{\"@type\":\"BreadcrumbList\",\"@id\":\"https:\/\/tribunadapraia.com.br\/?p=532#breadcrumb\",\"itemListElement\":[{\"@type\":\"ListItem\",\"position\":1,\"item\":{\"@type\":\"WebPage\",\"@id\":\"https:\/\/tribunadapraia.com.br\/\",\"url\":\"https:\/\/tribunadapraia.com.br\/\",\"name\":\"In\\u00edcio\"}},{\"@type\":\"ListItem\",\"position\":2,\"item\":{\"@id\":\"https:\/\/tribunadapraia.com.br\/?p=532#webpage\"}}]},{\"@type\":\"Article\",\"@id\":\"https:\/\/tribunadapraia.com.br\/?p=532#article\",\"isPartOf\":{\"@id\":\"https:\/\/tribunadapraia.com.br\/?p=532#webpage\"},\"author\":{\"@id\":\"https:\/\/tribunadapraia.com.br\/#\/schema\/person\/099fbbf59acc5895c0d7d52b4fc46c97\"},\"headline\":\"ELEI\\u00c7\\u00d5ES 2020: PCB n\\u00e3o se omitir\\u00e1 das elei\\u00e7\\u00f5es municipais &#8211; recomendar\\u00e1 apoio cr\\u00edtico aos filhos da luta\",\"datePublished\":\"2020-03-11T04:04:48+00:00\",\"dateModified\":\"2020-03-11T04:04:48+00:00\",\"mainEntityOfPage\":{\"@id\":\"https:\/\/tribunadapraia.com.br\/?p=532#webpage\"},\"wordCount\":136,\"commentCount\":0,\"publisher\":{\"@id\":\"https:\/\/tribunadapraia.com.br\/#organization\"},\"image\":{\"@id\":\"https:\/\/tribunadapraia.com.br\/?p=532#primaryimage\"},\"thumbnailUrl\":\"https:\/\/tribunadapraia.com.br\/wp-content\/uploads\/2020\/03\/Screenshot_20200311-001447.jpg\",\"articleSection\":[\"Not\\u00edcias\"],\"inLanguage\":\"pt-BR\",\"potentialAction\":[{\"@type\":\"CommentAction\",\"name\":\"Comment\",\"target\":[\"https:\/\/tribunadapraia.com.br\/?p=532#respond\"]}]},{\"@type\":\"Person\",\"@id\":\"https:\/\/tribunadapraia.com.br\/#\/schema\/person\/099fbbf59acc5895c0d7d52b4fc46c97\",\"name\":\"Reda\\u00e7\\u00e3o\",\"image\":{\"@type\":\"ImageObject\",\"@id\":\"https:\/\/tribunadapraia.com.br\/#personlogo\",\"inLanguage\":\"pt-BR\",\"url\":\"https:\/\/secure.gravatar.com\/avatar\/91c8b91d2bfd7784eac5c3e055361f64?s=96&d=identicon&r=g\",\"contentUrl\":\"https:\/\/secure.gravatar.com\/avatar\/91c8b91d2bfd7784eac5c3e055361f64?s=96&d=identicon&r=g\",\"caption\":\"Reda\\u00e7\\u00e3o\"}}]}<\/script>\n<!-- \/ Yoast SEO plugin. -->","wps_subtitle":"","_links":{"self":[{"href":"https:\/\/tribunadapraia.com.br\/index.php?rest_route=\/wp\/v2\/posts\/532"}],"collection":[{"href":"https:\/\/tribunadapraia.com.br\/index.php?rest_route=\/wp\/v2\/posts"}],"about":[{"href":"https:\/\/tribunadapraia.com.br\/index.php?rest_route=\/wp\/v2\/types\/post"}],"author":[{"embeddable":true,"href":"https:\/\/tribunadapraia.com.br\/index.php?rest_route=\/wp\/v2\/users\/3"}],"replies":[{"embeddable":true,"href":"https:\/\/tribunadapraia.com.br\/index.php?rest_route=%2Fwp%2Fv2%2Fcomments&post=532"}],"version-history":[{"count":1,"href":"https:\/\/tribunadapraia.com.br\/index.php?rest_route=\/wp\/v2\/posts\/532\/revisions"}],"predecessor-version":[{"id":534,"href":"https:\/\/tribunadapraia.com.br\/index.php?rest_route=\/wp\/v2\/posts\/532\/revisions\/534"}],"wp:featuredmedia":[{"embeddable":true,"href":"https:\/\/tribunadapraia.com.br\/index.php?rest_route=\/wp\/v2\/media\/533"}],"wp:attachment":[{"href":"https:\/\/tribunadapraia.com.br\/index.php?rest_route=%2Fwp%2Fv2%2Fmedia&parent=532"}],"wp:term":[{"taxonomy":"category","embeddable":true,"href":"https:\/\/tribunadapraia.com.br\/index.php?rest_route=%2Fwp%2Fv2%2Fcategories&post=532"},{"taxonomy":"post_tag","embeddable":true,"href":"https:\/\/tribunadapraia.com.br\/index.php?rest_route=%2Fwp%2Fv2%2Ftags&post=532"}],"curies":[{"name":"wp","href":"https:\/\/api.w.org\/{rel}","templated":true}]}}