{"id":5288,"date":"2022-10-29T01:08:56","date_gmt":"2022-10-29T04:08:56","guid":{"rendered":"https:\/\/tribunadapraia.com.br\/?p=5288"},"modified":"2022-10-29T01:38:00","modified_gmt":"2022-10-29T04:38:00","slug":"coluna-fique-de-olho-em-caso-de-vitoria-de-fabio-mitidieri-quem-seria-a-correia-de-transmissao-do-governo-de-sergipe-em-propria","status":"publish","type":"post","link":"https:\/\/tribunadapraia.com.br\/?p=5288","title":{"rendered":"Coluna FIQUE DE OLHO: Em caso de vit\u00f3ria de F\u00e1bio Mitidieri, quem seria a correia de transmiss\u00e3o do Governo de Sergipe em Propri\u00e1?"},"content":{"rendered":"<p><em>Acreditar que Luciano Nascimento n\u00e3o negociou cargos, \u00e9 o mesmo que duvidar que o Palmeiras n\u00e3o ser\u00e1 campe\u00e3o brasileiro<\/em><\/p>\n<ul>\n<li><span style=\"color: #993300;\">Por ClaudOmir Herzog | claudomir21@gmail.com<\/span><\/li>\n<\/ul>\n<p>Se fosse definida pelo saudoso Wellington Elias da Paix\u00e3o a conjuntura pol\u00edtica agora em Propri\u00e1, ele responderia classificando de &#8220;sarapatel de coruja&#8221;. O &#8220;diabinho&#8221; tamb\u00e9m ofereceria um &#8220;picol\u00e9 de graviola&#8221; a quem respondesse entre o prefeito Valberto Lima (MDB), o seu desafeto Luciano Nascimento (PP) e o presidente municipal do PSD, Aelson Santos, a quem caberia a indica\u00e7\u00e3o ou apadrinhasse os futuros ocupantes dos cargos a serem evacuados na DRE-06, CIRETRAN\/SE, Hospital S\u00e3o Vicente de Paulo e DESO.<\/p>\n<p><strong>\u25a0 Seria assim o p\u00f3dio?<\/strong><\/p>\n<p style=\"text-align: center;\"><img loading=\"lazy\" class=\"alignnone size-medium wp-image-5299\" src=\"https:\/\/tribunadapraia.com.br\/wp-content\/uploads\/2022\/10\/IMG-20221029-WA0003-300x179.jpg\" alt=\"\" width=\"300\" height=\"179\" srcset=\"https:\/\/tribunadapraia.com.br\/wp-content\/uploads\/2022\/10\/IMG-20221029-WA0003-300x179.jpg 300w, https:\/\/tribunadapraia.com.br\/wp-content\/uploads\/2022\/10\/IMG-20221029-WA0003-1024x613.jpg 1024w, https:\/\/tribunadapraia.com.br\/wp-content\/uploads\/2022\/10\/IMG-20221029-WA0003-768x459.jpg 768w, https:\/\/tribunadapraia.com.br\/wp-content\/uploads\/2022\/10\/IMG-20221029-WA0003.jpg 1080w\" sizes=\"(max-width: 300px) 100vw, 300px\" \/><\/p>\n<p>Segundo um incrustado entre eles, a ordem de prioridade seria Valberto, Luciano e Aelson. &#8220;Acreditar que Luciano Nascimento n\u00e3o negociou cargos, \u00e9 o mesmo que duvidar que o Palmeiras n\u00e3o ser\u00e1 campe\u00e3o brasileiro&#8221;, comparou a fonte de inequ\u00edvoca credibilidade.<\/p>\n<p><strong>\u25a0 Enquanto isso&#8230;<\/strong><\/p>\n<p>Caso o governador eleito seja o candidato Rog\u00e9rio Carvalho (PT), l\u00edder nas pesquisas divulgadas pelo Instituto Atlas Intel, caberia esta condi\u00e7\u00e3o ao ex-prefeito Renato Brand\u00e3o, o Renatinho (sem partido).<\/p>\n<p><strong>\u25a0 A\u00ed, t\u00f4 com medo&#8230;<\/strong><\/p>\n<p style=\"text-align: center;\">\u00a0 <img loading=\"lazy\" class=\"alignnone size-medium wp-image-5296\" src=\"https:\/\/tribunadapraia.com.br\/wp-content\/uploads\/2022\/10\/plenario-camara-municipal-300x290.gif\" alt=\"\" width=\"300\" height=\"290\" \/><\/p>\n<p>Temendo a rejei\u00e7\u00e3o nas urnas e a concorr\u00eancia com atuais secret\u00e1rios municipais e potenciais candidatos em 2024, atuais vereadores da base aliada do prefeito Valberto Lima (MDB) j\u00e1 os elegeram para Cristo, combatendo-os. Com aliados como estes, Valberto pode dispensar advers\u00e1rios e voltar os olhos para o disparo (mui) amigo&#8230;<\/p>\n<p><strong>\u25a0 Luzias e Saquaremas<\/strong><\/p>\n<p><img loading=\"lazy\" class=\"alignnone size-full wp-image-5297\" src=\"https:\/\/tribunadapraia.com.br\/wp-content\/uploads\/2022\/10\/luzias.jpg\" alt=\"\" width=\"299\" height=\"169\" \/><\/p>\n<p>Questionado sobre a uni\u00e3o entre os aliados de Luciano Nascimento (PP), apelidados de &#8220;saquaremas&#8221; e de Valberto Lima (MDB), apelidado de Luzias, em torno de F\u00e1bio Mitidieri, n\u00e3o nos surpreende. Para dizer a verdade, queiram ou n\u00e3o, s\u00e3o faces de uma mesma moeda.<\/p>\n<p><strong>\u25a0 Pr\u00eamio TRIBUNA DA PRAIA 39 anos<\/strong><\/p>\n<p style=\"text-align: center;\"><img loading=\"lazy\" class=\"alignnone size-medium wp-image-4859\" src=\"https:\/\/tribunadapraia.com.br\/wp-content\/uploads\/2022\/08\/FB_IMG_1661256521764-300x300.jpg\" alt=\"\" width=\"300\" height=\"300\" srcset=\"https:\/\/tribunadapraia.com.br\/wp-content\/uploads\/2022\/08\/FB_IMG_1661256521764-300x300.jpg 300w, https:\/\/tribunadapraia.com.br\/wp-content\/uploads\/2022\/08\/FB_IMG_1661256521764-150x150.jpg 150w, https:\/\/tribunadapraia.com.br\/wp-content\/uploads\/2022\/08\/FB_IMG_1661256521764-250x250.jpg 250w, https:\/\/tribunadapraia.com.br\/wp-content\/uploads\/2022\/08\/FB_IMG_1661256521764.jpg 447w\" sizes=\"(max-width: 300px) 100vw, 300px\" \/><\/p>\n<p>Est\u00e1 confirmado para a noite de 11 de novembro, no 12 T\u00eanis Clube, a Solenidade de Entrega do Pr\u00eamio Tribuna da Praia 39 anos, em que ser\u00e3o homenageadas 45 entidades e personalidades. O evento ser\u00e1 abrilhantado pelo Coral da DESO.<\/p>\n<p><strong>\u25a0 1.\u00ba Sarau Liter\u00e1rio<\/strong><\/p>\n<p style=\"text-align: center;\"><img loading=\"lazy\" class=\"alignnone size-medium wp-image-5295\" src=\"https:\/\/tribunadapraia.com.br\/wp-content\/uploads\/2022\/10\/IMG-20221024-WA0062-1-300x300.jpg\" alt=\"\" width=\"300\" height=\"300\" srcset=\"https:\/\/tribunadapraia.com.br\/wp-content\/uploads\/2022\/10\/IMG-20221024-WA0062-1-300x300.jpg 300w, https:\/\/tribunadapraia.com.br\/wp-content\/uploads\/2022\/10\/IMG-20221024-WA0062-1-1024x1024.jpg 1024w, https:\/\/tribunadapraia.com.br\/wp-content\/uploads\/2022\/10\/IMG-20221024-WA0062-1-150x150.jpg 150w, https:\/\/tribunadapraia.com.br\/wp-content\/uploads\/2022\/10\/IMG-20221024-WA0062-1-768x768.jpg 768w, https:\/\/tribunadapraia.com.br\/wp-content\/uploads\/2022\/10\/IMG-20221024-WA0062-1-250x250.jpg 250w, https:\/\/tribunadapraia.com.br\/wp-content\/uploads\/2022\/10\/IMG-20221024-WA0062-1.jpg 1280w\" sizes=\"(max-width: 300px) 100vw, 300px\" \/><\/p>\n<p>Idealizado pela Academia Liter\u00e1ria de Vida de Propri\u00e1 (ALVP), vai \u00e0s 18 horas de 18 de Novembro, no Coreto da Cidade, o 1.\u00ba Sarau Liter\u00e1rio, intitulado &#8220;semeando autores&#8221;.<\/p>\n<p><strong>\u25a0 A Voz do Povo<\/strong><\/p>\n<!--[if lt IE 9]><script>document.createElement('audio');<\/script><![endif]-->\n<audio class=\"wp-audio-shortcode\" id=\"audio-5288-1\" preload=\"none\" style=\"width: 100%;\" controls=\"controls\"><source type=\"audio\/mpeg\" src=\"https:\/\/tribunadapraia.com.br\/wp-content\/uploads\/2022\/10\/AAA.mp3?_=1\" \/><a href=\"https:\/\/tribunadapraia.com.br\/wp-content\/uploads\/2022\/10\/AAA.mp3\">https:\/\/tribunadapraia.com.br\/wp-content\/uploads\/2022\/10\/AAA.mp3<\/a><\/audio>\n<p>Programa jornal\u00edstico da R\u00e1dio e Jornal Tribuna da Praia, A VOZ DO POVO agora tamb\u00e9m pode ser ouvido pela R\u00e1dio Centen\u00e1rio de Carm\u00f3polis, no Vale do Japaratuba.<\/p>\n<p><strong>\u25a0 Vote com a consci\u00eancia<\/strong><\/p>\n<p>Amanh\u00e3, 30, iremos eleger o Governador de Sergipe e o Presidente da Rep\u00fablica. Com sapi\u00eancia e consci\u00eancia vamos votar pensando em nossos filhos, com foco em uma sociedade mais justa e igualit\u00e1ria. Bons votos!<\/p>\n<p><strong>\u25a0 Mensagem da Semana<\/strong><\/p>\n<p>&#8220;Diga-me com quem andas e eu te direi quem tu \u00e9s&#8221; &#8211; Prov\u00e9rbio popular<\/p>\n<ul>\n<li><span style=\"color: #ff6600;\">ClaudOmir Herzog (54), escreve aos finais de semana na Tribuna da Praia<\/span><\/li>\n<\/ul>\n","protected":false},"excerpt":{"rendered":"<p>Acreditar que Luciano Nascimento n\u00e3o negociou cargos, \u00e9 o mesmo que duvidar que o Palmeiras n\u00e3o ser\u00e1 campe\u00e3o brasileiro Por ClaudOmir Herzog | claudomir21@gmail.com Se fosse definida pelo saudoso Wellington Elias da Paix\u00e3o a conjuntura pol\u00edtica agora em Propri\u00e1, ele responderia classificando de &#8220;sarapatel de coruja&#8221;. O &#8220;diabinho&#8221; tamb\u00e9m ofereceria um &#8220;picol\u00e9 de graviola&#8221; a quem respondesse entre o prefeito Valberto Lima (MDB), o seu desafeto Luciano Nascimento (PP) e<\/p>\n","protected":false},"author":3,"featured_media":5289,"comment_status":"open","ping_status":"open","sticky":false,"template":"","format":"standard","meta":[],"categories":[18],"tags":[],"yoast_head":"<!-- This site is optimized with the Yoast SEO plugin v16.3 - https:\/\/yoast.com\/wordpress\/plugins\/seo\/ -->\n<title>Coluna FIQUE DE OLHO: Em caso de vit\u00f3ria de F\u00e1bio Mitidieri, quem seria a correia de transmiss\u00e3o do Governo de Sergipe em Propri\u00e1? - TRIBUNA DA PRAIA<\/title>\n<meta name=\"robots\" content=\"index, follow, max-snippet:-1, max-image-preview:large, max-video-preview:-1\" \/>\n<link rel=\"canonical\" href=\"https:\/\/tribunadapraia.com.br\/?p=5288\" \/>\n<meta property=\"og:locale\" content=\"pt_BR\" \/>\n<meta property=\"og:type\" content=\"article\" \/>\n<meta property=\"og:title\" content=\"Coluna FIQUE DE OLHO: Em caso de vit\u00f3ria de F\u00e1bio Mitidieri, quem seria a correia de transmiss\u00e3o do Governo de Sergipe em Propri\u00e1? - TRIBUNA DA PRAIA\" \/>\n<meta property=\"og:description\" content=\"Acreditar que Luciano Nascimento n\u00e3o negociou cargos, \u00e9 o mesmo que duvidar que o Palmeiras n\u00e3o ser\u00e1 campe\u00e3o brasileiro Por ClaudOmir Herzog | claudomir21@gmail.com Se fosse definida pelo saudoso Wellington Elias da Paix\u00e3o a conjuntura pol\u00edtica agora em Propri\u00e1, ele responderia classificando de &#8220;sarapatel de coruja&#8221;. O &#8220;diabinho&#8221; tamb\u00e9m ofereceria um &#8220;picol\u00e9 de graviola&#8221; a quem respondesse entre o prefeito Valberto Lima (MDB), o seu desafeto Luciano Nascimento (PP) e\" \/>\n<meta property=\"og:url\" content=\"https:\/\/tribunadapraia.com.br\/?p=5288\" \/>\n<meta property=\"og:site_name\" content=\"TRIBUNA DA PRAIA\" \/>\n<meta property=\"article:publisher\" content=\"https:\/\/www.facebook.com\/tribunadapraiaonline\/\" \/>\n<meta property=\"article:published_time\" content=\"2022-10-29T04:08:56+00:00\" \/>\n<meta property=\"article:modified_time\" content=\"2022-10-29T04:38:00+00:00\" \/>\n<meta property=\"og:image\" content=\"https:\/\/tribunadapraia.com.br\/wp-content\/uploads\/2022\/10\/IMG-20221028-WA0093.jpg\" \/>\n\t<meta property=\"og:image:width\" content=\"640\" \/>\n\t<meta property=\"og:image:height\" content=\"640\" \/>\n<meta name=\"twitter:card\" content=\"summary_large_image\" \/>\n<meta name=\"twitter:creator\" content=\"@Claudomir21\" \/>\n<meta name=\"twitter:site\" content=\"@Claudomir21\" \/>\n<meta name=\"twitter:label1\" content=\"Est. tempo de leitura\">\n\t<meta name=\"twitter:data1\" content=\"4 minutos\">\n<script type=\"application\/ld+json\" class=\"yoast-schema-graph\">{\"@context\":\"https:\/\/schema.org\",\"@graph\":[{\"@type\":\"Organization\",\"@id\":\"https:\/\/tribunadapraia.com.br\/#organization\",\"name\":\"Tribuna da Praia\",\"url\":\"https:\/\/tribunadapraia.com.br\/\",\"sameAs\":[\"https:\/\/www.facebook.com\/tribunadapraiaonline\/\",\"https:\/\/www.instagram.com\/claudomirtavares\/\",\"https:\/\/www.youtube.com\/channel\/UCwQf80nxiMzCefAyjbp53Rw\",\"https:\/\/twitter.com\/Claudomir21\"],\"logo\":{\"@type\":\"ImageObject\",\"@id\":\"https:\/\/tribunadapraia.com.br\/#logo\",\"inLanguage\":\"pt-BR\",\"url\":\"https:\/\/tribunadapraia.com.br\/wp-content\/uploads\/2020\/02\/logo.png\",\"contentUrl\":\"https:\/\/tribunadapraia.com.br\/wp-content\/uploads\/2020\/02\/logo.png\",\"width\":501,\"height\":121,\"caption\":\"Tribuna da Praia\"},\"image\":{\"@id\":\"https:\/\/tribunadapraia.com.br\/#logo\"}},{\"@type\":\"WebSite\",\"@id\":\"https:\/\/tribunadapraia.com.br\/#website\",\"url\":\"https:\/\/tribunadapraia.com.br\/\",\"name\":\"TRIBUNA DA PRAIA\",\"description\":\"O 1\\u00ba jornal do interior de Sergipe na internet\",\"publisher\":{\"@id\":\"https:\/\/tribunadapraia.com.br\/#organization\"},\"potentialAction\":[{\"@type\":\"SearchAction\",\"target\":\"https:\/\/tribunadapraia.com.br\/?s={search_term_string}\",\"query-input\":\"required name=search_term_string\"}],\"inLanguage\":\"pt-BR\"},{\"@type\":\"ImageObject\",\"@id\":\"https:\/\/tribunadapraia.com.br\/?p=5288#primaryimage\",\"inLanguage\":\"pt-BR\",\"url\":\"https:\/\/tribunadapraia.com.br\/wp-content\/uploads\/2022\/10\/IMG-20221028-WA0093.jpg\",\"contentUrl\":\"https:\/\/tribunadapraia.com.br\/wp-content\/uploads\/2022\/10\/IMG-20221028-WA0093.jpg\",\"width\":640,\"height\":640},{\"@type\":\"WebPage\",\"@id\":\"https:\/\/tribunadapraia.com.br\/?p=5288#webpage\",\"url\":\"https:\/\/tribunadapraia.com.br\/?p=5288\",\"name\":\"Coluna FIQUE DE OLHO: Em caso de vit\\u00f3ria de F\\u00e1bio Mitidieri, quem seria a correia de transmiss\\u00e3o do Governo de Sergipe em Propri\\u00e1? - TRIBUNA DA PRAIA\",\"isPartOf\":{\"@id\":\"https:\/\/tribunadapraia.com.br\/#website\"},\"primaryImageOfPage\":{\"@id\":\"https:\/\/tribunadapraia.com.br\/?p=5288#primaryimage\"},\"datePublished\":\"2022-10-29T04:08:56+00:00\",\"dateModified\":\"2022-10-29T04:38:00+00:00\",\"breadcrumb\":{\"@id\":\"https:\/\/tribunadapraia.com.br\/?p=5288#breadcrumb\"},\"inLanguage\":\"pt-BR\",\"potentialAction\":[{\"@type\":\"ReadAction\",\"target\":[\"https:\/\/tribunadapraia.com.br\/?p=5288\"]}]},{\"@type\":\"BreadcrumbList\",\"@id\":\"https:\/\/tribunadapraia.com.br\/?p=5288#breadcrumb\",\"itemListElement\":[{\"@type\":\"ListItem\",\"position\":1,\"item\":{\"@type\":\"WebPage\",\"@id\":\"https:\/\/tribunadapraia.com.br\/\",\"url\":\"https:\/\/tribunadapraia.com.br\/\",\"name\":\"In\\u00edcio\"}},{\"@type\":\"ListItem\",\"position\":2,\"item\":{\"@id\":\"https:\/\/tribunadapraia.com.br\/?p=5288#webpage\"}}]},{\"@type\":\"Article\",\"@id\":\"https:\/\/tribunadapraia.com.br\/?p=5288#article\",\"isPartOf\":{\"@id\":\"https:\/\/tribunadapraia.com.br\/?p=5288#webpage\"},\"author\":{\"@id\":\"https:\/\/tribunadapraia.com.br\/#\/schema\/person\/099fbbf59acc5895c0d7d52b4fc46c97\"},\"headline\":\"Coluna FIQUE DE OLHO: Em caso de vit\\u00f3ria de F\\u00e1bio Mitidieri, quem seria a correia de transmiss\\u00e3o do Governo de Sergipe em Propri\\u00e1?\",\"datePublished\":\"2022-10-29T04:08:56+00:00\",\"dateModified\":\"2022-10-29T04:38:00+00:00\",\"mainEntityOfPage\":{\"@id\":\"https:\/\/tribunadapraia.com.br\/?p=5288#webpage\"},\"wordCount\":521,\"commentCount\":0,\"publisher\":{\"@id\":\"https:\/\/tribunadapraia.com.br\/#organization\"},\"image\":{\"@id\":\"https:\/\/tribunadapraia.com.br\/?p=5288#primaryimage\"},\"thumbnailUrl\":\"https:\/\/tribunadapraia.com.br\/wp-content\/uploads\/2022\/10\/IMG-20221028-WA0093.jpg\",\"articleSection\":[\"Not\\u00edcias\"],\"inLanguage\":\"pt-BR\",\"potentialAction\":[{\"@type\":\"CommentAction\",\"name\":\"Comment\",\"target\":[\"https:\/\/tribunadapraia.com.br\/?p=5288#respond\"]}]},{\"@type\":\"Person\",\"@id\":\"https:\/\/tribunadapraia.com.br\/#\/schema\/person\/099fbbf59acc5895c0d7d52b4fc46c97\",\"name\":\"Reda\\u00e7\\u00e3o\",\"image\":{\"@type\":\"ImageObject\",\"@id\":\"https:\/\/tribunadapraia.com.br\/#personlogo\",\"inLanguage\":\"pt-BR\",\"url\":\"https:\/\/secure.gravatar.com\/avatar\/91c8b91d2bfd7784eac5c3e055361f64?s=96&d=identicon&r=g\",\"contentUrl\":\"https:\/\/secure.gravatar.com\/avatar\/91c8b91d2bfd7784eac5c3e055361f64?s=96&d=identicon&r=g\",\"caption\":\"Reda\\u00e7\\u00e3o\"}}]}<\/script>\n<!-- \/ Yoast SEO plugin. -->","wps_subtitle":"","_links":{"self":[{"href":"https:\/\/tribunadapraia.com.br\/index.php?rest_route=\/wp\/v2\/posts\/5288"}],"collection":[{"href":"https:\/\/tribunadapraia.com.br\/index.php?rest_route=\/wp\/v2\/posts"}],"about":[{"href":"https:\/\/tribunadapraia.com.br\/index.php?rest_route=\/wp\/v2\/types\/post"}],"author":[{"embeddable":true,"href":"https:\/\/tribunadapraia.com.br\/index.php?rest_route=\/wp\/v2\/users\/3"}],"replies":[{"embeddable":true,"href":"https:\/\/tribunadapraia.com.br\/index.php?rest_route=%2Fwp%2Fv2%2Fcomments&post=5288"}],"version-history":[{"count":5,"href":"https:\/\/tribunadapraia.com.br\/index.php?rest_route=\/wp\/v2\/posts\/5288\/revisions"}],"predecessor-version":[{"id":5300,"href":"https:\/\/tribunadapraia.com.br\/index.php?rest_route=\/wp\/v2\/posts\/5288\/revisions\/5300"}],"wp:featuredmedia":[{"embeddable":true,"href":"https:\/\/tribunadapraia.com.br\/index.php?rest_route=\/wp\/v2\/media\/5289"}],"wp:attachment":[{"href":"https:\/\/tribunadapraia.com.br\/index.php?rest_route=%2Fwp%2Fv2%2Fmedia&parent=5288"}],"wp:term":[{"taxonomy":"category","embeddable":true,"href":"https:\/\/tribunadapraia.com.br\/index.php?rest_route=%2Fwp%2Fv2%2Fcategories&post=5288"},{"taxonomy":"post_tag","embeddable":true,"href":"https:\/\/tribunadapraia.com.br\/index.php?rest_route=%2Fwp%2Fv2%2Ftags&post=5288"}],"curies":[{"name":"wp","href":"https:\/\/api.w.org\/{rel}","templated":true}]}}