{"id":5271,"date":"2022-10-28T18:59:39","date_gmt":"2022-10-28T21:59:39","guid":{"rendered":"https:\/\/tribunadapraia.com.br\/?p=5271"},"modified":"2022-10-28T19:05:16","modified_gmt":"2022-10-28T22:05:16","slug":"atores-de-os-vingadores-manifestam-preferencia-por-lula","status":"publish","type":"post","link":"https:\/\/tribunadapraia.com.br\/?p=5271","title":{"rendered":"Atores de &#8220;Os Vingadores&#8221; manifestam prefer\u00eancia por Lula"},"content":{"rendered":"<p>Atores dos filmes &#8220;Os Vingadores&#8221; (The Avengers) manifestaram-se indiretamente prefer\u00eancia pelo candidato Lula \u00e0 presid\u00eancia da Rep\u00fablica, ao defender pautas como democracia e meio ambiente. <img loading=\"lazy\" class=\"size-medium wp-image-5274 alignleft\" src=\"https:\/\/tribunadapraia.com.br\/wp-content\/uploads\/2022\/10\/Robert_Downey_Jr._2012-223x300.jpg\" alt=\"\" width=\"223\" height=\"300\" srcset=\"https:\/\/tribunadapraia.com.br\/wp-content\/uploads\/2022\/10\/Robert_Downey_Jr._2012-223x300.jpg 223w, https:\/\/tribunadapraia.com.br\/wp-content\/uploads\/2022\/10\/Robert_Downey_Jr._2012-762x1024.jpg 762w, https:\/\/tribunadapraia.com.br\/wp-content\/uploads\/2022\/10\/Robert_Downey_Jr._2012-768x1033.jpg 768w, https:\/\/tribunadapraia.com.br\/wp-content\/uploads\/2022\/10\/Robert_Downey_Jr._2012-1142x1536.jpg 1142w, https:\/\/tribunadapraia.com.br\/wp-content\/uploads\/2022\/10\/Robert_Downey_Jr._2012.jpg 1280w\" sizes=\"(max-width: 223px) 100vw, 223px\" \/>Robert Downey Jr que interpreta o &#8220;Homem de Ferro&#8221; declarou publicamente seu apoio ao candidato do PT, tendo Lula interagindo com o astro da Marvel.<\/p>\n<p style=\"text-align: center;\"><img loading=\"lazy\" class=\"alignnone size-medium wp-image-5277\" src=\"https:\/\/tribunadapraia.com.br\/wp-content\/uploads\/2022\/10\/os-vingadores-filme-1-275x300.jpg\" alt=\"\" width=\"275\" height=\"300\" srcset=\"https:\/\/tribunadapraia.com.br\/wp-content\/uploads\/2022\/10\/os-vingadores-filme-1-275x300.jpg 275w, https:\/\/tribunadapraia.com.br\/wp-content\/uploads\/2022\/10\/os-vingadores-filme-1-768x838.jpg 768w, https:\/\/tribunadapraia.com.br\/wp-content\/uploads\/2022\/10\/os-vingadores-filme-1.jpg 777w\" sizes=\"(max-width: 275px) 100vw, 275px\" \/><\/p>\n<ul>\n<li><span style=\"color: #ff6600;\">Por ClaudOmir Herzog | Imagens: Marcel<\/span><\/li>\n<\/ul>\n","protected":false},"excerpt":{"rendered":"<p>Atores dos filmes &#8220;Os Vingadores&#8221; (The Avengers) manifestaram-se indiretamente prefer\u00eancia pelo candidato Lula \u00e0 presid\u00eancia da Rep\u00fablica, ao defender pautas como democracia e meio ambiente. Robert Downey Jr que interpreta o &#8220;Homem de Ferro&#8221; declarou publicamente seu apoio ao candidato do PT, tendo Lula interagindo com o astro da Marvel. Por ClaudOmir Herzog | Imagens: Marcel<\/p>\n","protected":false},"author":3,"featured_media":5272,"comment_status":"open","ping_status":"open","sticky":false,"template":"","format":"standard","meta":[],"categories":[18],"tags":[],"yoast_head":"<!-- This site is optimized with the Yoast SEO plugin v16.3 - https:\/\/yoast.com\/wordpress\/plugins\/seo\/ -->\n<title>Atores de &quot;Os Vingadores&quot; manifestam prefer\u00eancia por Lula - TRIBUNA DA PRAIA<\/title>\n<meta name=\"robots\" content=\"index, follow, max-snippet:-1, max-image-preview:large, max-video-preview:-1\" \/>\n<link rel=\"canonical\" href=\"https:\/\/tribunadapraia.com.br\/?p=5271\" \/>\n<meta property=\"og:locale\" content=\"pt_BR\" \/>\n<meta property=\"og:type\" content=\"article\" \/>\n<meta property=\"og:title\" content=\"Atores de &quot;Os Vingadores&quot; manifestam prefer\u00eancia por Lula - TRIBUNA DA PRAIA\" \/>\n<meta property=\"og:description\" content=\"Atores dos filmes &#8220;Os Vingadores&#8221; (The Avengers) manifestaram-se indiretamente prefer\u00eancia pelo candidato Lula \u00e0 presid\u00eancia da Rep\u00fablica, ao defender pautas como democracia e meio ambiente. Robert Downey Jr que interpreta o &#8220;Homem de Ferro&#8221; declarou publicamente seu apoio ao candidato do PT, tendo Lula interagindo com o astro da Marvel. Por ClaudOmir Herzog | Imagens: Marcel\" \/>\n<meta property=\"og:url\" content=\"https:\/\/tribunadapraia.com.br\/?p=5271\" \/>\n<meta property=\"og:site_name\" content=\"TRIBUNA DA PRAIA\" \/>\n<meta property=\"article:publisher\" content=\"https:\/\/www.facebook.com\/tribunadapraiaonline\/\" \/>\n<meta property=\"article:published_time\" content=\"2022-10-28T21:59:39+00:00\" \/>\n<meta property=\"article:modified_time\" content=\"2022-10-28T22:05:16+00:00\" \/>\n<meta property=\"og:image\" content=\"https:\/\/tribunadapraia.com.br\/wp-content\/uploads\/2022\/10\/avengers-united-poster.jpg\" \/>\n\t<meta property=\"og:image:width\" content=\"1280\" \/>\n\t<meta property=\"og:image:height\" content=\"1005\" \/>\n<meta name=\"twitter:card\" content=\"summary_large_image\" \/>\n<meta name=\"twitter:creator\" content=\"@Claudomir21\" \/>\n<meta name=\"twitter:site\" content=\"@Claudomir21\" \/>\n<meta name=\"twitter:label1\" content=\"Est. tempo de leitura\">\n\t<meta name=\"twitter:data1\" content=\"1 minuto\">\n<script type=\"application\/ld+json\" class=\"yoast-schema-graph\">{\"@context\":\"https:\/\/schema.org\",\"@graph\":[{\"@type\":\"Organization\",\"@id\":\"https:\/\/tribunadapraia.com.br\/#organization\",\"name\":\"Tribuna da Praia\",\"url\":\"https:\/\/tribunadapraia.com.br\/\",\"sameAs\":[\"https:\/\/www.facebook.com\/tribunadapraiaonline\/\",\"https:\/\/www.instagram.com\/claudomirtavares\/\",\"https:\/\/www.youtube.com\/channel\/UCwQf80nxiMzCefAyjbp53Rw\",\"https:\/\/twitter.com\/Claudomir21\"],\"logo\":{\"@type\":\"ImageObject\",\"@id\":\"https:\/\/tribunadapraia.com.br\/#logo\",\"inLanguage\":\"pt-BR\",\"url\":\"https:\/\/tribunadapraia.com.br\/wp-content\/uploads\/2020\/02\/logo.png\",\"contentUrl\":\"https:\/\/tribunadapraia.com.br\/wp-content\/uploads\/2020\/02\/logo.png\",\"width\":501,\"height\":121,\"caption\":\"Tribuna da Praia\"},\"image\":{\"@id\":\"https:\/\/tribunadapraia.com.br\/#logo\"}},{\"@type\":\"WebSite\",\"@id\":\"https:\/\/tribunadapraia.com.br\/#website\",\"url\":\"https:\/\/tribunadapraia.com.br\/\",\"name\":\"TRIBUNA DA PRAIA\",\"description\":\"O 1\\u00ba jornal do interior de Sergipe na internet\",\"publisher\":{\"@id\":\"https:\/\/tribunadapraia.com.br\/#organization\"},\"potentialAction\":[{\"@type\":\"SearchAction\",\"target\":\"https:\/\/tribunadapraia.com.br\/?s={search_term_string}\",\"query-input\":\"required name=search_term_string\"}],\"inLanguage\":\"pt-BR\"},{\"@type\":\"ImageObject\",\"@id\":\"https:\/\/tribunadapraia.com.br\/?p=5271#primaryimage\",\"inLanguage\":\"pt-BR\",\"url\":\"https:\/\/tribunadapraia.com.br\/wp-content\/uploads\/2022\/10\/avengers-united-poster.jpg\",\"contentUrl\":\"https:\/\/tribunadapraia.com.br\/wp-content\/uploads\/2022\/10\/avengers-united-poster.jpg\",\"width\":1280,\"height\":1005},{\"@type\":\"WebPage\",\"@id\":\"https:\/\/tribunadapraia.com.br\/?p=5271#webpage\",\"url\":\"https:\/\/tribunadapraia.com.br\/?p=5271\",\"name\":\"Atores de \\\"Os Vingadores\\\" manifestam prefer\\u00eancia por Lula - TRIBUNA DA PRAIA\",\"isPartOf\":{\"@id\":\"https:\/\/tribunadapraia.com.br\/#website\"},\"primaryImageOfPage\":{\"@id\":\"https:\/\/tribunadapraia.com.br\/?p=5271#primaryimage\"},\"datePublished\":\"2022-10-28T21:59:39+00:00\",\"dateModified\":\"2022-10-28T22:05:16+00:00\",\"breadcrumb\":{\"@id\":\"https:\/\/tribunadapraia.com.br\/?p=5271#breadcrumb\"},\"inLanguage\":\"pt-BR\",\"potentialAction\":[{\"@type\":\"ReadAction\",\"target\":[\"https:\/\/tribunadapraia.com.br\/?p=5271\"]}]},{\"@type\":\"BreadcrumbList\",\"@id\":\"https:\/\/tribunadapraia.com.br\/?p=5271#breadcrumb\",\"itemListElement\":[{\"@type\":\"ListItem\",\"position\":1,\"item\":{\"@type\":\"WebPage\",\"@id\":\"https:\/\/tribunadapraia.com.br\/\",\"url\":\"https:\/\/tribunadapraia.com.br\/\",\"name\":\"In\\u00edcio\"}},{\"@type\":\"ListItem\",\"position\":2,\"item\":{\"@id\":\"https:\/\/tribunadapraia.com.br\/?p=5271#webpage\"}}]},{\"@type\":\"Article\",\"@id\":\"https:\/\/tribunadapraia.com.br\/?p=5271#article\",\"isPartOf\":{\"@id\":\"https:\/\/tribunadapraia.com.br\/?p=5271#webpage\"},\"author\":{\"@id\":\"https:\/\/tribunadapraia.com.br\/#\/schema\/person\/099fbbf59acc5895c0d7d52b4fc46c97\"},\"headline\":\"Atores de &#8220;Os Vingadores&#8221; manifestam prefer\\u00eancia por Lula\",\"datePublished\":\"2022-10-28T21:59:39+00:00\",\"dateModified\":\"2022-10-28T22:05:16+00:00\",\"mainEntityOfPage\":{\"@id\":\"https:\/\/tribunadapraia.com.br\/?p=5271#webpage\"},\"wordCount\":66,\"commentCount\":0,\"publisher\":{\"@id\":\"https:\/\/tribunadapraia.com.br\/#organization\"},\"image\":{\"@id\":\"https:\/\/tribunadapraia.com.br\/?p=5271#primaryimage\"},\"thumbnailUrl\":\"https:\/\/tribunadapraia.com.br\/wp-content\/uploads\/2022\/10\/avengers-united-poster.jpg\",\"articleSection\":[\"Not\\u00edcias\"],\"inLanguage\":\"pt-BR\",\"potentialAction\":[{\"@type\":\"CommentAction\",\"name\":\"Comment\",\"target\":[\"https:\/\/tribunadapraia.com.br\/?p=5271#respond\"]}]},{\"@type\":\"Person\",\"@id\":\"https:\/\/tribunadapraia.com.br\/#\/schema\/person\/099fbbf59acc5895c0d7d52b4fc46c97\",\"name\":\"Reda\\u00e7\\u00e3o\",\"image\":{\"@type\":\"ImageObject\",\"@id\":\"https:\/\/tribunadapraia.com.br\/#personlogo\",\"inLanguage\":\"pt-BR\",\"url\":\"https:\/\/secure.gravatar.com\/avatar\/91c8b91d2bfd7784eac5c3e055361f64?s=96&d=identicon&r=g\",\"contentUrl\":\"https:\/\/secure.gravatar.com\/avatar\/91c8b91d2bfd7784eac5c3e055361f64?s=96&d=identicon&r=g\",\"caption\":\"Reda\\u00e7\\u00e3o\"}}]}<\/script>\n<!-- \/ Yoast SEO plugin. -->","wps_subtitle":"","_links":{"self":[{"href":"https:\/\/tribunadapraia.com.br\/index.php?rest_route=\/wp\/v2\/posts\/5271"}],"collection":[{"href":"https:\/\/tribunadapraia.com.br\/index.php?rest_route=\/wp\/v2\/posts"}],"about":[{"href":"https:\/\/tribunadapraia.com.br\/index.php?rest_route=\/wp\/v2\/types\/post"}],"author":[{"embeddable":true,"href":"https:\/\/tribunadapraia.com.br\/index.php?rest_route=\/wp\/v2\/users\/3"}],"replies":[{"embeddable":true,"href":"https:\/\/tribunadapraia.com.br\/index.php?rest_route=%2Fwp%2Fv2%2Fcomments&post=5271"}],"version-history":[{"count":4,"href":"https:\/\/tribunadapraia.com.br\/index.php?rest_route=\/wp\/v2\/posts\/5271\/revisions"}],"predecessor-version":[{"id":5278,"href":"https:\/\/tribunadapraia.com.br\/index.php?rest_route=\/wp\/v2\/posts\/5271\/revisions\/5278"}],"wp:featuredmedia":[{"embeddable":true,"href":"https:\/\/tribunadapraia.com.br\/index.php?rest_route=\/wp\/v2\/media\/5272"}],"wp:attachment":[{"href":"https:\/\/tribunadapraia.com.br\/index.php?rest_route=%2Fwp%2Fv2%2Fmedia&parent=5271"}],"wp:term":[{"taxonomy":"category","embeddable":true,"href":"https:\/\/tribunadapraia.com.br\/index.php?rest_route=%2Fwp%2Fv2%2Fcategories&post=5271"},{"taxonomy":"post_tag","embeddable":true,"href":"https:\/\/tribunadapraia.com.br\/index.php?rest_route=%2Fwp%2Fv2%2Ftags&post=5271"}],"curies":[{"name":"wp","href":"https:\/\/api.w.org\/{rel}","templated":true}]}}