{"id":5265,"date":"2022-10-28T09:51:15","date_gmt":"2022-10-28T12:51:15","guid":{"rendered":"https:\/\/tribunadapraia.com.br\/?p=5265"},"modified":"2022-10-28T09:51:56","modified_gmt":"2022-10-28T12:51:56","slug":"alunos-de-itaporanga-participam-de-sessao-de-cinema-em-aracaju","status":"publish","type":"post","link":"https:\/\/tribunadapraia.com.br\/?p=5265","title":{"rendered":"ALUNOS DE ITAPORANGA PARTICIPAM DE SESS\u00c3O DE CINEMA EM ARACAJU"},"content":{"rendered":"<p>Promovendo um dia voltado \u00e0 interatividade e divers\u00e3o, a Prefeitura de Itaporanga d\u00b4Ajuda, em parceria com a produtora sergipana AVBR Produ\u00e7\u00f5es, levou dezenas de crian\u00e7as das escolas municipais Jos\u00e9 Sobral Garcez e Jo\u00e3o Batista Sobral para assistirem ao filme \u201cMeu Amigo Storm\u201d, no Cine Vit\u00f3ria, em Aracaju.<\/p>\n<p>O filme retrata a vida de um garoto de 12 anos que vive com o pai mas se sente sempre sozinho. Um dia, ele encontra um cachorro sendo maltratado e decide lev\u00e1-lo para casa, construindo assim uma grande hist\u00f3ria de amizade com o c\u00e3o. Ap\u00f3s a exibi\u00e7\u00e3o, os estudantes interagiram e trocaram experi\u00eancias sobre os ensinamentos ganhos com o filme.<\/p>\n<p>Para o secret\u00e1rio de Educa\u00e7\u00e3o, Ronaldo Oliveira, os momentos de lazer proporcionados pela prefeitura aos alunos t\u00eam os estimulado nos estudos. \u201c\u00c9 gratificante ver o brilho nos olhos de nossos estudantes ao participar de atividades como essa. A\u00e7\u00f5es desse tipo contribuem para a diminui\u00e7\u00e3o da evas\u00e3o escolar\u201d, ressaltou.<\/p>\n<p>A parceria da prefeitura com a AVBR Produ\u00e7\u00f5es come\u00e7ou em 2019, sendo interrompida durante a pandemia e retomada neste ano.<\/p>\n<ul>\n<li><span style=\"color: #ff6600;\">Com informa\u00e7\u00f5es do site Adoro Cinema<\/span><\/li>\n<\/ul>\n","protected":false},"excerpt":{"rendered":"<p>Promovendo um dia voltado \u00e0 interatividade e divers\u00e3o, a Prefeitura de Itaporanga d\u00b4Ajuda, em parceria com a produtora sergipana AVBR Produ\u00e7\u00f5es, levou dezenas de crian\u00e7as das escolas municipais Jos\u00e9 Sobral Garcez e Jo\u00e3o Batista Sobral para assistirem ao filme \u201cMeu Amigo Storm\u201d, no Cine Vit\u00f3ria, em Aracaju. O filme retrata a vida de um garoto de 12 anos que vive com o pai mas se sente sempre sozinho. Um dia,<\/p>\n","protected":false},"author":1,"featured_media":5266,"comment_status":"open","ping_status":"open","sticky":false,"template":"","format":"standard","meta":[],"categories":[18],"tags":[],"yoast_head":"<!-- This site is optimized with the Yoast SEO plugin v16.3 - https:\/\/yoast.com\/wordpress\/plugins\/seo\/ -->\n<title>ALUNOS DE ITAPORANGA PARTICIPAM DE SESS\u00c3O DE CINEMA EM ARACAJU - TRIBUNA DA PRAIA<\/title>\n<meta name=\"robots\" content=\"index, follow, max-snippet:-1, max-image-preview:large, max-video-preview:-1\" \/>\n<link rel=\"canonical\" href=\"https:\/\/tribunadapraia.com.br\/?p=5265\" \/>\n<meta property=\"og:locale\" content=\"pt_BR\" \/>\n<meta property=\"og:type\" content=\"article\" \/>\n<meta property=\"og:title\" content=\"ALUNOS DE ITAPORANGA PARTICIPAM DE SESS\u00c3O DE CINEMA EM ARACAJU - TRIBUNA DA PRAIA\" \/>\n<meta property=\"og:description\" content=\"Promovendo um dia voltado \u00e0 interatividade e divers\u00e3o, a Prefeitura de Itaporanga d\u00b4Ajuda, em parceria com a produtora sergipana AVBR Produ\u00e7\u00f5es, levou dezenas de crian\u00e7as das escolas municipais Jos\u00e9 Sobral Garcez e Jo\u00e3o Batista Sobral para assistirem ao filme \u201cMeu Amigo Storm\u201d, no Cine Vit\u00f3ria, em Aracaju. O filme retrata a vida de um garoto de 12 anos que vive com o pai mas se sente sempre sozinho. Um dia,\" \/>\n<meta property=\"og:url\" content=\"https:\/\/tribunadapraia.com.br\/?p=5265\" \/>\n<meta property=\"og:site_name\" content=\"TRIBUNA DA PRAIA\" \/>\n<meta property=\"article:publisher\" content=\"https:\/\/www.facebook.com\/tribunadapraiaonline\/\" \/>\n<meta property=\"article:published_time\" content=\"2022-10-28T12:51:15+00:00\" \/>\n<meta property=\"article:modified_time\" content=\"2022-10-28T12:51:56+00:00\" \/>\n<meta property=\"og:image\" content=\"https:\/\/tribunadapraia.com.br\/wp-content\/uploads\/2022\/10\/IMG-20221027-WA0070.jpg\" \/>\n\t<meta property=\"og:image:width\" content=\"750\" \/>\n\t<meta property=\"og:image:height\" content=\"494\" \/>\n<meta name=\"twitter:card\" content=\"summary_large_image\" \/>\n<meta name=\"twitter:creator\" content=\"@Claudomir21\" \/>\n<meta name=\"twitter:site\" content=\"@Claudomir21\" \/>\n<meta name=\"twitter:label1\" content=\"Est. tempo de leitura\">\n\t<meta name=\"twitter:data1\" content=\"1 minuto\">\n<script type=\"application\/ld+json\" class=\"yoast-schema-graph\">{\"@context\":\"https:\/\/schema.org\",\"@graph\":[{\"@type\":\"Organization\",\"@id\":\"https:\/\/tribunadapraia.com.br\/#organization\",\"name\":\"Tribuna da Praia\",\"url\":\"https:\/\/tribunadapraia.com.br\/\",\"sameAs\":[\"https:\/\/www.facebook.com\/tribunadapraiaonline\/\",\"https:\/\/www.instagram.com\/claudomirtavares\/\",\"https:\/\/www.youtube.com\/channel\/UCwQf80nxiMzCefAyjbp53Rw\",\"https:\/\/twitter.com\/Claudomir21\"],\"logo\":{\"@type\":\"ImageObject\",\"@id\":\"https:\/\/tribunadapraia.com.br\/#logo\",\"inLanguage\":\"pt-BR\",\"url\":\"https:\/\/tribunadapraia.com.br\/wp-content\/uploads\/2020\/02\/logo.png\",\"contentUrl\":\"https:\/\/tribunadapraia.com.br\/wp-content\/uploads\/2020\/02\/logo.png\",\"width\":501,\"height\":121,\"caption\":\"Tribuna da Praia\"},\"image\":{\"@id\":\"https:\/\/tribunadapraia.com.br\/#logo\"}},{\"@type\":\"WebSite\",\"@id\":\"https:\/\/tribunadapraia.com.br\/#website\",\"url\":\"https:\/\/tribunadapraia.com.br\/\",\"name\":\"TRIBUNA DA PRAIA\",\"description\":\"O 1\\u00ba jornal do interior de Sergipe na internet\",\"publisher\":{\"@id\":\"https:\/\/tribunadapraia.com.br\/#organization\"},\"potentialAction\":[{\"@type\":\"SearchAction\",\"target\":\"https:\/\/tribunadapraia.com.br\/?s={search_term_string}\",\"query-input\":\"required name=search_term_string\"}],\"inLanguage\":\"pt-BR\"},{\"@type\":\"ImageObject\",\"@id\":\"https:\/\/tribunadapraia.com.br\/?p=5265#primaryimage\",\"inLanguage\":\"pt-BR\",\"url\":\"https:\/\/tribunadapraia.com.br\/wp-content\/uploads\/2022\/10\/IMG-20221027-WA0070.jpg\",\"contentUrl\":\"https:\/\/tribunadapraia.com.br\/wp-content\/uploads\/2022\/10\/IMG-20221027-WA0070.jpg\",\"width\":750,\"height\":494},{\"@type\":\"WebPage\",\"@id\":\"https:\/\/tribunadapraia.com.br\/?p=5265#webpage\",\"url\":\"https:\/\/tribunadapraia.com.br\/?p=5265\",\"name\":\"ALUNOS DE ITAPORANGA PARTICIPAM DE SESS\\u00c3O DE CINEMA EM ARACAJU - TRIBUNA DA PRAIA\",\"isPartOf\":{\"@id\":\"https:\/\/tribunadapraia.com.br\/#website\"},\"primaryImageOfPage\":{\"@id\":\"https:\/\/tribunadapraia.com.br\/?p=5265#primaryimage\"},\"datePublished\":\"2022-10-28T12:51:15+00:00\",\"dateModified\":\"2022-10-28T12:51:56+00:00\",\"breadcrumb\":{\"@id\":\"https:\/\/tribunadapraia.com.br\/?p=5265#breadcrumb\"},\"inLanguage\":\"pt-BR\",\"potentialAction\":[{\"@type\":\"ReadAction\",\"target\":[\"https:\/\/tribunadapraia.com.br\/?p=5265\"]}]},{\"@type\":\"BreadcrumbList\",\"@id\":\"https:\/\/tribunadapraia.com.br\/?p=5265#breadcrumb\",\"itemListElement\":[{\"@type\":\"ListItem\",\"position\":1,\"item\":{\"@type\":\"WebPage\",\"@id\":\"https:\/\/tribunadapraia.com.br\/\",\"url\":\"https:\/\/tribunadapraia.com.br\/\",\"name\":\"In\\u00edcio\"}},{\"@type\":\"ListItem\",\"position\":2,\"item\":{\"@id\":\"https:\/\/tribunadapraia.com.br\/?p=5265#webpage\"}}]},{\"@type\":\"Article\",\"@id\":\"https:\/\/tribunadapraia.com.br\/?p=5265#article\",\"isPartOf\":{\"@id\":\"https:\/\/tribunadapraia.com.br\/?p=5265#webpage\"},\"author\":{\"@id\":\"https:\/\/tribunadapraia.com.br\/#\/schema\/person\/326b0a9f3163b479142c64eba4928de0\"},\"headline\":\"ALUNOS DE ITAPORANGA PARTICIPAM DE SESS\\u00c3O DE CINEMA EM ARACAJU\",\"datePublished\":\"2022-10-28T12:51:15+00:00\",\"dateModified\":\"2022-10-28T12:51:56+00:00\",\"mainEntityOfPage\":{\"@id\":\"https:\/\/tribunadapraia.com.br\/?p=5265#webpage\"},\"wordCount\":209,\"commentCount\":0,\"publisher\":{\"@id\":\"https:\/\/tribunadapraia.com.br\/#organization\"},\"image\":{\"@id\":\"https:\/\/tribunadapraia.com.br\/?p=5265#primaryimage\"},\"thumbnailUrl\":\"https:\/\/tribunadapraia.com.br\/wp-content\/uploads\/2022\/10\/IMG-20221027-WA0070.jpg\",\"articleSection\":[\"Not\\u00edcias\"],\"inLanguage\":\"pt-BR\",\"potentialAction\":[{\"@type\":\"CommentAction\",\"name\":\"Comment\",\"target\":[\"https:\/\/tribunadapraia.com.br\/?p=5265#respond\"]}]},{\"@type\":\"Person\",\"@id\":\"https:\/\/tribunadapraia.com.br\/#\/schema\/person\/326b0a9f3163b479142c64eba4928de0\",\"name\":\"tribunadapraia\",\"image\":{\"@type\":\"ImageObject\",\"@id\":\"https:\/\/tribunadapraia.com.br\/#personlogo\",\"inLanguage\":\"pt-BR\",\"url\":\"https:\/\/secure.gravatar.com\/avatar\/38b019c74762496076b7355024a0dad9?s=96&d=identicon&r=g\",\"contentUrl\":\"https:\/\/secure.gravatar.com\/avatar\/38b019c74762496076b7355024a0dad9?s=96&d=identicon&r=g\",\"caption\":\"tribunadapraia\"}}]}<\/script>\n<!-- \/ Yoast SEO plugin. -->","wps_subtitle":"","_links":{"self":[{"href":"https:\/\/tribunadapraia.com.br\/index.php?rest_route=\/wp\/v2\/posts\/5265"}],"collection":[{"href":"https:\/\/tribunadapraia.com.br\/index.php?rest_route=\/wp\/v2\/posts"}],"about":[{"href":"https:\/\/tribunadapraia.com.br\/index.php?rest_route=\/wp\/v2\/types\/post"}],"author":[{"embeddable":true,"href":"https:\/\/tribunadapraia.com.br\/index.php?rest_route=\/wp\/v2\/users\/1"}],"replies":[{"embeddable":true,"href":"https:\/\/tribunadapraia.com.br\/index.php?rest_route=%2Fwp%2Fv2%2Fcomments&post=5265"}],"version-history":[{"count":1,"href":"https:\/\/tribunadapraia.com.br\/index.php?rest_route=\/wp\/v2\/posts\/5265\/revisions"}],"predecessor-version":[{"id":5267,"href":"https:\/\/tribunadapraia.com.br\/index.php?rest_route=\/wp\/v2\/posts\/5265\/revisions\/5267"}],"wp:featuredmedia":[{"embeddable":true,"href":"https:\/\/tribunadapraia.com.br\/index.php?rest_route=\/wp\/v2\/media\/5266"}],"wp:attachment":[{"href":"https:\/\/tribunadapraia.com.br\/index.php?rest_route=%2Fwp%2Fv2%2Fmedia&parent=5265"}],"wp:term":[{"taxonomy":"category","embeddable":true,"href":"https:\/\/tribunadapraia.com.br\/index.php?rest_route=%2Fwp%2Fv2%2Fcategories&post=5265"},{"taxonomy":"post_tag","embeddable":true,"href":"https:\/\/tribunadapraia.com.br\/index.php?rest_route=%2Fwp%2Fv2%2Ftags&post=5265"}],"curies":[{"name":"wp","href":"https:\/\/api.w.org\/{rel}","templated":true}]}}