{"id":5260,"date":"2022-10-28T09:33:19","date_gmt":"2022-10-28T12:33:19","guid":{"rendered":"https:\/\/tribunadapraia.com.br\/?p=5260"},"modified":"2022-10-28T09:35:38","modified_gmt":"2022-10-28T12:35:38","slug":"com-mais-de-278-mil-novos-empregos-gerados-em-setembro-brasil-bate-mais-um-recorde-no-estoque-formal-de-trabalho","status":"publish","type":"post","link":"https:\/\/tribunadapraia.com.br\/?p=5260","title":{"rendered":"Com mais de 278 mil novos empregos gerados em setembro, Brasil bate mais um recorde no estoque formal de trabalho"},"content":{"rendered":"<p><span style=\"color: #ff6600;\"><em>Pa\u00eds conta atualmente com mais de 42,8 milh\u00f5es de empregos formais. Apenas entre janeiro e setembro, mais de 2,14 milh\u00f5es de novas vagas foram criadas<\/em><\/span><\/p>\n<p>O Brasil segue em curva ascendente na gera\u00e7\u00e3o de empregos, conquistando recordes sucessivos na abertura de novos postos formais de trabalho. Segundo dados divulgados nesta quarta-feira (26) pelo Novo Caged, o Cadastro Geral de Empregados e Desempregados, o emprego celetista no Brasil apresentou crescimento em setembro, tendo registrado saldo positivo de 278.085 novos postos formais de trabalho.<\/p>\n<p>Todos os cinco grandes grupamentos de atividades econ\u00f4micas \u2013 servi\u00e7os, ind\u00fastria, com\u00e9rcio, constru\u00e7\u00e3o civil e agropecu\u00e1ria \u2013 tiveram saldos positivos em setembro. O maior crescimento do emprego formal ocorreu no setor de servi\u00e7os, com a gera\u00e7\u00e3o de mais 122.562 postos de trabalho. O segundo maior crescimento ocorreu no setor do com\u00e9rcio (57.974), seguido da ind\u00fastria (56.909), constru\u00e7\u00e3o civil (31.166) e agropecu\u00e1ria (9.474).<\/p>\n<p>Com isso, estoque de trabalhadores do Novo Caged alcan\u00e7ou novo recorde hist\u00f3rico, com mais de 42,8 milh\u00f5es empregos formais (42.825.955). Apenas neste ano, entre janeiro e setembro, o Brasil gerou mais de 2,14 milh\u00f5es de novas vagas (2.147.600). Nos \u00faltimos 12 meses, entre outubro de 2021 e setembro de 2022, registrou-se um saldo positivo de mais de 2,4 milh\u00f5es de postos formais (2.420.916).<\/p>\n<p>Criado como registro permanente de admiss\u00f5es e dispensa de empregados sob o regime da Consolida\u00e7\u00e3o das Leis do Trabalho (CLT), o Caged serve como base para a elabora\u00e7\u00e3o de estudos, pesquisas, projetos e programas ligados ao mercado de trabalho e, desta forma, subsidia a tomada de decis\u00f5es para a\u00e7\u00f5es governamentais.<\/p>\n<p>De julho de 2020 a setembro de 2022, per\u00edodo considerado como o de retomada do emprego formal, o pa\u00eds registrou um saldo de positivo de mais de 6,13 milh\u00f5es de postos (6.131.865).<\/p>\n<p>\u25a0 Estados<\/p>\n<p>Outro dado importante e que comprova que o mercado de trabalho vem se fortalecendo em todo pa\u00eds \u00e9 que, em setembro, todas as 27 Unidades da Federa\u00e7\u00e3o registraram saldo positivo na gera\u00e7\u00e3o de emprego.<\/p>\n<p>S\u00e3o Paulo foi o estado que mais criou vagas formais em setembro, com 61.167 novos postos. O destaque ficou por conta das vagas geradas no setor de servi\u00e7os (33.600) e com\u00e9rcio (12.854).<\/p>\n<p>O segundo estado que mais gerou empregos com carteira assinada foi Minas Gerais, com 23.723 postos, com destaque para os servi\u00e7os (16.479) e o com\u00e9rcio (5.624). Na sequ\u00eancia aparece Pernambuco, com 20.528 novos, sendo que a ind\u00fastria de fabrica\u00e7\u00e3o de \u00e1lcool e a\u00e7\u00facar (6.887) e os servi\u00e7os (4.317) foram os grandes destaques na gera\u00e7\u00e3o de novos empregos no estado nordestino.<\/p>\n<p>Ao todo, dez estados fecharam o m\u00eas de setembro tendo gerado mais de dez mil novos postos de trabalho. Al\u00e9m de S\u00e3o Paulo, Minas Gerais e Pernambuco, completam a lista: Bahia (15.645), Alagoas (15.625), Rio de Janeiro (15.382), Santa Catarina (15.005), Paran\u00e1 (12.920), Cear\u00e1 (12.078) e Rio Grande do Sul (10.254).<\/p>\n<p>\u25a0 Regi\u00f5es<\/p>\n<p>A Regi\u00e3o Sudeste foi a que mais gerou empregos no m\u00eas de setembro, com a abertura de 108.219 postos. Na sequ\u00eancia, aparecem o Nordeste (86.658), Sul (38.179), Centro-Oeste (25.458) e Norte (19.400). Vale lembrar que o balan\u00e7o final de setembro inclui tamb\u00e9m 171 novos empregos listados pelo Novo Caged como \u201cn\u00e3o identificado\u201d.<\/p>\n<ul>\n<li><span style=\"color: #ff6600;\">Por Secretaria Especial de Comunica\u00e7\u00e3o Social do Governo Federal<\/span><\/li>\n<\/ul>\n","protected":false},"excerpt":{"rendered":"<p>Pa\u00eds conta atualmente com mais de 42,8 milh\u00f5es de empregos formais. Apenas entre janeiro e setembro, mais de 2,14 milh\u00f5es de novas vagas foram criadas O Brasil segue em curva ascendente na gera\u00e7\u00e3o de empregos, conquistando recordes sucessivos na abertura de novos postos formais de trabalho. Segundo dados divulgados nesta quarta-feira (26) pelo Novo Caged, o Cadastro Geral de Empregados e Desempregados, o emprego celetista no Brasil apresentou crescimento em<\/p>\n","protected":false},"author":1,"featured_media":5264,"comment_status":"open","ping_status":"open","sticky":false,"template":"","format":"standard","meta":[],"categories":[18],"tags":[],"yoast_head":"<!-- This site is optimized with the Yoast SEO plugin v16.3 - https:\/\/yoast.com\/wordpress\/plugins\/seo\/ -->\n<title>Com mais de 278 mil novos empregos gerados em setembro, Brasil bate mais um recorde no estoque formal de trabalho - TRIBUNA DA PRAIA<\/title>\n<meta name=\"robots\" content=\"index, follow, max-snippet:-1, max-image-preview:large, max-video-preview:-1\" \/>\n<link rel=\"canonical\" href=\"https:\/\/tribunadapraia.com.br\/?p=5260\" \/>\n<meta property=\"og:locale\" content=\"pt_BR\" \/>\n<meta property=\"og:type\" content=\"article\" \/>\n<meta property=\"og:title\" content=\"Com mais de 278 mil novos empregos gerados em setembro, Brasil bate mais um recorde no estoque formal de trabalho - TRIBUNA DA PRAIA\" \/>\n<meta property=\"og:description\" content=\"Pa\u00eds conta atualmente com mais de 42,8 milh\u00f5es de empregos formais. Apenas entre janeiro e setembro, mais de 2,14 milh\u00f5es de novas vagas foram criadas O Brasil segue em curva ascendente na gera\u00e7\u00e3o de empregos, conquistando recordes sucessivos na abertura de novos postos formais de trabalho. Segundo dados divulgados nesta quarta-feira (26) pelo Novo Caged, o Cadastro Geral de Empregados e Desempregados, o emprego celetista no Brasil apresentou crescimento em\" \/>\n<meta property=\"og:url\" content=\"https:\/\/tribunadapraia.com.br\/?p=5260\" \/>\n<meta property=\"og:site_name\" content=\"TRIBUNA DA PRAIA\" \/>\n<meta property=\"article:publisher\" content=\"https:\/\/www.facebook.com\/tribunadapraiaonline\/\" \/>\n<meta property=\"article:published_time\" content=\"2022-10-28T12:33:19+00:00\" \/>\n<meta property=\"article:modified_time\" content=\"2022-10-28T12:35:38+00:00\" \/>\n<meta property=\"og:image\" content=\"https:\/\/tribunadapraia.com.br\/wp-content\/uploads\/2022\/10\/Imagem_Infografico-Nacional.jpeg\" \/>\n\t<meta property=\"og:image:width\" content=\"1024\" \/>\n\t<meta property=\"og:image:height\" content=\"733\" \/>\n<meta name=\"twitter:card\" content=\"summary_large_image\" \/>\n<meta name=\"twitter:creator\" content=\"@Claudomir21\" \/>\n<meta name=\"twitter:site\" content=\"@Claudomir21\" \/>\n<meta name=\"twitter:label1\" content=\"Est. tempo de leitura\">\n\t<meta name=\"twitter:data1\" content=\"3 minutos\">\n<script type=\"application\/ld+json\" class=\"yoast-schema-graph\">{\"@context\":\"https:\/\/schema.org\",\"@graph\":[{\"@type\":\"Organization\",\"@id\":\"https:\/\/tribunadapraia.com.br\/#organization\",\"name\":\"Tribuna da Praia\",\"url\":\"https:\/\/tribunadapraia.com.br\/\",\"sameAs\":[\"https:\/\/www.facebook.com\/tribunadapraiaonline\/\",\"https:\/\/www.instagram.com\/claudomirtavares\/\",\"https:\/\/www.youtube.com\/channel\/UCwQf80nxiMzCefAyjbp53Rw\",\"https:\/\/twitter.com\/Claudomir21\"],\"logo\":{\"@type\":\"ImageObject\",\"@id\":\"https:\/\/tribunadapraia.com.br\/#logo\",\"inLanguage\":\"pt-BR\",\"url\":\"https:\/\/tribunadapraia.com.br\/wp-content\/uploads\/2020\/02\/logo.png\",\"contentUrl\":\"https:\/\/tribunadapraia.com.br\/wp-content\/uploads\/2020\/02\/logo.png\",\"width\":501,\"height\":121,\"caption\":\"Tribuna da Praia\"},\"image\":{\"@id\":\"https:\/\/tribunadapraia.com.br\/#logo\"}},{\"@type\":\"WebSite\",\"@id\":\"https:\/\/tribunadapraia.com.br\/#website\",\"url\":\"https:\/\/tribunadapraia.com.br\/\",\"name\":\"TRIBUNA DA PRAIA\",\"description\":\"O 1\\u00ba jornal do interior de Sergipe na internet\",\"publisher\":{\"@id\":\"https:\/\/tribunadapraia.com.br\/#organization\"},\"potentialAction\":[{\"@type\":\"SearchAction\",\"target\":\"https:\/\/tribunadapraia.com.br\/?s={search_term_string}\",\"query-input\":\"required name=search_term_string\"}],\"inLanguage\":\"pt-BR\"},{\"@type\":\"ImageObject\",\"@id\":\"https:\/\/tribunadapraia.com.br\/?p=5260#primaryimage\",\"inLanguage\":\"pt-BR\",\"url\":\"https:\/\/tribunadapraia.com.br\/wp-content\/uploads\/2022\/10\/Imagem_Infografico-Nacional.jpeg\",\"contentUrl\":\"https:\/\/tribunadapraia.com.br\/wp-content\/uploads\/2022\/10\/Imagem_Infografico-Nacional.jpeg\",\"width\":1024,\"height\":733},{\"@type\":\"WebPage\",\"@id\":\"https:\/\/tribunadapraia.com.br\/?p=5260#webpage\",\"url\":\"https:\/\/tribunadapraia.com.br\/?p=5260\",\"name\":\"Com mais de 278 mil novos empregos gerados em setembro, Brasil bate mais um recorde no estoque formal de trabalho - TRIBUNA DA PRAIA\",\"isPartOf\":{\"@id\":\"https:\/\/tribunadapraia.com.br\/#website\"},\"primaryImageOfPage\":{\"@id\":\"https:\/\/tribunadapraia.com.br\/?p=5260#primaryimage\"},\"datePublished\":\"2022-10-28T12:33:19+00:00\",\"dateModified\":\"2022-10-28T12:35:38+00:00\",\"breadcrumb\":{\"@id\":\"https:\/\/tribunadapraia.com.br\/?p=5260#breadcrumb\"},\"inLanguage\":\"pt-BR\",\"potentialAction\":[{\"@type\":\"ReadAction\",\"target\":[\"https:\/\/tribunadapraia.com.br\/?p=5260\"]}]},{\"@type\":\"BreadcrumbList\",\"@id\":\"https:\/\/tribunadapraia.com.br\/?p=5260#breadcrumb\",\"itemListElement\":[{\"@type\":\"ListItem\",\"position\":1,\"item\":{\"@type\":\"WebPage\",\"@id\":\"https:\/\/tribunadapraia.com.br\/\",\"url\":\"https:\/\/tribunadapraia.com.br\/\",\"name\":\"In\\u00edcio\"}},{\"@type\":\"ListItem\",\"position\":2,\"item\":{\"@id\":\"https:\/\/tribunadapraia.com.br\/?p=5260#webpage\"}}]},{\"@type\":\"Article\",\"@id\":\"https:\/\/tribunadapraia.com.br\/?p=5260#article\",\"isPartOf\":{\"@id\":\"https:\/\/tribunadapraia.com.br\/?p=5260#webpage\"},\"author\":{\"@id\":\"https:\/\/tribunadapraia.com.br\/#\/schema\/person\/326b0a9f3163b479142c64eba4928de0\"},\"headline\":\"Com mais de 278 mil novos empregos gerados em setembro, Brasil bate mais um recorde no estoque formal de trabalho\",\"datePublished\":\"2022-10-28T12:33:19+00:00\",\"dateModified\":\"2022-10-28T12:35:38+00:00\",\"mainEntityOfPage\":{\"@id\":\"https:\/\/tribunadapraia.com.br\/?p=5260#webpage\"},\"wordCount\":554,\"commentCount\":0,\"publisher\":{\"@id\":\"https:\/\/tribunadapraia.com.br\/#organization\"},\"image\":{\"@id\":\"https:\/\/tribunadapraia.com.br\/?p=5260#primaryimage\"},\"thumbnailUrl\":\"https:\/\/tribunadapraia.com.br\/wp-content\/uploads\/2022\/10\/Imagem_Infografico-Nacional.jpeg\",\"articleSection\":[\"Not\\u00edcias\"],\"inLanguage\":\"pt-BR\",\"potentialAction\":[{\"@type\":\"CommentAction\",\"name\":\"Comment\",\"target\":[\"https:\/\/tribunadapraia.com.br\/?p=5260#respond\"]}]},{\"@type\":\"Person\",\"@id\":\"https:\/\/tribunadapraia.com.br\/#\/schema\/person\/326b0a9f3163b479142c64eba4928de0\",\"name\":\"tribunadapraia\",\"image\":{\"@type\":\"ImageObject\",\"@id\":\"https:\/\/tribunadapraia.com.br\/#personlogo\",\"inLanguage\":\"pt-BR\",\"url\":\"https:\/\/secure.gravatar.com\/avatar\/38b019c74762496076b7355024a0dad9?s=96&d=identicon&r=g\",\"contentUrl\":\"https:\/\/secure.gravatar.com\/avatar\/38b019c74762496076b7355024a0dad9?s=96&d=identicon&r=g\",\"caption\":\"tribunadapraia\"}}]}<\/script>\n<!-- \/ Yoast SEO plugin. -->","wps_subtitle":"","_links":{"self":[{"href":"https:\/\/tribunadapraia.com.br\/index.php?rest_route=\/wp\/v2\/posts\/5260"}],"collection":[{"href":"https:\/\/tribunadapraia.com.br\/index.php?rest_route=\/wp\/v2\/posts"}],"about":[{"href":"https:\/\/tribunadapraia.com.br\/index.php?rest_route=\/wp\/v2\/types\/post"}],"author":[{"embeddable":true,"href":"https:\/\/tribunadapraia.com.br\/index.php?rest_route=\/wp\/v2\/users\/1"}],"replies":[{"embeddable":true,"href":"https:\/\/tribunadapraia.com.br\/index.php?rest_route=%2Fwp%2Fv2%2Fcomments&post=5260"}],"version-history":[{"count":1,"href":"https:\/\/tribunadapraia.com.br\/index.php?rest_route=\/wp\/v2\/posts\/5260\/revisions"}],"predecessor-version":[{"id":5263,"href":"https:\/\/tribunadapraia.com.br\/index.php?rest_route=\/wp\/v2\/posts\/5260\/revisions\/5263"}],"wp:featuredmedia":[{"embeddable":true,"href":"https:\/\/tribunadapraia.com.br\/index.php?rest_route=\/wp\/v2\/media\/5264"}],"wp:attachment":[{"href":"https:\/\/tribunadapraia.com.br\/index.php?rest_route=%2Fwp%2Fv2%2Fmedia&parent=5260"}],"wp:term":[{"taxonomy":"category","embeddable":true,"href":"https:\/\/tribunadapraia.com.br\/index.php?rest_route=%2Fwp%2Fv2%2Fcategories&post=5260"},{"taxonomy":"post_tag","embeddable":true,"href":"https:\/\/tribunadapraia.com.br\/index.php?rest_route=%2Fwp%2Fv2%2Ftags&post=5260"}],"curies":[{"name":"wp","href":"https:\/\/api.w.org\/{rel}","templated":true}]}}