{"id":5253,"date":"2022-10-26T22:43:05","date_gmt":"2022-10-27T01:43:05","guid":{"rendered":"https:\/\/tribunadapraia.com.br\/?p=5253"},"modified":"2022-10-27T01:46:08","modified_gmt":"2022-10-27T04:46:08","slug":"outubro-rosa-sistema-unico-de-saude-sus-realiza-mais-de-132-mil-mamografias-em-sergipe-desde-2019","status":"publish","type":"post","link":"https:\/\/tribunadapraia.com.br\/?p=5253","title":{"rendered":"Outubro Rosa: Sistema \u00danico de Sa\u00fade (SUS) realiza mais de 132 mil mamografias em Sergipe desde 2019"},"content":{"rendered":"<p><em><span style=\"color: #ff6600;\">Investimento do Minist\u00e9rio da Sa\u00fade para amplia\u00e7\u00e3o dos exames preventivos no estado foi de R$ 4,7 milh\u00f5es nos \u00faltimos anos. Veja quais os servi\u00e7os oferecidos pelo SUS para combater e tratar a doen\u00e7a<\/span><\/em><\/p>\n<p>Somente entre 2019 e 2021, o Sistema \u00danico de Sa\u00fade (SUS) investiu R$ 4,7 milh\u00f5es para a realiza\u00e7\u00e3o de mamografias em Sergipe. Ao todo, de acordo com dados do Minist\u00e9rio da Sa\u00fade, 132.355 exames de rastreamento de c\u00e2ncer de mama foram realizados.<\/p>\n<p>Desse total, 61.035 foram em mulheres com idade entre 50 e 69 anos, faixa et\u00e1ria de mais risco para desenvolvimento da doen\u00e7a. O SUS tamb\u00e9m registrou um aumento de 81,9% nas mamografias entre 2020 e 2021.<\/p>\n<p>No Nordeste, foram realizadas mais 2,6 milh\u00f5es mamografias em todos os nove estados. A Bahia obteve o melhor resultado, com 873.820 exames. Na sequ\u00eancia, est\u00e3o os estados de Pernambuco (475.261), Cear\u00e1 (252.266) e Alagoas (243.113).<\/p>\n<p>A detec\u00e7\u00e3o precoce \u00e9 uma das estrat\u00e9gias de combate ao c\u00e2ncer de mama. Profissionais do Sistema \u00danico de Sa\u00fade s\u00e3o capacitados para reconhecer sinais e sintomas iniciais da doen\u00e7a de forma a garantir o encaminhamento r\u00e1pido aos servi\u00e7os de sa\u00fade na aten\u00e7\u00e3o prim\u00e1ria e na investiga\u00e7\u00e3o diagn\u00f3stica.<\/p>\n<p>Em outra frente, o rastreamento \u00e9 um procedimento dirigido \u00e0s mulheres na faixa et\u00e1ria em que h\u00e1 evid\u00eancia para a redu\u00e7\u00e3o da mortalidade por c\u00e2ncer de mama e em observ\u00e2ncia aos benef\u00edcios e danos \u00e0 sa\u00fade mais favor\u00e1veis. Os benef\u00edcios do rastreamento a cada dois anos com a mamografia em mulheres de 50 a 69 anos s\u00e3o o melhor progn\u00f3stico da doen\u00e7a, tendo o tratamento mais efetivo. \u00c9 importante ressaltar que o c\u00e2ncer de mama tamb\u00e9m atinge homens, representando 1% dos casos.<\/p>\n<p>De acordo com o Minist\u00e9rio da Sa\u00fade, a redu\u00e7\u00e3o da mortalidade por c\u00e2ncer de mama atribu\u00edda a mamografia de rastreamento, inicialmente estimada em torno de 30%, nos casos seguidos de estudos foi rebaixada, sendo estimada atualmente em 15%.<\/p>\n<p>O Sistema \u00danico de Sa\u00fade tamb\u00e9m oferece aten\u00e7\u00e3o integral \u00e0 preven\u00e7\u00e3o e ao tratamento do c\u00e2ncer de mama, recomendando a mamografia de rotina em mulheres sem sintomas ou sinais da doen\u00e7a entre a faixa et\u00e1ria de 50 a 69 anos, uma vez a cada dois anos. A orienta\u00e7\u00e3o sobre mudan\u00e7as habituais nas mamas em diferentes momentos do ciclo de vida e sinais suspeitos tamb\u00e9m s\u00e3o repassados aos pacientes do SUS.<\/p>\n<p>\u25a0 Sinais e sintomas<\/p>\n<p>O sintoma mais comum do c\u00e2ncer de mama \u00e9 o caro\u00e7o (n\u00f3dulo) no seio, estando presente em 90% dos casos da doen\u00e7a. Tamb\u00e9m \u00e9 poss\u00edvel aparecer sintomas como: pele da mama avermelhada, retra\u00edda ou com aspecto de casca de laranja; pequenos caro\u00e7os embaixo do bra\u00e7o ou no pesco\u00e7o; altera\u00e7\u00f5es no bico do peito; e sa\u00edda espont\u00e2nea de l\u00edquido de um dos mamilos. Com qualquer um desses sintomas, \u00e9 necess\u00e1rio consultar um profissional de sa\u00fade para an\u00e1lise.<\/p>\n<p>Segundo o Instituto Nacional do C\u00e2ncer (INCA), um a cada tr\u00eas casos de c\u00e2ncer pode ser curado se for descoberto logo no in\u00edcio. Desta forma, combater fatores de risco como sedentarismo, obesidade, consumo de bebida alco\u00f3lica e sobrepeso ap\u00f3s a menopausa \u00e9 essencial. Al\u00e9m disso, entre 5% e 10% dos casos est\u00e3o relacionados com causas heredit\u00e1rias ou gen\u00e9ticas.<\/p>\n<p>\u25a0 Nacional<\/p>\n<p>Em outubro, m\u00eas de conscientiza\u00e7\u00e3o contra o C\u00e2ncer de Mama, o Minist\u00e9rio da Sa\u00fade tamb\u00e9m ampliou o acesso \u00e0 cirurgia de reconstru\u00e7\u00e3o mam\u00e1ria em mulheres com diagn\u00f3stico de c\u00e2ncer de mama que foram submetidas a mastectomia pelo SUS. Os hospitais ser\u00e3o habilitados e classificados de acordo com crit\u00e9rios t\u00e9cnicos. O recurso destinado \u00e9 previsto em R$ 100 milh\u00f5es.<\/p>\n<p>Os recursos para preven\u00e7\u00e3o ao c\u00e2ncer de mama por meio SUS chegaram a mais de R$ 421 milh\u00f5es em todo o pa\u00eds. J\u00e1 o n\u00famero de mamografias realizadas, foi de 11 milh\u00f5es 484 mil, sendo 5 milh\u00f5es 980 mil em mulheres na faixa et\u00e1ria de 50 a 69 anos. Destacando um aumento de 36,1% na produ\u00e7\u00e3o de mamografia no ano de 2021, comparado ao ano de 2020.<\/p>\n<p>Como estrat\u00e9gia de fortalecimento das a\u00e7\u00f5es de combate precoce ao c\u00e2ncer de mama e colo de \u00fatero, durante a pandemia, o Minist\u00e9rio da Sa\u00fade publicou a portaria 3.712\/2020, que instituiu, de forma tempor\u00e1ria e excepcional, um incentivo financeiro federal de R$ 150 milh\u00f5es para o fortalecimento do acesso \u00e0s a\u00e7\u00f5es de tratamento, detec\u00e7\u00e3o, rastreamento e controle do c\u00e2ncer de mama e colo de \u00fatero no SUS.<\/p>\n<ul>\n<li><span style=\"color: #ff6600;\">Por Secretaria Especial de Comunica\u00e7\u00e3o Social do Governo Federal<\/span><\/li>\n<\/ul>\n","protected":false},"excerpt":{"rendered":"<p>Investimento do Minist\u00e9rio da Sa\u00fade para amplia\u00e7\u00e3o dos exames preventivos no estado foi de R$ 4,7 milh\u00f5es nos \u00faltimos anos. Veja quais os servi\u00e7os oferecidos pelo SUS para combater e tratar a doen\u00e7a Somente entre 2019 e 2021, o Sistema \u00danico de Sa\u00fade (SUS) investiu R$ 4,7 milh\u00f5es para a realiza\u00e7\u00e3o de mamografias em Sergipe. Ao todo, de acordo com dados do Minist\u00e9rio da Sa\u00fade, 132.355 exames de rastreamento de<\/p>\n","protected":false},"author":1,"featured_media":5255,"comment_status":"open","ping_status":"open","sticky":false,"template":"","format":"standard","meta":[],"categories":[18],"tags":[],"yoast_head":"<!-- This site is optimized with the Yoast SEO plugin v16.3 - https:\/\/yoast.com\/wordpress\/plugins\/seo\/ -->\n<title>Outubro Rosa: Sistema \u00danico de Sa\u00fade (SUS) realiza mais de 132 mil mamografias em Sergipe desde 2019 - TRIBUNA DA PRAIA<\/title>\n<meta name=\"robots\" content=\"index, follow, max-snippet:-1, max-image-preview:large, max-video-preview:-1\" \/>\n<link rel=\"canonical\" href=\"https:\/\/tribunadapraia.com.br\/?p=5253\" \/>\n<meta property=\"og:locale\" content=\"pt_BR\" \/>\n<meta property=\"og:type\" content=\"article\" \/>\n<meta property=\"og:title\" content=\"Outubro Rosa: Sistema \u00danico de Sa\u00fade (SUS) realiza mais de 132 mil mamografias em Sergipe desde 2019 - TRIBUNA DA PRAIA\" \/>\n<meta property=\"og:description\" content=\"Investimento do Minist\u00e9rio da Sa\u00fade para amplia\u00e7\u00e3o dos exames preventivos no estado foi de R$ 4,7 milh\u00f5es nos \u00faltimos anos. Veja quais os servi\u00e7os oferecidos pelo SUS para combater e tratar a doen\u00e7a Somente entre 2019 e 2021, o Sistema \u00danico de Sa\u00fade (SUS) investiu R$ 4,7 milh\u00f5es para a realiza\u00e7\u00e3o de mamografias em Sergipe. Ao todo, de acordo com dados do Minist\u00e9rio da Sa\u00fade, 132.355 exames de rastreamento de\" \/>\n<meta property=\"og:url\" content=\"https:\/\/tribunadapraia.com.br\/?p=5253\" \/>\n<meta property=\"og:site_name\" content=\"TRIBUNA DA PRAIA\" \/>\n<meta property=\"article:publisher\" content=\"https:\/\/www.facebook.com\/tribunadapraiaonline\/\" \/>\n<meta property=\"article:published_time\" content=\"2022-10-27T01:43:05+00:00\" \/>\n<meta property=\"article:modified_time\" content=\"2022-10-27T04:46:08+00:00\" \/>\n<meta property=\"og:image\" content=\"https:\/\/tribunadapraia.com.br\/wp-content\/uploads\/2022\/10\/Imagem_Outubro-Rosa.jpeg\" \/>\n\t<meta property=\"og:image:width\" content=\"1280\" \/>\n\t<meta property=\"og:image:height\" content=\"1014\" \/>\n<meta name=\"twitter:card\" content=\"summary_large_image\" \/>\n<meta name=\"twitter:creator\" content=\"@Claudomir21\" \/>\n<meta name=\"twitter:site\" content=\"@Claudomir21\" \/>\n<meta name=\"twitter:label1\" content=\"Est. tempo de leitura\">\n\t<meta name=\"twitter:data1\" content=\"4 minutos\">\n<script type=\"application\/ld+json\" class=\"yoast-schema-graph\">{\"@context\":\"https:\/\/schema.org\",\"@graph\":[{\"@type\":\"Organization\",\"@id\":\"https:\/\/tribunadapraia.com.br\/#organization\",\"name\":\"Tribuna da Praia\",\"url\":\"https:\/\/tribunadapraia.com.br\/\",\"sameAs\":[\"https:\/\/www.facebook.com\/tribunadapraiaonline\/\",\"https:\/\/www.instagram.com\/claudomirtavares\/\",\"https:\/\/www.youtube.com\/channel\/UCwQf80nxiMzCefAyjbp53Rw\",\"https:\/\/twitter.com\/Claudomir21\"],\"logo\":{\"@type\":\"ImageObject\",\"@id\":\"https:\/\/tribunadapraia.com.br\/#logo\",\"inLanguage\":\"pt-BR\",\"url\":\"https:\/\/tribunadapraia.com.br\/wp-content\/uploads\/2020\/02\/logo.png\",\"contentUrl\":\"https:\/\/tribunadapraia.com.br\/wp-content\/uploads\/2020\/02\/logo.png\",\"width\":501,\"height\":121,\"caption\":\"Tribuna da Praia\"},\"image\":{\"@id\":\"https:\/\/tribunadapraia.com.br\/#logo\"}},{\"@type\":\"WebSite\",\"@id\":\"https:\/\/tribunadapraia.com.br\/#website\",\"url\":\"https:\/\/tribunadapraia.com.br\/\",\"name\":\"TRIBUNA DA PRAIA\",\"description\":\"O 1\\u00ba jornal do interior de Sergipe na internet\",\"publisher\":{\"@id\":\"https:\/\/tribunadapraia.com.br\/#organization\"},\"potentialAction\":[{\"@type\":\"SearchAction\",\"target\":\"https:\/\/tribunadapraia.com.br\/?s={search_term_string}\",\"query-input\":\"required name=search_term_string\"}],\"inLanguage\":\"pt-BR\"},{\"@type\":\"ImageObject\",\"@id\":\"https:\/\/tribunadapraia.com.br\/?p=5253#primaryimage\",\"inLanguage\":\"pt-BR\",\"url\":\"https:\/\/tribunadapraia.com.br\/wp-content\/uploads\/2022\/10\/Imagem_Outubro-Rosa.jpeg\",\"contentUrl\":\"https:\/\/tribunadapraia.com.br\/wp-content\/uploads\/2022\/10\/Imagem_Outubro-Rosa.jpeg\",\"width\":1280,\"height\":1014},{\"@type\":\"WebPage\",\"@id\":\"https:\/\/tribunadapraia.com.br\/?p=5253#webpage\",\"url\":\"https:\/\/tribunadapraia.com.br\/?p=5253\",\"name\":\"Outubro Rosa: Sistema \\u00danico de Sa\\u00fade (SUS) realiza mais de 132 mil mamografias em Sergipe desde 2019 - TRIBUNA DA PRAIA\",\"isPartOf\":{\"@id\":\"https:\/\/tribunadapraia.com.br\/#website\"},\"primaryImageOfPage\":{\"@id\":\"https:\/\/tribunadapraia.com.br\/?p=5253#primaryimage\"},\"datePublished\":\"2022-10-27T01:43:05+00:00\",\"dateModified\":\"2022-10-27T04:46:08+00:00\",\"breadcrumb\":{\"@id\":\"https:\/\/tribunadapraia.com.br\/?p=5253#breadcrumb\"},\"inLanguage\":\"pt-BR\",\"potentialAction\":[{\"@type\":\"ReadAction\",\"target\":[\"https:\/\/tribunadapraia.com.br\/?p=5253\"]}]},{\"@type\":\"BreadcrumbList\",\"@id\":\"https:\/\/tribunadapraia.com.br\/?p=5253#breadcrumb\",\"itemListElement\":[{\"@type\":\"ListItem\",\"position\":1,\"item\":{\"@type\":\"WebPage\",\"@id\":\"https:\/\/tribunadapraia.com.br\/\",\"url\":\"https:\/\/tribunadapraia.com.br\/\",\"name\":\"In\\u00edcio\"}},{\"@type\":\"ListItem\",\"position\":2,\"item\":{\"@id\":\"https:\/\/tribunadapraia.com.br\/?p=5253#webpage\"}}]},{\"@type\":\"Article\",\"@id\":\"https:\/\/tribunadapraia.com.br\/?p=5253#article\",\"isPartOf\":{\"@id\":\"https:\/\/tribunadapraia.com.br\/?p=5253#webpage\"},\"author\":{\"@id\":\"https:\/\/tribunadapraia.com.br\/#\/schema\/person\/326b0a9f3163b479142c64eba4928de0\"},\"headline\":\"Outubro Rosa: Sistema \\u00danico de Sa\\u00fade (SUS) realiza mais de 132 mil mamografias em Sergipe desde 2019\",\"datePublished\":\"2022-10-27T01:43:05+00:00\",\"dateModified\":\"2022-10-27T04:46:08+00:00\",\"mainEntityOfPage\":{\"@id\":\"https:\/\/tribunadapraia.com.br\/?p=5253#webpage\"},\"wordCount\":809,\"commentCount\":0,\"publisher\":{\"@id\":\"https:\/\/tribunadapraia.com.br\/#organization\"},\"image\":{\"@id\":\"https:\/\/tribunadapraia.com.br\/?p=5253#primaryimage\"},\"thumbnailUrl\":\"https:\/\/tribunadapraia.com.br\/wp-content\/uploads\/2022\/10\/Imagem_Outubro-Rosa.jpeg\",\"articleSection\":[\"Not\\u00edcias\"],\"inLanguage\":\"pt-BR\",\"potentialAction\":[{\"@type\":\"CommentAction\",\"name\":\"Comment\",\"target\":[\"https:\/\/tribunadapraia.com.br\/?p=5253#respond\"]}]},{\"@type\":\"Person\",\"@id\":\"https:\/\/tribunadapraia.com.br\/#\/schema\/person\/326b0a9f3163b479142c64eba4928de0\",\"name\":\"tribunadapraia\",\"image\":{\"@type\":\"ImageObject\",\"@id\":\"https:\/\/tribunadapraia.com.br\/#personlogo\",\"inLanguage\":\"pt-BR\",\"url\":\"https:\/\/secure.gravatar.com\/avatar\/38b019c74762496076b7355024a0dad9?s=96&d=identicon&r=g\",\"contentUrl\":\"https:\/\/secure.gravatar.com\/avatar\/38b019c74762496076b7355024a0dad9?s=96&d=identicon&r=g\",\"caption\":\"tribunadapraia\"}}]}<\/script>\n<!-- \/ Yoast SEO plugin. -->","wps_subtitle":"","_links":{"self":[{"href":"https:\/\/tribunadapraia.com.br\/index.php?rest_route=\/wp\/v2\/posts\/5253"}],"collection":[{"href":"https:\/\/tribunadapraia.com.br\/index.php?rest_route=\/wp\/v2\/posts"}],"about":[{"href":"https:\/\/tribunadapraia.com.br\/index.php?rest_route=\/wp\/v2\/types\/post"}],"author":[{"embeddable":true,"href":"https:\/\/tribunadapraia.com.br\/index.php?rest_route=\/wp\/v2\/users\/1"}],"replies":[{"embeddable":true,"href":"https:\/\/tribunadapraia.com.br\/index.php?rest_route=%2Fwp%2Fv2%2Fcomments&post=5253"}],"version-history":[{"count":1,"href":"https:\/\/tribunadapraia.com.br\/index.php?rest_route=\/wp\/v2\/posts\/5253\/revisions"}],"predecessor-version":[{"id":5254,"href":"https:\/\/tribunadapraia.com.br\/index.php?rest_route=\/wp\/v2\/posts\/5253\/revisions\/5254"}],"wp:featuredmedia":[{"embeddable":true,"href":"https:\/\/tribunadapraia.com.br\/index.php?rest_route=\/wp\/v2\/media\/5255"}],"wp:attachment":[{"href":"https:\/\/tribunadapraia.com.br\/index.php?rest_route=%2Fwp%2Fv2%2Fmedia&parent=5253"}],"wp:term":[{"taxonomy":"category","embeddable":true,"href":"https:\/\/tribunadapraia.com.br\/index.php?rest_route=%2Fwp%2Fv2%2Fcategories&post=5253"},{"taxonomy":"post_tag","embeddable":true,"href":"https:\/\/tribunadapraia.com.br\/index.php?rest_route=%2Fwp%2Fv2%2Ftags&post=5253"}],"curies":[{"name":"wp","href":"https:\/\/api.w.org\/{rel}","templated":true}]}}