{"id":5247,"date":"2022-10-25T21:31:41","date_gmt":"2022-10-26T00:31:41","guid":{"rendered":"https:\/\/tribunadapraia.com.br\/?p=5247"},"modified":"2022-10-26T07:36:21","modified_gmt":"2022-10-26T10:36:21","slug":"pesquisa-atlas-rogerio-carvalho-confirma-lideranca-em-sergipe","status":"publish","type":"post","link":"https:\/\/tribunadapraia.com.br\/?p=5247","title":{"rendered":"Pesquisa Atlas: Rog\u00e9rio Carvalho confirma lideran\u00e7a em Sergipe"},"content":{"rendered":"<p><span style=\"color: #ff6600;\"><em>Candidato do PT aparece com 56,6% das inten\u00e7\u00f5es de votos v\u00e1lidos ante 43,4% de F\u00e1bio Mitidieri (PSD)<\/em><\/span><\/p>\n<p>O senador Rog\u00e9rio Carvalho (PT) aparece na lideran\u00e7a das inten\u00e7\u00f5es de votos no segundo turno para o governo de Sergipe. O dado \u00e9 da Pesquisa Atlas Intel, divulgada nesta ter\u00e7a-feira (25). De acordo com o levantamento, se a elei\u00e7\u00e3o fosse hoje, o petista teria 56,6% dos votos v\u00e1lidos. F\u00e1bio Mitidieri (PSD) aparece com 43,4%.<\/p>\n<p>Considerando os votos totais, Carvalho tem 47,6% e o candidato do PSD, 36,5%. Brancos e nulos somam 10,4%. N\u00e3o souberam responder a pesquisa, 5,6% dos entrevistados.<\/p>\n<ul>\n<li>As informa\u00e7\u00f5es s\u00e3o do portal Uultimo Segundo (<a href=\"https:\/\/ultimosegundo.ig.com.br\/politica\/2022-10-25\/rogerio-carvalho-pesquise-sergipe.html\">Leia mais<\/a>)<\/li>\n<\/ul>\n","protected":false},"excerpt":{"rendered":"<p>Candidato do PT aparece com 56,6% das inten\u00e7\u00f5es de votos v\u00e1lidos ante 43,4% de F\u00e1bio Mitidieri (PSD) O senador Rog\u00e9rio Carvalho (PT) aparece na lideran\u00e7a das inten\u00e7\u00f5es de votos no segundo turno para o governo de Sergipe. O dado \u00e9 da Pesquisa Atlas Intel, divulgada nesta ter\u00e7a-feira (25). De acordo com o levantamento, se a elei\u00e7\u00e3o fosse hoje, o petista teria 56,6% dos votos v\u00e1lidos. F\u00e1bio Mitidieri (PSD) aparece com<\/p>\n","protected":false},"author":1,"featured_media":5248,"comment_status":"open","ping_status":"open","sticky":false,"template":"","format":"standard","meta":[],"categories":[18],"tags":[],"yoast_head":"<!-- This site is optimized with the Yoast SEO plugin v16.3 - https:\/\/yoast.com\/wordpress\/plugins\/seo\/ -->\n<title>Pesquisa Atlas: Rog\u00e9rio Carvalho confirma lideran\u00e7a em Sergipe - TRIBUNA DA PRAIA<\/title>\n<meta name=\"robots\" content=\"index, follow, max-snippet:-1, max-image-preview:large, max-video-preview:-1\" \/>\n<link rel=\"canonical\" href=\"https:\/\/tribunadapraia.com.br\/?p=5247\" \/>\n<meta property=\"og:locale\" content=\"pt_BR\" \/>\n<meta property=\"og:type\" content=\"article\" \/>\n<meta property=\"og:title\" content=\"Pesquisa Atlas: Rog\u00e9rio Carvalho confirma lideran\u00e7a em Sergipe - TRIBUNA DA PRAIA\" \/>\n<meta property=\"og:description\" content=\"Candidato do PT aparece com 56,6% das inten\u00e7\u00f5es de votos v\u00e1lidos ante 43,4% de F\u00e1bio Mitidieri (PSD) O senador Rog\u00e9rio Carvalho (PT) aparece na lideran\u00e7a das inten\u00e7\u00f5es de votos no segundo turno para o governo de Sergipe. O dado \u00e9 da Pesquisa Atlas Intel, divulgada nesta ter\u00e7a-feira (25). De acordo com o levantamento, se a elei\u00e7\u00e3o fosse hoje, o petista teria 56,6% dos votos v\u00e1lidos. F\u00e1bio Mitidieri (PSD) aparece com\" \/>\n<meta property=\"og:url\" content=\"https:\/\/tribunadapraia.com.br\/?p=5247\" \/>\n<meta property=\"og:site_name\" content=\"TRIBUNA DA PRAIA\" \/>\n<meta property=\"article:publisher\" content=\"https:\/\/www.facebook.com\/tribunadapraiaonline\/\" \/>\n<meta property=\"article:published_time\" content=\"2022-10-26T00:31:41+00:00\" \/>\n<meta property=\"article:modified_time\" content=\"2022-10-26T10:36:21+00:00\" \/>\n<meta property=\"og:image\" content=\"https:\/\/tribunadapraia.com.br\/wp-content\/uploads\/2022\/10\/804fm6kajrounns3o6ujobyzh.jpg\" \/>\n\t<meta property=\"og:image:width\" content=\"906\" \/>\n\t<meta property=\"og:image:height\" content=\"509\" \/>\n<meta name=\"twitter:card\" content=\"summary_large_image\" \/>\n<meta name=\"twitter:creator\" content=\"@Claudomir21\" \/>\n<meta name=\"twitter:site\" content=\"@Claudomir21\" \/>\n<meta name=\"twitter:label1\" content=\"Est. tempo de leitura\">\n\t<meta name=\"twitter:data1\" content=\"1 minuto\">\n<script type=\"application\/ld+json\" class=\"yoast-schema-graph\">{\"@context\":\"https:\/\/schema.org\",\"@graph\":[{\"@type\":\"Organization\",\"@id\":\"https:\/\/tribunadapraia.com.br\/#organization\",\"name\":\"Tribuna da Praia\",\"url\":\"https:\/\/tribunadapraia.com.br\/\",\"sameAs\":[\"https:\/\/www.facebook.com\/tribunadapraiaonline\/\",\"https:\/\/www.instagram.com\/claudomirtavares\/\",\"https:\/\/www.youtube.com\/channel\/UCwQf80nxiMzCefAyjbp53Rw\",\"https:\/\/twitter.com\/Claudomir21\"],\"logo\":{\"@type\":\"ImageObject\",\"@id\":\"https:\/\/tribunadapraia.com.br\/#logo\",\"inLanguage\":\"pt-BR\",\"url\":\"https:\/\/tribunadapraia.com.br\/wp-content\/uploads\/2020\/02\/logo.png\",\"contentUrl\":\"https:\/\/tribunadapraia.com.br\/wp-content\/uploads\/2020\/02\/logo.png\",\"width\":501,\"height\":121,\"caption\":\"Tribuna da Praia\"},\"image\":{\"@id\":\"https:\/\/tribunadapraia.com.br\/#logo\"}},{\"@type\":\"WebSite\",\"@id\":\"https:\/\/tribunadapraia.com.br\/#website\",\"url\":\"https:\/\/tribunadapraia.com.br\/\",\"name\":\"TRIBUNA DA PRAIA\",\"description\":\"O 1\\u00ba jornal do interior de Sergipe na internet\",\"publisher\":{\"@id\":\"https:\/\/tribunadapraia.com.br\/#organization\"},\"potentialAction\":[{\"@type\":\"SearchAction\",\"target\":\"https:\/\/tribunadapraia.com.br\/?s={search_term_string}\",\"query-input\":\"required name=search_term_string\"}],\"inLanguage\":\"pt-BR\"},{\"@type\":\"ImageObject\",\"@id\":\"https:\/\/tribunadapraia.com.br\/?p=5247#primaryimage\",\"inLanguage\":\"pt-BR\",\"url\":\"https:\/\/tribunadapraia.com.br\/wp-content\/uploads\/2022\/10\/804fm6kajrounns3o6ujobyzh.jpg\",\"contentUrl\":\"https:\/\/tribunadapraia.com.br\/wp-content\/uploads\/2022\/10\/804fm6kajrounns3o6ujobyzh.jpg\",\"width\":906,\"height\":509},{\"@type\":\"WebPage\",\"@id\":\"https:\/\/tribunadapraia.com.br\/?p=5247#webpage\",\"url\":\"https:\/\/tribunadapraia.com.br\/?p=5247\",\"name\":\"Pesquisa Atlas: Rog\\u00e9rio Carvalho confirma lideran\\u00e7a em Sergipe - TRIBUNA DA PRAIA\",\"isPartOf\":{\"@id\":\"https:\/\/tribunadapraia.com.br\/#website\"},\"primaryImageOfPage\":{\"@id\":\"https:\/\/tribunadapraia.com.br\/?p=5247#primaryimage\"},\"datePublished\":\"2022-10-26T00:31:41+00:00\",\"dateModified\":\"2022-10-26T10:36:21+00:00\",\"breadcrumb\":{\"@id\":\"https:\/\/tribunadapraia.com.br\/?p=5247#breadcrumb\"},\"inLanguage\":\"pt-BR\",\"potentialAction\":[{\"@type\":\"ReadAction\",\"target\":[\"https:\/\/tribunadapraia.com.br\/?p=5247\"]}]},{\"@type\":\"BreadcrumbList\",\"@id\":\"https:\/\/tribunadapraia.com.br\/?p=5247#breadcrumb\",\"itemListElement\":[{\"@type\":\"ListItem\",\"position\":1,\"item\":{\"@type\":\"WebPage\",\"@id\":\"https:\/\/tribunadapraia.com.br\/\",\"url\":\"https:\/\/tribunadapraia.com.br\/\",\"name\":\"In\\u00edcio\"}},{\"@type\":\"ListItem\",\"position\":2,\"item\":{\"@id\":\"https:\/\/tribunadapraia.com.br\/?p=5247#webpage\"}}]},{\"@type\":\"Article\",\"@id\":\"https:\/\/tribunadapraia.com.br\/?p=5247#article\",\"isPartOf\":{\"@id\":\"https:\/\/tribunadapraia.com.br\/?p=5247#webpage\"},\"author\":{\"@id\":\"https:\/\/tribunadapraia.com.br\/#\/schema\/person\/326b0a9f3163b479142c64eba4928de0\"},\"headline\":\"Pesquisa Atlas: Rog\\u00e9rio Carvalho confirma lideran\\u00e7a em Sergipe\",\"datePublished\":\"2022-10-26T00:31:41+00:00\",\"dateModified\":\"2022-10-26T10:36:21+00:00\",\"mainEntityOfPage\":{\"@id\":\"https:\/\/tribunadapraia.com.br\/?p=5247#webpage\"},\"wordCount\":119,\"commentCount\":0,\"publisher\":{\"@id\":\"https:\/\/tribunadapraia.com.br\/#organization\"},\"image\":{\"@id\":\"https:\/\/tribunadapraia.com.br\/?p=5247#primaryimage\"},\"thumbnailUrl\":\"https:\/\/tribunadapraia.com.br\/wp-content\/uploads\/2022\/10\/804fm6kajrounns3o6ujobyzh.jpg\",\"articleSection\":[\"Not\\u00edcias\"],\"inLanguage\":\"pt-BR\",\"potentialAction\":[{\"@type\":\"CommentAction\",\"name\":\"Comment\",\"target\":[\"https:\/\/tribunadapraia.com.br\/?p=5247#respond\"]}]},{\"@type\":\"Person\",\"@id\":\"https:\/\/tribunadapraia.com.br\/#\/schema\/person\/326b0a9f3163b479142c64eba4928de0\",\"name\":\"tribunadapraia\",\"image\":{\"@type\":\"ImageObject\",\"@id\":\"https:\/\/tribunadapraia.com.br\/#personlogo\",\"inLanguage\":\"pt-BR\",\"url\":\"https:\/\/secure.gravatar.com\/avatar\/38b019c74762496076b7355024a0dad9?s=96&d=identicon&r=g\",\"contentUrl\":\"https:\/\/secure.gravatar.com\/avatar\/38b019c74762496076b7355024a0dad9?s=96&d=identicon&r=g\",\"caption\":\"tribunadapraia\"}}]}<\/script>\n<!-- \/ Yoast SEO plugin. -->","wps_subtitle":"","_links":{"self":[{"href":"https:\/\/tribunadapraia.com.br\/index.php?rest_route=\/wp\/v2\/posts\/5247"}],"collection":[{"href":"https:\/\/tribunadapraia.com.br\/index.php?rest_route=\/wp\/v2\/posts"}],"about":[{"href":"https:\/\/tribunadapraia.com.br\/index.php?rest_route=\/wp\/v2\/types\/post"}],"author":[{"embeddable":true,"href":"https:\/\/tribunadapraia.com.br\/index.php?rest_route=\/wp\/v2\/users\/1"}],"replies":[{"embeddable":true,"href":"https:\/\/tribunadapraia.com.br\/index.php?rest_route=%2Fwp%2Fv2%2Fcomments&post=5247"}],"version-history":[{"count":3,"href":"https:\/\/tribunadapraia.com.br\/index.php?rest_route=\/wp\/v2\/posts\/5247\/revisions"}],"predecessor-version":[{"id":5251,"href":"https:\/\/tribunadapraia.com.br\/index.php?rest_route=\/wp\/v2\/posts\/5247\/revisions\/5251"}],"wp:featuredmedia":[{"embeddable":true,"href":"https:\/\/tribunadapraia.com.br\/index.php?rest_route=\/wp\/v2\/media\/5248"}],"wp:attachment":[{"href":"https:\/\/tribunadapraia.com.br\/index.php?rest_route=%2Fwp%2Fv2%2Fmedia&parent=5247"}],"wp:term":[{"taxonomy":"category","embeddable":true,"href":"https:\/\/tribunadapraia.com.br\/index.php?rest_route=%2Fwp%2Fv2%2Fcategories&post=5247"},{"taxonomy":"post_tag","embeddable":true,"href":"https:\/\/tribunadapraia.com.br\/index.php?rest_route=%2Fwp%2Fv2%2Ftags&post=5247"}],"curies":[{"name":"wp","href":"https:\/\/api.w.org\/{rel}","templated":true}]}}