{"id":515,"date":"2020-03-09T19:00:54","date_gmt":"2020-03-09T22:00:54","guid":{"rendered":"https:\/\/tribunadapraia.com.br\/?p=515"},"modified":"2020-03-09T19:00:54","modified_gmt":"2020-03-09T22:00:54","slug":"aos-98-anos-pcb-de-jacinta-passos-inicia-caminhada-em-barra-dos-coqueiros-se-mas-nao-mira-a-principio-as-eleicoes-2020","status":"publish","type":"post","link":"https:\/\/tribunadapraia.com.br\/?p=515","title":{"rendered":"AOS 98 ANOS: PCB de Jacinta Passos inicia caminhada em Barra dos Coqueiros\/SE, mas n\u00e3o mira (a princ\u00edpio) \u00e0s elei\u00e7\u00f5es 2020"},"content":{"rendered":"<p>Fundado em 25 de mar\u00e7o de 1922, o Partido Comunista Brasileiro (PCB), \u00e9 a mais antiga organiza\u00e7\u00e3o pol\u00edtica em atividade no pa\u00eds, ao tempo em que \u00e9 aquela que possui a maior capacidade de se rejuvenescer. Para fincar a bandeira comunista na Ilha de Santa Luzia, o PCB realizar\u00e1 um Semin\u00e1rio Pol\u00edtico, celebrando os 98 anos do PARTID\u00c3O, discutindo \u00e0s teses do XV Congresso Nacional e promovendo uma palestra sobre a Vida &amp; Obra da militante comunista Jacinta Passos, que viveu em Barra dos Coqueiros de 1962 a 1864.<\/p>\n<p>Claudomir Herzog<\/p>\n<p>A tarefa de coordenar o processo de constru\u00e7\u00e3o do PCB no munic\u00edpio, caber\u00e1 ao professor e comunicador popular ClaudOmir Herzog Tavares, natural do povoado Canal de S\u00e3o Sebasti\u00e3o, licenciado em Hist\u00f3ria e especialista em Gest\u00e3o de Recursos H\u00eddticos pela UFS, membro da Academia Barracoqueirense de Letras e Artes e diretor-fundador da web R\u00e1dio Pomomga, sediada na cidade.<\/p>\n<p>Rumo aos 100 anos<\/p>\n<p>Apesar de ser um partido pol\u00edtico com registro no TSE e TRE,\/SE devidamente habilitado, o PCB n\u00e3o priorizar\u00e1 \u00e0s disputas eleitorais, ainda que n\u00e3o \u00e0s negligencie como momentos importantes para dialogar com a sociedade barracoqueirense &#8211; e deve se posicionar no momento que julgar certo, mas cumprir\u00e1 uma agenda de organiza\u00e7\u00e3o, um cronograma que incluur\u00e1 o estudo e difus\u00e3o de sua ess\u00eancia e exist\u00eancia para al\u00e9m da institucionalidade.<\/p>\n<p>Jacinta Passos<\/p>\n<p>A primeira a\u00e7\u00e3o do PCB na ilha ser\u00e1 a cria\u00e7\u00e3o do Centro de Estudos Pol\u00edticos e Sociais Jacinta Passos, saudosa militante do Partido Comunista Brasileiro de 1945 at\u00e9 a morte, em 1973, que dedicou grande parte da sua vida ao trabalho penoso, clandestino e cotidiano de luta por um Brasil menos injusto.<\/p>\n<p>Conhe\u00e7a o PCB<\/p>\n<p>Para conhecer o PCB acesse o site do partido (www.pcb.org.br) ou entre em contato pelo WathsApp (079) 99973.6883.<\/p>\n","protected":false},"excerpt":{"rendered":"<p>Fundado em 25 de mar\u00e7o de 1922, o Partido Comunista Brasileiro (PCB), \u00e9 a mais antiga organiza\u00e7\u00e3o pol\u00edtica em atividade no pa\u00eds, ao tempo em que \u00e9 aquela que possui a maior capacidade de se rejuvenescer. Para fincar a bandeira comunista na Ilha de Santa Luzia, o PCB realizar\u00e1 um Semin\u00e1rio Pol\u00edtico, celebrando os 98 anos do PARTID\u00c3O, discutindo \u00e0s teses do XV Congresso Nacional e promovendo uma palestra sobre<\/p>\n","protected":false},"author":3,"featured_media":516,"comment_status":"open","ping_status":"open","sticky":false,"template":"","format":"standard","meta":[],"categories":[18],"tags":[],"yoast_head":"<!-- This site is optimized with the Yoast SEO plugin v16.3 - https:\/\/yoast.com\/wordpress\/plugins\/seo\/ -->\n<title>AOS 98 ANOS: PCB de Jacinta Passos inicia caminhada em Barra dos Coqueiros\/SE, mas n\u00e3o mira (a princ\u00edpio) \u00e0s elei\u00e7\u00f5es 2020 - TRIBUNA DA PRAIA<\/title>\n<meta name=\"robots\" content=\"index, follow, max-snippet:-1, max-image-preview:large, max-video-preview:-1\" \/>\n<link rel=\"canonical\" href=\"https:\/\/tribunadapraia.com.br\/?p=515\" \/>\n<meta property=\"og:locale\" content=\"pt_BR\" \/>\n<meta property=\"og:type\" content=\"article\" \/>\n<meta property=\"og:title\" content=\"AOS 98 ANOS: PCB de Jacinta Passos inicia caminhada em Barra dos Coqueiros\/SE, mas n\u00e3o mira (a princ\u00edpio) \u00e0s elei\u00e7\u00f5es 2020 - TRIBUNA DA PRAIA\" \/>\n<meta property=\"og:description\" content=\"Fundado em 25 de mar\u00e7o de 1922, o Partido Comunista Brasileiro (PCB), \u00e9 a mais antiga organiza\u00e7\u00e3o pol\u00edtica em atividade no pa\u00eds, ao tempo em que \u00e9 aquela que possui a maior capacidade de se rejuvenescer. Para fincar a bandeira comunista na Ilha de Santa Luzia, o PCB realizar\u00e1 um Semin\u00e1rio Pol\u00edtico, celebrando os 98 anos do PARTID\u00c3O, discutindo \u00e0s teses do XV Congresso Nacional e promovendo uma palestra sobre\" \/>\n<meta property=\"og:url\" content=\"https:\/\/tribunadapraia.com.br\/?p=515\" \/>\n<meta property=\"og:site_name\" content=\"TRIBUNA DA PRAIA\" \/>\n<meta property=\"article:publisher\" content=\"https:\/\/www.facebook.com\/tribunadapraiaonline\/\" \/>\n<meta property=\"article:published_time\" content=\"2020-03-09T22:00:54+00:00\" \/>\n<meta property=\"og:image\" content=\"https:\/\/tribunadapraia.com.br\/wp-content\/uploads\/2020\/03\/JacintaPassos-inAntologia.png\" \/>\n\t<meta property=\"og:image:width\" content=\"342\" \/>\n\t<meta property=\"og:image:height\" content=\"492\" \/>\n<meta name=\"twitter:card\" content=\"summary_large_image\" \/>\n<meta name=\"twitter:creator\" content=\"@Claudomir21\" \/>\n<meta name=\"twitter:site\" content=\"@Claudomir21\" \/>\n<meta name=\"twitter:label1\" content=\"Est. tempo de leitura\">\n\t<meta name=\"twitter:data1\" content=\"2 minutos\">\n<script type=\"application\/ld+json\" class=\"yoast-schema-graph\">{\"@context\":\"https:\/\/schema.org\",\"@graph\":[{\"@type\":\"Organization\",\"@id\":\"https:\/\/tribunadapraia.com.br\/#organization\",\"name\":\"Tribuna da Praia\",\"url\":\"https:\/\/tribunadapraia.com.br\/\",\"sameAs\":[\"https:\/\/www.facebook.com\/tribunadapraiaonline\/\",\"https:\/\/www.instagram.com\/claudomirtavares\/\",\"https:\/\/www.youtube.com\/channel\/UCwQf80nxiMzCefAyjbp53Rw\",\"https:\/\/twitter.com\/Claudomir21\"],\"logo\":{\"@type\":\"ImageObject\",\"@id\":\"https:\/\/tribunadapraia.com.br\/#logo\",\"inLanguage\":\"pt-BR\",\"url\":\"https:\/\/tribunadapraia.com.br\/wp-content\/uploads\/2020\/02\/logo.png\",\"contentUrl\":\"https:\/\/tribunadapraia.com.br\/wp-content\/uploads\/2020\/02\/logo.png\",\"width\":501,\"height\":121,\"caption\":\"Tribuna da Praia\"},\"image\":{\"@id\":\"https:\/\/tribunadapraia.com.br\/#logo\"}},{\"@type\":\"WebSite\",\"@id\":\"https:\/\/tribunadapraia.com.br\/#website\",\"url\":\"https:\/\/tribunadapraia.com.br\/\",\"name\":\"TRIBUNA DA PRAIA\",\"description\":\"O 1\\u00ba jornal do interior de Sergipe na internet\",\"publisher\":{\"@id\":\"https:\/\/tribunadapraia.com.br\/#organization\"},\"potentialAction\":[{\"@type\":\"SearchAction\",\"target\":\"https:\/\/tribunadapraia.com.br\/?s={search_term_string}\",\"query-input\":\"required name=search_term_string\"}],\"inLanguage\":\"pt-BR\"},{\"@type\":\"ImageObject\",\"@id\":\"https:\/\/tribunadapraia.com.br\/?p=515#primaryimage\",\"inLanguage\":\"pt-BR\",\"url\":\"https:\/\/tribunadapraia.com.br\/wp-content\/uploads\/2020\/03\/JacintaPassos-inAntologia.png\",\"contentUrl\":\"https:\/\/tribunadapraia.com.br\/wp-content\/uploads\/2020\/03\/JacintaPassos-inAntologia.png\",\"width\":342,\"height\":492},{\"@type\":\"WebPage\",\"@id\":\"https:\/\/tribunadapraia.com.br\/?p=515#webpage\",\"url\":\"https:\/\/tribunadapraia.com.br\/?p=515\",\"name\":\"AOS 98 ANOS: PCB de Jacinta Passos inicia caminhada em Barra dos Coqueiros\/SE, mas n\\u00e3o mira (a princ\\u00edpio) \\u00e0s elei\\u00e7\\u00f5es 2020 - TRIBUNA DA PRAIA\",\"isPartOf\":{\"@id\":\"https:\/\/tribunadapraia.com.br\/#website\"},\"primaryImageOfPage\":{\"@id\":\"https:\/\/tribunadapraia.com.br\/?p=515#primaryimage\"},\"datePublished\":\"2020-03-09T22:00:54+00:00\",\"dateModified\":\"2020-03-09T22:00:54+00:00\",\"breadcrumb\":{\"@id\":\"https:\/\/tribunadapraia.com.br\/?p=515#breadcrumb\"},\"inLanguage\":\"pt-BR\",\"potentialAction\":[{\"@type\":\"ReadAction\",\"target\":[\"https:\/\/tribunadapraia.com.br\/?p=515\"]}]},{\"@type\":\"BreadcrumbList\",\"@id\":\"https:\/\/tribunadapraia.com.br\/?p=515#breadcrumb\",\"itemListElement\":[{\"@type\":\"ListItem\",\"position\":1,\"item\":{\"@type\":\"WebPage\",\"@id\":\"https:\/\/tribunadapraia.com.br\/\",\"url\":\"https:\/\/tribunadapraia.com.br\/\",\"name\":\"In\\u00edcio\"}},{\"@type\":\"ListItem\",\"position\":2,\"item\":{\"@id\":\"https:\/\/tribunadapraia.com.br\/?p=515#webpage\"}}]},{\"@type\":\"Article\",\"@id\":\"https:\/\/tribunadapraia.com.br\/?p=515#article\",\"isPartOf\":{\"@id\":\"https:\/\/tribunadapraia.com.br\/?p=515#webpage\"},\"author\":{\"@id\":\"https:\/\/tribunadapraia.com.br\/#\/schema\/person\/099fbbf59acc5895c0d7d52b4fc46c97\"},\"headline\":\"AOS 98 ANOS: PCB de Jacinta Passos inicia caminhada em Barra dos Coqueiros\/SE, mas n\\u00e3o mira (a princ\\u00edpio) \\u00e0s elei\\u00e7\\u00f5es 2020\",\"datePublished\":\"2020-03-09T22:00:54+00:00\",\"dateModified\":\"2020-03-09T22:00:54+00:00\",\"mainEntityOfPage\":{\"@id\":\"https:\/\/tribunadapraia.com.br\/?p=515#webpage\"},\"wordCount\":337,\"commentCount\":0,\"publisher\":{\"@id\":\"https:\/\/tribunadapraia.com.br\/#organization\"},\"image\":{\"@id\":\"https:\/\/tribunadapraia.com.br\/?p=515#primaryimage\"},\"thumbnailUrl\":\"https:\/\/tribunadapraia.com.br\/wp-content\/uploads\/2020\/03\/JacintaPassos-inAntologia.png\",\"articleSection\":[\"Not\\u00edcias\"],\"inLanguage\":\"pt-BR\",\"potentialAction\":[{\"@type\":\"CommentAction\",\"name\":\"Comment\",\"target\":[\"https:\/\/tribunadapraia.com.br\/?p=515#respond\"]}]},{\"@type\":\"Person\",\"@id\":\"https:\/\/tribunadapraia.com.br\/#\/schema\/person\/099fbbf59acc5895c0d7d52b4fc46c97\",\"name\":\"Reda\\u00e7\\u00e3o\",\"image\":{\"@type\":\"ImageObject\",\"@id\":\"https:\/\/tribunadapraia.com.br\/#personlogo\",\"inLanguage\":\"pt-BR\",\"url\":\"https:\/\/secure.gravatar.com\/avatar\/91c8b91d2bfd7784eac5c3e055361f64?s=96&d=identicon&r=g\",\"contentUrl\":\"https:\/\/secure.gravatar.com\/avatar\/91c8b91d2bfd7784eac5c3e055361f64?s=96&d=identicon&r=g\",\"caption\":\"Reda\\u00e7\\u00e3o\"}}]}<\/script>\n<!-- \/ Yoast SEO plugin. -->","wps_subtitle":"","_links":{"self":[{"href":"https:\/\/tribunadapraia.com.br\/index.php?rest_route=\/wp\/v2\/posts\/515"}],"collection":[{"href":"https:\/\/tribunadapraia.com.br\/index.php?rest_route=\/wp\/v2\/posts"}],"about":[{"href":"https:\/\/tribunadapraia.com.br\/index.php?rest_route=\/wp\/v2\/types\/post"}],"author":[{"embeddable":true,"href":"https:\/\/tribunadapraia.com.br\/index.php?rest_route=\/wp\/v2\/users\/3"}],"replies":[{"embeddable":true,"href":"https:\/\/tribunadapraia.com.br\/index.php?rest_route=%2Fwp%2Fv2%2Fcomments&post=515"}],"version-history":[{"count":1,"href":"https:\/\/tribunadapraia.com.br\/index.php?rest_route=\/wp\/v2\/posts\/515\/revisions"}],"predecessor-version":[{"id":517,"href":"https:\/\/tribunadapraia.com.br\/index.php?rest_route=\/wp\/v2\/posts\/515\/revisions\/517"}],"wp:featuredmedia":[{"embeddable":true,"href":"https:\/\/tribunadapraia.com.br\/index.php?rest_route=\/wp\/v2\/media\/516"}],"wp:attachment":[{"href":"https:\/\/tribunadapraia.com.br\/index.php?rest_route=%2Fwp%2Fv2%2Fmedia&parent=515"}],"wp:term":[{"taxonomy":"category","embeddable":true,"href":"https:\/\/tribunadapraia.com.br\/index.php?rest_route=%2Fwp%2Fv2%2Fcategories&post=515"},{"taxonomy":"post_tag","embeddable":true,"href":"https:\/\/tribunadapraia.com.br\/index.php?rest_route=%2Fwp%2Fv2%2Ftags&post=515"}],"curies":[{"name":"wp","href":"https:\/\/api.w.org\/{rel}","templated":true}]}}