{"id":5092,"date":"2022-09-30T22:46:48","date_gmt":"2022-10-01T01:46:48","guid":{"rendered":"https:\/\/tribunadapraia.com.br\/?p=5092"},"modified":"2022-09-30T22:48:59","modified_gmt":"2022-10-01T01:48:59","slug":"eleicoes-2022-guilherme-melo-apresenta-seu-time-eleitoral-prefeito-nao-recomendou-voto-para-presidencia-da-republica","status":"publish","type":"post","link":"https:\/\/tribunadapraia.com.br\/?p=5092","title":{"rendered":"Elei\u00e7\u00f5es 2022: Guilherme Melo apresenta seu time eleitoral &#8211; prefeito n\u00e3o recomendou voto para Presid\u00eancia da Rep\u00fablica"},"content":{"rendered":"<p>Dirigindo-se aos seus amigos, eleitores e seguidores, o prefeito de Pirambu, Guilherme Melo (PSC), apresentou nesta sexta-feira, 30, a rela\u00e7\u00e3o dos candidatos que ao lado da vice-prefeita Detinha da Farm\u00e1cia (PSC) e do amigo Andr\u00e9 Moura (Uni\u00e3o), recomenda o voto nas elei\u00e7\u00f5es gerais do pr\u00f3ximo domingo, 02\/10. Guilherme n\u00e3o orientou voto em candidaturas \u00e0 Presid\u00eancia da Rep\u00fablica. Eis a rela\u00e7\u00e3o de candidaturas do prefeito: Deputada Federal &#8211; Yandra de Andr\u00e9 (Uni\u00e3o), Deputado Federal &#8211; Marcelo Sobral (Uni\u00e3o), Senador &#8211; Eduardo Amorim (PL) e Governador &#8211; F\u00e1bio Mitidieri (PSD).<\/p>\n<p>Na condi\u00e7\u00e3o de presidente estadual do PSC, questionamos sobre a posi\u00e7\u00e3o do partido, tendo ele respondido que &#8220;vai est\u00e1 liberaeo&#8221;. Sobre a op\u00e7\u00e3o de alguns vereadores da bancada de sustenta\u00e7\u00e3o na C\u00e2mara Municipal pelo candidato a Governador Valmir de Francisquimho (PL), o prefeito disse que eles sabem do seu compromisso com ele e espera &#8220;que todos saibam que F\u00e1bio assumiu compromisso de ajudar nosso munic\u00edpio&#8221;, disse.<\/p>\n<p>A base aliada do prefeito \u00e9 composta por sete dos nove parlamentares, a saber: Tati de Dimas, Gil Cruz e Jonathan Sardinha (PSC)), Ivan Biriba e Lucas de Fl\u00e1vio (PL), S\u00e9rgio Lima (MDB) e Milton Nunes (PSB), sendo Carlos Andr\u00e9 (PSD,) e Jadna de Claudevi (MDB), de oposi\u00e7\u00e3o.<\/p>\n<ul>\n<li><span style=\"color: #ff6600;\">Por Reda\u00e7\u00e3o | Imagem: Arte\/Divulga\u00e7\u00e3o<\/span><\/li>\n<\/ul>\n","protected":false},"excerpt":{"rendered":"<p>Dirigindo-se aos seus amigos, eleitores e seguidores, o prefeito de Pirambu, Guilherme Melo (PSC), apresentou nesta sexta-feira, 30, a rela\u00e7\u00e3o dos candidatos que ao lado da vice-prefeita Detinha da Farm\u00e1cia (PSC) e do amigo Andr\u00e9 Moura (Uni\u00e3o), recomenda o voto nas elei\u00e7\u00f5es gerais do pr\u00f3ximo domingo, 02\/10. Guilherme n\u00e3o orientou voto em candidaturas \u00e0 Presid\u00eancia da Rep\u00fablica. Eis a rela\u00e7\u00e3o de candidaturas do prefeito: Deputada Federal &#8211; Yandra de Andr\u00e9<\/p>\n","protected":false},"author":1,"featured_media":5094,"comment_status":"open","ping_status":"open","sticky":false,"template":"","format":"standard","meta":[],"categories":[18],"tags":[],"yoast_head":"<!-- This site is optimized with the Yoast SEO plugin v16.3 - https:\/\/yoast.com\/wordpress\/plugins\/seo\/ -->\n<title>Elei\u00e7\u00f5es 2022: Guilherme Melo apresenta seu time eleitoral - prefeito n\u00e3o recomendou voto para Presid\u00eancia da Rep\u00fablica - TRIBUNA DA PRAIA<\/title>\n<meta name=\"robots\" content=\"index, follow, max-snippet:-1, max-image-preview:large, max-video-preview:-1\" \/>\n<link rel=\"canonical\" href=\"https:\/\/tribunadapraia.com.br\/?p=5092\" \/>\n<meta property=\"og:locale\" content=\"pt_BR\" \/>\n<meta property=\"og:type\" content=\"article\" \/>\n<meta property=\"og:title\" content=\"Elei\u00e7\u00f5es 2022: Guilherme Melo apresenta seu time eleitoral - prefeito n\u00e3o recomendou voto para Presid\u00eancia da Rep\u00fablica - TRIBUNA DA PRAIA\" \/>\n<meta property=\"og:description\" content=\"Dirigindo-se aos seus amigos, eleitores e seguidores, o prefeito de Pirambu, Guilherme Melo (PSC), apresentou nesta sexta-feira, 30, a rela\u00e7\u00e3o dos candidatos que ao lado da vice-prefeita Detinha da Farm\u00e1cia (PSC) e do amigo Andr\u00e9 Moura (Uni\u00e3o), recomenda o voto nas elei\u00e7\u00f5es gerais do pr\u00f3ximo domingo, 02\/10. Guilherme n\u00e3o orientou voto em candidaturas \u00e0 Presid\u00eancia da Rep\u00fablica. Eis a rela\u00e7\u00e3o de candidaturas do prefeito: Deputada Federal &#8211; Yandra de Andr\u00e9\" \/>\n<meta property=\"og:url\" content=\"https:\/\/tribunadapraia.com.br\/?p=5092\" \/>\n<meta property=\"og:site_name\" content=\"TRIBUNA DA PRAIA\" \/>\n<meta property=\"article:publisher\" content=\"https:\/\/www.facebook.com\/tribunadapraiaonline\/\" \/>\n<meta property=\"article:published_time\" content=\"2022-10-01T01:46:48+00:00\" \/>\n<meta property=\"article:modified_time\" content=\"2022-10-01T01:48:59+00:00\" \/>\n<meta property=\"og:image\" content=\"https:\/\/tribunadapraia.com.br\/wp-content\/uploads\/2022\/09\/IMG-20220930-WA0188.jpg\" \/>\n\t<meta property=\"og:image:width\" content=\"1080\" \/>\n\t<meta property=\"og:image:height\" content=\"633\" \/>\n<meta name=\"twitter:card\" content=\"summary_large_image\" \/>\n<meta name=\"twitter:creator\" content=\"@Claudomir21\" \/>\n<meta name=\"twitter:site\" content=\"@Claudomir21\" \/>\n<meta name=\"twitter:label1\" content=\"Est. tempo de leitura\">\n\t<meta name=\"twitter:data1\" content=\"1 minuto\">\n<script type=\"application\/ld+json\" class=\"yoast-schema-graph\">{\"@context\":\"https:\/\/schema.org\",\"@graph\":[{\"@type\":\"Organization\",\"@id\":\"https:\/\/tribunadapraia.com.br\/#organization\",\"name\":\"Tribuna da Praia\",\"url\":\"https:\/\/tribunadapraia.com.br\/\",\"sameAs\":[\"https:\/\/www.facebook.com\/tribunadapraiaonline\/\",\"https:\/\/www.instagram.com\/claudomirtavares\/\",\"https:\/\/www.youtube.com\/channel\/UCwQf80nxiMzCefAyjbp53Rw\",\"https:\/\/twitter.com\/Claudomir21\"],\"logo\":{\"@type\":\"ImageObject\",\"@id\":\"https:\/\/tribunadapraia.com.br\/#logo\",\"inLanguage\":\"pt-BR\",\"url\":\"https:\/\/tribunadapraia.com.br\/wp-content\/uploads\/2020\/02\/logo.png\",\"contentUrl\":\"https:\/\/tribunadapraia.com.br\/wp-content\/uploads\/2020\/02\/logo.png\",\"width\":501,\"height\":121,\"caption\":\"Tribuna da Praia\"},\"image\":{\"@id\":\"https:\/\/tribunadapraia.com.br\/#logo\"}},{\"@type\":\"WebSite\",\"@id\":\"https:\/\/tribunadapraia.com.br\/#website\",\"url\":\"https:\/\/tribunadapraia.com.br\/\",\"name\":\"TRIBUNA DA PRAIA\",\"description\":\"O 1\\u00ba jornal do interior de Sergipe na internet\",\"publisher\":{\"@id\":\"https:\/\/tribunadapraia.com.br\/#organization\"},\"potentialAction\":[{\"@type\":\"SearchAction\",\"target\":\"https:\/\/tribunadapraia.com.br\/?s={search_term_string}\",\"query-input\":\"required name=search_term_string\"}],\"inLanguage\":\"pt-BR\"},{\"@type\":\"ImageObject\",\"@id\":\"https:\/\/tribunadapraia.com.br\/?p=5092#primaryimage\",\"inLanguage\":\"pt-BR\",\"url\":\"https:\/\/tribunadapraia.com.br\/wp-content\/uploads\/2022\/09\/IMG-20220930-WA0188.jpg\",\"contentUrl\":\"https:\/\/tribunadapraia.com.br\/wp-content\/uploads\/2022\/09\/IMG-20220930-WA0188.jpg\",\"width\":1080,\"height\":633},{\"@type\":\"WebPage\",\"@id\":\"https:\/\/tribunadapraia.com.br\/?p=5092#webpage\",\"url\":\"https:\/\/tribunadapraia.com.br\/?p=5092\",\"name\":\"Elei\\u00e7\\u00f5es 2022: Guilherme Melo apresenta seu time eleitoral - prefeito n\\u00e3o recomendou voto para Presid\\u00eancia da Rep\\u00fablica - TRIBUNA DA PRAIA\",\"isPartOf\":{\"@id\":\"https:\/\/tribunadapraia.com.br\/#website\"},\"primaryImageOfPage\":{\"@id\":\"https:\/\/tribunadapraia.com.br\/?p=5092#primaryimage\"},\"datePublished\":\"2022-10-01T01:46:48+00:00\",\"dateModified\":\"2022-10-01T01:48:59+00:00\",\"breadcrumb\":{\"@id\":\"https:\/\/tribunadapraia.com.br\/?p=5092#breadcrumb\"},\"inLanguage\":\"pt-BR\",\"potentialAction\":[{\"@type\":\"ReadAction\",\"target\":[\"https:\/\/tribunadapraia.com.br\/?p=5092\"]}]},{\"@type\":\"BreadcrumbList\",\"@id\":\"https:\/\/tribunadapraia.com.br\/?p=5092#breadcrumb\",\"itemListElement\":[{\"@type\":\"ListItem\",\"position\":1,\"item\":{\"@type\":\"WebPage\",\"@id\":\"https:\/\/tribunadapraia.com.br\/\",\"url\":\"https:\/\/tribunadapraia.com.br\/\",\"name\":\"In\\u00edcio\"}},{\"@type\":\"ListItem\",\"position\":2,\"item\":{\"@id\":\"https:\/\/tribunadapraia.com.br\/?p=5092#webpage\"}}]},{\"@type\":\"Article\",\"@id\":\"https:\/\/tribunadapraia.com.br\/?p=5092#article\",\"isPartOf\":{\"@id\":\"https:\/\/tribunadapraia.com.br\/?p=5092#webpage\"},\"author\":{\"@id\":\"https:\/\/tribunadapraia.com.br\/#\/schema\/person\/326b0a9f3163b479142c64eba4928de0\"},\"headline\":\"Elei\\u00e7\\u00f5es 2022: Guilherme Melo apresenta seu time eleitoral &#8211; prefeito n\\u00e3o recomendou voto para Presid\\u00eancia da Rep\\u00fablica\",\"datePublished\":\"2022-10-01T01:46:48+00:00\",\"dateModified\":\"2022-10-01T01:48:59+00:00\",\"mainEntityOfPage\":{\"@id\":\"https:\/\/tribunadapraia.com.br\/?p=5092#webpage\"},\"wordCount\":247,\"commentCount\":0,\"publisher\":{\"@id\":\"https:\/\/tribunadapraia.com.br\/#organization\"},\"image\":{\"@id\":\"https:\/\/tribunadapraia.com.br\/?p=5092#primaryimage\"},\"thumbnailUrl\":\"https:\/\/tribunadapraia.com.br\/wp-content\/uploads\/2022\/09\/IMG-20220930-WA0188.jpg\",\"articleSection\":[\"Not\\u00edcias\"],\"inLanguage\":\"pt-BR\",\"potentialAction\":[{\"@type\":\"CommentAction\",\"name\":\"Comment\",\"target\":[\"https:\/\/tribunadapraia.com.br\/?p=5092#respond\"]}]},{\"@type\":\"Person\",\"@id\":\"https:\/\/tribunadapraia.com.br\/#\/schema\/person\/326b0a9f3163b479142c64eba4928de0\",\"name\":\"tribunadapraia\",\"image\":{\"@type\":\"ImageObject\",\"@id\":\"https:\/\/tribunadapraia.com.br\/#personlogo\",\"inLanguage\":\"pt-BR\",\"url\":\"https:\/\/secure.gravatar.com\/avatar\/38b019c74762496076b7355024a0dad9?s=96&d=identicon&r=g\",\"contentUrl\":\"https:\/\/secure.gravatar.com\/avatar\/38b019c74762496076b7355024a0dad9?s=96&d=identicon&r=g\",\"caption\":\"tribunadapraia\"}}]}<\/script>\n<!-- \/ Yoast SEO plugin. -->","wps_subtitle":"","_links":{"self":[{"href":"https:\/\/tribunadapraia.com.br\/index.php?rest_route=\/wp\/v2\/posts\/5092"}],"collection":[{"href":"https:\/\/tribunadapraia.com.br\/index.php?rest_route=\/wp\/v2\/posts"}],"about":[{"href":"https:\/\/tribunadapraia.com.br\/index.php?rest_route=\/wp\/v2\/types\/post"}],"author":[{"embeddable":true,"href":"https:\/\/tribunadapraia.com.br\/index.php?rest_route=\/wp\/v2\/users\/1"}],"replies":[{"embeddable":true,"href":"https:\/\/tribunadapraia.com.br\/index.php?rest_route=%2Fwp%2Fv2%2Fcomments&post=5092"}],"version-history":[{"count":1,"href":"https:\/\/tribunadapraia.com.br\/index.php?rest_route=\/wp\/v2\/posts\/5092\/revisions"}],"predecessor-version":[{"id":5093,"href":"https:\/\/tribunadapraia.com.br\/index.php?rest_route=\/wp\/v2\/posts\/5092\/revisions\/5093"}],"wp:featuredmedia":[{"embeddable":true,"href":"https:\/\/tribunadapraia.com.br\/index.php?rest_route=\/wp\/v2\/media\/5094"}],"wp:attachment":[{"href":"https:\/\/tribunadapraia.com.br\/index.php?rest_route=%2Fwp%2Fv2%2Fmedia&parent=5092"}],"wp:term":[{"taxonomy":"category","embeddable":true,"href":"https:\/\/tribunadapraia.com.br\/index.php?rest_route=%2Fwp%2Fv2%2Fcategories&post=5092"},{"taxonomy":"post_tag","embeddable":true,"href":"https:\/\/tribunadapraia.com.br\/index.php?rest_route=%2Fwp%2Fv2%2Ftags&post=5092"}],"curies":[{"name":"wp","href":"https:\/\/api.w.org\/{rel}","templated":true}]}}