{"id":5086,"date":"2022-09-29T09:17:20","date_gmt":"2022-09-29T12:17:20","guid":{"rendered":"https:\/\/tribunadapraia.com.br\/?p=5086"},"modified":"2022-09-29T09:23:41","modified_gmt":"2022-09-29T12:23:41","slug":"com-menos-de-um-mes-em-operacao-radiotribuna-da-praia-web-ex-atalainha-ja-e-a-mais-ouvida-em-barra-dos-coqueiros","status":"publish","type":"post","link":"https:\/\/tribunadapraia.com.br\/?p=5086","title":{"rendered":"Com menos de um m\u00eas em opera\u00e7\u00e3o, R\u00e1dioTRIBUNA DA PRAIA web (ex-Atalainha), j\u00e1 \u00e9 a mais ouvida em Barra dos Coqueiros"},"content":{"rendered":"<p>H\u00e1 menos de um m\u00eas, em 05 de setembro, entrou em opera\u00e7\u00e3o a web r\u00e1dio Tribuna da Praia, substituindo a R\u00e1dio Atalainha, dando origem a um microfone que passou a integrar os 39 anos da nossa hist\u00f3ria, agora unificando o jornal e a r\u00e1dio atrav\u00e9s do portal tribunadapraia.com.br. Preservando o straining da Atalainha e com o site da Tribuna da Praia, estamos com est\u00fadio em Barra dos Coqueiros, reda\u00e7\u00e3o em Pirambu e sucursal em Propri\u00e1, todos funcionando na modalidade remota, somos a r\u00e1dio mais acessada na Ilha de Santa Luzia, a frente das r\u00e1dios Cidade, Barra, Nova Barra e Top Mix Barra, conforme aferi\u00e7\u00e3o do App RadiosNet.<\/p>\n<p>S\u00e3o 23 r\u00e1dios cadastradas na Regi\u00e3o Metropolitana, sendo 3 fm&#8217;s e 20 web&#8217;s, estando 10 delas em Nossa Senhora do Socorro, 8 em S\u00e3o Crist\u00f3v\u00e3o e 5, como j\u00e1 informado , na Barra. Entre estas, h\u00e1 uma FM em cada cidade, todas comunit\u00e1rias. Na rela\u00e7\u00e3o total, a R\u00e1dio Tribuna da Praia ocupa a 4\u00aa posi\u00e7\u00e3o na regi\u00e3o, atr\u00e1s das r\u00e1dios Comunidade FM (S\u00e3o Crist\u00f3v\u00e3o), Novo Horizonte (Nossa Senhora do Socorro) e Mar Web (S\u00e3o Crist\u00f3v\u00e3o).<\/p>\n<p>Sendo uma r\u00e1dio digital, com transmiss\u00e3o de sua programa\u00e7\u00e3o exclusivamente pela Internet, os ouvintes n\u00e3o est\u00e3o apenas no munic\u00edpio de Barra dos Coqueiros, mas em todos os munic\u00edpios, estados, regi\u00f5es e continentes da Terra, sendo poss\u00edvel identificar em tempo real em nosso painel, conforme permite o provedor MaxCast, ao qual est\u00e1 cadastrado o nosso straining, cujos dados s\u00e3o mais precisos e minuciosos que o RadiosNet.<\/p>\n<!--[if lt IE 9]><script>document.createElement('audio');<\/script><![endif]-->\n<audio class=\"wp-audio-shortcode\" id=\"audio-5086-1\" preload=\"none\" style=\"width: 100%;\" controls=\"controls\"><source type=\"audio\/mpeg\" src=\"https:\/\/tribunadapraia.com.br\/wp-content\/uploads\/2022\/09\/A-DIARIAMENTE.mp3?_=1\" \/><a href=\"https:\/\/tribunadapraia.com.br\/wp-content\/uploads\/2022\/09\/A-DIARIAMENTE.mp3\">https:\/\/tribunadapraia.com.br\/wp-content\/uploads\/2022\/09\/A-DIARIAMENTE.mp3<\/a><\/audio>\n<ul>\n<li><span style=\"color: #808000;\">Por Reda\u00e7\u00e3o<\/span><\/li>\n<\/ul>\n","protected":false},"excerpt":{"rendered":"<p>H\u00e1 menos de um m\u00eas, em 05 de setembro, entrou em opera\u00e7\u00e3o a web r\u00e1dio Tribuna da Praia, substituindo a R\u00e1dio Atalainha, dando origem a um microfone que passou a integrar os 39 anos da nossa hist\u00f3ria, agora unificando o jornal e a r\u00e1dio atrav\u00e9s do portal tribunadapraia.com.br. Preservando o straining da Atalainha e com o site da Tribuna da Praia, estamos com est\u00fadio em Barra dos Coqueiros, reda\u00e7\u00e3o em<\/p>\n","protected":false},"author":1,"featured_media":5087,"comment_status":"open","ping_status":"open","sticky":false,"template":"","format":"standard","meta":[],"categories":[18],"tags":[],"yoast_head":"<!-- This site is optimized with the Yoast SEO plugin v16.3 - https:\/\/yoast.com\/wordpress\/plugins\/seo\/ -->\n<title>Com menos de um m\u00eas em opera\u00e7\u00e3o, R\u00e1dioTRIBUNA DA PRAIA web (ex-Atalainha), j\u00e1 \u00e9 a mais ouvida em Barra dos Coqueiros - TRIBUNA DA PRAIA<\/title>\n<meta name=\"robots\" content=\"index, follow, max-snippet:-1, max-image-preview:large, max-video-preview:-1\" \/>\n<link rel=\"canonical\" href=\"https:\/\/tribunadapraia.com.br\/?p=5086\" \/>\n<meta property=\"og:locale\" content=\"pt_BR\" \/>\n<meta property=\"og:type\" content=\"article\" \/>\n<meta property=\"og:title\" content=\"Com menos de um m\u00eas em opera\u00e7\u00e3o, R\u00e1dioTRIBUNA DA PRAIA web (ex-Atalainha), j\u00e1 \u00e9 a mais ouvida em Barra dos Coqueiros - TRIBUNA DA PRAIA\" \/>\n<meta property=\"og:description\" content=\"H\u00e1 menos de um m\u00eas, em 05 de setembro, entrou em opera\u00e7\u00e3o a web r\u00e1dio Tribuna da Praia, substituindo a R\u00e1dio Atalainha, dando origem a um microfone que passou a integrar os 39 anos da nossa hist\u00f3ria, agora unificando o jornal e a r\u00e1dio atrav\u00e9s do portal tribunadapraia.com.br. Preservando o straining da Atalainha e com o site da Tribuna da Praia, estamos com est\u00fadio em Barra dos Coqueiros, reda\u00e7\u00e3o em\" \/>\n<meta property=\"og:url\" content=\"https:\/\/tribunadapraia.com.br\/?p=5086\" \/>\n<meta property=\"og:site_name\" content=\"TRIBUNA DA PRAIA\" \/>\n<meta property=\"article:publisher\" content=\"https:\/\/www.facebook.com\/tribunadapraiaonline\/\" \/>\n<meta property=\"article:published_time\" content=\"2022-09-29T12:17:20+00:00\" \/>\n<meta property=\"article:modified_time\" content=\"2022-09-29T12:23:41+00:00\" \/>\n<meta property=\"og:image\" content=\"https:\/\/tribunadapraia.com.br\/wp-content\/uploads\/2022\/09\/IMG-20220929-WA0027.jpg\" \/>\n\t<meta property=\"og:image:width\" content=\"960\" \/>\n\t<meta property=\"og:image:height\" content=\"720\" \/>\n<meta name=\"twitter:card\" content=\"summary_large_image\" \/>\n<meta name=\"twitter:creator\" content=\"@Claudomir21\" \/>\n<meta name=\"twitter:site\" content=\"@Claudomir21\" \/>\n<meta name=\"twitter:label1\" content=\"Est. tempo de leitura\">\n\t<meta name=\"twitter:data1\" content=\"2 minutos\">\n<script type=\"application\/ld+json\" class=\"yoast-schema-graph\">{\"@context\":\"https:\/\/schema.org\",\"@graph\":[{\"@type\":\"Organization\",\"@id\":\"https:\/\/tribunadapraia.com.br\/#organization\",\"name\":\"Tribuna da Praia\",\"url\":\"https:\/\/tribunadapraia.com.br\/\",\"sameAs\":[\"https:\/\/www.facebook.com\/tribunadapraiaonline\/\",\"https:\/\/www.instagram.com\/claudomirtavares\/\",\"https:\/\/www.youtube.com\/channel\/UCwQf80nxiMzCefAyjbp53Rw\",\"https:\/\/twitter.com\/Claudomir21\"],\"logo\":{\"@type\":\"ImageObject\",\"@id\":\"https:\/\/tribunadapraia.com.br\/#logo\",\"inLanguage\":\"pt-BR\",\"url\":\"https:\/\/tribunadapraia.com.br\/wp-content\/uploads\/2020\/02\/logo.png\",\"contentUrl\":\"https:\/\/tribunadapraia.com.br\/wp-content\/uploads\/2020\/02\/logo.png\",\"width\":501,\"height\":121,\"caption\":\"Tribuna da Praia\"},\"image\":{\"@id\":\"https:\/\/tribunadapraia.com.br\/#logo\"}},{\"@type\":\"WebSite\",\"@id\":\"https:\/\/tribunadapraia.com.br\/#website\",\"url\":\"https:\/\/tribunadapraia.com.br\/\",\"name\":\"TRIBUNA DA PRAIA\",\"description\":\"O 1\\u00ba jornal do interior de Sergipe na internet\",\"publisher\":{\"@id\":\"https:\/\/tribunadapraia.com.br\/#organization\"},\"potentialAction\":[{\"@type\":\"SearchAction\",\"target\":\"https:\/\/tribunadapraia.com.br\/?s={search_term_string}\",\"query-input\":\"required name=search_term_string\"}],\"inLanguage\":\"pt-BR\"},{\"@type\":\"ImageObject\",\"@id\":\"https:\/\/tribunadapraia.com.br\/?p=5086#primaryimage\",\"inLanguage\":\"pt-BR\",\"url\":\"https:\/\/tribunadapraia.com.br\/wp-content\/uploads\/2022\/09\/IMG-20220929-WA0027.jpg\",\"contentUrl\":\"https:\/\/tribunadapraia.com.br\/wp-content\/uploads\/2022\/09\/IMG-20220929-WA0027.jpg\",\"width\":960,\"height\":720},{\"@type\":\"WebPage\",\"@id\":\"https:\/\/tribunadapraia.com.br\/?p=5086#webpage\",\"url\":\"https:\/\/tribunadapraia.com.br\/?p=5086\",\"name\":\"Com menos de um m\\u00eas em opera\\u00e7\\u00e3o, R\\u00e1dioTRIBUNA DA PRAIA web (ex-Atalainha), j\\u00e1 \\u00e9 a mais ouvida em Barra dos Coqueiros - TRIBUNA DA PRAIA\",\"isPartOf\":{\"@id\":\"https:\/\/tribunadapraia.com.br\/#website\"},\"primaryImageOfPage\":{\"@id\":\"https:\/\/tribunadapraia.com.br\/?p=5086#primaryimage\"},\"datePublished\":\"2022-09-29T12:17:20+00:00\",\"dateModified\":\"2022-09-29T12:23:41+00:00\",\"breadcrumb\":{\"@id\":\"https:\/\/tribunadapraia.com.br\/?p=5086#breadcrumb\"},\"inLanguage\":\"pt-BR\",\"potentialAction\":[{\"@type\":\"ReadAction\",\"target\":[\"https:\/\/tribunadapraia.com.br\/?p=5086\"]}]},{\"@type\":\"BreadcrumbList\",\"@id\":\"https:\/\/tribunadapraia.com.br\/?p=5086#breadcrumb\",\"itemListElement\":[{\"@type\":\"ListItem\",\"position\":1,\"item\":{\"@type\":\"WebPage\",\"@id\":\"https:\/\/tribunadapraia.com.br\/\",\"url\":\"https:\/\/tribunadapraia.com.br\/\",\"name\":\"In\\u00edcio\"}},{\"@type\":\"ListItem\",\"position\":2,\"item\":{\"@id\":\"https:\/\/tribunadapraia.com.br\/?p=5086#webpage\"}}]},{\"@type\":\"Article\",\"@id\":\"https:\/\/tribunadapraia.com.br\/?p=5086#article\",\"isPartOf\":{\"@id\":\"https:\/\/tribunadapraia.com.br\/?p=5086#webpage\"},\"author\":{\"@id\":\"https:\/\/tribunadapraia.com.br\/#\/schema\/person\/326b0a9f3163b479142c64eba4928de0\"},\"headline\":\"Com menos de um m\\u00eas em opera\\u00e7\\u00e3o, R\\u00e1dioTRIBUNA DA PRAIA web (ex-Atalainha), j\\u00e1 \\u00e9 a mais ouvida em Barra dos Coqueiros\",\"datePublished\":\"2022-09-29T12:17:20+00:00\",\"dateModified\":\"2022-09-29T12:23:41+00:00\",\"mainEntityOfPage\":{\"@id\":\"https:\/\/tribunadapraia.com.br\/?p=5086#webpage\"},\"wordCount\":317,\"commentCount\":0,\"publisher\":{\"@id\":\"https:\/\/tribunadapraia.com.br\/#organization\"},\"image\":{\"@id\":\"https:\/\/tribunadapraia.com.br\/?p=5086#primaryimage\"},\"thumbnailUrl\":\"https:\/\/tribunadapraia.com.br\/wp-content\/uploads\/2022\/09\/IMG-20220929-WA0027.jpg\",\"articleSection\":[\"Not\\u00edcias\"],\"inLanguage\":\"pt-BR\",\"potentialAction\":[{\"@type\":\"CommentAction\",\"name\":\"Comment\",\"target\":[\"https:\/\/tribunadapraia.com.br\/?p=5086#respond\"]}]},{\"@type\":\"Person\",\"@id\":\"https:\/\/tribunadapraia.com.br\/#\/schema\/person\/326b0a9f3163b479142c64eba4928de0\",\"name\":\"tribunadapraia\",\"image\":{\"@type\":\"ImageObject\",\"@id\":\"https:\/\/tribunadapraia.com.br\/#personlogo\",\"inLanguage\":\"pt-BR\",\"url\":\"https:\/\/secure.gravatar.com\/avatar\/38b019c74762496076b7355024a0dad9?s=96&d=identicon&r=g\",\"contentUrl\":\"https:\/\/secure.gravatar.com\/avatar\/38b019c74762496076b7355024a0dad9?s=96&d=identicon&r=g\",\"caption\":\"tribunadapraia\"}}]}<\/script>\n<!-- \/ Yoast SEO plugin. -->","wps_subtitle":"","_links":{"self":[{"href":"https:\/\/tribunadapraia.com.br\/index.php?rest_route=\/wp\/v2\/posts\/5086"}],"collection":[{"href":"https:\/\/tribunadapraia.com.br\/index.php?rest_route=\/wp\/v2\/posts"}],"about":[{"href":"https:\/\/tribunadapraia.com.br\/index.php?rest_route=\/wp\/v2\/types\/post"}],"author":[{"embeddable":true,"href":"https:\/\/tribunadapraia.com.br\/index.php?rest_route=\/wp\/v2\/users\/1"}],"replies":[{"embeddable":true,"href":"https:\/\/tribunadapraia.com.br\/index.php?rest_route=%2Fwp%2Fv2%2Fcomments&post=5086"}],"version-history":[{"count":3,"href":"https:\/\/tribunadapraia.com.br\/index.php?rest_route=\/wp\/v2\/posts\/5086\/revisions"}],"predecessor-version":[{"id":5091,"href":"https:\/\/tribunadapraia.com.br\/index.php?rest_route=\/wp\/v2\/posts\/5086\/revisions\/5091"}],"wp:featuredmedia":[{"embeddable":true,"href":"https:\/\/tribunadapraia.com.br\/index.php?rest_route=\/wp\/v2\/media\/5087"}],"wp:attachment":[{"href":"https:\/\/tribunadapraia.com.br\/index.php?rest_route=%2Fwp%2Fv2%2Fmedia&parent=5086"}],"wp:term":[{"taxonomy":"category","embeddable":true,"href":"https:\/\/tribunadapraia.com.br\/index.php?rest_route=%2Fwp%2Fv2%2Fcategories&post=5086"},{"taxonomy":"post_tag","embeddable":true,"href":"https:\/\/tribunadapraia.com.br\/index.php?rest_route=%2Fwp%2Fv2%2Ftags&post=5086"}],"curies":[{"name":"wp","href":"https:\/\/api.w.org\/{rel}","templated":true}]}}