{"id":5069,"date":"2022-09-27T12:43:54","date_gmt":"2022-09-27T15:43:54","guid":{"rendered":"https:\/\/tribunadapraia.com.br\/?p=5069"},"modified":"2022-09-27T02:56:18","modified_gmt":"2022-09-27T05:56:18","slug":"audio-entrevista-com-elinos-sabino-candidato-do-pstu-e-polo-socialista-e-revolucionario-ao-governo-de-sergipe","status":"publish","type":"post","link":"https:\/\/tribunadapraia.com.br\/?p=5069","title":{"rendered":"\u00c1udio: Entrevista com ELINOS SABINO, candidato do PSTU e Polo Socialista e Revolucion\u00e1rio ao Governo de Sergipe"},"content":{"rendered":"<p>O candidato do PSTU e do Polo Socialista e Revolucion\u00e1rio ao Governo de Sergipe, ELINOS SABINO, concedeu na manh\u00e3 desta ter\u00e7a-feira, 27, entrevista ao programa A VOZ DO POVO, apresentado por ClaudOmir Herzog, aqui na web r\u00e1dio TRIBUNA DA PRAIA, uma trincheira em defesa da sociedade.. Nesta reta final da campanha pol\u00edtica-eleitoral, o candidato fez um balan\u00e7o da caminhada, da apresenta\u00e7\u00e3o de propostas, como estas chegaram a sociedade sergipana e dos resultados pol\u00edticos que espera colher.<\/p>\n<p>Confira abaixo os \u00e1udios dos tr\u00eas blocos que integram esta entrevista que ser\u00e1 reapresada logo mais \u00e0s 18 horas na 2\u00aa edi\u00e7\u00e3o do programa, mas que disponibizanos ao conjunto de nossos leitores e ouvintes:<\/p>\n<!--[if lt IE 9]><script>document.createElement('audio');<\/script><![endif]-->\n<audio class=\"wp-audio-shortcode\" id=\"audio-5069-1\" preload=\"none\" style=\"width: 100%;\" controls=\"controls\"><source type=\"audio\/mpeg\" src=\"https:\/\/tribunadapraia.com.br\/wp-content\/uploads\/2022\/09\/ELINOS-1.mp3?_=1\" \/><a href=\"https:\/\/tribunadapraia.com.br\/wp-content\/uploads\/2022\/09\/ELINOS-1.mp3\">https:\/\/tribunadapraia.com.br\/wp-content\/uploads\/2022\/09\/ELINOS-1.mp3<\/a><\/audio>\n<audio class=\"wp-audio-shortcode\" id=\"audio-5069-2\" preload=\"none\" style=\"width: 100%;\" controls=\"controls\"><source type=\"audio\/mpeg\" src=\"https:\/\/tribunadapraia.com.br\/wp-content\/uploads\/2022\/09\/ELINOS-2.mp3?_=2\" \/><a href=\"https:\/\/tribunadapraia.com.br\/wp-content\/uploads\/2022\/09\/ELINOS-2.mp3\">https:\/\/tribunadapraia.com.br\/wp-content\/uploads\/2022\/09\/ELINOS-2.mp3<\/a><\/audio>\n<audio class=\"wp-audio-shortcode\" id=\"audio-5069-3\" preload=\"none\" style=\"width: 100%;\" controls=\"controls\"><source type=\"audio\/mpeg\" src=\"https:\/\/tribunadapraia.com.br\/wp-content\/uploads\/2022\/09\/ELINOS-3.mp3?_=3\" \/><a href=\"https:\/\/tribunadapraia.com.br\/wp-content\/uploads\/2022\/09\/ELINOS-3.mp3\">https:\/\/tribunadapraia.com.br\/wp-content\/uploads\/2022\/09\/ELINOS-3.mp3<\/a><\/audio>\n","protected":false},"excerpt":{"rendered":"<p>O candidato do PSTU e do Polo Socialista e Revolucion\u00e1rio ao Governo de Sergipe, ELINOS SABINO, concedeu na manh\u00e3 desta ter\u00e7a-feira, 27, entrevista ao programa A VOZ DO POVO, apresentado por ClaudOmir Herzog, aqui na web r\u00e1dio TRIBUNA DA PRAIA, uma trincheira em defesa da sociedade.. Nesta reta final da campanha pol\u00edtica-eleitoral, o candidato fez um balan\u00e7o da caminhada, da apresenta\u00e7\u00e3o de propostas, como estas chegaram a sociedade sergipana e<\/p>\n","protected":false},"author":1,"featured_media":5071,"comment_status":"open","ping_status":"open","sticky":false,"template":"","format":"standard","meta":[],"categories":[18],"tags":[],"yoast_head":"<!-- This site is optimized with the Yoast SEO plugin v16.3 - https:\/\/yoast.com\/wordpress\/plugins\/seo\/ -->\n<title>\u00c1udio: Entrevista com ELINOS SABINO, candidato do PSTU e Polo Socialista e Revolucion\u00e1rio ao Governo de Sergipe - TRIBUNA DA PRAIA<\/title>\n<meta name=\"robots\" content=\"index, follow, max-snippet:-1, max-image-preview:large, max-video-preview:-1\" \/>\n<link rel=\"canonical\" href=\"https:\/\/tribunadapraia.com.br\/?p=5069\" \/>\n<meta property=\"og:locale\" content=\"pt_BR\" \/>\n<meta property=\"og:type\" content=\"article\" \/>\n<meta property=\"og:title\" content=\"\u00c1udio: Entrevista com ELINOS SABINO, candidato do PSTU e Polo Socialista e Revolucion\u00e1rio ao Governo de Sergipe - TRIBUNA DA PRAIA\" \/>\n<meta property=\"og:description\" content=\"O candidato do PSTU e do Polo Socialista e Revolucion\u00e1rio ao Governo de Sergipe, ELINOS SABINO, concedeu na manh\u00e3 desta ter\u00e7a-feira, 27, entrevista ao programa A VOZ DO POVO, apresentado por ClaudOmir Herzog, aqui na web r\u00e1dio TRIBUNA DA PRAIA, uma trincheira em defesa da sociedade.. Nesta reta final da campanha pol\u00edtica-eleitoral, o candidato fez um balan\u00e7o da caminhada, da apresenta\u00e7\u00e3o de propostas, como estas chegaram a sociedade sergipana e\" \/>\n<meta property=\"og:url\" content=\"https:\/\/tribunadapraia.com.br\/?p=5069\" \/>\n<meta property=\"og:site_name\" content=\"TRIBUNA DA PRAIA\" \/>\n<meta property=\"article:publisher\" content=\"https:\/\/www.facebook.com\/tribunadapraiaonline\/\" \/>\n<meta property=\"article:published_time\" content=\"2022-09-27T15:43:54+00:00\" \/>\n<meta property=\"article:modified_time\" content=\"2022-09-27T05:56:18+00:00\" \/>\n<meta property=\"og:image\" content=\"https:\/\/tribunadapraia.com.br\/wp-content\/uploads\/2022\/09\/bc2afd5a6eac897b.jpeg\" \/>\n\t<meta property=\"og:image:width\" content=\"1280\" \/>\n\t<meta property=\"og:image:height\" content=\"960\" \/>\n<meta name=\"twitter:card\" content=\"summary_large_image\" \/>\n<meta name=\"twitter:creator\" content=\"@Claudomir21\" \/>\n<meta name=\"twitter:site\" content=\"@Claudomir21\" \/>\n<meta name=\"twitter:label1\" content=\"Est. tempo de leitura\">\n\t<meta name=\"twitter:data1\" content=\"1 minuto\">\n<script type=\"application\/ld+json\" class=\"yoast-schema-graph\">{\"@context\":\"https:\/\/schema.org\",\"@graph\":[{\"@type\":\"Organization\",\"@id\":\"https:\/\/tribunadapraia.com.br\/#organization\",\"name\":\"Tribuna da Praia\",\"url\":\"https:\/\/tribunadapraia.com.br\/\",\"sameAs\":[\"https:\/\/www.facebook.com\/tribunadapraiaonline\/\",\"https:\/\/www.instagram.com\/claudomirtavares\/\",\"https:\/\/www.youtube.com\/channel\/UCwQf80nxiMzCefAyjbp53Rw\",\"https:\/\/twitter.com\/Claudomir21\"],\"logo\":{\"@type\":\"ImageObject\",\"@id\":\"https:\/\/tribunadapraia.com.br\/#logo\",\"inLanguage\":\"pt-BR\",\"url\":\"https:\/\/tribunadapraia.com.br\/wp-content\/uploads\/2020\/02\/logo.png\",\"contentUrl\":\"https:\/\/tribunadapraia.com.br\/wp-content\/uploads\/2020\/02\/logo.png\",\"width\":501,\"height\":121,\"caption\":\"Tribuna da Praia\"},\"image\":{\"@id\":\"https:\/\/tribunadapraia.com.br\/#logo\"}},{\"@type\":\"WebSite\",\"@id\":\"https:\/\/tribunadapraia.com.br\/#website\",\"url\":\"https:\/\/tribunadapraia.com.br\/\",\"name\":\"TRIBUNA DA PRAIA\",\"description\":\"O 1\\u00ba jornal do interior de Sergipe na internet\",\"publisher\":{\"@id\":\"https:\/\/tribunadapraia.com.br\/#organization\"},\"potentialAction\":[{\"@type\":\"SearchAction\",\"target\":\"https:\/\/tribunadapraia.com.br\/?s={search_term_string}\",\"query-input\":\"required name=search_term_string\"}],\"inLanguage\":\"pt-BR\"},{\"@type\":\"ImageObject\",\"@id\":\"https:\/\/tribunadapraia.com.br\/?p=5069#primaryimage\",\"inLanguage\":\"pt-BR\",\"url\":\"https:\/\/tribunadapraia.com.br\/wp-content\/uploads\/2022\/09\/bc2afd5a6eac897b.jpeg\",\"contentUrl\":\"https:\/\/tribunadapraia.com.br\/wp-content\/uploads\/2022\/09\/bc2afd5a6eac897b.jpeg\",\"width\":1280,\"height\":960},{\"@type\":\"WebPage\",\"@id\":\"https:\/\/tribunadapraia.com.br\/?p=5069#webpage\",\"url\":\"https:\/\/tribunadapraia.com.br\/?p=5069\",\"name\":\"\\u00c1udio: Entrevista com ELINOS SABINO, candidato do PSTU e Polo Socialista e Revolucion\\u00e1rio ao Governo de Sergipe - TRIBUNA DA PRAIA\",\"isPartOf\":{\"@id\":\"https:\/\/tribunadapraia.com.br\/#website\"},\"primaryImageOfPage\":{\"@id\":\"https:\/\/tribunadapraia.com.br\/?p=5069#primaryimage\"},\"datePublished\":\"2022-09-27T15:43:54+00:00\",\"dateModified\":\"2022-09-27T05:56:18+00:00\",\"breadcrumb\":{\"@id\":\"https:\/\/tribunadapraia.com.br\/?p=5069#breadcrumb\"},\"inLanguage\":\"pt-BR\",\"potentialAction\":[{\"@type\":\"ReadAction\",\"target\":[\"https:\/\/tribunadapraia.com.br\/?p=5069\"]}]},{\"@type\":\"BreadcrumbList\",\"@id\":\"https:\/\/tribunadapraia.com.br\/?p=5069#breadcrumb\",\"itemListElement\":[{\"@type\":\"ListItem\",\"position\":1,\"item\":{\"@type\":\"WebPage\",\"@id\":\"https:\/\/tribunadapraia.com.br\/\",\"url\":\"https:\/\/tribunadapraia.com.br\/\",\"name\":\"In\\u00edcio\"}},{\"@type\":\"ListItem\",\"position\":2,\"item\":{\"@id\":\"https:\/\/tribunadapraia.com.br\/?p=5069#webpage\"}}]},{\"@type\":\"Article\",\"@id\":\"https:\/\/tribunadapraia.com.br\/?p=5069#article\",\"isPartOf\":{\"@id\":\"https:\/\/tribunadapraia.com.br\/?p=5069#webpage\"},\"author\":{\"@id\":\"https:\/\/tribunadapraia.com.br\/#\/schema\/person\/326b0a9f3163b479142c64eba4928de0\"},\"headline\":\"\\u00c1udio: Entrevista com ELINOS SABINO, candidato do PSTU e Polo Socialista e Revolucion\\u00e1rio ao Governo de Sergipe\",\"datePublished\":\"2022-09-27T15:43:54+00:00\",\"dateModified\":\"2022-09-27T05:56:18+00:00\",\"mainEntityOfPage\":{\"@id\":\"https:\/\/tribunadapraia.com.br\/?p=5069#webpage\"},\"wordCount\":167,\"commentCount\":0,\"publisher\":{\"@id\":\"https:\/\/tribunadapraia.com.br\/#organization\"},\"image\":{\"@id\":\"https:\/\/tribunadapraia.com.br\/?p=5069#primaryimage\"},\"thumbnailUrl\":\"https:\/\/tribunadapraia.com.br\/wp-content\/uploads\/2022\/09\/bc2afd5a6eac897b.jpeg\",\"articleSection\":[\"Not\\u00edcias\"],\"inLanguage\":\"pt-BR\",\"potentialAction\":[{\"@type\":\"CommentAction\",\"name\":\"Comment\",\"target\":[\"https:\/\/tribunadapraia.com.br\/?p=5069#respond\"]}]},{\"@type\":\"Person\",\"@id\":\"https:\/\/tribunadapraia.com.br\/#\/schema\/person\/326b0a9f3163b479142c64eba4928de0\",\"name\":\"tribunadapraia\",\"image\":{\"@type\":\"ImageObject\",\"@id\":\"https:\/\/tribunadapraia.com.br\/#personlogo\",\"inLanguage\":\"pt-BR\",\"url\":\"https:\/\/secure.gravatar.com\/avatar\/38b019c74762496076b7355024a0dad9?s=96&d=identicon&r=g\",\"contentUrl\":\"https:\/\/secure.gravatar.com\/avatar\/38b019c74762496076b7355024a0dad9?s=96&d=identicon&r=g\",\"caption\":\"tribunadapraia\"}}]}<\/script>\n<!-- \/ Yoast SEO plugin. -->","wps_subtitle":"","_links":{"self":[{"href":"https:\/\/tribunadapraia.com.br\/index.php?rest_route=\/wp\/v2\/posts\/5069"}],"collection":[{"href":"https:\/\/tribunadapraia.com.br\/index.php?rest_route=\/wp\/v2\/posts"}],"about":[{"href":"https:\/\/tribunadapraia.com.br\/index.php?rest_route=\/wp\/v2\/types\/post"}],"author":[{"embeddable":true,"href":"https:\/\/tribunadapraia.com.br\/index.php?rest_route=\/wp\/v2\/users\/1"}],"replies":[{"embeddable":true,"href":"https:\/\/tribunadapraia.com.br\/index.php?rest_route=%2Fwp%2Fv2%2Fcomments&post=5069"}],"version-history":[{"count":3,"href":"https:\/\/tribunadapraia.com.br\/index.php?rest_route=\/wp\/v2\/posts\/5069\/revisions"}],"predecessor-version":[{"id":5076,"href":"https:\/\/tribunadapraia.com.br\/index.php?rest_route=\/wp\/v2\/posts\/5069\/revisions\/5076"}],"wp:featuredmedia":[{"embeddable":true,"href":"https:\/\/tribunadapraia.com.br\/index.php?rest_route=\/wp\/v2\/media\/5071"}],"wp:attachment":[{"href":"https:\/\/tribunadapraia.com.br\/index.php?rest_route=%2Fwp%2Fv2%2Fmedia&parent=5069"}],"wp:term":[{"taxonomy":"category","embeddable":true,"href":"https:\/\/tribunadapraia.com.br\/index.php?rest_route=%2Fwp%2Fv2%2Fcategories&post=5069"},{"taxonomy":"post_tag","embeddable":true,"href":"https:\/\/tribunadapraia.com.br\/index.php?rest_route=%2Fwp%2Fv2%2Ftags&post=5069"}],"curies":[{"name":"wp","href":"https:\/\/api.w.org\/{rel}","templated":true}]}}