{"id":5045,"date":"2022-09-22T10:35:04","date_gmt":"2022-09-22T13:35:04","guid":{"rendered":"https:\/\/tribunadapraia.com.br\/?p=5045"},"modified":"2022-09-22T10:37:34","modified_gmt":"2022-09-22T13:37:34","slug":"nota-de-esclarecimento-sobre-bloqueios-de-auxilio-emergencial","status":"publish","type":"post","link":"https:\/\/tribunadapraia.com.br\/?p=5045","title":{"rendered":"Nota de Esclarecimento &#8211; sobre bloqueios de Aux\u00edlio Emerg\u00eancial"},"content":{"rendered":"<!--[if lt IE 9]><script>document.createElement('audio');<\/script><![endif]-->\n<audio class=\"wp-audio-shortcode\" id=\"audio-5045-1\" preload=\"none\" style=\"width: 100%;\" controls=\"controls\"><source type=\"audio\/mpeg\" src=\"https:\/\/tribunadapraia.com.br\/wp-content\/uploads\/2022\/09\/Mulheres-maes-de-familias-protestam-em-frente-ao-CRAS-de-Pirambu.mp3?_=1\" \/><a href=\"https:\/\/tribunadapraia.com.br\/wp-content\/uploads\/2022\/09\/Mulheres-maes-de-familias-protestam-em-frente-ao-CRAS-de-Pirambu.mp3\">https:\/\/tribunadapraia.com.br\/wp-content\/uploads\/2022\/09\/Mulheres-maes-de-familias-protestam-em-frente-ao-CRAS-de-Pirambu.mp3<\/a><\/audio>\n<p>Referente aos boatos que est\u00e3o ocorrendo sobre bloqueios de Aux\u00edlio Emerg\u00eancial, supostamente realizados pelo CRAS de Pirambu, a Prefeitura Municipal, por meio da Secretaria de Assist\u00eancia Social, esclarece que: A informa\u00e7\u00e3o n\u00e3o procede! As marisqueiras e pescadores artesanais sabem que no per\u00edodo de recebimento do Seguro Defeso, existe a suspens\u00e3o do benef\u00edcio Aux\u00edlio Brasil, esta tarefa \u00e9 atribu\u00edda pelo Minist\u00e9rio da Cidadania, uma vez que a suspens\u00e3o \u00e9 de acordo com o mesmo n\u00famero de meses que a fam\u00edlia o recebeu. O usu\u00e1rio recebe o seguro por 03 meses. Provavelmente, a suspens\u00e3o do Aux\u00edlio Brasil ser\u00e1 por 90 dias, ou seja, enquanto recebe um Programa, n\u00e3o pode receber um outro. O minist\u00e9rio da Cidadania explica que em alguns casos, a suspens\u00e3o do Auxilio Brasil est\u00e1 acontecendo nas fam\u00edlias que receberam o Seguro Defeso em anos anteriores, ou seja, que receberam os dois benef\u00edcios, portanto existe a suspens\u00e3o retroativa. Vale lembrar que as atribui\u00e7\u00f5es do CRAS, competem a colher informa\u00e7\u00f5es documentais e socioecon\u00f4mica das fam\u00edlias, ao mesmo tempo, que s\u00e3o inseridas no sistema do Minist\u00e9rio. No entanto, o Governo Federal, juntamente com o Minist\u00e9rio da Cidadania e Economia, fazem a triagem das informa\u00e7\u00f5es contidas no sistema, em seguida a suspens\u00e3o dos benef\u00edcios.<\/p>\n<p><strong>\u25a0 Observa\u00e7\u00e3o<\/strong><\/p>\n<p>Todas as marisqueiras e pescadores artesanais est\u00e3o cientes de todas estas informa\u00e7\u00f5es, por\u00e9m n\u00e3o d\u00e3o a credibilidade necess\u00e1ria. N\u00e3o somente o munic\u00edpio de Pirambu, como os demais que possuem atividade econ\u00f4mica, a pesca de encontra na mesma situa\u00e7\u00e3o.<\/p>\n<ul>\n<li><span style=\"color: #ff6600;\">Com informa\u00e7\u00f5es daSecom\/Pirambu<\/span><\/li>\n<\/ul>\n","protected":false},"excerpt":{"rendered":"<p>Referente aos boatos que est\u00e3o ocorrendo sobre bloqueios de Aux\u00edlio Emerg\u00eancial, supostamente realizados pelo CRAS de Pirambu, a Prefeitura Municipal, por meio da Secretaria de Assist\u00eancia Social, esclarece que: A informa\u00e7\u00e3o n\u00e3o procede! As marisqueiras e pescadores artesanais sabem que no per\u00edodo de recebimento do Seguro Defeso, existe a suspens\u00e3o do benef\u00edcio Aux\u00edlio Brasil, esta tarefa \u00e9 atribu\u00edda pelo Minist\u00e9rio da Cidadania, uma vez que a suspens\u00e3o \u00e9 de acordo<\/p>\n","protected":false},"author":1,"featured_media":5046,"comment_status":"open","ping_status":"open","sticky":false,"template":"","format":"standard","meta":[],"categories":[18],"tags":[],"yoast_head":"<!-- This site is optimized with the Yoast SEO plugin v16.3 - https:\/\/yoast.com\/wordpress\/plugins\/seo\/ -->\n<title>Nota de Esclarecimento - sobre bloqueios de Aux\u00edlio Emerg\u00eancial - TRIBUNA DA PRAIA<\/title>\n<meta name=\"robots\" content=\"index, follow, max-snippet:-1, max-image-preview:large, max-video-preview:-1\" \/>\n<link rel=\"canonical\" href=\"https:\/\/tribunadapraia.com.br\/?p=5045\" \/>\n<meta property=\"og:locale\" content=\"pt_BR\" \/>\n<meta property=\"og:type\" content=\"article\" \/>\n<meta property=\"og:title\" content=\"Nota de Esclarecimento - sobre bloqueios de Aux\u00edlio Emerg\u00eancial - TRIBUNA DA PRAIA\" \/>\n<meta property=\"og:description\" content=\"Referente aos boatos que est\u00e3o ocorrendo sobre bloqueios de Aux\u00edlio Emerg\u00eancial, supostamente realizados pelo CRAS de Pirambu, a Prefeitura Municipal, por meio da Secretaria de Assist\u00eancia Social, esclarece que: A informa\u00e7\u00e3o n\u00e3o procede! As marisqueiras e pescadores artesanais sabem que no per\u00edodo de recebimento do Seguro Defeso, existe a suspens\u00e3o do benef\u00edcio Aux\u00edlio Brasil, esta tarefa \u00e9 atribu\u00edda pelo Minist\u00e9rio da Cidadania, uma vez que a suspens\u00e3o \u00e9 de acordo\" \/>\n<meta property=\"og:url\" content=\"https:\/\/tribunadapraia.com.br\/?p=5045\" \/>\n<meta property=\"og:site_name\" content=\"TRIBUNA DA PRAIA\" \/>\n<meta property=\"article:publisher\" content=\"https:\/\/www.facebook.com\/tribunadapraiaonline\/\" \/>\n<meta property=\"article:published_time\" content=\"2022-09-22T13:35:04+00:00\" \/>\n<meta property=\"article:modified_time\" content=\"2022-09-22T13:37:34+00:00\" \/>\n<meta property=\"og:image\" content=\"https:\/\/tribunadapraia.com.br\/wp-content\/uploads\/2022\/09\/image.jpeg\" \/>\n\t<meta property=\"og:image:width\" content=\"1440\" \/>\n\t<meta property=\"og:image:height\" content=\"810\" \/>\n<meta name=\"twitter:card\" content=\"summary_large_image\" \/>\n<meta name=\"twitter:creator\" content=\"@Claudomir21\" \/>\n<meta name=\"twitter:site\" content=\"@Claudomir21\" \/>\n<meta name=\"twitter:label1\" content=\"Est. tempo de leitura\">\n\t<meta name=\"twitter:data1\" content=\"2 minutos\">\n<script type=\"application\/ld+json\" class=\"yoast-schema-graph\">{\"@context\":\"https:\/\/schema.org\",\"@graph\":[{\"@type\":\"Organization\",\"@id\":\"https:\/\/tribunadapraia.com.br\/#organization\",\"name\":\"Tribuna da Praia\",\"url\":\"https:\/\/tribunadapraia.com.br\/\",\"sameAs\":[\"https:\/\/www.facebook.com\/tribunadapraiaonline\/\",\"https:\/\/www.instagram.com\/claudomirtavares\/\",\"https:\/\/www.youtube.com\/channel\/UCwQf80nxiMzCefAyjbp53Rw\",\"https:\/\/twitter.com\/Claudomir21\"],\"logo\":{\"@type\":\"ImageObject\",\"@id\":\"https:\/\/tribunadapraia.com.br\/#logo\",\"inLanguage\":\"pt-BR\",\"url\":\"https:\/\/tribunadapraia.com.br\/wp-content\/uploads\/2020\/02\/logo.png\",\"contentUrl\":\"https:\/\/tribunadapraia.com.br\/wp-content\/uploads\/2020\/02\/logo.png\",\"width\":501,\"height\":121,\"caption\":\"Tribuna da Praia\"},\"image\":{\"@id\":\"https:\/\/tribunadapraia.com.br\/#logo\"}},{\"@type\":\"WebSite\",\"@id\":\"https:\/\/tribunadapraia.com.br\/#website\",\"url\":\"https:\/\/tribunadapraia.com.br\/\",\"name\":\"TRIBUNA DA PRAIA\",\"description\":\"O 1\\u00ba jornal do interior de Sergipe na internet\",\"publisher\":{\"@id\":\"https:\/\/tribunadapraia.com.br\/#organization\"},\"potentialAction\":[{\"@type\":\"SearchAction\",\"target\":\"https:\/\/tribunadapraia.com.br\/?s={search_term_string}\",\"query-input\":\"required name=search_term_string\"}],\"inLanguage\":\"pt-BR\"},{\"@type\":\"ImageObject\",\"@id\":\"https:\/\/tribunadapraia.com.br\/?p=5045#primaryimage\",\"inLanguage\":\"pt-BR\",\"url\":\"https:\/\/tribunadapraia.com.br\/wp-content\/uploads\/2022\/09\/image.jpeg\",\"contentUrl\":\"https:\/\/tribunadapraia.com.br\/wp-content\/uploads\/2022\/09\/image.jpeg\",\"width\":1440,\"height\":810},{\"@type\":\"WebPage\",\"@id\":\"https:\/\/tribunadapraia.com.br\/?p=5045#webpage\",\"url\":\"https:\/\/tribunadapraia.com.br\/?p=5045\",\"name\":\"Nota de Esclarecimento - sobre bloqueios de Aux\\u00edlio Emerg\\u00eancial - TRIBUNA DA PRAIA\",\"isPartOf\":{\"@id\":\"https:\/\/tribunadapraia.com.br\/#website\"},\"primaryImageOfPage\":{\"@id\":\"https:\/\/tribunadapraia.com.br\/?p=5045#primaryimage\"},\"datePublished\":\"2022-09-22T13:35:04+00:00\",\"dateModified\":\"2022-09-22T13:37:34+00:00\",\"breadcrumb\":{\"@id\":\"https:\/\/tribunadapraia.com.br\/?p=5045#breadcrumb\"},\"inLanguage\":\"pt-BR\",\"potentialAction\":[{\"@type\":\"ReadAction\",\"target\":[\"https:\/\/tribunadapraia.com.br\/?p=5045\"]}]},{\"@type\":\"BreadcrumbList\",\"@id\":\"https:\/\/tribunadapraia.com.br\/?p=5045#breadcrumb\",\"itemListElement\":[{\"@type\":\"ListItem\",\"position\":1,\"item\":{\"@type\":\"WebPage\",\"@id\":\"https:\/\/tribunadapraia.com.br\/\",\"url\":\"https:\/\/tribunadapraia.com.br\/\",\"name\":\"In\\u00edcio\"}},{\"@type\":\"ListItem\",\"position\":2,\"item\":{\"@id\":\"https:\/\/tribunadapraia.com.br\/?p=5045#webpage\"}}]},{\"@type\":\"Article\",\"@id\":\"https:\/\/tribunadapraia.com.br\/?p=5045#article\",\"isPartOf\":{\"@id\":\"https:\/\/tribunadapraia.com.br\/?p=5045#webpage\"},\"author\":{\"@id\":\"https:\/\/tribunadapraia.com.br\/#\/schema\/person\/326b0a9f3163b479142c64eba4928de0\"},\"headline\":\"Nota de Esclarecimento &#8211; sobre bloqueios de Aux\\u00edlio Emerg\\u00eancial\",\"datePublished\":\"2022-09-22T13:35:04+00:00\",\"dateModified\":\"2022-09-22T13:37:34+00:00\",\"mainEntityOfPage\":{\"@id\":\"https:\/\/tribunadapraia.com.br\/?p=5045#webpage\"},\"wordCount\":308,\"commentCount\":0,\"publisher\":{\"@id\":\"https:\/\/tribunadapraia.com.br\/#organization\"},\"image\":{\"@id\":\"https:\/\/tribunadapraia.com.br\/?p=5045#primaryimage\"},\"thumbnailUrl\":\"https:\/\/tribunadapraia.com.br\/wp-content\/uploads\/2022\/09\/image.jpeg\",\"articleSection\":[\"Not\\u00edcias\"],\"inLanguage\":\"pt-BR\",\"potentialAction\":[{\"@type\":\"CommentAction\",\"name\":\"Comment\",\"target\":[\"https:\/\/tribunadapraia.com.br\/?p=5045#respond\"]}]},{\"@type\":\"Person\",\"@id\":\"https:\/\/tribunadapraia.com.br\/#\/schema\/person\/326b0a9f3163b479142c64eba4928de0\",\"name\":\"tribunadapraia\",\"image\":{\"@type\":\"ImageObject\",\"@id\":\"https:\/\/tribunadapraia.com.br\/#personlogo\",\"inLanguage\":\"pt-BR\",\"url\":\"https:\/\/secure.gravatar.com\/avatar\/38b019c74762496076b7355024a0dad9?s=96&d=identicon&r=g\",\"contentUrl\":\"https:\/\/secure.gravatar.com\/avatar\/38b019c74762496076b7355024a0dad9?s=96&d=identicon&r=g\",\"caption\":\"tribunadapraia\"}}]}<\/script>\n<!-- \/ Yoast SEO plugin. -->","wps_subtitle":"","_links":{"self":[{"href":"https:\/\/tribunadapraia.com.br\/index.php?rest_route=\/wp\/v2\/posts\/5045"}],"collection":[{"href":"https:\/\/tribunadapraia.com.br\/index.php?rest_route=\/wp\/v2\/posts"}],"about":[{"href":"https:\/\/tribunadapraia.com.br\/index.php?rest_route=\/wp\/v2\/types\/post"}],"author":[{"embeddable":true,"href":"https:\/\/tribunadapraia.com.br\/index.php?rest_route=\/wp\/v2\/users\/1"}],"replies":[{"embeddable":true,"href":"https:\/\/tribunadapraia.com.br\/index.php?rest_route=%2Fwp%2Fv2%2Fcomments&post=5045"}],"version-history":[{"count":3,"href":"https:\/\/tribunadapraia.com.br\/index.php?rest_route=\/wp\/v2\/posts\/5045\/revisions"}],"predecessor-version":[{"id":5050,"href":"https:\/\/tribunadapraia.com.br\/index.php?rest_route=\/wp\/v2\/posts\/5045\/revisions\/5050"}],"wp:featuredmedia":[{"embeddable":true,"href":"https:\/\/tribunadapraia.com.br\/index.php?rest_route=\/wp\/v2\/media\/5046"}],"wp:attachment":[{"href":"https:\/\/tribunadapraia.com.br\/index.php?rest_route=%2Fwp%2Fv2%2Fmedia&parent=5045"}],"wp:term":[{"taxonomy":"category","embeddable":true,"href":"https:\/\/tribunadapraia.com.br\/index.php?rest_route=%2Fwp%2Fv2%2Fcategories&post=5045"},{"taxonomy":"post_tag","embeddable":true,"href":"https:\/\/tribunadapraia.com.br\/index.php?rest_route=%2Fwp%2Fv2%2Ftags&post=5045"}],"curies":[{"name":"wp","href":"https:\/\/api.w.org\/{rel}","templated":true}]}}