{"id":5036,"date":"2022-09-21T10:13:01","date_gmt":"2022-09-21T13:13:01","guid":{"rendered":"https:\/\/tribunadapraia.com.br\/?p=5036"},"modified":"2022-09-21T10:19:26","modified_gmt":"2022-09-21T13:19:26","slug":"gibas-um-concerto-para-gilberto-santos-encanta-se-o-imortal-musico-poeta-conselheiro-e-lutador-do-povo-japaratubense","status":"publish","type":"post","link":"https:\/\/tribunadapraia.com.br\/?p=5036","title":{"rendered":"GIBAS: Um concerto para Gilberto Santos, encanta-se o imortal m\u00fasico, poeta, conselheiro e lutador do povo japaratubense"},"content":{"rendered":"<p>A web r\u00e1dio Tribuna da Praia prestar\u00e1 \u00e0s 11 horas desta quarta-feira, 21, uma homenagem p\u00f3stuma a uma das mais expressivas personalidades de sua gera\u00e7\u00e3o e que ao longo desta sete d\u00e9cadas (1952 &#8211; 2022) esteve presente de forma sistem\u00e1tica em importantes momentos da hist\u00f3ria socio-cultural da &#8220;miss\u00e3o&#8221; de Japaratuba. Gilberto Santos partiu ontem, 20, encantou-se, deixando um legado de incalcul\u00e1vel valor, enlutando a terra de Garcia Rosa, de Bispo do Ros\u00e1rio, de Maria de Souza Campos, do Padre Gerard Olivier e tantos valorosos &#8220;devotos&#8221; do cacique cujo nome empresta ao munic\u00edpio.<\/p>\n<p><img loading=\"lazy\" class=\"size-medium wp-image-5039 alignleft\" src=\"https:\/\/tribunadapraia.com.br\/wp-content\/uploads\/2022\/09\/IMG-20220920-WA0134-200x300.jpg\" alt=\"\" width=\"200\" height=\"300\" srcset=\"https:\/\/tribunadapraia.com.br\/wp-content\/uploads\/2022\/09\/IMG-20220920-WA0134-200x300.jpg 200w, https:\/\/tribunadapraia.com.br\/wp-content\/uploads\/2022\/09\/IMG-20220920-WA0134-683x1024.jpg 683w, https:\/\/tribunadapraia.com.br\/wp-content\/uploads\/2022\/09\/IMG-20220920-WA0134-768x1152.jpg 768w, https:\/\/tribunadapraia.com.br\/wp-content\/uploads\/2022\/09\/IMG-20220920-WA0134.jpg 1000w\" sizes=\"(max-width: 200px) 100vw, 200px\" \/>Conheci Gilberto Santos atrav\u00e9s de um amigo em comum, Z\u00e9 Melo, assim como ele j\u00e1 em plano superior. Atualmente servidor p\u00fablico federal aposentado da Funda\u00e7\u00e3o Nacional de Sa\u00fade (desde que esta era chamava SESP), Gilberto estudou no Gin\u00e1sio Municipal Professor Emiliano Nunes de Moura na d\u00e9cada de 1970, per\u00edodo em que j\u00e1 fazia ecoar as notas na Sociedade Cultural e Musical Santa Teresinha. &#8220;Fomos contempor\u00e2neos do Emiliano, um grande m\u00fasico&#8221;, testemunhou Iv\u00e2nia Pereira, ex-vereadora de Pirambu e presidente licenciada do Sindicato dos Banc\u00e1rios de Sergipe.<\/p>\n<p>Ex\u00edmio poeta, sempre pautando sua obra nos sentimentos e emo\u00e7\u00f5es do cotidiano, foi homenageado em abril de 2014 durante o XVIII Festival de Poesia Falada Poeta Garcia Rosa. Sua obra caberia em estudos sobre a literatura sergipana, classificada em algum momento pelo mesmo como &#8220;aberta, espont\u00e2nea e escrita com o cora\u00e7\u00e3o&#8221;. Utilizava-se Gibas como pseud\u00f4nimo, mas ao l\u00ea sua poesia esta era logo associada a alcunha e tamb\u00e9m ao nome de certid\u00e3o e batismo<\/p>\n<p>Imbu\u00eddo da responsabilidade e compromisso, de imensur\u00e1vel sensibilidade, sua presen\u00e7a em conselhos municipais, a exemplo da Sa\u00fade era uma necess\u00e1ria &#8220;dor de cabe\u00e7a&#8221; para gestores e motivo de orgulho para a sociedade civil por ele representada, o que lhe rendeu o t\u00edtulo popular de &#8220;Senhor dos Conselhos&#8221;. O incans\u00e1vel Gilberto imprimiu seu nome na hist\u00f3ria politica de Japaratuba, sendo um dos quadros do MDB\/PMDB ao lado do expoente Padre Gerard Olivier, tendo sa\u00eddo do conv\u00edvio pol\u00edtico e fundado em 25 de mar\u00e7o de 2012 o PCB, disputado \u00e0s elei\u00e7\u00f5es daquele ano como candidato a vice-prefeiro, preservando a rela\u00e7\u00e3o de respeito pelo amigo. Saiu do PCB, sem nunca renunciar seus princ\u00edpios pelos quais lutou toda a vida, tendo feito op\u00e7\u00e3o pelo PSOL, trilhando sempre os caminhos por uma sociedade mais justa e igualit\u00e1ria.<\/p>\n<p>Junto a um grupo de valorosos artistas, cientistas e intelectuais de sua terra, ajudou a fundar e integrar a Academia Japaratubense de Letras, Artes e Ci\u00eancias, a Casa de Dona. &#8220;Far\u00e1 muita falta, deixar\u00e1 muitas saudades&#8221;, lamentou profundamente abalada a professora e historiadora Geane Correia, presidente da AJLAC.<\/p>\n<p>Em sua homenagem, a R\u00e1dio Tribuna da Praia n\u00e3o levar\u00e1 ao ar na manh\u00e3 desta quarta-feira, 21, o jornal\u00edstico A VOZ DO POVO, por n\u00f3s apresentado, mas veicular\u00e1 um concerto com belas m\u00fasicas cl\u00e1ssicas, m\u00fasicas eruditas, algumas das preferidas de Gilberto.<\/p>\n<p>Em tempo, o sepultamento de Gilberto Santos est\u00e1 previsto para \u00e0s 16 horas no Cemit\u00e9rio Municipal.<\/p>\n<p>Gibas, presente!<\/p>\n<ul>\n<li><span style=\"color: #ff6600;\">Por ClaudOmir Herzog (54), membro Honor\u00e1rio da AJLAC | Foto: Arquivo\/AJLAC<br \/>\n<\/span><\/li>\n<\/ul>\n","protected":false},"excerpt":{"rendered":"<p>A web r\u00e1dio Tribuna da Praia prestar\u00e1 \u00e0s 11 horas desta quarta-feira, 21, uma homenagem p\u00f3stuma a uma das mais expressivas personalidades de sua gera\u00e7\u00e3o e que ao longo desta sete d\u00e9cadas (1952 &#8211; 2022) esteve presente de forma sistem\u00e1tica em importantes momentos da hist\u00f3ria socio-cultural da &#8220;miss\u00e3o&#8221; de Japaratuba. Gilberto Santos partiu ontem, 20, encantou-se, deixando um legado de incalcul\u00e1vel valor, enlutando a terra de Garcia Rosa, de Bispo<\/p>\n","protected":false},"author":3,"featured_media":5038,"comment_status":"open","ping_status":"open","sticky":false,"template":"","format":"standard","meta":[],"categories":[18],"tags":[],"yoast_head":"<!-- This site is optimized with the Yoast SEO plugin v16.3 - https:\/\/yoast.com\/wordpress\/plugins\/seo\/ -->\n<title>GIBAS: Um concerto para Gilberto Santos, encanta-se o imortal m\u00fasico, poeta, conselheiro e lutador do povo japaratubense - TRIBUNA DA PRAIA<\/title>\n<meta name=\"robots\" content=\"index, follow, max-snippet:-1, max-image-preview:large, max-video-preview:-1\" \/>\n<link rel=\"canonical\" href=\"https:\/\/tribunadapraia.com.br\/?p=5036\" \/>\n<meta property=\"og:locale\" content=\"pt_BR\" \/>\n<meta property=\"og:type\" content=\"article\" \/>\n<meta property=\"og:title\" content=\"GIBAS: Um concerto para Gilberto Santos, encanta-se o imortal m\u00fasico, poeta, conselheiro e lutador do povo japaratubense - TRIBUNA DA PRAIA\" \/>\n<meta property=\"og:description\" content=\"A web r\u00e1dio Tribuna da Praia prestar\u00e1 \u00e0s 11 horas desta quarta-feira, 21, uma homenagem p\u00f3stuma a uma das mais expressivas personalidades de sua gera\u00e7\u00e3o e que ao longo desta sete d\u00e9cadas (1952 &#8211; 2022) esteve presente de forma sistem\u00e1tica em importantes momentos da hist\u00f3ria socio-cultural da &#8220;miss\u00e3o&#8221; de Japaratuba. Gilberto Santos partiu ontem, 20, encantou-se, deixando um legado de incalcul\u00e1vel valor, enlutando a terra de Garcia Rosa, de Bispo\" \/>\n<meta property=\"og:url\" content=\"https:\/\/tribunadapraia.com.br\/?p=5036\" \/>\n<meta property=\"og:site_name\" content=\"TRIBUNA DA PRAIA\" \/>\n<meta property=\"article:publisher\" content=\"https:\/\/www.facebook.com\/tribunadapraiaonline\/\" \/>\n<meta property=\"article:published_time\" content=\"2022-09-21T13:13:01+00:00\" \/>\n<meta property=\"article:modified_time\" content=\"2022-09-21T13:19:26+00:00\" \/>\n<meta property=\"og:image\" content=\"https:\/\/tribunadapraia.com.br\/wp-content\/uploads\/2022\/09\/IMG-20220921-WA0067.jpg\" \/>\n\t<meta property=\"og:image:width\" content=\"1000\" \/>\n\t<meta property=\"og:image:height\" content=\"735\" \/>\n<meta name=\"twitter:card\" content=\"summary_large_image\" \/>\n<meta name=\"twitter:creator\" content=\"@Claudomir21\" \/>\n<meta name=\"twitter:site\" content=\"@Claudomir21\" \/>\n<meta name=\"twitter:label1\" content=\"Est. tempo de leitura\">\n\t<meta name=\"twitter:data1\" content=\"3 minutos\">\n<script type=\"application\/ld+json\" class=\"yoast-schema-graph\">{\"@context\":\"https:\/\/schema.org\",\"@graph\":[{\"@type\":\"Organization\",\"@id\":\"https:\/\/tribunadapraia.com.br\/#organization\",\"name\":\"Tribuna da Praia\",\"url\":\"https:\/\/tribunadapraia.com.br\/\",\"sameAs\":[\"https:\/\/www.facebook.com\/tribunadapraiaonline\/\",\"https:\/\/www.instagram.com\/claudomirtavares\/\",\"https:\/\/www.youtube.com\/channel\/UCwQf80nxiMzCefAyjbp53Rw\",\"https:\/\/twitter.com\/Claudomir21\"],\"logo\":{\"@type\":\"ImageObject\",\"@id\":\"https:\/\/tribunadapraia.com.br\/#logo\",\"inLanguage\":\"pt-BR\",\"url\":\"https:\/\/tribunadapraia.com.br\/wp-content\/uploads\/2020\/02\/logo.png\",\"contentUrl\":\"https:\/\/tribunadapraia.com.br\/wp-content\/uploads\/2020\/02\/logo.png\",\"width\":501,\"height\":121,\"caption\":\"Tribuna da Praia\"},\"image\":{\"@id\":\"https:\/\/tribunadapraia.com.br\/#logo\"}},{\"@type\":\"WebSite\",\"@id\":\"https:\/\/tribunadapraia.com.br\/#website\",\"url\":\"https:\/\/tribunadapraia.com.br\/\",\"name\":\"TRIBUNA DA PRAIA\",\"description\":\"O 1\\u00ba jornal do interior de Sergipe na internet\",\"publisher\":{\"@id\":\"https:\/\/tribunadapraia.com.br\/#organization\"},\"potentialAction\":[{\"@type\":\"SearchAction\",\"target\":\"https:\/\/tribunadapraia.com.br\/?s={search_term_string}\",\"query-input\":\"required name=search_term_string\"}],\"inLanguage\":\"pt-BR\"},{\"@type\":\"ImageObject\",\"@id\":\"https:\/\/tribunadapraia.com.br\/?p=5036#primaryimage\",\"inLanguage\":\"pt-BR\",\"url\":\"https:\/\/tribunadapraia.com.br\/wp-content\/uploads\/2022\/09\/IMG-20220921-WA0067.jpg\",\"contentUrl\":\"https:\/\/tribunadapraia.com.br\/wp-content\/uploads\/2022\/09\/IMG-20220921-WA0067.jpg\",\"width\":1000,\"height\":735},{\"@type\":\"WebPage\",\"@id\":\"https:\/\/tribunadapraia.com.br\/?p=5036#webpage\",\"url\":\"https:\/\/tribunadapraia.com.br\/?p=5036\",\"name\":\"GIBAS: Um concerto para Gilberto Santos, encanta-se o imortal m\\u00fasico, poeta, conselheiro e lutador do povo japaratubense - TRIBUNA DA PRAIA\",\"isPartOf\":{\"@id\":\"https:\/\/tribunadapraia.com.br\/#website\"},\"primaryImageOfPage\":{\"@id\":\"https:\/\/tribunadapraia.com.br\/?p=5036#primaryimage\"},\"datePublished\":\"2022-09-21T13:13:01+00:00\",\"dateModified\":\"2022-09-21T13:19:26+00:00\",\"breadcrumb\":{\"@id\":\"https:\/\/tribunadapraia.com.br\/?p=5036#breadcrumb\"},\"inLanguage\":\"pt-BR\",\"potentialAction\":[{\"@type\":\"ReadAction\",\"target\":[\"https:\/\/tribunadapraia.com.br\/?p=5036\"]}]},{\"@type\":\"BreadcrumbList\",\"@id\":\"https:\/\/tribunadapraia.com.br\/?p=5036#breadcrumb\",\"itemListElement\":[{\"@type\":\"ListItem\",\"position\":1,\"item\":{\"@type\":\"WebPage\",\"@id\":\"https:\/\/tribunadapraia.com.br\/\",\"url\":\"https:\/\/tribunadapraia.com.br\/\",\"name\":\"In\\u00edcio\"}},{\"@type\":\"ListItem\",\"position\":2,\"item\":{\"@id\":\"https:\/\/tribunadapraia.com.br\/?p=5036#webpage\"}}]},{\"@type\":\"Article\",\"@id\":\"https:\/\/tribunadapraia.com.br\/?p=5036#article\",\"isPartOf\":{\"@id\":\"https:\/\/tribunadapraia.com.br\/?p=5036#webpage\"},\"author\":{\"@id\":\"https:\/\/tribunadapraia.com.br\/#\/schema\/person\/099fbbf59acc5895c0d7d52b4fc46c97\"},\"headline\":\"GIBAS: Um concerto para Gilberto Santos, encanta-se o imortal m\\u00fasico, poeta, conselheiro e lutador do povo japaratubense\",\"datePublished\":\"2022-09-21T13:13:01+00:00\",\"dateModified\":\"2022-09-21T13:19:26+00:00\",\"mainEntityOfPage\":{\"@id\":\"https:\/\/tribunadapraia.com.br\/?p=5036#webpage\"},\"wordCount\":564,\"commentCount\":0,\"publisher\":{\"@id\":\"https:\/\/tribunadapraia.com.br\/#organization\"},\"image\":{\"@id\":\"https:\/\/tribunadapraia.com.br\/?p=5036#primaryimage\"},\"thumbnailUrl\":\"https:\/\/tribunadapraia.com.br\/wp-content\/uploads\/2022\/09\/IMG-20220921-WA0067.jpg\",\"articleSection\":[\"Not\\u00edcias\"],\"inLanguage\":\"pt-BR\",\"potentialAction\":[{\"@type\":\"CommentAction\",\"name\":\"Comment\",\"target\":[\"https:\/\/tribunadapraia.com.br\/?p=5036#respond\"]}]},{\"@type\":\"Person\",\"@id\":\"https:\/\/tribunadapraia.com.br\/#\/schema\/person\/099fbbf59acc5895c0d7d52b4fc46c97\",\"name\":\"Reda\\u00e7\\u00e3o\",\"image\":{\"@type\":\"ImageObject\",\"@id\":\"https:\/\/tribunadapraia.com.br\/#personlogo\",\"inLanguage\":\"pt-BR\",\"url\":\"https:\/\/secure.gravatar.com\/avatar\/91c8b91d2bfd7784eac5c3e055361f64?s=96&d=identicon&r=g\",\"contentUrl\":\"https:\/\/secure.gravatar.com\/avatar\/91c8b91d2bfd7784eac5c3e055361f64?s=96&d=identicon&r=g\",\"caption\":\"Reda\\u00e7\\u00e3o\"}}]}<\/script>\n<!-- \/ Yoast SEO plugin. -->","wps_subtitle":"","_links":{"self":[{"href":"https:\/\/tribunadapraia.com.br\/index.php?rest_route=\/wp\/v2\/posts\/5036"}],"collection":[{"href":"https:\/\/tribunadapraia.com.br\/index.php?rest_route=\/wp\/v2\/posts"}],"about":[{"href":"https:\/\/tribunadapraia.com.br\/index.php?rest_route=\/wp\/v2\/types\/post"}],"author":[{"embeddable":true,"href":"https:\/\/tribunadapraia.com.br\/index.php?rest_route=\/wp\/v2\/users\/3"}],"replies":[{"embeddable":true,"href":"https:\/\/tribunadapraia.com.br\/index.php?rest_route=%2Fwp%2Fv2%2Fcomments&post=5036"}],"version-history":[{"count":3,"href":"https:\/\/tribunadapraia.com.br\/index.php?rest_route=\/wp\/v2\/posts\/5036\/revisions"}],"predecessor-version":[{"id":5044,"href":"https:\/\/tribunadapraia.com.br\/index.php?rest_route=\/wp\/v2\/posts\/5036\/revisions\/5044"}],"wp:featuredmedia":[{"embeddable":true,"href":"https:\/\/tribunadapraia.com.br\/index.php?rest_route=\/wp\/v2\/media\/5038"}],"wp:attachment":[{"href":"https:\/\/tribunadapraia.com.br\/index.php?rest_route=%2Fwp%2Fv2%2Fmedia&parent=5036"}],"wp:term":[{"taxonomy":"category","embeddable":true,"href":"https:\/\/tribunadapraia.com.br\/index.php?rest_route=%2Fwp%2Fv2%2Fcategories&post=5036"},{"taxonomy":"post_tag","embeddable":true,"href":"https:\/\/tribunadapraia.com.br\/index.php?rest_route=%2Fwp%2Fv2%2Ftags&post=5036"}],"curies":[{"name":"wp","href":"https:\/\/api.w.org\/{rel}","templated":true}]}}