{"id":5033,"date":"2022-09-20T03:43:30","date_gmt":"2022-09-20T06:43:30","guid":{"rendered":"https:\/\/tribunadapraia.com.br\/?p=5033"},"modified":"2022-09-20T03:45:16","modified_gmt":"2022-09-20T06:45:16","slug":"eleicoes-2022-segundo-ipec-lula-oscila-para-cima-e-pode-vencer-no-primeiro-turno","status":"publish","type":"post","link":"https:\/\/tribunadapraia.com.br\/?p=5033","title":{"rendered":"ELEI\u00c7\u00d5ES 2022:: Segundo Ipec, Lula oscila para cima e pode vencer no primeiro turno"},"content":{"rendered":"<p><span style=\"color: #ff6600;\"><em>Ex-presidente tem 47% das inten\u00e7\u00f5es de votos; demais candidatos, somados, chegam a 44%<\/em><\/span><\/p>\n<p>Ex-presidente Lula (PT), l\u00edder das pesquisas eleitorais para o Pal\u00e1cio do Planalto &#8211; Ricardo Stuckert<br \/>\nO ex-presidente Luiz In\u00e1cio Lula da Silva (PT) tem chances reais de vit\u00f3ria no primeiro turno das elei\u00e7\u00f5es presidenciais. \u00c9 o que mostra a pesquisa divulgada nesta segunda-feira (19) pelo Ipec (antigo Ibope). Lula oscilou um ponto percentual para cima, e tem agora 47% do total de inten\u00e7\u00f5es de votos na pesquisa estimulada (com apresenta\u00e7\u00e3o dos nomes dos candidatos). A soma dos votos de todas as demais candidaturas \u00e9 44%.<\/p>\n<p>Jair Bolsonaro (PL) tem 31%. Ciro Gomes (PDT) soma 7% e Simone Tebet (MDB) tem 5%. Soraya Thronicke (Uni\u00e3o Brasil) tem 1%. Os demais candidatos n\u00e3o chegaram a 1%. A margem de erro \u00e9 de 2 pontos, para mais ou para menos.<\/p>\n<p>No levantamento anterior, publicado na \u00faltima segunda-feira (12), Lula tinha 46%, seguido por Bolsonaro (31%); Ciro (7%) e Tebet (4%). Os demais somaram 1% cada ou menos. A soma dos votos de todos os advers\u00e1rios, 44%, era inferior \u00e0s inten\u00e7\u00f5es de votos declaradas em Lula, e a diferen\u00e7a estava dentro da margem de erro, ou seja: havia incerteza sobre necessidade ou n\u00e3o de realiza\u00e7\u00e3o de segundo turno.<\/p>\n<p><strong>\u25a0 Espont\u00e2nea<\/strong><\/p>\n<p>Na pesquisa espont\u00e2nea, em que n\u00e3o s\u00e3o apresentados os nomes dos candidatos, Lula passou de 44% na \u00faltima semana para 45% no levantamento desta segunda. Bolsonaro oscilou para baixo: de 30% para 29%. Ciro tem 5%, contra 3% de Tebet. Tamb\u00e9m nesse levantamento, Lula teria a vit\u00f3ria garantida no primeiro turno.<\/p>\n<p>O Ipec tamb\u00e9m registrou crescimento de Lula nas inten\u00e7\u00f5es de votos em um eventual segundo turno contra atual mandat\u00e1rio. Agora, o petista tem 54%, contra 35% do candidato do PL. Na pesquisa da \u00faltima semana, Lula aparecia com 53% das inten\u00e7\u00f5es de voto na segunda volta, contra 36% de Bolsonaro.<\/p>\n<p>A pesquisa Ipec desta semana ouviu 3.008 pessoas entre os dias 13 e 19 de setembro. A margem de erro \u00e9 de dois pontos percentuais para mais ou para menos e o levantamento est\u00e1 registrado no Tribunal Superior Eleitoral (TSE) sob o n\u00fameros BR-00073\/2022.<\/p>\n<p><strong>\u25a0 Lula cresce na pesquisa FSB\/BTG<\/strong><\/p>\n<p>Em outro levantamento publicado nesta segunda-feira (19), Lula subiu tr\u00eas pontos, acima da margem de erro, e chegou a 44% das inten\u00e7\u00f5es de voto na pesquisa FSB\/BTG, na compara\u00e7\u00e3o com pesquisa do mesmo instituto publicada uma semana antes. Bolsonaro estacionou nos 35%, enquanto Ciro e Tebet ca\u00edram, cada um, dois pontos, chegando a 7% e 5%, respectivamente. Thronicke teve 1%, e os demais n\u00e3o pontuaram.<\/p>\n<p><strong>\u25a0 Pesquisa Ipespe: Lula oscila para cima e chega a 45% das inten\u00e7\u00f5es de voto, Bolsonaro tem 35% ::<\/strong><\/p>\n<p>Os dados da FSB\/BTG indicam a possibilidade de um segundo turno entre o atual presidente e o candidato petista. Nesse caso, segundo a mesma pesquisa, Lula venceria com 52% dos votos, contra 39% de Bolsonaro. Cada um subiu um ponto percentual na compara\u00e7\u00e3o com a pesquisa de segundo turno do instituto na semana anterior.<\/p>\n<ul>\n<li><span style=\"color: #ff6600;\">Fonte: Brasil de Fato<\/span><\/li>\n<\/ul>\n","protected":false},"excerpt":{"rendered":"<p>Ex-presidente tem 47% das inten\u00e7\u00f5es de votos; demais candidatos, somados, chegam a 44% Ex-presidente Lula (PT), l\u00edder das pesquisas eleitorais para o Pal\u00e1cio do Planalto &#8211; Ricardo Stuckert O ex-presidente Luiz In\u00e1cio Lula da Silva (PT) tem chances reais de vit\u00f3ria no primeiro turno das elei\u00e7\u00f5es presidenciais. \u00c9 o que mostra a pesquisa divulgada nesta segunda-feira (19) pelo Ipec (antigo Ibope). Lula oscilou um ponto percentual para cima, e tem<\/p>\n","protected":false},"author":1,"featured_media":5035,"comment_status":"open","ping_status":"open","sticky":false,"template":"","format":"standard","meta":[],"categories":[18],"tags":[],"yoast_head":"<!-- This site is optimized with the Yoast SEO plugin v16.3 - https:\/\/yoast.com\/wordpress\/plugins\/seo\/ -->\n<title>ELEI\u00c7\u00d5ES 2022:: Segundo Ipec, Lula oscila para cima e pode vencer no primeiro turno - TRIBUNA DA PRAIA<\/title>\n<meta name=\"robots\" content=\"index, follow, max-snippet:-1, max-image-preview:large, max-video-preview:-1\" \/>\n<link rel=\"canonical\" href=\"https:\/\/tribunadapraia.com.br\/?p=5033\" \/>\n<meta property=\"og:locale\" content=\"pt_BR\" \/>\n<meta property=\"og:type\" content=\"article\" \/>\n<meta property=\"og:title\" content=\"ELEI\u00c7\u00d5ES 2022:: Segundo Ipec, Lula oscila para cima e pode vencer no primeiro turno - TRIBUNA DA PRAIA\" \/>\n<meta property=\"og:description\" content=\"Ex-presidente tem 47% das inten\u00e7\u00f5es de votos; demais candidatos, somados, chegam a 44% Ex-presidente Lula (PT), l\u00edder das pesquisas eleitorais para o Pal\u00e1cio do Planalto &#8211; Ricardo Stuckert O ex-presidente Luiz In\u00e1cio Lula da Silva (PT) tem chances reais de vit\u00f3ria no primeiro turno das elei\u00e7\u00f5es presidenciais. \u00c9 o que mostra a pesquisa divulgada nesta segunda-feira (19) pelo Ipec (antigo Ibope). Lula oscilou um ponto percentual para cima, e tem\" \/>\n<meta property=\"og:url\" content=\"https:\/\/tribunadapraia.com.br\/?p=5033\" \/>\n<meta property=\"og:site_name\" content=\"TRIBUNA DA PRAIA\" \/>\n<meta property=\"article:publisher\" content=\"https:\/\/www.facebook.com\/tribunadapraiaonline\/\" \/>\n<meta property=\"article:published_time\" content=\"2022-09-20T06:43:30+00:00\" \/>\n<meta property=\"article:modified_time\" content=\"2022-09-20T06:45:16+00:00\" \/>\n<meta property=\"og:image\" content=\"https:\/\/tribunadapraia.com.br\/wp-content\/uploads\/2022\/09\/image_processing20220902-4411-meni6i.jpeg\" \/>\n\t<meta property=\"og:image:width\" content=\"800\" \/>\n\t<meta property=\"og:image:height\" content=\"510\" \/>\n<meta name=\"twitter:card\" content=\"summary_large_image\" \/>\n<meta name=\"twitter:creator\" content=\"@Claudomir21\" \/>\n<meta name=\"twitter:site\" content=\"@Claudomir21\" \/>\n<meta name=\"twitter:label1\" content=\"Est. tempo de leitura\">\n\t<meta name=\"twitter:data1\" content=\"3 minutos\">\n<script type=\"application\/ld+json\" class=\"yoast-schema-graph\">{\"@context\":\"https:\/\/schema.org\",\"@graph\":[{\"@type\":\"Organization\",\"@id\":\"https:\/\/tribunadapraia.com.br\/#organization\",\"name\":\"Tribuna da Praia\",\"url\":\"https:\/\/tribunadapraia.com.br\/\",\"sameAs\":[\"https:\/\/www.facebook.com\/tribunadapraiaonline\/\",\"https:\/\/www.instagram.com\/claudomirtavares\/\",\"https:\/\/www.youtube.com\/channel\/UCwQf80nxiMzCefAyjbp53Rw\",\"https:\/\/twitter.com\/Claudomir21\"],\"logo\":{\"@type\":\"ImageObject\",\"@id\":\"https:\/\/tribunadapraia.com.br\/#logo\",\"inLanguage\":\"pt-BR\",\"url\":\"https:\/\/tribunadapraia.com.br\/wp-content\/uploads\/2020\/02\/logo.png\",\"contentUrl\":\"https:\/\/tribunadapraia.com.br\/wp-content\/uploads\/2020\/02\/logo.png\",\"width\":501,\"height\":121,\"caption\":\"Tribuna da Praia\"},\"image\":{\"@id\":\"https:\/\/tribunadapraia.com.br\/#logo\"}},{\"@type\":\"WebSite\",\"@id\":\"https:\/\/tribunadapraia.com.br\/#website\",\"url\":\"https:\/\/tribunadapraia.com.br\/\",\"name\":\"TRIBUNA DA PRAIA\",\"description\":\"O 1\\u00ba jornal do interior de Sergipe na internet\",\"publisher\":{\"@id\":\"https:\/\/tribunadapraia.com.br\/#organization\"},\"potentialAction\":[{\"@type\":\"SearchAction\",\"target\":\"https:\/\/tribunadapraia.com.br\/?s={search_term_string}\",\"query-input\":\"required name=search_term_string\"}],\"inLanguage\":\"pt-BR\"},{\"@type\":\"ImageObject\",\"@id\":\"https:\/\/tribunadapraia.com.br\/?p=5033#primaryimage\",\"inLanguage\":\"pt-BR\",\"url\":\"https:\/\/tribunadapraia.com.br\/wp-content\/uploads\/2022\/09\/image_processing20220902-4411-meni6i.jpeg\",\"contentUrl\":\"https:\/\/tribunadapraia.com.br\/wp-content\/uploads\/2022\/09\/image_processing20220902-4411-meni6i.jpeg\",\"width\":800,\"height\":510},{\"@type\":\"WebPage\",\"@id\":\"https:\/\/tribunadapraia.com.br\/?p=5033#webpage\",\"url\":\"https:\/\/tribunadapraia.com.br\/?p=5033\",\"name\":\"ELEI\\u00c7\\u00d5ES 2022:: Segundo Ipec, Lula oscila para cima e pode vencer no primeiro turno - TRIBUNA DA PRAIA\",\"isPartOf\":{\"@id\":\"https:\/\/tribunadapraia.com.br\/#website\"},\"primaryImageOfPage\":{\"@id\":\"https:\/\/tribunadapraia.com.br\/?p=5033#primaryimage\"},\"datePublished\":\"2022-09-20T06:43:30+00:00\",\"dateModified\":\"2022-09-20T06:45:16+00:00\",\"breadcrumb\":{\"@id\":\"https:\/\/tribunadapraia.com.br\/?p=5033#breadcrumb\"},\"inLanguage\":\"pt-BR\",\"potentialAction\":[{\"@type\":\"ReadAction\",\"target\":[\"https:\/\/tribunadapraia.com.br\/?p=5033\"]}]},{\"@type\":\"BreadcrumbList\",\"@id\":\"https:\/\/tribunadapraia.com.br\/?p=5033#breadcrumb\",\"itemListElement\":[{\"@type\":\"ListItem\",\"position\":1,\"item\":{\"@type\":\"WebPage\",\"@id\":\"https:\/\/tribunadapraia.com.br\/\",\"url\":\"https:\/\/tribunadapraia.com.br\/\",\"name\":\"In\\u00edcio\"}},{\"@type\":\"ListItem\",\"position\":2,\"item\":{\"@id\":\"https:\/\/tribunadapraia.com.br\/?p=5033#webpage\"}}]},{\"@type\":\"Article\",\"@id\":\"https:\/\/tribunadapraia.com.br\/?p=5033#article\",\"isPartOf\":{\"@id\":\"https:\/\/tribunadapraia.com.br\/?p=5033#webpage\"},\"author\":{\"@id\":\"https:\/\/tribunadapraia.com.br\/#\/schema\/person\/326b0a9f3163b479142c64eba4928de0\"},\"headline\":\"ELEI\\u00c7\\u00d5ES 2022:: Segundo Ipec, Lula oscila para cima e pode vencer no primeiro turno\",\"datePublished\":\"2022-09-20T06:43:30+00:00\",\"dateModified\":\"2022-09-20T06:45:16+00:00\",\"mainEntityOfPage\":{\"@id\":\"https:\/\/tribunadapraia.com.br\/?p=5033#webpage\"},\"wordCount\":503,\"commentCount\":0,\"publisher\":{\"@id\":\"https:\/\/tribunadapraia.com.br\/#organization\"},\"image\":{\"@id\":\"https:\/\/tribunadapraia.com.br\/?p=5033#primaryimage\"},\"thumbnailUrl\":\"https:\/\/tribunadapraia.com.br\/wp-content\/uploads\/2022\/09\/image_processing20220902-4411-meni6i.jpeg\",\"articleSection\":[\"Not\\u00edcias\"],\"inLanguage\":\"pt-BR\",\"potentialAction\":[{\"@type\":\"CommentAction\",\"name\":\"Comment\",\"target\":[\"https:\/\/tribunadapraia.com.br\/?p=5033#respond\"]}]},{\"@type\":\"Person\",\"@id\":\"https:\/\/tribunadapraia.com.br\/#\/schema\/person\/326b0a9f3163b479142c64eba4928de0\",\"name\":\"tribunadapraia\",\"image\":{\"@type\":\"ImageObject\",\"@id\":\"https:\/\/tribunadapraia.com.br\/#personlogo\",\"inLanguage\":\"pt-BR\",\"url\":\"https:\/\/secure.gravatar.com\/avatar\/38b019c74762496076b7355024a0dad9?s=96&d=identicon&r=g\",\"contentUrl\":\"https:\/\/secure.gravatar.com\/avatar\/38b019c74762496076b7355024a0dad9?s=96&d=identicon&r=g\",\"caption\":\"tribunadapraia\"}}]}<\/script>\n<!-- \/ Yoast SEO plugin. -->","wps_subtitle":"","_links":{"self":[{"href":"https:\/\/tribunadapraia.com.br\/index.php?rest_route=\/wp\/v2\/posts\/5033"}],"collection":[{"href":"https:\/\/tribunadapraia.com.br\/index.php?rest_route=\/wp\/v2\/posts"}],"about":[{"href":"https:\/\/tribunadapraia.com.br\/index.php?rest_route=\/wp\/v2\/types\/post"}],"author":[{"embeddable":true,"href":"https:\/\/tribunadapraia.com.br\/index.php?rest_route=\/wp\/v2\/users\/1"}],"replies":[{"embeddable":true,"href":"https:\/\/tribunadapraia.com.br\/index.php?rest_route=%2Fwp%2Fv2%2Fcomments&post=5033"}],"version-history":[{"count":1,"href":"https:\/\/tribunadapraia.com.br\/index.php?rest_route=\/wp\/v2\/posts\/5033\/revisions"}],"predecessor-version":[{"id":5034,"href":"https:\/\/tribunadapraia.com.br\/index.php?rest_route=\/wp\/v2\/posts\/5033\/revisions\/5034"}],"wp:featuredmedia":[{"embeddable":true,"href":"https:\/\/tribunadapraia.com.br\/index.php?rest_route=\/wp\/v2\/media\/5035"}],"wp:attachment":[{"href":"https:\/\/tribunadapraia.com.br\/index.php?rest_route=%2Fwp%2Fv2%2Fmedia&parent=5033"}],"wp:term":[{"taxonomy":"category","embeddable":true,"href":"https:\/\/tribunadapraia.com.br\/index.php?rest_route=%2Fwp%2Fv2%2Fcategories&post=5033"},{"taxonomy":"post_tag","embeddable":true,"href":"https:\/\/tribunadapraia.com.br\/index.php?rest_route=%2Fwp%2Fv2%2Ftags&post=5033"}],"curies":[{"name":"wp","href":"https:\/\/api.w.org\/{rel}","templated":true}]}}