{"id":4789,"date":"2022-07-24T19:40:15","date_gmt":"2022-07-24T22:40:15","guid":{"rendered":"https:\/\/tribunadapraia.com.br\/?p=4789"},"modified":"2022-07-24T19:46:36","modified_gmt":"2022-07-24T22:46:36","slug":"coluna-fique-de-olho-eu-nao-guardo-magoa-nem-ranco-disse-ex-prefeito-de-propria-em-relacao-a-andre-fontes-ex-desafeto-politico","status":"publish","type":"post","link":"https:\/\/tribunadapraia.com.br\/?p=4789","title":{"rendered":"Coluna FIQUE DE OLHO: &#8220;Eu n\u00e3o guardo m\u00e1goa nem ran\u00e7o&#8221; disse ex-prefeito de Propri\u00e1 em rela\u00e7\u00e3o a Andr\u00e9 Fontes, ex-desafeto pol\u00edtico"},"content":{"rendered":"<ul>\n<li><span style=\"color: #ff6600;\">Por ClaudOmir Herzog | claudomir21@gmail.com<\/span><\/li>\n<li><span style=\"color: #ff6600;\">Foto: Andr\u00e9 Fontes<\/span><\/li>\n<\/ul>\n<p>O ex-prefeito de Propri\u00e1, Luciano de Menininha (PP), a quem Andr\u00e9 Fontes classificou de &#8220;coron\u00e9&#8221; em publica\u00e7\u00e3o na p\u00e1gina Tribuna do Velho Chico (Instagram), disse que n\u00e3o guarda m\u00e1goa, nem ran\u00e7o e acrescentou que &#8220;n\u00f3s (eles) temos uma coisa em comum, eu e Andr\u00e9, votamos em Bolsonaro, queremos um Brasil melhor&#8221; (sic), disse. Quem nada gostou do encontro desses &#8220;DNA&#8217;s&#8221; ideol\u00f3gicos em ato de rua (adesiva\u00e7o) pr\u00f3-Bolsonaro s\u00e1bado, 23, na Pra\u00e7a da Bandeira em Propri\u00e1 foram os simpatizantes de Luciano que por manifesta\u00e7\u00f5es em grupos de WathsApp, muitas das quais enviadas para nosso Inbox, rejeitaram com veem\u00eancia esta aproxima\u00e7\u00e3o que segundo eles &#8220;tira votos de Luciano&#8221; e &#8220;n\u00e3o acrescenta nada&#8221;, conforme os &#8220;print&#8217;s&#8221; encaminhados.<\/p>\n<p><strong>\u25a0 Impublic\u00e1veis<\/strong><\/p>\n<p><img loading=\"lazy\" class=\"size-medium wp-image-4790 alignleft\" src=\"https:\/\/tribunadapraia.com.br\/wp-content\/uploads\/2022\/07\/IMG-20220724-WA0062-169x300.jpg\" alt=\"\" width=\"169\" height=\"300\" srcset=\"https:\/\/tribunadapraia.com.br\/wp-content\/uploads\/2022\/07\/IMG-20220724-WA0062-169x300.jpg 169w, https:\/\/tribunadapraia.com.br\/wp-content\/uploads\/2022\/07\/IMG-20220724-WA0062-576x1024.jpg 576w, https:\/\/tribunadapraia.com.br\/wp-content\/uploads\/2022\/07\/IMG-20220724-WA0062-768x1365.jpg 768w, https:\/\/tribunadapraia.com.br\/wp-content\/uploads\/2022\/07\/IMG-20220724-WA0062-864x1536.jpg 864w, https:\/\/tribunadapraia.com.br\/wp-content\/uploads\/2022\/07\/IMG-20220724-WA0062.jpg 900w\" sizes=\"(max-width: 169px) 100vw, 169px\" \/>Parte dessas postagens continham dizeres que declinaremos em postar, por n\u00e3o coadunarem com nossa linha editorial.<\/p>\n<p><strong>\u25a0 Uma reflex\u00e3o para Andr\u00e9 Fontes<\/strong><\/p>\n<p>Fica uma reflex\u00e3o para que o pr\u00f3prio Andr\u00e9 avalie esta rejei\u00e7\u00e3o p\u00fablica dos simpatizantes do ex-prefeito e pr\u00e9-candidato a deputado federal.<\/p>\n<p><strong>\u25a0 Adesivos sumiram?<\/strong><\/p>\n<p>Detalhe, onde est\u00e3o os adesivos entregues aos condutores naquele ato? Ou n\u00e3o foram colocadas nos vidros e chaparias dos ve\u00edculos ou estes n\u00e3o sa\u00edram das garagens ap\u00f3s o &#8220;adesiva\u00e7o&#8221;.<\/p>\n<p><strong>\u25a0 Mensagem da Semana<\/strong><\/p>\n<p>&#8220;O verdadeiro amigo n\u00e3o \u00e9 o que s\u00f3 elogia, assim como n\u00e3o \u00e9 seu inimigo que s\u00f3 te critica &#8211; o verdadeiro amigo te diz a verdade, ainda que esta n\u00e3o lhe agrada&#8221;.<\/p>\n<ul>\n<li><span style=\"color: #ff6600;\">ClaudOmir Herzog (53) \u00e9 Cidad\u00e3o Propriaense, membro da ALASF SE\/AL e da APLCAD. Escreve aos finais de semana na Tribuna da Praia.<\/span><\/li>\n<\/ul>\n","protected":false},"excerpt":{"rendered":"<p>Por ClaudOmir Herzog | claudomir21@gmail.com Foto: Andr\u00e9 Fontes O ex-prefeito de Propri\u00e1, Luciano de Menininha (PP), a quem Andr\u00e9 Fontes classificou de &#8220;coron\u00e9&#8221; em publica\u00e7\u00e3o na p\u00e1gina Tribuna do Velho Chico (Instagram), disse que n\u00e3o guarda m\u00e1goa, nem ran\u00e7o e acrescentou que &#8220;n\u00f3s (eles) temos uma coisa em comum, eu e Andr\u00e9, votamos em Bolsonaro, queremos um Brasil melhor&#8221; (sic), disse. Quem nada gostou do encontro desses &#8220;DNA&#8217;s&#8221; ideol\u00f3gicos em<\/p>\n","protected":false},"author":3,"featured_media":4793,"comment_status":"open","ping_status":"open","sticky":false,"template":"","format":"standard","meta":[],"categories":[18],"tags":[],"yoast_head":"<!-- This site is optimized with the Yoast SEO plugin v16.3 - https:\/\/yoast.com\/wordpress\/plugins\/seo\/ -->\n<title>Coluna FIQUE DE OLHO: &quot;Eu n\u00e3o guardo m\u00e1goa nem ran\u00e7o&quot; disse ex-prefeito de Propri\u00e1 em rela\u00e7\u00e3o a Andr\u00e9 Fontes, ex-desafeto pol\u00edtico - TRIBUNA DA PRAIA<\/title>\n<meta name=\"robots\" content=\"index, follow, max-snippet:-1, max-image-preview:large, max-video-preview:-1\" \/>\n<link rel=\"canonical\" href=\"https:\/\/tribunadapraia.com.br\/?p=4789\" \/>\n<meta property=\"og:locale\" content=\"pt_BR\" \/>\n<meta property=\"og:type\" content=\"article\" \/>\n<meta property=\"og:title\" content=\"Coluna FIQUE DE OLHO: &quot;Eu n\u00e3o guardo m\u00e1goa nem ran\u00e7o&quot; disse ex-prefeito de Propri\u00e1 em rela\u00e7\u00e3o a Andr\u00e9 Fontes, ex-desafeto pol\u00edtico - TRIBUNA DA PRAIA\" \/>\n<meta property=\"og:description\" content=\"Por ClaudOmir Herzog | claudomir21@gmail.com Foto: Andr\u00e9 Fontes O ex-prefeito de Propri\u00e1, Luciano de Menininha (PP), a quem Andr\u00e9 Fontes classificou de &#8220;coron\u00e9&#8221; em publica\u00e7\u00e3o na p\u00e1gina Tribuna do Velho Chico (Instagram), disse que n\u00e3o guarda m\u00e1goa, nem ran\u00e7o e acrescentou que &#8220;n\u00f3s (eles) temos uma coisa em comum, eu e Andr\u00e9, votamos em Bolsonaro, queremos um Brasil melhor&#8221; (sic), disse. Quem nada gostou do encontro desses &#8220;DNA&#8217;s&#8221; ideol\u00f3gicos em\" \/>\n<meta property=\"og:url\" content=\"https:\/\/tribunadapraia.com.br\/?p=4789\" \/>\n<meta property=\"og:site_name\" content=\"TRIBUNA DA PRAIA\" \/>\n<meta property=\"article:publisher\" content=\"https:\/\/www.facebook.com\/tribunadapraiaonline\/\" \/>\n<meta property=\"article:published_time\" content=\"2022-07-24T22:40:15+00:00\" \/>\n<meta property=\"article:modified_time\" content=\"2022-07-24T22:46:36+00:00\" \/>\n<meta property=\"og:image\" content=\"https:\/\/tribunadapraia.com.br\/wp-content\/uploads\/2022\/07\/IMG-20220724-WA0073.jpg\" \/>\n\t<meta property=\"og:image:width\" content=\"1080\" \/>\n\t<meta property=\"og:image:height\" content=\"855\" \/>\n<meta name=\"twitter:card\" content=\"summary_large_image\" \/>\n<meta name=\"twitter:creator\" content=\"@Claudomir21\" \/>\n<meta name=\"twitter:site\" content=\"@Claudomir21\" \/>\n<meta name=\"twitter:label1\" content=\"Est. tempo de leitura\">\n\t<meta name=\"twitter:data1\" content=\"2 minutos\">\n<script type=\"application\/ld+json\" class=\"yoast-schema-graph\">{\"@context\":\"https:\/\/schema.org\",\"@graph\":[{\"@type\":\"Organization\",\"@id\":\"https:\/\/tribunadapraia.com.br\/#organization\",\"name\":\"Tribuna da Praia\",\"url\":\"https:\/\/tribunadapraia.com.br\/\",\"sameAs\":[\"https:\/\/www.facebook.com\/tribunadapraiaonline\/\",\"https:\/\/www.instagram.com\/claudomirtavares\/\",\"https:\/\/www.youtube.com\/channel\/UCwQf80nxiMzCefAyjbp53Rw\",\"https:\/\/twitter.com\/Claudomir21\"],\"logo\":{\"@type\":\"ImageObject\",\"@id\":\"https:\/\/tribunadapraia.com.br\/#logo\",\"inLanguage\":\"pt-BR\",\"url\":\"https:\/\/tribunadapraia.com.br\/wp-content\/uploads\/2020\/02\/logo.png\",\"contentUrl\":\"https:\/\/tribunadapraia.com.br\/wp-content\/uploads\/2020\/02\/logo.png\",\"width\":501,\"height\":121,\"caption\":\"Tribuna da Praia\"},\"image\":{\"@id\":\"https:\/\/tribunadapraia.com.br\/#logo\"}},{\"@type\":\"WebSite\",\"@id\":\"https:\/\/tribunadapraia.com.br\/#website\",\"url\":\"https:\/\/tribunadapraia.com.br\/\",\"name\":\"TRIBUNA DA PRAIA\",\"description\":\"O 1\\u00ba jornal do interior de Sergipe na internet\",\"publisher\":{\"@id\":\"https:\/\/tribunadapraia.com.br\/#organization\"},\"potentialAction\":[{\"@type\":\"SearchAction\",\"target\":\"https:\/\/tribunadapraia.com.br\/?s={search_term_string}\",\"query-input\":\"required name=search_term_string\"}],\"inLanguage\":\"pt-BR\"},{\"@type\":\"ImageObject\",\"@id\":\"https:\/\/tribunadapraia.com.br\/?p=4789#primaryimage\",\"inLanguage\":\"pt-BR\",\"url\":\"https:\/\/tribunadapraia.com.br\/wp-content\/uploads\/2022\/07\/IMG-20220724-WA0073.jpg\",\"contentUrl\":\"https:\/\/tribunadapraia.com.br\/wp-content\/uploads\/2022\/07\/IMG-20220724-WA0073.jpg\",\"width\":1080,\"height\":855},{\"@type\":\"WebPage\",\"@id\":\"https:\/\/tribunadapraia.com.br\/?p=4789#webpage\",\"url\":\"https:\/\/tribunadapraia.com.br\/?p=4789\",\"name\":\"Coluna FIQUE DE OLHO: \\\"Eu n\\u00e3o guardo m\\u00e1goa nem ran\\u00e7o\\\" disse ex-prefeito de Propri\\u00e1 em rela\\u00e7\\u00e3o a Andr\\u00e9 Fontes, ex-desafeto pol\\u00edtico - TRIBUNA DA PRAIA\",\"isPartOf\":{\"@id\":\"https:\/\/tribunadapraia.com.br\/#website\"},\"primaryImageOfPage\":{\"@id\":\"https:\/\/tribunadapraia.com.br\/?p=4789#primaryimage\"},\"datePublished\":\"2022-07-24T22:40:15+00:00\",\"dateModified\":\"2022-07-24T22:46:36+00:00\",\"breadcrumb\":{\"@id\":\"https:\/\/tribunadapraia.com.br\/?p=4789#breadcrumb\"},\"inLanguage\":\"pt-BR\",\"potentialAction\":[{\"@type\":\"ReadAction\",\"target\":[\"https:\/\/tribunadapraia.com.br\/?p=4789\"]}]},{\"@type\":\"BreadcrumbList\",\"@id\":\"https:\/\/tribunadapraia.com.br\/?p=4789#breadcrumb\",\"itemListElement\":[{\"@type\":\"ListItem\",\"position\":1,\"item\":{\"@type\":\"WebPage\",\"@id\":\"https:\/\/tribunadapraia.com.br\/\",\"url\":\"https:\/\/tribunadapraia.com.br\/\",\"name\":\"In\\u00edcio\"}},{\"@type\":\"ListItem\",\"position\":2,\"item\":{\"@id\":\"https:\/\/tribunadapraia.com.br\/?p=4789#webpage\"}}]},{\"@type\":\"Article\",\"@id\":\"https:\/\/tribunadapraia.com.br\/?p=4789#article\",\"isPartOf\":{\"@id\":\"https:\/\/tribunadapraia.com.br\/?p=4789#webpage\"},\"author\":{\"@id\":\"https:\/\/tribunadapraia.com.br\/#\/schema\/person\/099fbbf59acc5895c0d7d52b4fc46c97\"},\"headline\":\"Coluna FIQUE DE OLHO: &#8220;Eu n\\u00e3o guardo m\\u00e1goa nem ran\\u00e7o&#8221; disse ex-prefeito de Propri\\u00e1 em rela\\u00e7\\u00e3o a Andr\\u00e9 Fontes, ex-desafeto pol\\u00edtico\",\"datePublished\":\"2022-07-24T22:40:15+00:00\",\"dateModified\":\"2022-07-24T22:46:36+00:00\",\"mainEntityOfPage\":{\"@id\":\"https:\/\/tribunadapraia.com.br\/?p=4789#webpage\"},\"wordCount\":311,\"commentCount\":0,\"publisher\":{\"@id\":\"https:\/\/tribunadapraia.com.br\/#organization\"},\"image\":{\"@id\":\"https:\/\/tribunadapraia.com.br\/?p=4789#primaryimage\"},\"thumbnailUrl\":\"https:\/\/tribunadapraia.com.br\/wp-content\/uploads\/2022\/07\/IMG-20220724-WA0073.jpg\",\"articleSection\":[\"Not\\u00edcias\"],\"inLanguage\":\"pt-BR\",\"potentialAction\":[{\"@type\":\"CommentAction\",\"name\":\"Comment\",\"target\":[\"https:\/\/tribunadapraia.com.br\/?p=4789#respond\"]}]},{\"@type\":\"Person\",\"@id\":\"https:\/\/tribunadapraia.com.br\/#\/schema\/person\/099fbbf59acc5895c0d7d52b4fc46c97\",\"name\":\"Reda\\u00e7\\u00e3o\",\"image\":{\"@type\":\"ImageObject\",\"@id\":\"https:\/\/tribunadapraia.com.br\/#personlogo\",\"inLanguage\":\"pt-BR\",\"url\":\"https:\/\/secure.gravatar.com\/avatar\/91c8b91d2bfd7784eac5c3e055361f64?s=96&d=identicon&r=g\",\"contentUrl\":\"https:\/\/secure.gravatar.com\/avatar\/91c8b91d2bfd7784eac5c3e055361f64?s=96&d=identicon&r=g\",\"caption\":\"Reda\\u00e7\\u00e3o\"}}]}<\/script>\n<!-- \/ Yoast SEO plugin. -->","wps_subtitle":"","_links":{"self":[{"href":"https:\/\/tribunadapraia.com.br\/index.php?rest_route=\/wp\/v2\/posts\/4789"}],"collection":[{"href":"https:\/\/tribunadapraia.com.br\/index.php?rest_route=\/wp\/v2\/posts"}],"about":[{"href":"https:\/\/tribunadapraia.com.br\/index.php?rest_route=\/wp\/v2\/types\/post"}],"author":[{"embeddable":true,"href":"https:\/\/tribunadapraia.com.br\/index.php?rest_route=\/wp\/v2\/users\/3"}],"replies":[{"embeddable":true,"href":"https:\/\/tribunadapraia.com.br\/index.php?rest_route=%2Fwp%2Fv2%2Fcomments&post=4789"}],"version-history":[{"count":4,"href":"https:\/\/tribunadapraia.com.br\/index.php?rest_route=\/wp\/v2\/posts\/4789\/revisions"}],"predecessor-version":[{"id":4795,"href":"https:\/\/tribunadapraia.com.br\/index.php?rest_route=\/wp\/v2\/posts\/4789\/revisions\/4795"}],"wp:featuredmedia":[{"embeddable":true,"href":"https:\/\/tribunadapraia.com.br\/index.php?rest_route=\/wp\/v2\/media\/4793"}],"wp:attachment":[{"href":"https:\/\/tribunadapraia.com.br\/index.php?rest_route=%2Fwp%2Fv2%2Fmedia&parent=4789"}],"wp:term":[{"taxonomy":"category","embeddable":true,"href":"https:\/\/tribunadapraia.com.br\/index.php?rest_route=%2Fwp%2Fv2%2Fcategories&post=4789"},{"taxonomy":"post_tag","embeddable":true,"href":"https:\/\/tribunadapraia.com.br\/index.php?rest_route=%2Fwp%2Fv2%2Ftags&post=4789"}],"curies":[{"name":"wp","href":"https:\/\/api.w.org\/{rel}","templated":true}]}}