{"id":4778,"date":"2022-07-24T16:12:46","date_gmt":"2022-07-24T19:12:46","guid":{"rendered":"https:\/\/tribunadapraia.com.br\/?p=4778"},"modified":"2022-07-24T17:07:51","modified_gmt":"2022-07-24T20:07:51","slug":"aqui-tem-vanda-a-trajetoria-de-ivania-pereira-a-primeira-mulher-eleita-para-um-mandato-em-pirambu-sendo-hoje-uma-das-mais-expressivas-lutadoras-do-povo-sergipano","status":"publish","type":"post","link":"https:\/\/tribunadapraia.com.br\/?p=4778","title":{"rendered":"AQUI TEM VANDA: A trajet\u00f3ria de Iv\u00e2nia Pereira, a primeira mulher eleita para um mandato em Pirambu, sendo hoje uma das mais expressivas lutadoras do povo sergipano"},"content":{"rendered":"<!--[if lt IE 9]><script>document.createElement('audio');<\/script><![endif]-->\n<audio class=\"wp-audio-shortcode\" id=\"audio-4778-1\" preload=\"none\" style=\"width: 100%;\" controls=\"controls\"><source type=\"audio\/mpeg\" src=\"https:\/\/tribunadapraia.com.br\/wp-content\/uploads\/2022\/07\/100-Musica-e-Trabalho-Maria-Maria-Milton-Nascimento.mp3?_=1\" \/><a href=\"https:\/\/tribunadapraia.com.br\/wp-content\/uploads\/2022\/07\/100-Musica-e-Trabalho-Maria-Maria-Milton-Nascimento.mp3\">https:\/\/tribunadapraia.com.br\/wp-content\/uploads\/2022\/07\/100-Musica-e-Trabalho-Maria-Maria-Milton-Nascimento.mp3<\/a><\/audio>\n<p><em>Neste aberto artigo, vamos tentar dar luz aquela cujo exemplo tem inspirado milhares de contempor\u00e2neos<\/em><\/p>\n<p style=\"text-align: right;\">&#8220;Quem tr\u00e1s na pele esta marca possui a estranha mania de ter f\u00e9 na vida&#8221; (Milton Nascimento)<\/p>\n<ul>\n<li style=\"text-align: left;\"><span style=\"color: #ff6600;\">Por ClaudOmir Herzog | claudomir21@gmail.com<\/span><\/li>\n<\/ul>\n<p>A trajet\u00f3ria de Iv\u00e2nia Pereira da Silva se confunde com a hist\u00f3ria de Pirambu, onde viveu os momentos ternos de sua exist\u00eancia, construindo nesta cidade uma das mais belas p\u00e1ginas e da\u00ed credenciando-se como una das mais expressivas lutadoras do povo sergipano. Aqui &#8220;contaremos&#8221; a sua hist\u00f3ria em partes que esperamos se completar, naturalmente que sem nenhuma inten\u00e7\u00e3o de esgotar o tema, o qual est\u00e1 aberto as contribui\u00e7\u00f5es dos leitores e, necessariamente chamando novas e indispens\u00e1veis edi\u00e7\u00f5es. A filha de seu Andrade e de Dona Diva ampliou seus conhecimentos para al\u00e9m de li\u00e7\u00f5es dos pais, na Escola Rural Fleixeiras, povoado onde nasceu na d\u00e9cada de 1960. Da\u00ed deu sequ\u00eancia aos estudos prim\u00e1rios no Grupo Escolar Jos\u00e9 Amaral Lemos [1] em Pirambu, cidade para onde veio ainda crian\u00e7a e concluiu o 1\u00b0 Grau [2] no Gin\u00e1sio Municipal Professor Emiliano Nunes de Moura, em Japaratuba, j\u00e1 que no incipiente munic\u00edpio emancipado s\u00f3 era ofertado o ensino b\u00e1sico at\u00e9 \u00e0s s\u00e9ries iniciais (1\u00aa a 4\u00aa s\u00e9ries). Foi a partir da\u00ed que precisou ir morar na capital, Aracaju para cursar o 2\u00b0 Grau [3] e em seguida o curso de Servi\u00e7o Social na Universidade Federal de Sergipe (UFS), sem nunca perder o v\u00ednculo com a cidade adotada pela fam\u00edlia para se estabelecer. Em casa era chamada carinhosamente de Bambinha pelos irm\u00e3os Vanderley, Elizabeth, Maria de Lourdes e Elizeth, estendendo-se para os que orbitam em seu ciclo mais pr\u00f3ximo. J\u00e1 pelos colegas de escola e vizinhos era chamada pela alcunha de Vanda, ali\u00e1s Derley, L\u00eada, Dilu e Elis ou Lizete tamb\u00e9m coube ao irm\u00e3o e irm\u00e3s<\/p>\n<p>Inspirada no exemplo do pai, que comp\u00f4s a primeira legiatura de Pirambu emancipado a partir 26 de novembro de 1963, eleito vereador na elei\u00e7\u00e3o realizada em 1965 quando \u00e9 conclu\u00eddo o processo de instala\u00e7\u00e3o, Iv\u00e2nia se iniciou na atividade pol\u00edtica em memor\u00e1veis lutas estudantis, imbuindo-se pela reabertura do Diret\u00f3rio Central dos Estudantes (DCE\/UFS), ampliando para a luta sindical como banc\u00e1ria do Banco do Estado de Sergipe, j\u00e1 no in\u00edcio da d\u00e9cada de 1980, ingressando no Partido Comunista do Brasil (PCdoB) ainda na semi- clandestinidade, participando ativamente da campanha pela redemocratiza\u00e7\u00e3o do pa\u00eds e pelas elei\u00e7\u00f5es diretas para Presidente da Rep\u00fablica. Iv\u00e2nia j\u00e1 atuava nos &#8220;bastidores&#8221;, participando das campanhas de Seu Andrade que alcan\u00e7ou seu segundo mandato de vereador em 1976 e na disputa para prefeito em 1982 pelo PMDB [4]. Iv\u00e2nia &#8220;aprendeu pelo exemplo&#8221;, como teria classificado o l\u00edder sul-africano Nelson Mandela, de saudosa mem\u00f3ria, se a tivesse conhecido.<\/p>\n<p style=\"text-align: center;\"><strong>Abrir um &#8220;oarwnrese&#8221; para o vision\u00e1rio Andrade_<\/strong><\/p>\n<p style=\"text-align: center;\"><img loading=\"lazy\" class=\"alignnone size-medium wp-image-4782\" src=\"https:\/\/tribunadapraia.com.br\/wp-content\/uploads\/2022\/07\/IMG-20220324-WA0095-300x195.jpg\" alt=\"\" width=\"300\" height=\"195\" srcset=\"https:\/\/tribunadapraia.com.br\/wp-content\/uploads\/2022\/07\/IMG-20220324-WA0095-300x195.jpg 300w, https:\/\/tribunadapraia.com.br\/wp-content\/uploads\/2022\/07\/IMG-20220324-WA0095.jpg 400w\" sizes=\"(max-width: 300px) 100vw, 300px\" \/><\/p>\n<p>Jo\u00e3o da Silva, o popular Seu Andrade, que al\u00e9m de vereador por dois mandatos, foi presidente da Col\u00f4nia de Pescadores Z5, promovendo naquela entidade associativa uma producente gest\u00e3o, instalando na sede da Casa do Pescador uma creche para atender \u00e0s fam\u00edlias pirambuenses, independente de filiadas ou n\u00e3o. Um dos principais protagonistas pela Emancipa\u00e7\u00e3o Pol\u00edtica, o vision\u00e1rio pai de Vanda fundou uma panifica\u00e7\u00e3o na cidade, gerando emprego, renda e diversificando a seguran\u00e7a alimentar da popula\u00e7\u00e3o<\/p>\n<p>\u25a0 <strong>Plantando as sementes<\/strong><\/p>\n<p>At\u00e9 eleger-se a primeira mulher para um cargo eletivo em Pirambu, Iv\u00e2nia foi incans\u00e1vel na organiza\u00e7\u00e3o do seu partido em Sergipe, fazendo chegar a classe trabalhadora o jornal Tribuna da Luta Oper\u00e1ria, distribuindo seus exemplares em portas de fabricas, reparti\u00e7\u00f5es p\u00fablicas, ag\u00eancias banc\u00e1rias, escolas, universidade faculdades [5], centro comercial e pontos de \u00f4nibus. J\u00e1 consolodada como um quadro dirigente do partido, militante de base com inser\u00e7\u00e3o social em v\u00e1rias frentes de luta (juventude, mulheres, trabalhadores rurais, pescadores, bairros, etc.), ajudou a instalar o PCdoB em Aracaju, Brejo Grande, Socorro, Carm\u00f3polis, Japaratuba, Pirambu e mais outras cidades. Foi pe\u00e7a chave na organiza\u00e7\u00e3o das frentes de massa e coletivos partid\u00e1rios, ajudando a organizar em nosso estado a Uni\u00e3o da Juventude Socialista (UJS), a Corrente Sindical Classista &#8211; n\u00facleo embrion\u00e1rio para a funda\u00e7ao da Central dos Trabalhadores e Trabalhadoras do Brasil (CTB), a Uni\u00e3o Brasileira de Mulheres (UBM), das quais foi dirigente.<\/p>\n<p><strong>\u25a0 Entrando para a hist\u00f3ria de Sergipe 1<\/strong><\/p>\n<p>Com tais credenciaos e predicados, Iv\u00e2nia j\u00e1 teria seu nome cravado na Hist\u00f3ria de Sergipe, como uma das mais brilhantes cidad\u00e3s de sua gera\u00e7\u00e3o, mas n\u00e3o paramos por a\u00ed. Iv\u00e2nia intercalou suas m\u00faltiplas tarefas com a ativa mobiliza\u00e7\u00e3o dos pirambuenses sendo express\u00e3o transit\u00f3ria de uma vontade cetiva, contribuindo para juntar a dispersa oposi\u00e7\u00e3o [6] e construindo uma candidatura competitiva para disputar a prefeitura, elegendo-se a primeira vereadora do PCdoB em Sergipe, pelo munic\u00edpio de Pirambu, integrando uma bancada de oposi\u00e7\u00e3o que contava com quatro em nove parlamentares [7], sendo ela uma &#8220;pedra no sapato&#8221; daqueles que se imaginavam literalmente os &#8220;donos de Pirambu&#8221;.<\/p>\n<p><strong>\u25a0 Um mandato em sintonia com a multiplicidade<\/strong><\/p>\n<p>Falar sobre o mandato da primeira vereadora da hist\u00f3ria politica de Pirambu renderia v\u00e1rios textos, divididos em v\u00e1rios cap\u00edtulos, tamanha a profici\u00eancia deste momento que ficou impresso nas &#8220;p\u00e1ginas amarelas&#8221; e nas mem\u00f3rias de quem o testemunhou. N\u00e3o estava nos planos dos &#8220;donos de Pirambu&#8221; est\u00e1 agrad\u00e1vel surpresa que lhes tirou o sono. Seu mandato foi um farol para a juventude, a voz da cultura, o elo com o meio ambiente, a luz dos caminhos pol\u00edticos e a marca da resist\u00eancia em t\u00e3o curto espa\u00e7o de tempo. Sobre estas passagens, destacaremos em publica\u00e7\u00f5es complementares.<\/p>\n<p><strong>\u25a0 Entrando para a hist\u00f3ria de Sergipe 2<\/strong><\/p>\n<p>Avan\u00e7aremos neste testemunho para um registro que se faz necess\u00e1rio, pois quem n\u00e3o o fizer estar\u00e1 omitindo uma parte consider\u00e1vel da hist\u00f3ria do movimento sindical em Sergipe. Ao lado de valorosos companheiros e companheiros, lembrando aqui de Pureza e Souza, de Dudu e Marcelo, iniciou sua atua\u00e7\u00e3o pol\u00edtica no movimento sindical banc\u00e1rio, participando da oposi\u00e7\u00e3o no SEEB Sergipe, integrando depois a Federa\u00e7\u00e3o dos Banc\u00e1rios da Bahia e de Sergipe, organizando a inst\u00e2ncia estadual da Corrente Sindical Classista e nos \u00faltimos anos na constru\u00e7\u00e3o da Central dos Trabalhadores e Trabalhadoras do Brasil (CTB). S\u00e3o 40 anos de milit\u00e2ncia sindical, acatapultando como consequ\u00eancia e desigualdade a primeira mulher presidente do Sindicato dos Banc\u00e1rios de Sergipe.<\/p>\n<audio class=\"wp-audio-shortcode\" id=\"audio-4778-2\" preload=\"none\" style=\"width: 100%;\" controls=\"controls\"><source type=\"audio\/mpeg\" src=\"https:\/\/tribunadapraia.com.br\/wp-content\/uploads\/2022\/07\/100-Maria-Bethania-Brincar-de-Viver.mp3?_=2\" \/><a href=\"https:\/\/tribunadapraia.com.br\/wp-content\/uploads\/2022\/07\/100-Maria-Bethania-Brincar-de-Viver.mp3\">https:\/\/tribunadapraia.com.br\/wp-content\/uploads\/2022\/07\/100-Maria-Bethania-Brincar-de-Viver.mp3<\/a><\/audio>\n<p style=\"text-align: right;\">&#8220;A arte de sorrir cada vez que o mundo diz n\u00e3o&#8221;. (Maria Bet\u00e2nia)<\/p>\n<ul>\n<li><span style=\"color: #ff6600;\">ClaudOmir Herzog (53) \u00e9 historiador e testemunho ocular da Hist\u00f3ria de Pirambu. Coordenador da RPCA Sergipe (R\u00e1dio Atalainja e Tribuna da Praia<\/span><\/li>\n<\/ul>\n<p><strong>Notas<\/strong>:<\/p>\n<p>[1] Era essa a denomina\u00e7\u00e3o do atual Col\u00e9gio Estarual Jos\u00e9 Amaral Lemos quando de sua funda\u00e7\u00e3o em 11 de mar\u00e7o de 1970.<br \/>\n[2] Antes integrado pelo Prim\u00e1rio (1\u00aa a 4\u00aa s\u00e9ries) e Gin\u00e1sio (5\u00aa a 8\u00aa s\u00e9ries). corresponde ao atual Ensino Fundamental<br \/>\n[3] Correspondente ao atual Ensino M\u00e9dio.<br \/>\n[4] Per\u00edodo em que os comunistas do PCdoB atuavam no MDB desde o bi-partidarismo institu\u00eddo no Brasil a partir de 1976.<br \/>\n[5] Na primeira metade da d\u00e9cada de 1980, existia apenas uma universidade em Sergipe, a UFS e as faculdades Tiradentes e Pio X<br \/>\n[6] Eram cinco grupos pol\u00edticos em Pirambu, sendo quatro de oposi\u00e7\u00e3o.<br \/>\n[7] At\u00e9 1982 eram cinco os integrantes da C\u00e2mara de Vereadores.<\/p>\n<p>Fotos: Divulga\u00e7\u00e3o e Acervo Seu Beb\u00e9<strong><br \/>\n<\/strong><\/p>\n<p>&nbsp;<\/p>\n","protected":false},"excerpt":{"rendered":"<p>Neste aberto artigo, vamos tentar dar luz aquela cujo exemplo tem inspirado milhares de contempor\u00e2neos &#8220;Quem tr\u00e1s na pele esta marca possui a estranha mania de ter f\u00e9 na vida&#8221; (Milton Nascimento) Por ClaudOmir Herzog | claudomir21@gmail.com A trajet\u00f3ria de Iv\u00e2nia Pereira da Silva se confunde com a hist\u00f3ria de Pirambu, onde viveu os momentos ternos de sua exist\u00eancia, construindo nesta cidade uma das mais belas p\u00e1ginas e da\u00ed credenciando-se<\/p>\n","protected":false},"author":3,"featured_media":4779,"comment_status":"open","ping_status":"open","sticky":false,"template":"","format":"standard","meta":[],"categories":[18],"tags":[],"yoast_head":"<!-- This site is optimized with the Yoast SEO plugin v16.3 - https:\/\/yoast.com\/wordpress\/plugins\/seo\/ -->\n<title>AQUI TEM VANDA: A trajet\u00f3ria de Iv\u00e2nia Pereira, a primeira mulher eleita para um mandato em Pirambu, sendo hoje uma das mais expressivas lutadoras do povo sergipano - TRIBUNA DA PRAIA<\/title>\n<meta name=\"robots\" content=\"index, follow, max-snippet:-1, max-image-preview:large, max-video-preview:-1\" \/>\n<link rel=\"canonical\" href=\"https:\/\/tribunadapraia.com.br\/?p=4778\" \/>\n<meta property=\"og:locale\" content=\"pt_BR\" \/>\n<meta property=\"og:type\" content=\"article\" \/>\n<meta property=\"og:title\" content=\"AQUI TEM VANDA: A trajet\u00f3ria de Iv\u00e2nia Pereira, a primeira mulher eleita para um mandato em Pirambu, sendo hoje uma das mais expressivas lutadoras do povo sergipano - TRIBUNA DA PRAIA\" \/>\n<meta property=\"og:description\" content=\"Neste aberto artigo, vamos tentar dar luz aquela cujo exemplo tem inspirado milhares de contempor\u00e2neos &#8220;Quem tr\u00e1s na pele esta marca possui a estranha mania de ter f\u00e9 na vida&#8221; (Milton Nascimento) Por ClaudOmir Herzog | claudomir21@gmail.com A trajet\u00f3ria de Iv\u00e2nia Pereira da Silva se confunde com a hist\u00f3ria de Pirambu, onde viveu os momentos ternos de sua exist\u00eancia, construindo nesta cidade uma das mais belas p\u00e1ginas e da\u00ed credenciando-se\" \/>\n<meta property=\"og:url\" content=\"https:\/\/tribunadapraia.com.br\/?p=4778\" \/>\n<meta property=\"og:site_name\" content=\"TRIBUNA DA PRAIA\" \/>\n<meta property=\"article:publisher\" content=\"https:\/\/www.facebook.com\/tribunadapraiaonline\/\" \/>\n<meta property=\"article:published_time\" content=\"2022-07-24T19:12:46+00:00\" \/>\n<meta property=\"article:modified_time\" content=\"2022-07-24T20:07:51+00:00\" \/>\n<meta property=\"og:image\" content=\"https:\/\/tribunadapraia.com.br\/wp-content\/uploads\/2022\/07\/IMG-20220723-WA0017.jpg\" \/>\n\t<meta property=\"og:image:width\" content=\"1080\" \/>\n\t<meta property=\"og:image:height\" content=\"1059\" \/>\n<meta name=\"twitter:card\" content=\"summary_large_image\" \/>\n<meta name=\"twitter:creator\" content=\"@Claudomir21\" \/>\n<meta name=\"twitter:site\" content=\"@Claudomir21\" \/>\n<meta name=\"twitter:label1\" content=\"Est. tempo de leitura\">\n\t<meta name=\"twitter:data1\" content=\"6 minutos\">\n<script type=\"application\/ld+json\" class=\"yoast-schema-graph\">{\"@context\":\"https:\/\/schema.org\",\"@graph\":[{\"@type\":\"Organization\",\"@id\":\"https:\/\/tribunadapraia.com.br\/#organization\",\"name\":\"Tribuna da Praia\",\"url\":\"https:\/\/tribunadapraia.com.br\/\",\"sameAs\":[\"https:\/\/www.facebook.com\/tribunadapraiaonline\/\",\"https:\/\/www.instagram.com\/claudomirtavares\/\",\"https:\/\/www.youtube.com\/channel\/UCwQf80nxiMzCefAyjbp53Rw\",\"https:\/\/twitter.com\/Claudomir21\"],\"logo\":{\"@type\":\"ImageObject\",\"@id\":\"https:\/\/tribunadapraia.com.br\/#logo\",\"inLanguage\":\"pt-BR\",\"url\":\"https:\/\/tribunadapraia.com.br\/wp-content\/uploads\/2020\/02\/logo.png\",\"contentUrl\":\"https:\/\/tribunadapraia.com.br\/wp-content\/uploads\/2020\/02\/logo.png\",\"width\":501,\"height\":121,\"caption\":\"Tribuna da Praia\"},\"image\":{\"@id\":\"https:\/\/tribunadapraia.com.br\/#logo\"}},{\"@type\":\"WebSite\",\"@id\":\"https:\/\/tribunadapraia.com.br\/#website\",\"url\":\"https:\/\/tribunadapraia.com.br\/\",\"name\":\"TRIBUNA DA PRAIA\",\"description\":\"O 1\\u00ba jornal do interior de Sergipe na internet\",\"publisher\":{\"@id\":\"https:\/\/tribunadapraia.com.br\/#organization\"},\"potentialAction\":[{\"@type\":\"SearchAction\",\"target\":\"https:\/\/tribunadapraia.com.br\/?s={search_term_string}\",\"query-input\":\"required name=search_term_string\"}],\"inLanguage\":\"pt-BR\"},{\"@type\":\"ImageObject\",\"@id\":\"https:\/\/tribunadapraia.com.br\/?p=4778#primaryimage\",\"inLanguage\":\"pt-BR\",\"url\":\"https:\/\/tribunadapraia.com.br\/wp-content\/uploads\/2022\/07\/IMG-20220723-WA0017.jpg\",\"contentUrl\":\"https:\/\/tribunadapraia.com.br\/wp-content\/uploads\/2022\/07\/IMG-20220723-WA0017.jpg\",\"width\":1080,\"height\":1059},{\"@type\":\"WebPage\",\"@id\":\"https:\/\/tribunadapraia.com.br\/?p=4778#webpage\",\"url\":\"https:\/\/tribunadapraia.com.br\/?p=4778\",\"name\":\"AQUI TEM VANDA: A trajet\\u00f3ria de Iv\\u00e2nia Pereira, a primeira mulher eleita para um mandato em Pirambu, sendo hoje uma das mais expressivas lutadoras do povo sergipano - TRIBUNA DA PRAIA\",\"isPartOf\":{\"@id\":\"https:\/\/tribunadapraia.com.br\/#website\"},\"primaryImageOfPage\":{\"@id\":\"https:\/\/tribunadapraia.com.br\/?p=4778#primaryimage\"},\"datePublished\":\"2022-07-24T19:12:46+00:00\",\"dateModified\":\"2022-07-24T20:07:51+00:00\",\"breadcrumb\":{\"@id\":\"https:\/\/tribunadapraia.com.br\/?p=4778#breadcrumb\"},\"inLanguage\":\"pt-BR\",\"potentialAction\":[{\"@type\":\"ReadAction\",\"target\":[\"https:\/\/tribunadapraia.com.br\/?p=4778\"]}]},{\"@type\":\"BreadcrumbList\",\"@id\":\"https:\/\/tribunadapraia.com.br\/?p=4778#breadcrumb\",\"itemListElement\":[{\"@type\":\"ListItem\",\"position\":1,\"item\":{\"@type\":\"WebPage\",\"@id\":\"https:\/\/tribunadapraia.com.br\/\",\"url\":\"https:\/\/tribunadapraia.com.br\/\",\"name\":\"In\\u00edcio\"}},{\"@type\":\"ListItem\",\"position\":2,\"item\":{\"@id\":\"https:\/\/tribunadapraia.com.br\/?p=4778#webpage\"}}]},{\"@type\":\"Article\",\"@id\":\"https:\/\/tribunadapraia.com.br\/?p=4778#article\",\"isPartOf\":{\"@id\":\"https:\/\/tribunadapraia.com.br\/?p=4778#webpage\"},\"author\":{\"@id\":\"https:\/\/tribunadapraia.com.br\/#\/schema\/person\/099fbbf59acc5895c0d7d52b4fc46c97\"},\"headline\":\"AQUI TEM VANDA: A trajet\\u00f3ria de Iv\\u00e2nia Pereira, a primeira mulher eleita para um mandato em Pirambu, sendo hoje uma das mais expressivas lutadoras do povo sergipano\",\"datePublished\":\"2022-07-24T19:12:46+00:00\",\"dateModified\":\"2022-07-24T20:07:51+00:00\",\"mainEntityOfPage\":{\"@id\":\"https:\/\/tribunadapraia.com.br\/?p=4778#webpage\"},\"wordCount\":1332,\"commentCount\":0,\"publisher\":{\"@id\":\"https:\/\/tribunadapraia.com.br\/#organization\"},\"image\":{\"@id\":\"https:\/\/tribunadapraia.com.br\/?p=4778#primaryimage\"},\"thumbnailUrl\":\"https:\/\/tribunadapraia.com.br\/wp-content\/uploads\/2022\/07\/IMG-20220723-WA0017.jpg\",\"articleSection\":[\"Not\\u00edcias\"],\"inLanguage\":\"pt-BR\",\"potentialAction\":[{\"@type\":\"CommentAction\",\"name\":\"Comment\",\"target\":[\"https:\/\/tribunadapraia.com.br\/?p=4778#respond\"]}]},{\"@type\":\"Person\",\"@id\":\"https:\/\/tribunadapraia.com.br\/#\/schema\/person\/099fbbf59acc5895c0d7d52b4fc46c97\",\"name\":\"Reda\\u00e7\\u00e3o\",\"image\":{\"@type\":\"ImageObject\",\"@id\":\"https:\/\/tribunadapraia.com.br\/#personlogo\",\"inLanguage\":\"pt-BR\",\"url\":\"https:\/\/secure.gravatar.com\/avatar\/91c8b91d2bfd7784eac5c3e055361f64?s=96&d=identicon&r=g\",\"contentUrl\":\"https:\/\/secure.gravatar.com\/avatar\/91c8b91d2bfd7784eac5c3e055361f64?s=96&d=identicon&r=g\",\"caption\":\"Reda\\u00e7\\u00e3o\"}}]}<\/script>\n<!-- \/ Yoast SEO plugin. -->","wps_subtitle":"","_links":{"self":[{"href":"https:\/\/tribunadapraia.com.br\/index.php?rest_route=\/wp\/v2\/posts\/4778"}],"collection":[{"href":"https:\/\/tribunadapraia.com.br\/index.php?rest_route=\/wp\/v2\/posts"}],"about":[{"href":"https:\/\/tribunadapraia.com.br\/index.php?rest_route=\/wp\/v2\/types\/post"}],"author":[{"embeddable":true,"href":"https:\/\/tribunadapraia.com.br\/index.php?rest_route=\/wp\/v2\/users\/3"}],"replies":[{"embeddable":true,"href":"https:\/\/tribunadapraia.com.br\/index.php?rest_route=%2Fwp%2Fv2%2Fcomments&post=4778"}],"version-history":[{"count":6,"href":"https:\/\/tribunadapraia.com.br\/index.php?rest_route=\/wp\/v2\/posts\/4778\/revisions"}],"predecessor-version":[{"id":4788,"href":"https:\/\/tribunadapraia.com.br\/index.php?rest_route=\/wp\/v2\/posts\/4778\/revisions\/4788"}],"wp:featuredmedia":[{"embeddable":true,"href":"https:\/\/tribunadapraia.com.br\/index.php?rest_route=\/wp\/v2\/media\/4779"}],"wp:attachment":[{"href":"https:\/\/tribunadapraia.com.br\/index.php?rest_route=%2Fwp%2Fv2%2Fmedia&parent=4778"}],"wp:term":[{"taxonomy":"category","embeddable":true,"href":"https:\/\/tribunadapraia.com.br\/index.php?rest_route=%2Fwp%2Fv2%2Fcategories&post=4778"},{"taxonomy":"post_tag","embeddable":true,"href":"https:\/\/tribunadapraia.com.br\/index.php?rest_route=%2Fwp%2Fv2%2Ftags&post=4778"}],"curies":[{"name":"wp","href":"https:\/\/api.w.org\/{rel}","templated":true}]}}