{"id":4775,"date":"2022-07-24T13:59:13","date_gmt":"2022-07-24T16:59:13","guid":{"rendered":"https:\/\/tribunadapraia.com.br\/?p=4775"},"modified":"2022-07-24T13:59:13","modified_gmt":"2022-07-24T16:59:13","slug":"pstu-lanca-oficialmente-elinos-sabino-como-candidato-ao-governo-de-sergipe-uma-alternativa-socualista-e-revolucionaria-para-a-classe-trabalhadora","status":"publish","type":"post","link":"https:\/\/tribunadapraia.com.br\/?p=4775","title":{"rendered":"PSTU lan\u00e7a oficialmente ELINOS SABINO como candidato ao governo de Sergipe &#8211; uma alternativa socualista e revolucionaria para a classe trabalhadora"},"content":{"rendered":"<p><em>Partido aprovou candidatura durante em conven\u00e7\u00e3o nesta sexta, 22 &#8211; Elinos Sabino tem candidatura oficializada para o governo de Sergipe<\/em><\/p>\n<p>O Partido Socialista dos Trabalhadores Unificado (PSTU) em Sergipe aprovou, na noite desta sexta-feira (22), em conven\u00e7\u00e3o partid\u00e1ria a oficializa\u00e7\u00e3o da candidatura de Elinos Sabino ao governo do estado. Para vice, o partido anunciou o nome de Leide Lima e de Heraldo Goes para o senado.<\/p>\n<p>O ato aconteceu na sede Sindicato dos Trabalhadores da Petrobras (Sindipetro), em Aracaju. Tr\u00eas dias ap\u00f3s o in\u00edcio do per\u00edodo para realiza\u00e7\u00e3o das conven\u00e7\u00f5es partid\u00e1rias, conforme o calend\u00e1rio do Tribunal Superior Eleitoral (TSE).<\/p>\n<p>Elinos Sabino dos Santos \u00e9 natural de S\u00e3o Carlos (SP), servidor p\u00fablico federal e vai disputar a sua primeira elei\u00e7\u00e3o para o governo do estado. Com mais de 40 anos de milit\u00e2ncia social, ele j\u00e1 foi vendedor, trabalhador rural e professor.<\/p>\n<p>\u25a0 Propostas<\/p>\n<p>Aos 59 anos, Elinos citou que entre suas suas propostas de governo est\u00e3o os seguintes temas:<br \/>\nCombate \u00e0 fome<br \/>\nGera\u00e7\u00e3o de emprego<br \/>\nInvestimento em educa\u00e7\u00e3o. \u201cA classe trabalhadora \u00e9 a maioria e \u00e9 preciso ter a sua representa\u00e7\u00e3o. O nosso nome, enquanto PSTU, visa realmente resolver os problemas. Mais da metade est\u00e1 na mis\u00e9ria e \u00e9 preciso resolver esse problema\u201d, disse.<\/p>\n<p>Alian\u00e7as<br \/>\nO candidato negou que o PSTU tenha a pretens\u00e3o de se aliar a outros partidos.<br \/>\nTrajet\u00f3ria pol\u00edtica<br \/>\nEle j\u00e1 concorreu aos cargos pol\u00edticos de: prefeito de Lagarto (PT) em 1988; deputado federal pelo PSTU em 1994; prefeito de Lagarto em 1996; vice-prefeito de Aracaju em 2004; deputado estadual em 2014 e vice-prefeito de Aracaju em 2016.<\/p>\n<ul>\n<li><span style=\"color: #ff6600;\">Com informa\u00e7\u00f5es do G1 Sergipe<\/span><\/li>\n<\/ul>\n","protected":false},"excerpt":{"rendered":"<p>Partido aprovou candidatura durante em conven\u00e7\u00e3o nesta sexta, 22 &#8211; Elinos Sabino tem candidatura oficializada para o governo de Sergipe O Partido Socialista dos Trabalhadores Unificado (PSTU) em Sergipe aprovou, na noite desta sexta-feira (22), em conven\u00e7\u00e3o partid\u00e1ria a oficializa\u00e7\u00e3o da candidatura de Elinos Sabino ao governo do estado. Para vice, o partido anunciou o nome de Leide Lima e de Heraldo Goes para o senado. O ato aconteceu na<\/p>\n","protected":false},"author":3,"featured_media":4776,"comment_status":"open","ping_status":"open","sticky":false,"template":"","format":"standard","meta":[],"categories":[18],"tags":[],"yoast_head":"<!-- This site is optimized with the Yoast SEO plugin v16.3 - https:\/\/yoast.com\/wordpress\/plugins\/seo\/ -->\n<title>PSTU lan\u00e7a oficialmente ELINOS SABINO como candidato ao governo de Sergipe - uma alternativa socualista e revolucionaria para a classe trabalhadora - TRIBUNA DA PRAIA<\/title>\n<meta name=\"robots\" content=\"index, follow, max-snippet:-1, max-image-preview:large, max-video-preview:-1\" \/>\n<link rel=\"canonical\" href=\"https:\/\/tribunadapraia.com.br\/?p=4775\" \/>\n<meta property=\"og:locale\" content=\"pt_BR\" \/>\n<meta property=\"og:type\" content=\"article\" \/>\n<meta property=\"og:title\" content=\"PSTU lan\u00e7a oficialmente ELINOS SABINO como candidato ao governo de Sergipe - uma alternativa socualista e revolucionaria para a classe trabalhadora - TRIBUNA DA PRAIA\" \/>\n<meta property=\"og:description\" content=\"Partido aprovou candidatura durante em conven\u00e7\u00e3o nesta sexta, 22 &#8211; Elinos Sabino tem candidatura oficializada para o governo de Sergipe O Partido Socialista dos Trabalhadores Unificado (PSTU) em Sergipe aprovou, na noite desta sexta-feira (22), em conven\u00e7\u00e3o partid\u00e1ria a oficializa\u00e7\u00e3o da candidatura de Elinos Sabino ao governo do estado. Para vice, o partido anunciou o nome de Leide Lima e de Heraldo Goes para o senado. O ato aconteceu na\" \/>\n<meta property=\"og:url\" content=\"https:\/\/tribunadapraia.com.br\/?p=4775\" \/>\n<meta property=\"og:site_name\" content=\"TRIBUNA DA PRAIA\" \/>\n<meta property=\"article:publisher\" content=\"https:\/\/www.facebook.com\/tribunadapraiaonline\/\" \/>\n<meta property=\"article:published_time\" content=\"2022-07-24T16:59:13+00:00\" \/>\n<meta property=\"og:image\" content=\"https:\/\/tribunadapraia.com.br\/wp-content\/uploads\/2022\/07\/1881a441ab4d4f39fc8d6a415bf32508.jpg\" \/>\n\t<meta property=\"og:image:width\" content=\"850\" \/>\n\t<meta property=\"og:image:height\" content=\"489\" \/>\n<meta name=\"twitter:card\" content=\"summary_large_image\" \/>\n<meta name=\"twitter:creator\" content=\"@Claudomir21\" \/>\n<meta name=\"twitter:site\" content=\"@Claudomir21\" \/>\n<meta name=\"twitter:label1\" content=\"Est. tempo de leitura\">\n\t<meta name=\"twitter:data1\" content=\"2 minutos\">\n<script type=\"application\/ld+json\" class=\"yoast-schema-graph\">{\"@context\":\"https:\/\/schema.org\",\"@graph\":[{\"@type\":\"Organization\",\"@id\":\"https:\/\/tribunadapraia.com.br\/#organization\",\"name\":\"Tribuna da Praia\",\"url\":\"https:\/\/tribunadapraia.com.br\/\",\"sameAs\":[\"https:\/\/www.facebook.com\/tribunadapraiaonline\/\",\"https:\/\/www.instagram.com\/claudomirtavares\/\",\"https:\/\/www.youtube.com\/channel\/UCwQf80nxiMzCefAyjbp53Rw\",\"https:\/\/twitter.com\/Claudomir21\"],\"logo\":{\"@type\":\"ImageObject\",\"@id\":\"https:\/\/tribunadapraia.com.br\/#logo\",\"inLanguage\":\"pt-BR\",\"url\":\"https:\/\/tribunadapraia.com.br\/wp-content\/uploads\/2020\/02\/logo.png\",\"contentUrl\":\"https:\/\/tribunadapraia.com.br\/wp-content\/uploads\/2020\/02\/logo.png\",\"width\":501,\"height\":121,\"caption\":\"Tribuna da Praia\"},\"image\":{\"@id\":\"https:\/\/tribunadapraia.com.br\/#logo\"}},{\"@type\":\"WebSite\",\"@id\":\"https:\/\/tribunadapraia.com.br\/#website\",\"url\":\"https:\/\/tribunadapraia.com.br\/\",\"name\":\"TRIBUNA DA PRAIA\",\"description\":\"O 1\\u00ba jornal do interior de Sergipe na internet\",\"publisher\":{\"@id\":\"https:\/\/tribunadapraia.com.br\/#organization\"},\"potentialAction\":[{\"@type\":\"SearchAction\",\"target\":\"https:\/\/tribunadapraia.com.br\/?s={search_term_string}\",\"query-input\":\"required name=search_term_string\"}],\"inLanguage\":\"pt-BR\"},{\"@type\":\"ImageObject\",\"@id\":\"https:\/\/tribunadapraia.com.br\/?p=4775#primaryimage\",\"inLanguage\":\"pt-BR\",\"url\":\"https:\/\/tribunadapraia.com.br\/wp-content\/uploads\/2022\/07\/1881a441ab4d4f39fc8d6a415bf32508.jpg\",\"contentUrl\":\"https:\/\/tribunadapraia.com.br\/wp-content\/uploads\/2022\/07\/1881a441ab4d4f39fc8d6a415bf32508.jpg\",\"width\":850,\"height\":489},{\"@type\":\"WebPage\",\"@id\":\"https:\/\/tribunadapraia.com.br\/?p=4775#webpage\",\"url\":\"https:\/\/tribunadapraia.com.br\/?p=4775\",\"name\":\"PSTU lan\\u00e7a oficialmente ELINOS SABINO como candidato ao governo de Sergipe - uma alternativa socualista e revolucionaria para a classe trabalhadora - TRIBUNA DA PRAIA\",\"isPartOf\":{\"@id\":\"https:\/\/tribunadapraia.com.br\/#website\"},\"primaryImageOfPage\":{\"@id\":\"https:\/\/tribunadapraia.com.br\/?p=4775#primaryimage\"},\"datePublished\":\"2022-07-24T16:59:13+00:00\",\"dateModified\":\"2022-07-24T16:59:13+00:00\",\"breadcrumb\":{\"@id\":\"https:\/\/tribunadapraia.com.br\/?p=4775#breadcrumb\"},\"inLanguage\":\"pt-BR\",\"potentialAction\":[{\"@type\":\"ReadAction\",\"target\":[\"https:\/\/tribunadapraia.com.br\/?p=4775\"]}]},{\"@type\":\"BreadcrumbList\",\"@id\":\"https:\/\/tribunadapraia.com.br\/?p=4775#breadcrumb\",\"itemListElement\":[{\"@type\":\"ListItem\",\"position\":1,\"item\":{\"@type\":\"WebPage\",\"@id\":\"https:\/\/tribunadapraia.com.br\/\",\"url\":\"https:\/\/tribunadapraia.com.br\/\",\"name\":\"In\\u00edcio\"}},{\"@type\":\"ListItem\",\"position\":2,\"item\":{\"@id\":\"https:\/\/tribunadapraia.com.br\/?p=4775#webpage\"}}]},{\"@type\":\"Article\",\"@id\":\"https:\/\/tribunadapraia.com.br\/?p=4775#article\",\"isPartOf\":{\"@id\":\"https:\/\/tribunadapraia.com.br\/?p=4775#webpage\"},\"author\":{\"@id\":\"https:\/\/tribunadapraia.com.br\/#\/schema\/person\/099fbbf59acc5895c0d7d52b4fc46c97\"},\"headline\":\"PSTU lan\\u00e7a oficialmente ELINOS SABINO como candidato ao governo de Sergipe &#8211; uma alternativa socualista e revolucionaria para a classe trabalhadora\",\"datePublished\":\"2022-07-24T16:59:13+00:00\",\"dateModified\":\"2022-07-24T16:59:13+00:00\",\"mainEntityOfPage\":{\"@id\":\"https:\/\/tribunadapraia.com.br\/?p=4775#webpage\"},\"wordCount\":298,\"commentCount\":0,\"publisher\":{\"@id\":\"https:\/\/tribunadapraia.com.br\/#organization\"},\"image\":{\"@id\":\"https:\/\/tribunadapraia.com.br\/?p=4775#primaryimage\"},\"thumbnailUrl\":\"https:\/\/tribunadapraia.com.br\/wp-content\/uploads\/2022\/07\/1881a441ab4d4f39fc8d6a415bf32508.jpg\",\"articleSection\":[\"Not\\u00edcias\"],\"inLanguage\":\"pt-BR\",\"potentialAction\":[{\"@type\":\"CommentAction\",\"name\":\"Comment\",\"target\":[\"https:\/\/tribunadapraia.com.br\/?p=4775#respond\"]}]},{\"@type\":\"Person\",\"@id\":\"https:\/\/tribunadapraia.com.br\/#\/schema\/person\/099fbbf59acc5895c0d7d52b4fc46c97\",\"name\":\"Reda\\u00e7\\u00e3o\",\"image\":{\"@type\":\"ImageObject\",\"@id\":\"https:\/\/tribunadapraia.com.br\/#personlogo\",\"inLanguage\":\"pt-BR\",\"url\":\"https:\/\/secure.gravatar.com\/avatar\/91c8b91d2bfd7784eac5c3e055361f64?s=96&d=identicon&r=g\",\"contentUrl\":\"https:\/\/secure.gravatar.com\/avatar\/91c8b91d2bfd7784eac5c3e055361f64?s=96&d=identicon&r=g\",\"caption\":\"Reda\\u00e7\\u00e3o\"}}]}<\/script>\n<!-- \/ Yoast SEO plugin. -->","wps_subtitle":"","_links":{"self":[{"href":"https:\/\/tribunadapraia.com.br\/index.php?rest_route=\/wp\/v2\/posts\/4775"}],"collection":[{"href":"https:\/\/tribunadapraia.com.br\/index.php?rest_route=\/wp\/v2\/posts"}],"about":[{"href":"https:\/\/tribunadapraia.com.br\/index.php?rest_route=\/wp\/v2\/types\/post"}],"author":[{"embeddable":true,"href":"https:\/\/tribunadapraia.com.br\/index.php?rest_route=\/wp\/v2\/users\/3"}],"replies":[{"embeddable":true,"href":"https:\/\/tribunadapraia.com.br\/index.php?rest_route=%2Fwp%2Fv2%2Fcomments&post=4775"}],"version-history":[{"count":1,"href":"https:\/\/tribunadapraia.com.br\/index.php?rest_route=\/wp\/v2\/posts\/4775\/revisions"}],"predecessor-version":[{"id":4777,"href":"https:\/\/tribunadapraia.com.br\/index.php?rest_route=\/wp\/v2\/posts\/4775\/revisions\/4777"}],"wp:featuredmedia":[{"embeddable":true,"href":"https:\/\/tribunadapraia.com.br\/index.php?rest_route=\/wp\/v2\/media\/4776"}],"wp:attachment":[{"href":"https:\/\/tribunadapraia.com.br\/index.php?rest_route=%2Fwp%2Fv2%2Fmedia&parent=4775"}],"wp:term":[{"taxonomy":"category","embeddable":true,"href":"https:\/\/tribunadapraia.com.br\/index.php?rest_route=%2Fwp%2Fv2%2Fcategories&post=4775"},{"taxonomy":"post_tag","embeddable":true,"href":"https:\/\/tribunadapraia.com.br\/index.php?rest_route=%2Fwp%2Fv2%2Ftags&post=4775"}],"curies":[{"name":"wp","href":"https:\/\/api.w.org\/{rel}","templated":true}]}}