{"id":4765,"date":"2022-07-22T09:09:22","date_gmt":"2022-07-22T12:09:22","guid":{"rendered":"https:\/\/tribunadapraia.com.br\/?p=4765"},"modified":"2022-07-22T09:11:48","modified_gmt":"2022-07-22T12:11:48","slug":"%e2%98%ad-basta-de-fome-inflacao-e-desemprego-sofia-manzano-e-antonio-alves-pre-candidatura-do-pcb-a-presidencia-da-republica","status":"publish","type":"post","link":"https:\/\/tribunadapraia.com.br\/?p=4765","title":{"rendered":"\u262d Basta de fome, infla\u00e7\u00e3o e desemprego:: SOFIA MANZANO e ANTONIO ALVES &#8211; Pr\u00e9-candidatura do PCB \u00e0 Presid\u00eancia da Rep\u00fablica"},"content":{"rendered":"<p>O Brasil hoje vive uma das maiores crises da sua hist\u00f3ria, com mais de 20 milh\u00f5es de desempregados, 38 milh\u00f5es de trabalhadores na informalidade e mais de 30 milh\u00f5es nas chamadas filas da fome. O povo trabalhador \u00e9 quem sofre os reflexos da crise mundial do capitalismo e com as a\u00e7\u00f5es do governo Bolsonaro, que tudo faz para favorecer os banqueiros, grandes empres\u00e1rios e o agroneg\u00f3cio: s\u00e3o mais privatiza\u00e7\u00f5es, ataques aos direitos sociais e trabalhistas, aumento dos pre\u00e7os dos combust\u00edveis e dos alimentos, desemprego, fome e mis\u00e9ria.<\/p>\n<p>Para derrotar o governo da morte e da destrui\u00e7\u00e3o, \u00e9 preciso seguir firme nas lutas e participar das elei\u00e7\u00f5es com independ\u00eancia e radicalidade.<\/p>\n<p>O PCB apresenta a pr\u00e9-candidatura da professora e economista Sofia Manzano a Presidente e do sindicalista Antonio Alves a vice, uma alternativa popular e revolucion\u00e1ria para tirar o pa\u00eds da crise e avan\u00e7ar nas transforma\u00e7\u00f5es sociais e pol\u00edticas, rumo ao Poder Popular e ao Socialismo.<\/p>\n<p>NOSSAS PRINCIPAIS PROPOSTAS S\u00c3O:<\/p>\n<p>JORNADA DE 30 HORAS SEMANAIS, sem redu\u00e7\u00e3o salarial, com reajuste autom\u00e1tico e indexa\u00e7\u00e3o \u00e0 infla\u00e7\u00e3o, para criar mais postos de trabalho e melhorar a qualidade de vida das trabalhadoras e dos trabalhadores.<\/p>\n<p>COMBATE \u00c0 FOME E AO AGRONEG\u00d3CIO. Amplia\u00e7\u00e3o dos programas de aux\u00edlio emergencial para trabalhadores desempregados e precarizados. Reforma Agr\u00e1ria j\u00e1! Apoio \u00e0 agricultura familiar e \u00e0 organiza\u00e7\u00e3o de cooperativas para a produ\u00e7\u00e3o agroecol\u00f3gica. Incentivo \u00e0 redu\u00e7\u00e3o do uso de agrot\u00f3xicos nas planta\u00e7\u00f5es. Demarca\u00e7\u00e3o e regulariza\u00e7\u00e3o das terras dos povos ind\u00edgenas, quilombolas e ribeirinhos.<\/p>\n<p>LEI DE RESPONSABILIDADE SOCIAL: para garantir recursos em favor do povo trabalhador, com investimentos p\u00fablicos na educa\u00e7\u00e3o, sa\u00fade, saneamento e programas sociais. Fim do teto de gastos e da Lei de Responsabilidade Fiscal, criada apenas para favorecer os banqueiros.<\/p>\n<p>REVOGA\u00c7\u00c3O DAS REFORMAS NEOLIBERAIS, como a previdenci\u00e1ria e a trabalhista, das privatiza\u00e7\u00f5es, terceiriza\u00e7\u00f5es e todas as flexibiliza\u00e7\u00f5es adotadas em favor dos capitalistas. Reestatiza\u00e7\u00e3o das empresas que foram privatizadas. Pela Petrobras 100% estatal e sob controle dos trabalhadores.<\/p>\n<p>FIM DA GUERRA \u00c0S DROGAS! Legaliza\u00e7\u00e3o da maconha e descriminaliza\u00e7\u00e3o das demais drogas, dando fim \u00e0 pol\u00edtica de exterm\u00ednio da popula\u00e7\u00e3o negra e da viol\u00eancia policial nas periferias. Revoga\u00e7\u00e3o completa da lei anti-terrorismo (12.850\/2013).<\/p>\n<p>COMBATE \u00c0S OPRESS\u00d5ES. Combate permanente ao machismo, ao racismo e \u00e0 lgbtfobia. LEGALIZA\u00c7\u00c3O DO ABORTO, com garantia de atendimento na rede p\u00fablica de sa\u00fade. Pol\u00edtica de cotas raciais, liberdade de culto religioso, defesa dos direitos humanos e das liberdades democr\u00e1ticas.<\/p>\n<p>Acesse as redes sociais da Sofia Manzano e acompanhe as atividades e posicionamentos da nossa pr\u00e9-candidata<\/p>\n<ul>\n<li>Com informa\u00e7\u00f5es do portal do PCB<\/li>\n<\/ul>\n","protected":false},"excerpt":{"rendered":"<p>O Brasil hoje vive uma das maiores crises da sua hist\u00f3ria, com mais de 20 milh\u00f5es de desempregados, 38 milh\u00f5es de trabalhadores na informalidade e mais de 30 milh\u00f5es nas chamadas filas da fome. O povo trabalhador \u00e9 quem sofre os reflexos da crise mundial do capitalismo e com as a\u00e7\u00f5es do governo Bolsonaro, que tudo faz para favorecer os banqueiros, grandes empres\u00e1rios e o agroneg\u00f3cio: s\u00e3o mais privatiza\u00e7\u00f5es, ataques<\/p>\n","protected":false},"author":3,"featured_media":4768,"comment_status":"open","ping_status":"open","sticky":false,"template":"","format":"standard","meta":[],"categories":[18],"tags":[],"yoast_head":"<!-- This site is optimized with the Yoast SEO plugin v16.3 - https:\/\/yoast.com\/wordpress\/plugins\/seo\/ -->\n<title>\u262d Basta de fome, infla\u00e7\u00e3o e desemprego:: SOFIA MANZANO e ANTONIO ALVES - Pr\u00e9-candidatura do PCB \u00e0 Presid\u00eancia da Rep\u00fablica - TRIBUNA DA PRAIA<\/title>\n<meta name=\"robots\" content=\"index, follow, max-snippet:-1, max-image-preview:large, max-video-preview:-1\" \/>\n<link rel=\"canonical\" href=\"https:\/\/tribunadapraia.com.br\/?p=4765\" \/>\n<meta property=\"og:locale\" content=\"pt_BR\" \/>\n<meta property=\"og:type\" content=\"article\" \/>\n<meta property=\"og:title\" content=\"\u262d Basta de fome, infla\u00e7\u00e3o e desemprego:: SOFIA MANZANO e ANTONIO ALVES - Pr\u00e9-candidatura do PCB \u00e0 Presid\u00eancia da Rep\u00fablica - TRIBUNA DA PRAIA\" \/>\n<meta property=\"og:description\" content=\"O Brasil hoje vive uma das maiores crises da sua hist\u00f3ria, com mais de 20 milh\u00f5es de desempregados, 38 milh\u00f5es de trabalhadores na informalidade e mais de 30 milh\u00f5es nas chamadas filas da fome. O povo trabalhador \u00e9 quem sofre os reflexos da crise mundial do capitalismo e com as a\u00e7\u00f5es do governo Bolsonaro, que tudo faz para favorecer os banqueiros, grandes empres\u00e1rios e o agroneg\u00f3cio: s\u00e3o mais privatiza\u00e7\u00f5es, ataques\" \/>\n<meta property=\"og:url\" content=\"https:\/\/tribunadapraia.com.br\/?p=4765\" \/>\n<meta property=\"og:site_name\" content=\"TRIBUNA DA PRAIA\" \/>\n<meta property=\"article:publisher\" content=\"https:\/\/www.facebook.com\/tribunadapraiaonline\/\" \/>\n<meta property=\"article:published_time\" content=\"2022-07-22T12:09:22+00:00\" \/>\n<meta property=\"article:modified_time\" content=\"2022-07-22T12:11:48+00:00\" \/>\n<meta property=\"og:image\" content=\"https:\/\/tribunadapraia.com.br\/wp-content\/uploads\/2022\/07\/sxXz4dXa_400x400-1-e1644857761778.jpg\" \/>\n\t<meta property=\"og:image:width\" content=\"400\" \/>\n\t<meta property=\"og:image:height\" content=\"304\" \/>\n<meta name=\"twitter:card\" content=\"summary_large_image\" \/>\n<meta name=\"twitter:creator\" content=\"@Claudomir21\" \/>\n<meta name=\"twitter:site\" content=\"@Claudomir21\" \/>\n<meta name=\"twitter:label1\" content=\"Est. tempo de leitura\">\n\t<meta name=\"twitter:data1\" content=\"2 minutos\">\n<script type=\"application\/ld+json\" class=\"yoast-schema-graph\">{\"@context\":\"https:\/\/schema.org\",\"@graph\":[{\"@type\":\"Organization\",\"@id\":\"https:\/\/tribunadapraia.com.br\/#organization\",\"name\":\"Tribuna da Praia\",\"url\":\"https:\/\/tribunadapraia.com.br\/\",\"sameAs\":[\"https:\/\/www.facebook.com\/tribunadapraiaonline\/\",\"https:\/\/www.instagram.com\/claudomirtavares\/\",\"https:\/\/www.youtube.com\/channel\/UCwQf80nxiMzCefAyjbp53Rw\",\"https:\/\/twitter.com\/Claudomir21\"],\"logo\":{\"@type\":\"ImageObject\",\"@id\":\"https:\/\/tribunadapraia.com.br\/#logo\",\"inLanguage\":\"pt-BR\",\"url\":\"https:\/\/tribunadapraia.com.br\/wp-content\/uploads\/2020\/02\/logo.png\",\"contentUrl\":\"https:\/\/tribunadapraia.com.br\/wp-content\/uploads\/2020\/02\/logo.png\",\"width\":501,\"height\":121,\"caption\":\"Tribuna da Praia\"},\"image\":{\"@id\":\"https:\/\/tribunadapraia.com.br\/#logo\"}},{\"@type\":\"WebSite\",\"@id\":\"https:\/\/tribunadapraia.com.br\/#website\",\"url\":\"https:\/\/tribunadapraia.com.br\/\",\"name\":\"TRIBUNA DA PRAIA\",\"description\":\"O 1\\u00ba jornal do interior de Sergipe na internet\",\"publisher\":{\"@id\":\"https:\/\/tribunadapraia.com.br\/#organization\"},\"potentialAction\":[{\"@type\":\"SearchAction\",\"target\":\"https:\/\/tribunadapraia.com.br\/?s={search_term_string}\",\"query-input\":\"required name=search_term_string\"}],\"inLanguage\":\"pt-BR\"},{\"@type\":\"ImageObject\",\"@id\":\"https:\/\/tribunadapraia.com.br\/?p=4765#primaryimage\",\"inLanguage\":\"pt-BR\",\"url\":\"https:\/\/tribunadapraia.com.br\/wp-content\/uploads\/2022\/07\/sxXz4dXa_400x400-1-e1644857761778.jpg\",\"contentUrl\":\"https:\/\/tribunadapraia.com.br\/wp-content\/uploads\/2022\/07\/sxXz4dXa_400x400-1-e1644857761778.jpg\",\"width\":400,\"height\":304},{\"@type\":\"WebPage\",\"@id\":\"https:\/\/tribunadapraia.com.br\/?p=4765#webpage\",\"url\":\"https:\/\/tribunadapraia.com.br\/?p=4765\",\"name\":\"\\u262d Basta de fome, infla\\u00e7\\u00e3o e desemprego:: SOFIA MANZANO e ANTONIO ALVES - Pr\\u00e9-candidatura do PCB \\u00e0 Presid\\u00eancia da Rep\\u00fablica - TRIBUNA DA PRAIA\",\"isPartOf\":{\"@id\":\"https:\/\/tribunadapraia.com.br\/#website\"},\"primaryImageOfPage\":{\"@id\":\"https:\/\/tribunadapraia.com.br\/?p=4765#primaryimage\"},\"datePublished\":\"2022-07-22T12:09:22+00:00\",\"dateModified\":\"2022-07-22T12:11:48+00:00\",\"breadcrumb\":{\"@id\":\"https:\/\/tribunadapraia.com.br\/?p=4765#breadcrumb\"},\"inLanguage\":\"pt-BR\",\"potentialAction\":[{\"@type\":\"ReadAction\",\"target\":[\"https:\/\/tribunadapraia.com.br\/?p=4765\"]}]},{\"@type\":\"BreadcrumbList\",\"@id\":\"https:\/\/tribunadapraia.com.br\/?p=4765#breadcrumb\",\"itemListElement\":[{\"@type\":\"ListItem\",\"position\":1,\"item\":{\"@type\":\"WebPage\",\"@id\":\"https:\/\/tribunadapraia.com.br\/\",\"url\":\"https:\/\/tribunadapraia.com.br\/\",\"name\":\"In\\u00edcio\"}},{\"@type\":\"ListItem\",\"position\":2,\"item\":{\"@id\":\"https:\/\/tribunadapraia.com.br\/?p=4765#webpage\"}}]},{\"@type\":\"Article\",\"@id\":\"https:\/\/tribunadapraia.com.br\/?p=4765#article\",\"isPartOf\":{\"@id\":\"https:\/\/tribunadapraia.com.br\/?p=4765#webpage\"},\"author\":{\"@id\":\"https:\/\/tribunadapraia.com.br\/#\/schema\/person\/099fbbf59acc5895c0d7d52b4fc46c97\"},\"headline\":\"\\u262d Basta de fome, infla\\u00e7\\u00e3o e desemprego:: SOFIA MANZANO e ANTONIO ALVES &#8211; Pr\\u00e9-candidatura do PCB \\u00e0 Presid\\u00eancia da Rep\\u00fablica\",\"datePublished\":\"2022-07-22T12:09:22+00:00\",\"dateModified\":\"2022-07-22T12:11:48+00:00\",\"mainEntityOfPage\":{\"@id\":\"https:\/\/tribunadapraia.com.br\/?p=4765#webpage\"},\"wordCount\":486,\"commentCount\":0,\"publisher\":{\"@id\":\"https:\/\/tribunadapraia.com.br\/#organization\"},\"image\":{\"@id\":\"https:\/\/tribunadapraia.com.br\/?p=4765#primaryimage\"},\"thumbnailUrl\":\"https:\/\/tribunadapraia.com.br\/wp-content\/uploads\/2022\/07\/sxXz4dXa_400x400-1-e1644857761778.jpg\",\"articleSection\":[\"Not\\u00edcias\"],\"inLanguage\":\"pt-BR\",\"potentialAction\":[{\"@type\":\"CommentAction\",\"name\":\"Comment\",\"target\":[\"https:\/\/tribunadapraia.com.br\/?p=4765#respond\"]}]},{\"@type\":\"Person\",\"@id\":\"https:\/\/tribunadapraia.com.br\/#\/schema\/person\/099fbbf59acc5895c0d7d52b4fc46c97\",\"name\":\"Reda\\u00e7\\u00e3o\",\"image\":{\"@type\":\"ImageObject\",\"@id\":\"https:\/\/tribunadapraia.com.br\/#personlogo\",\"inLanguage\":\"pt-BR\",\"url\":\"https:\/\/secure.gravatar.com\/avatar\/91c8b91d2bfd7784eac5c3e055361f64?s=96&d=identicon&r=g\",\"contentUrl\":\"https:\/\/secure.gravatar.com\/avatar\/91c8b91d2bfd7784eac5c3e055361f64?s=96&d=identicon&r=g\",\"caption\":\"Reda\\u00e7\\u00e3o\"}}]}<\/script>\n<!-- \/ Yoast SEO plugin. -->","wps_subtitle":"","_links":{"self":[{"href":"https:\/\/tribunadapraia.com.br\/index.php?rest_route=\/wp\/v2\/posts\/4765"}],"collection":[{"href":"https:\/\/tribunadapraia.com.br\/index.php?rest_route=\/wp\/v2\/posts"}],"about":[{"href":"https:\/\/tribunadapraia.com.br\/index.php?rest_route=\/wp\/v2\/types\/post"}],"author":[{"embeddable":true,"href":"https:\/\/tribunadapraia.com.br\/index.php?rest_route=\/wp\/v2\/users\/3"}],"replies":[{"embeddable":true,"href":"https:\/\/tribunadapraia.com.br\/index.php?rest_route=%2Fwp%2Fv2%2Fcomments&post=4765"}],"version-history":[{"count":3,"href":"https:\/\/tribunadapraia.com.br\/index.php?rest_route=\/wp\/v2\/posts\/4765\/revisions"}],"predecessor-version":[{"id":4769,"href":"https:\/\/tribunadapraia.com.br\/index.php?rest_route=\/wp\/v2\/posts\/4765\/revisions\/4769"}],"wp:featuredmedia":[{"embeddable":true,"href":"https:\/\/tribunadapraia.com.br\/index.php?rest_route=\/wp\/v2\/media\/4768"}],"wp:attachment":[{"href":"https:\/\/tribunadapraia.com.br\/index.php?rest_route=%2Fwp%2Fv2%2Fmedia&parent=4765"}],"wp:term":[{"taxonomy":"category","embeddable":true,"href":"https:\/\/tribunadapraia.com.br\/index.php?rest_route=%2Fwp%2Fv2%2Fcategories&post=4765"},{"taxonomy":"post_tag","embeddable":true,"href":"https:\/\/tribunadapraia.com.br\/index.php?rest_route=%2Fwp%2Fv2%2Ftags&post=4765"}],"curies":[{"name":"wp","href":"https:\/\/api.w.org\/{rel}","templated":true}]}}