{"id":4758,"date":"2022-07-18T19:24:37","date_gmt":"2022-07-18T22:24:37","guid":{"rendered":"https:\/\/tribunadapraia.com.br\/?p=4758"},"modified":"2022-07-18T17:39:27","modified_gmt":"2022-07-18T20:39:27","slug":"audio-sobre-gratidao-politica-e-infidelidade-eleitoral-entre-andre-moura-e-edi-leite-com-quem-esta-a-coerencia","status":"publish","type":"post","link":"https:\/\/tribunadapraia.com.br\/?p=4758","title":{"rendered":"\u00c1UDIO: Sobre gratid\u00e3o pol\u00edtica e infidelidade eleitoral entre Andr\u00e9 Moura e Edi Leite &#8211; com quem esta a coer\u00eancia?"},"content":{"rendered":"<p>No Editorial (opini\u00e3o) desta segunda-feira, 18, o webradialista ClaudOmir Herzog, que apresenta diariamente \u00e0s 18 horas na R\u00e1dio Atalainha o programa A VOZ DO POVO, fez uma an\u00e1lise sobre o que classificou como a &#8220;peleja massacar\u00e1&#8221; entre o ex-deputado federal Andr\u00e9 Moura e o ex-candidato a prefeito de Carm\u00f3polis, Edi Leite, filho do saudoso ex-prefeito Wolney Leite Alves.<\/p>\n<p>Confira abaixo o \u00e1udio com a opini\u00e3o citada acima.<\/p>\n<!--[if lt IE 9]><script>document.createElement('audio');<\/script><![endif]-->\n<audio class=\"wp-audio-shortcode\" id=\"audio-4758-1\" preload=\"none\" style=\"width: 100%;\" controls=\"controls\"><source type=\"audio\/mpeg\" src=\"https:\/\/tribunadapraia.com.br\/wp-content\/uploads\/2022\/07\/AUD-20220718-WA0107.mp3?_=1\" \/><a href=\"https:\/\/tribunadapraia.com.br\/wp-content\/uploads\/2022\/07\/AUD-20220718-WA0107.mp3\">https:\/\/tribunadapraia.com.br\/wp-content\/uploads\/2022\/07\/AUD-20220718-WA0107.mp3<\/a><\/audio>\n<p>&nbsp;<\/p>\n","protected":false},"excerpt":{"rendered":"<p>No Editorial (opini\u00e3o) desta segunda-feira, 18, o webradialista ClaudOmir Herzog, que apresenta diariamente \u00e0s 18 horas na R\u00e1dio Atalainha o programa A VOZ DO POVO, fez uma an\u00e1lise sobre o que classificou como a &#8220;peleja massacar\u00e1&#8221; entre o ex-deputado federal Andr\u00e9 Moura e o ex-candidato a prefeito de Carm\u00f3polis, Edi Leite, filho do saudoso ex-prefeito Wolney Leite Alves. Confira abaixo o \u00e1udio com a opini\u00e3o citada acima. &nbsp;<\/p>\n","protected":false},"author":1,"featured_media":4764,"comment_status":"open","ping_status":"open","sticky":false,"template":"","format":"standard","meta":[],"categories":[18],"tags":[],"yoast_head":"<!-- This site is optimized with the Yoast SEO plugin v16.3 - https:\/\/yoast.com\/wordpress\/plugins\/seo\/ -->\n<title>\u00c1UDIO: Sobre gratid\u00e3o pol\u00edtica e infidelidade eleitoral entre Andr\u00e9 Moura e Edi Leite - com quem esta a coer\u00eancia? - TRIBUNA DA PRAIA<\/title>\n<meta name=\"robots\" content=\"index, follow, max-snippet:-1, max-image-preview:large, max-video-preview:-1\" \/>\n<link rel=\"canonical\" href=\"https:\/\/tribunadapraia.com.br\/?p=4758\" \/>\n<meta property=\"og:locale\" content=\"pt_BR\" \/>\n<meta property=\"og:type\" content=\"article\" \/>\n<meta property=\"og:title\" content=\"\u00c1UDIO: Sobre gratid\u00e3o pol\u00edtica e infidelidade eleitoral entre Andr\u00e9 Moura e Edi Leite - com quem esta a coer\u00eancia? - TRIBUNA DA PRAIA\" \/>\n<meta property=\"og:description\" content=\"No Editorial (opini\u00e3o) desta segunda-feira, 18, o webradialista ClaudOmir Herzog, que apresenta diariamente \u00e0s 18 horas na R\u00e1dio Atalainha o programa A VOZ DO POVO, fez uma an\u00e1lise sobre o que classificou como a &#8220;peleja massacar\u00e1&#8221; entre o ex-deputado federal Andr\u00e9 Moura e o ex-candidato a prefeito de Carm\u00f3polis, Edi Leite, filho do saudoso ex-prefeito Wolney Leite Alves. Confira abaixo o \u00e1udio com a opini\u00e3o citada acima. &nbsp;\" \/>\n<meta property=\"og:url\" content=\"https:\/\/tribunadapraia.com.br\/?p=4758\" \/>\n<meta property=\"og:site_name\" content=\"TRIBUNA DA PRAIA\" \/>\n<meta property=\"article:publisher\" content=\"https:\/\/www.facebook.com\/tribunadapraiaonline\/\" \/>\n<meta property=\"article:published_time\" content=\"2022-07-18T22:24:37+00:00\" \/>\n<meta property=\"article:modified_time\" content=\"2022-07-18T20:39:27+00:00\" \/>\n<meta property=\"og:image\" content=\"https:\/\/tribunadapraia.com.br\/wp-content\/uploads\/2022\/07\/IMG-20220718-WA0098.jpg\" \/>\n\t<meta property=\"og:image:width\" content=\"1000\" \/>\n\t<meta property=\"og:image:height\" content=\"664\" \/>\n<meta name=\"twitter:card\" content=\"summary_large_image\" \/>\n<meta name=\"twitter:creator\" content=\"@Claudomir21\" \/>\n<meta name=\"twitter:site\" content=\"@Claudomir21\" \/>\n<meta name=\"twitter:label1\" content=\"Est. tempo de leitura\">\n\t<meta name=\"twitter:data1\" content=\"1 minuto\">\n<script type=\"application\/ld+json\" class=\"yoast-schema-graph\">{\"@context\":\"https:\/\/schema.org\",\"@graph\":[{\"@type\":\"Organization\",\"@id\":\"https:\/\/tribunadapraia.com.br\/#organization\",\"name\":\"Tribuna da Praia\",\"url\":\"https:\/\/tribunadapraia.com.br\/\",\"sameAs\":[\"https:\/\/www.facebook.com\/tribunadapraiaonline\/\",\"https:\/\/www.instagram.com\/claudomirtavares\/\",\"https:\/\/www.youtube.com\/channel\/UCwQf80nxiMzCefAyjbp53Rw\",\"https:\/\/twitter.com\/Claudomir21\"],\"logo\":{\"@type\":\"ImageObject\",\"@id\":\"https:\/\/tribunadapraia.com.br\/#logo\",\"inLanguage\":\"pt-BR\",\"url\":\"https:\/\/tribunadapraia.com.br\/wp-content\/uploads\/2020\/02\/logo.png\",\"contentUrl\":\"https:\/\/tribunadapraia.com.br\/wp-content\/uploads\/2020\/02\/logo.png\",\"width\":501,\"height\":121,\"caption\":\"Tribuna da Praia\"},\"image\":{\"@id\":\"https:\/\/tribunadapraia.com.br\/#logo\"}},{\"@type\":\"WebSite\",\"@id\":\"https:\/\/tribunadapraia.com.br\/#website\",\"url\":\"https:\/\/tribunadapraia.com.br\/\",\"name\":\"TRIBUNA DA PRAIA\",\"description\":\"O 1\\u00ba jornal do interior de Sergipe na internet\",\"publisher\":{\"@id\":\"https:\/\/tribunadapraia.com.br\/#organization\"},\"potentialAction\":[{\"@type\":\"SearchAction\",\"target\":\"https:\/\/tribunadapraia.com.br\/?s={search_term_string}\",\"query-input\":\"required name=search_term_string\"}],\"inLanguage\":\"pt-BR\"},{\"@type\":\"ImageObject\",\"@id\":\"https:\/\/tribunadapraia.com.br\/?p=4758#primaryimage\",\"inLanguage\":\"pt-BR\",\"url\":\"https:\/\/tribunadapraia.com.br\/wp-content\/uploads\/2022\/07\/IMG-20220718-WA0098.jpg\",\"contentUrl\":\"https:\/\/tribunadapraia.com.br\/wp-content\/uploads\/2022\/07\/IMG-20220718-WA0098.jpg\",\"width\":1000,\"height\":664},{\"@type\":\"WebPage\",\"@id\":\"https:\/\/tribunadapraia.com.br\/?p=4758#webpage\",\"url\":\"https:\/\/tribunadapraia.com.br\/?p=4758\",\"name\":\"\\u00c1UDIO: Sobre gratid\\u00e3o pol\\u00edtica e infidelidade eleitoral entre Andr\\u00e9 Moura e Edi Leite - com quem esta a coer\\u00eancia? - TRIBUNA DA PRAIA\",\"isPartOf\":{\"@id\":\"https:\/\/tribunadapraia.com.br\/#website\"},\"primaryImageOfPage\":{\"@id\":\"https:\/\/tribunadapraia.com.br\/?p=4758#primaryimage\"},\"datePublished\":\"2022-07-18T22:24:37+00:00\",\"dateModified\":\"2022-07-18T20:39:27+00:00\",\"breadcrumb\":{\"@id\":\"https:\/\/tribunadapraia.com.br\/?p=4758#breadcrumb\"},\"inLanguage\":\"pt-BR\",\"potentialAction\":[{\"@type\":\"ReadAction\",\"target\":[\"https:\/\/tribunadapraia.com.br\/?p=4758\"]}]},{\"@type\":\"BreadcrumbList\",\"@id\":\"https:\/\/tribunadapraia.com.br\/?p=4758#breadcrumb\",\"itemListElement\":[{\"@type\":\"ListItem\",\"position\":1,\"item\":{\"@type\":\"WebPage\",\"@id\":\"https:\/\/tribunadapraia.com.br\/\",\"url\":\"https:\/\/tribunadapraia.com.br\/\",\"name\":\"In\\u00edcio\"}},{\"@type\":\"ListItem\",\"position\":2,\"item\":{\"@id\":\"https:\/\/tribunadapraia.com.br\/?p=4758#webpage\"}}]},{\"@type\":\"Article\",\"@id\":\"https:\/\/tribunadapraia.com.br\/?p=4758#article\",\"isPartOf\":{\"@id\":\"https:\/\/tribunadapraia.com.br\/?p=4758#webpage\"},\"author\":{\"@id\":\"https:\/\/tribunadapraia.com.br\/#\/schema\/person\/326b0a9f3163b479142c64eba4928de0\"},\"headline\":\"\\u00c1UDIO: Sobre gratid\\u00e3o pol\\u00edtica e infidelidade eleitoral entre Andr\\u00e9 Moura e Edi Leite &#8211; com quem esta a coer\\u00eancia?\",\"datePublished\":\"2022-07-18T22:24:37+00:00\",\"dateModified\":\"2022-07-18T20:39:27+00:00\",\"mainEntityOfPage\":{\"@id\":\"https:\/\/tribunadapraia.com.br\/?p=4758#webpage\"},\"wordCount\":105,\"commentCount\":0,\"publisher\":{\"@id\":\"https:\/\/tribunadapraia.com.br\/#organization\"},\"image\":{\"@id\":\"https:\/\/tribunadapraia.com.br\/?p=4758#primaryimage\"},\"thumbnailUrl\":\"https:\/\/tribunadapraia.com.br\/wp-content\/uploads\/2022\/07\/IMG-20220718-WA0098.jpg\",\"articleSection\":[\"Not\\u00edcias\"],\"inLanguage\":\"pt-BR\",\"potentialAction\":[{\"@type\":\"CommentAction\",\"name\":\"Comment\",\"target\":[\"https:\/\/tribunadapraia.com.br\/?p=4758#respond\"]}]},{\"@type\":\"Person\",\"@id\":\"https:\/\/tribunadapraia.com.br\/#\/schema\/person\/326b0a9f3163b479142c64eba4928de0\",\"name\":\"tribunadapraia\",\"image\":{\"@type\":\"ImageObject\",\"@id\":\"https:\/\/tribunadapraia.com.br\/#personlogo\",\"inLanguage\":\"pt-BR\",\"url\":\"https:\/\/secure.gravatar.com\/avatar\/38b019c74762496076b7355024a0dad9?s=96&d=identicon&r=g\",\"contentUrl\":\"https:\/\/secure.gravatar.com\/avatar\/38b019c74762496076b7355024a0dad9?s=96&d=identicon&r=g\",\"caption\":\"tribunadapraia\"}}]}<\/script>\n<!-- \/ Yoast SEO plugin. -->","wps_subtitle":"","_links":{"self":[{"href":"https:\/\/tribunadapraia.com.br\/index.php?rest_route=\/wp\/v2\/posts\/4758"}],"collection":[{"href":"https:\/\/tribunadapraia.com.br\/index.php?rest_route=\/wp\/v2\/posts"}],"about":[{"href":"https:\/\/tribunadapraia.com.br\/index.php?rest_route=\/wp\/v2\/types\/post"}],"author":[{"embeddable":true,"href":"https:\/\/tribunadapraia.com.br\/index.php?rest_route=\/wp\/v2\/users\/1"}],"replies":[{"embeddable":true,"href":"https:\/\/tribunadapraia.com.br\/index.php?rest_route=%2Fwp%2Fv2%2Fcomments&post=4758"}],"version-history":[{"count":3,"href":"https:\/\/tribunadapraia.com.br\/index.php?rest_route=\/wp\/v2\/posts\/4758\/revisions"}],"predecessor-version":[{"id":4763,"href":"https:\/\/tribunadapraia.com.br\/index.php?rest_route=\/wp\/v2\/posts\/4758\/revisions\/4763"}],"wp:featuredmedia":[{"embeddable":true,"href":"https:\/\/tribunadapraia.com.br\/index.php?rest_route=\/wp\/v2\/media\/4764"}],"wp:attachment":[{"href":"https:\/\/tribunadapraia.com.br\/index.php?rest_route=%2Fwp%2Fv2%2Fmedia&parent=4758"}],"wp:term":[{"taxonomy":"category","embeddable":true,"href":"https:\/\/tribunadapraia.com.br\/index.php?rest_route=%2Fwp%2Fv2%2Fcategories&post=4758"},{"taxonomy":"post_tag","embeddable":true,"href":"https:\/\/tribunadapraia.com.br\/index.php?rest_route=%2Fwp%2Fv2%2Ftags&post=4758"}],"curies":[{"name":"wp","href":"https:\/\/api.w.org\/{rel}","templated":true}]}}