{"id":4755,"date":"2022-07-18T13:47:46","date_gmt":"2022-07-18T16:47:46","guid":{"rendered":"https:\/\/tribunadapraia.com.br\/?p=4755"},"modified":"2022-07-18T17:42:33","modified_gmt":"2022-07-18T20:42:33","slug":"a-indigena-kuna-ypora-conhecida-tambem-como-raquel-tremembe-ira-compor-a-chapa-com-vera-do-pstu-a-presidencia-do-brasil","status":"publish","type":"post","link":"https:\/\/tribunadapraia.com.br\/?p=4755","title":{"rendered":"A ind\u00edgena Kun\u00e3 Ypor\u00e3, conhecida tamb\u00e9m como Raquel Trememb\u00e9, ir\u00e1 compor a chapa com Vera, do PSTU, \u00e0 presid\u00eancia do Brasil"},"content":{"rendered":"<p><em><span style=\"color: #ff9900;\">Evento que lan\u00e7ar\u00e1 a pr\u00e9-candidatura a vice-presidente ser\u00e1 realizada no pr\u00f3ximo dia 22, \u00e0s 19h, de forma virtual<\/span><\/em><\/p>\n<p>A ind\u00edgena maranhense Kun\u00e3 Ypor\u00e3, conhecida tamb\u00e9m como Raquel Trememb\u00e9, \u00e9 quem ir\u00e1 compor a chapa \u00e0 presid\u00eancia da Rep\u00fablica com a Vera (PSTU) pelo Polo Socialista Revolucion\u00e1rio.<\/p>\n<p>Na pr\u00f3xima sexta-feira, dia 22, \u00e0s 19h, ser\u00e1 realizada a live de lan\u00e7amento da pr\u00e9-candidatura de Kun\u00e3 Ypor\u00e3 (Raquel Trememb\u00e9), com transmiss\u00e3o pelas redes sociais do PSTU e das demais organiza\u00e7\u00f5es que integram o Polo Socialista Revolucion\u00e1rio.<\/p>\n<p>\u201cA chapa ser\u00e1 composta por duas mulheres, uma oper\u00e1ria negra e uma ind\u00edgena, onde temos o desafio de apresentar um programa socialista contra toda forma de explora\u00e7\u00e3o e opress\u00e3o. Na defesa de uma sociedade que respeite os direitos das popula\u00e7\u00f5es tradicionais, dos povos ind\u00edgenas, das comunidades quilombolas, assegurando demarca\u00e7\u00e3o, titula\u00e7\u00e3o e posse de suas terras e respeitando sua cultura e seu modo de vida\u201d, afirma Kun\u00e3 Ypor\u00e3.<\/p>\n<p>\u201cA defesa de uma sociedade igualit\u00e1ria, sem explorados e oprimidos, onde os recursos naturais e a riqueza produzida pelo trabalho do povo sejam todas utilizadas para garantir vida digna a todas e todos, onde seja assegurada a preserva\u00e7\u00e3o do meio ambiente. Uma sociedade que acabe com toda a viol\u00eancia contra os setores mais desprotegidos e que assegure a todas e todos n\u00e3o apenas condi\u00e7\u00f5es materiais para uma vida digna, mas tamb\u00e9m acesso ao conhecimento, \u00e0 cultura, ao lazer e a toda liberdade necess\u00e1ria para sua realiza\u00e7\u00e3o plena como seres humanos\u201d, completa.<\/p>\n<p>*Quem \u00e9 Kun\u00e3 Ypor\u00e3 (Raquel Trememb\u00e9)?*<br \/>\nKun\u00e3 Ypor\u00e3 (Raquel Trememb\u00e9) tem 39 anos de idade, \u00e9 ind\u00edgena da etnia Trememb\u00e9 do Estado do Maranh\u00e3o e \u00e9 pedagoga.<\/p>\n<p>\u00c9 integrante da Articula\u00e7\u00e3o da Teia de Povos de Comunidades Tradicionais do Maranh\u00e3o e membro da Secretaria Executiva Nacional da Centra Sindical e Popular (CSP)-Conlutas<\/p>\n<p>Kun\u00e3 Ypor\u00e3 (Raquel Trememb\u00e9) \u00e9 parte atuante das mobiliza\u00e7\u00f5es dos povos ind\u00edgenas contra o governo de Bolsonaro e Mour\u00e3o, que governam a servi\u00e7o dos interesses de latifundi\u00e1rios, mineradoras, madeireiras, garimpeiros e grileiros, patrocinando diversos ataques aos povos origin\u00e1rios, seja contra seus territ\u00f3rios, suas vidas e tamb\u00e9m de exterm\u00ednio cultural.<\/p>\n<ul>\n<li><span style=\"color: #993300;\">Por Assessoria de Imprensa<\/span><br \/>\n<span style=\"color: #993300;\">Roberto Aguiar | Foto: Divulga\u00e7\u00e3o<\/span><\/li>\n<\/ul>\n<p>&nbsp;<\/p>\n","protected":false},"excerpt":{"rendered":"<p>Evento que lan\u00e7ar\u00e1 a pr\u00e9-candidatura a vice-presidente ser\u00e1 realizada no pr\u00f3ximo dia 22, \u00e0s 19h, de forma virtual A ind\u00edgena maranhense Kun\u00e3 Ypor\u00e3, conhecida tamb\u00e9m como Raquel Trememb\u00e9, \u00e9 quem ir\u00e1 compor a chapa \u00e0 presid\u00eancia da Rep\u00fablica com a Vera (PSTU) pelo Polo Socialista Revolucion\u00e1rio. Na pr\u00f3xima sexta-feira, dia 22, \u00e0s 19h, ser\u00e1 realizada a live de lan\u00e7amento da pr\u00e9-candidatura de Kun\u00e3 Ypor\u00e3 (Raquel Trememb\u00e9), com transmiss\u00e3o pelas redes<\/p>\n","protected":false},"author":1,"featured_media":4756,"comment_status":"open","ping_status":"open","sticky":false,"template":"","format":"standard","meta":[],"categories":[18],"tags":[],"yoast_head":"<!-- This site is optimized with the Yoast SEO plugin v16.3 - https:\/\/yoast.com\/wordpress\/plugins\/seo\/ -->\n<title>A ind\u00edgena Kun\u00e3 Ypor\u00e3, conhecida tamb\u00e9m como Raquel Trememb\u00e9, ir\u00e1 compor a chapa com Vera, do PSTU, \u00e0 presid\u00eancia do Brasil - TRIBUNA DA PRAIA<\/title>\n<meta name=\"robots\" content=\"index, follow, max-snippet:-1, max-image-preview:large, max-video-preview:-1\" \/>\n<link rel=\"canonical\" href=\"https:\/\/tribunadapraia.com.br\/?p=4755\" \/>\n<meta property=\"og:locale\" content=\"pt_BR\" \/>\n<meta property=\"og:type\" content=\"article\" \/>\n<meta property=\"og:title\" content=\"A ind\u00edgena Kun\u00e3 Ypor\u00e3, conhecida tamb\u00e9m como Raquel Trememb\u00e9, ir\u00e1 compor a chapa com Vera, do PSTU, \u00e0 presid\u00eancia do Brasil - TRIBUNA DA PRAIA\" \/>\n<meta property=\"og:description\" content=\"Evento que lan\u00e7ar\u00e1 a pr\u00e9-candidatura a vice-presidente ser\u00e1 realizada no pr\u00f3ximo dia 22, \u00e0s 19h, de forma virtual A ind\u00edgena maranhense Kun\u00e3 Ypor\u00e3, conhecida tamb\u00e9m como Raquel Trememb\u00e9, \u00e9 quem ir\u00e1 compor a chapa \u00e0 presid\u00eancia da Rep\u00fablica com a Vera (PSTU) pelo Polo Socialista Revolucion\u00e1rio. Na pr\u00f3xima sexta-feira, dia 22, \u00e0s 19h, ser\u00e1 realizada a live de lan\u00e7amento da pr\u00e9-candidatura de Kun\u00e3 Ypor\u00e3 (Raquel Trememb\u00e9), com transmiss\u00e3o pelas redes\" \/>\n<meta property=\"og:url\" content=\"https:\/\/tribunadapraia.com.br\/?p=4755\" \/>\n<meta property=\"og:site_name\" content=\"TRIBUNA DA PRAIA\" \/>\n<meta property=\"article:publisher\" content=\"https:\/\/www.facebook.com\/tribunadapraiaonline\/\" \/>\n<meta property=\"article:published_time\" content=\"2022-07-18T16:47:46+00:00\" \/>\n<meta property=\"article:modified_time\" content=\"2022-07-18T20:42:33+00:00\" \/>\n<meta property=\"og:image\" content=\"https:\/\/tribunadapraia.com.br\/wp-content\/uploads\/2022\/07\/IMG-20220718-WA0089.jpg\" \/>\n\t<meta property=\"og:image:width\" content=\"860\" \/>\n\t<meta property=\"og:image:height\" content=\"774\" \/>\n<meta name=\"twitter:card\" content=\"summary_large_image\" \/>\n<meta name=\"twitter:creator\" content=\"@Claudomir21\" \/>\n<meta name=\"twitter:site\" content=\"@Claudomir21\" \/>\n<meta name=\"twitter:label1\" content=\"Est. tempo de leitura\">\n\t<meta name=\"twitter:data1\" content=\"2 minutos\">\n<script type=\"application\/ld+json\" class=\"yoast-schema-graph\">{\"@context\":\"https:\/\/schema.org\",\"@graph\":[{\"@type\":\"Organization\",\"@id\":\"https:\/\/tribunadapraia.com.br\/#organization\",\"name\":\"Tribuna da Praia\",\"url\":\"https:\/\/tribunadapraia.com.br\/\",\"sameAs\":[\"https:\/\/www.facebook.com\/tribunadapraiaonline\/\",\"https:\/\/www.instagram.com\/claudomirtavares\/\",\"https:\/\/www.youtube.com\/channel\/UCwQf80nxiMzCefAyjbp53Rw\",\"https:\/\/twitter.com\/Claudomir21\"],\"logo\":{\"@type\":\"ImageObject\",\"@id\":\"https:\/\/tribunadapraia.com.br\/#logo\",\"inLanguage\":\"pt-BR\",\"url\":\"https:\/\/tribunadapraia.com.br\/wp-content\/uploads\/2020\/02\/logo.png\",\"contentUrl\":\"https:\/\/tribunadapraia.com.br\/wp-content\/uploads\/2020\/02\/logo.png\",\"width\":501,\"height\":121,\"caption\":\"Tribuna da Praia\"},\"image\":{\"@id\":\"https:\/\/tribunadapraia.com.br\/#logo\"}},{\"@type\":\"WebSite\",\"@id\":\"https:\/\/tribunadapraia.com.br\/#website\",\"url\":\"https:\/\/tribunadapraia.com.br\/\",\"name\":\"TRIBUNA DA PRAIA\",\"description\":\"O 1\\u00ba jornal do interior de Sergipe na internet\",\"publisher\":{\"@id\":\"https:\/\/tribunadapraia.com.br\/#organization\"},\"potentialAction\":[{\"@type\":\"SearchAction\",\"target\":\"https:\/\/tribunadapraia.com.br\/?s={search_term_string}\",\"query-input\":\"required name=search_term_string\"}],\"inLanguage\":\"pt-BR\"},{\"@type\":\"ImageObject\",\"@id\":\"https:\/\/tribunadapraia.com.br\/?p=4755#primaryimage\",\"inLanguage\":\"pt-BR\",\"url\":\"https:\/\/tribunadapraia.com.br\/wp-content\/uploads\/2022\/07\/IMG-20220718-WA0089.jpg\",\"contentUrl\":\"https:\/\/tribunadapraia.com.br\/wp-content\/uploads\/2022\/07\/IMG-20220718-WA0089.jpg\",\"width\":860,\"height\":774},{\"@type\":\"WebPage\",\"@id\":\"https:\/\/tribunadapraia.com.br\/?p=4755#webpage\",\"url\":\"https:\/\/tribunadapraia.com.br\/?p=4755\",\"name\":\"A ind\\u00edgena Kun\\u00e3 Ypor\\u00e3, conhecida tamb\\u00e9m como Raquel Trememb\\u00e9, ir\\u00e1 compor a chapa com Vera, do PSTU, \\u00e0 presid\\u00eancia do Brasil - TRIBUNA DA PRAIA\",\"isPartOf\":{\"@id\":\"https:\/\/tribunadapraia.com.br\/#website\"},\"primaryImageOfPage\":{\"@id\":\"https:\/\/tribunadapraia.com.br\/?p=4755#primaryimage\"},\"datePublished\":\"2022-07-18T16:47:46+00:00\",\"dateModified\":\"2022-07-18T20:42:33+00:00\",\"breadcrumb\":{\"@id\":\"https:\/\/tribunadapraia.com.br\/?p=4755#breadcrumb\"},\"inLanguage\":\"pt-BR\",\"potentialAction\":[{\"@type\":\"ReadAction\",\"target\":[\"https:\/\/tribunadapraia.com.br\/?p=4755\"]}]},{\"@type\":\"BreadcrumbList\",\"@id\":\"https:\/\/tribunadapraia.com.br\/?p=4755#breadcrumb\",\"itemListElement\":[{\"@type\":\"ListItem\",\"position\":1,\"item\":{\"@type\":\"WebPage\",\"@id\":\"https:\/\/tribunadapraia.com.br\/\",\"url\":\"https:\/\/tribunadapraia.com.br\/\",\"name\":\"In\\u00edcio\"}},{\"@type\":\"ListItem\",\"position\":2,\"item\":{\"@id\":\"https:\/\/tribunadapraia.com.br\/?p=4755#webpage\"}}]},{\"@type\":\"Article\",\"@id\":\"https:\/\/tribunadapraia.com.br\/?p=4755#article\",\"isPartOf\":{\"@id\":\"https:\/\/tribunadapraia.com.br\/?p=4755#webpage\"},\"author\":{\"@id\":\"https:\/\/tribunadapraia.com.br\/#\/schema\/person\/326b0a9f3163b479142c64eba4928de0\"},\"headline\":\"A ind\\u00edgena Kun\\u00e3 Ypor\\u00e3, conhecida tamb\\u00e9m como Raquel Trememb\\u00e9, ir\\u00e1 compor a chapa com Vera, do PSTU, \\u00e0 presid\\u00eancia do Brasil\",\"datePublished\":\"2022-07-18T16:47:46+00:00\",\"dateModified\":\"2022-07-18T20:42:33+00:00\",\"mainEntityOfPage\":{\"@id\":\"https:\/\/tribunadapraia.com.br\/?p=4755#webpage\"},\"wordCount\":408,\"commentCount\":0,\"publisher\":{\"@id\":\"https:\/\/tribunadapraia.com.br\/#organization\"},\"image\":{\"@id\":\"https:\/\/tribunadapraia.com.br\/?p=4755#primaryimage\"},\"thumbnailUrl\":\"https:\/\/tribunadapraia.com.br\/wp-content\/uploads\/2022\/07\/IMG-20220718-WA0089.jpg\",\"articleSection\":[\"Not\\u00edcias\"],\"inLanguage\":\"pt-BR\",\"potentialAction\":[{\"@type\":\"CommentAction\",\"name\":\"Comment\",\"target\":[\"https:\/\/tribunadapraia.com.br\/?p=4755#respond\"]}]},{\"@type\":\"Person\",\"@id\":\"https:\/\/tribunadapraia.com.br\/#\/schema\/person\/326b0a9f3163b479142c64eba4928de0\",\"name\":\"tribunadapraia\",\"image\":{\"@type\":\"ImageObject\",\"@id\":\"https:\/\/tribunadapraia.com.br\/#personlogo\",\"inLanguage\":\"pt-BR\",\"url\":\"https:\/\/secure.gravatar.com\/avatar\/38b019c74762496076b7355024a0dad9?s=96&d=identicon&r=g\",\"contentUrl\":\"https:\/\/secure.gravatar.com\/avatar\/38b019c74762496076b7355024a0dad9?s=96&d=identicon&r=g\",\"caption\":\"tribunadapraia\"}}]}<\/script>\n<!-- \/ Yoast SEO plugin. -->","wps_subtitle":"","_links":{"self":[{"href":"https:\/\/tribunadapraia.com.br\/index.php?rest_route=\/wp\/v2\/posts\/4755"}],"collection":[{"href":"https:\/\/tribunadapraia.com.br\/index.php?rest_route=\/wp\/v2\/posts"}],"about":[{"href":"https:\/\/tribunadapraia.com.br\/index.php?rest_route=\/wp\/v2\/types\/post"}],"author":[{"embeddable":true,"href":"https:\/\/tribunadapraia.com.br\/index.php?rest_route=\/wp\/v2\/users\/1"}],"replies":[{"embeddable":true,"href":"https:\/\/tribunadapraia.com.br\/index.php?rest_route=%2Fwp%2Fv2%2Fcomments&post=4755"}],"version-history":[{"count":1,"href":"https:\/\/tribunadapraia.com.br\/index.php?rest_route=\/wp\/v2\/posts\/4755\/revisions"}],"predecessor-version":[{"id":4757,"href":"https:\/\/tribunadapraia.com.br\/index.php?rest_route=\/wp\/v2\/posts\/4755\/revisions\/4757"}],"wp:featuredmedia":[{"embeddable":true,"href":"https:\/\/tribunadapraia.com.br\/index.php?rest_route=\/wp\/v2\/media\/4756"}],"wp:attachment":[{"href":"https:\/\/tribunadapraia.com.br\/index.php?rest_route=%2Fwp%2Fv2%2Fmedia&parent=4755"}],"wp:term":[{"taxonomy":"category","embeddable":true,"href":"https:\/\/tribunadapraia.com.br\/index.php?rest_route=%2Fwp%2Fv2%2Fcategories&post=4755"},{"taxonomy":"post_tag","embeddable":true,"href":"https:\/\/tribunadapraia.com.br\/index.php?rest_route=%2Fwp%2Fv2%2Ftags&post=4755"}],"curies":[{"name":"wp","href":"https:\/\/api.w.org\/{rel}","templated":true}]}}