{"id":471,"date":"2020-03-08T18:26:01","date_gmt":"2020-03-08T21:26:01","guid":{"rendered":"https:\/\/tribunadapraia.com.br\/?p=471"},"modified":"2020-03-08T21:15:34","modified_gmt":"2020-03-09T00:15:34","slug":"confiram-programacao-semanal-ao-vivo-08-a-14-03-2020-nas-webs-radios-pomonga-e-serigy-ouca-pelo-app-rpca-sergipe","status":"publish","type":"post","link":"https:\/\/tribunadapraia.com.br\/?p=471","title":{"rendered":"CONFIRAM: Programa\u00e7\u00e3o Semanal AO VIVO (08 a 14\/03\/2020) nas web&#8217;s r\u00e1dios POMONGA e SERIGY &#8211; ou\u00e7a pelo APP RPCA Sergipe"},"content":{"rendered":"<p>Confira a programa\u00e7\u00e3o semanal (de 08 a 14 de Mar\u00e7o de 2020) AO VIVO mas web&#8217;s r\u00e1dios POMONGA e SERIGY, emissoras da Rede Popular de Comunica\u00e7\u00e3o Alternativa de Sergipe RPCA Sergipe (http:\/\/player.sejaguia.com.br\/player-popup-responsivo\/21242\/8), sujeita a altera\u00e7\u00e3o pelas emissorss, devendo voc\u00ea conferir atualiza\u00e7\u00f5es di\u00e1rias em nosso Site (http:\/\/www.tribunadapraia.com.br\/).<\/p>\n<p>\u25a0 Domingo, 08:<\/p>\n<p>08:00 &#8211; Balaio da Dona Deusa<br \/>\n09:30 &#8211; Mulheres em A\u00e7\u00e3o<br \/>\n20:00 &#8211; Domingo \u00e9 Dia de Cl\u00e1ssico<\/p>\n<p>\u25a0 Segunda-feira, 09:<\/p>\n<p>06:00 &#8211; Acordes sobre \u00e0s Ondas<br \/>\n07:00 &#8211; A Voz do Povo<br \/>\n09:00 &#8211; Faixa Livre<br \/>\n10:00 &#8211; Nativu&#8217;s da MPB<br \/>\n11:00 &#8211; Teatro de Mist\u00e9rio<br \/>\n20:00 &#8211; Um passeio no passado<\/p>\n<p>\u25a0 Ter\u00e7a-feira, 10:<\/p>\n<p>06:00 &#8211; Acordes sobre \u00e0s Ondas<br \/>\n07:00 &#8211; Boca no Trombone<br \/>\n08:00 &#8211; Faixa Livre<br \/>\n10:00 &#8211; Aquarela Brasileira<br \/>\n11:00 &#8211; Teatro de Mist\u00e9rio<br \/>\n20:00 &#8211; Love Song&#8217;s<\/p>\n<p>\u25a0 Quarta-feira, 11:<\/p>\n<p>06:00 &#8211; Acordes sobre \u00e0s Ondas<br \/>\n07:00 &#8211; Especial &#8211; Amaral Lemos, 50 anos<br \/>\n08:00 &#8211; Faixa Livre<br \/>\n10:00 &#8211; Um canto \u00e0 Liberdade<br \/>\n11:00 &#8211; Teatro de Mist\u00e9rio<br \/>\n20:00 &#8211; Cidade em Debate<\/p>\n<p>\u25a0 Quinta-feira, 12:<\/p>\n<p>06:00 &#8211; Acordes sobre \u00e0s Ondas<br \/>\n07:00 &#8211; Boca no trombone<br \/>\n10:00 &#8211; Aquarela Sergipana<br \/>\n11:00 &#8211; Teatro de Mist\u00e9rio<\/p>\n<p>\u25a0 Sexta-feira, 13:<\/p>\n<p>06:00 &#8211; Acordes sobre \u00e0s Ondas<br \/>\n07:00 &#8211; Sexta B\u00e1sica.<br \/>\n08:00 &#8211; Faixa Livre<br \/>\n10:00 &#8211; Pirambulando<br \/>\n11:00 &#8211; Teatro de Mist\u00e9rio<br \/>\n20:00 &#8211; Luau do Nel<\/p>\n<p>\u25a0 S\u00e1bado, 14:<\/p>\n<p>20:00 &#8211; Os embalos de s\u00e1bado \u00e0 noite<\/p>\n<p>E a qualquer momento, de segunda \u00e0 sexta, \u00e0s \u00faltimas noticias de sua cidade, de nossa regi\u00e3o, no Plant\u00e3o Serigy.<\/p>\n<p>Acesse para ouvir<\/p>\n<p>\u25cf Site TRIBUNA DA PRAIA &#8211; http:\/\/www.tribunadapraia.com.br\/<br \/>\n\u25cf APP RPCA Sergipe &#8211; https:\/\/play.google.com\/store\/apps\/details?id=br.com.rpcasergipe.rede_rpca<br \/>\n\u25cf Play RPCA Sergipe &#8211; http:\/\/player.sejaguia.com.br\/player-popup-responsivo\/21242\/8<br \/>\n\u25cf R\u00e1dio Pomonga &#8211; http:\/\/l.radios.com.br\/r\/61033<br \/>\n\u25cf R\u00e1dio Serigy &#8211; http:\/\/l.radios.com.br\/r\/30241<br \/>\n&#8212;&#8212;&#8212;-<br \/>\nEquipe #RPCASergipe<\/p>\n","protected":false},"excerpt":{"rendered":"<p>Confira a programa\u00e7\u00e3o semanal (de 08 a 14 de Mar\u00e7o de 2020) AO VIVO mas web&#8217;s r\u00e1dios POMONGA e SERIGY, emissoras da Rede Popular de Comunica\u00e7\u00e3o Alternativa de Sergipe RPCA Sergipe (http:\/\/player.sejaguia.com.br\/player-popup-responsivo\/21242\/8), sujeita a altera\u00e7\u00e3o pelas emissorss, devendo voc\u00ea conferir atualiza\u00e7\u00f5es di\u00e1rias em nosso Site (http:\/\/www.tribunadapraia.com.br\/). \u25a0 Domingo, 08: 08:00 &#8211; Balaio da Dona Deusa 09:30 &#8211; Mulheres em A\u00e7\u00e3o 20:00 &#8211; Domingo \u00e9 Dia de Cl\u00e1ssico \u25a0 Segunda-feira, 09:<\/p>\n","protected":false},"author":3,"featured_media":472,"comment_status":"open","ping_status":"open","sticky":false,"template":"","format":"standard","meta":[],"categories":[18],"tags":[],"yoast_head":"<!-- This site is optimized with the Yoast SEO plugin v16.3 - https:\/\/yoast.com\/wordpress\/plugins\/seo\/ -->\n<title>CONFIRAM: Programa\u00e7\u00e3o Semanal AO VIVO (08 a 14\/03\/2020) nas web&#039;s r\u00e1dios POMONGA e SERIGY - ou\u00e7a pelo APP RPCA Sergipe - TRIBUNA DA PRAIA<\/title>\n<meta name=\"robots\" content=\"index, follow, max-snippet:-1, max-image-preview:large, max-video-preview:-1\" \/>\n<link rel=\"canonical\" href=\"https:\/\/tribunadapraia.com.br\/?p=471\" \/>\n<meta property=\"og:locale\" content=\"pt_BR\" \/>\n<meta property=\"og:type\" content=\"article\" \/>\n<meta property=\"og:title\" content=\"CONFIRAM: Programa\u00e7\u00e3o Semanal AO VIVO (08 a 14\/03\/2020) nas web&#039;s r\u00e1dios POMONGA e SERIGY - ou\u00e7a pelo APP RPCA Sergipe - TRIBUNA DA PRAIA\" \/>\n<meta property=\"og:description\" content=\"Confira a programa\u00e7\u00e3o semanal (de 08 a 14 de Mar\u00e7o de 2020) AO VIVO mas web&#8217;s r\u00e1dios POMONGA e SERIGY, emissoras da Rede Popular de Comunica\u00e7\u00e3o Alternativa de Sergipe RPCA Sergipe (http:\/\/player.sejaguia.com.br\/player-popup-responsivo\/21242\/8), sujeita a altera\u00e7\u00e3o pelas emissorss, devendo voc\u00ea conferir atualiza\u00e7\u00f5es di\u00e1rias em nosso Site (http:\/\/www.tribunadapraia.com.br\/). \u25a0 Domingo, 08: 08:00 &#8211; Balaio da Dona Deusa 09:30 &#8211; Mulheres em A\u00e7\u00e3o 20:00 &#8211; Domingo \u00e9 Dia de Cl\u00e1ssico \u25a0 Segunda-feira, 09:\" \/>\n<meta property=\"og:url\" content=\"https:\/\/tribunadapraia.com.br\/?p=471\" \/>\n<meta property=\"og:site_name\" content=\"TRIBUNA DA PRAIA\" \/>\n<meta property=\"article:publisher\" content=\"https:\/\/www.facebook.com\/tribunadapraiaonline\/\" \/>\n<meta property=\"article:published_time\" content=\"2020-03-08T21:26:01+00:00\" \/>\n<meta property=\"article:modified_time\" content=\"2020-03-09T00:15:34+00:00\" \/>\n<meta property=\"og:image\" content=\"https:\/\/tribunadapraia.com.br\/wp-content\/uploads\/2020\/03\/IMG-20200308-WA0001.jpg\" \/>\n\t<meta property=\"og:image:width\" content=\"540\" \/>\n\t<meta property=\"og:image:height\" content=\"540\" \/>\n<meta name=\"twitter:card\" content=\"summary_large_image\" \/>\n<meta name=\"twitter:creator\" content=\"@Claudomir21\" \/>\n<meta name=\"twitter:site\" content=\"@Claudomir21\" \/>\n<meta name=\"twitter:label1\" content=\"Est. tempo de leitura\">\n\t<meta name=\"twitter:data1\" content=\"1 minuto\">\n<script type=\"application\/ld+json\" class=\"yoast-schema-graph\">{\"@context\":\"https:\/\/schema.org\",\"@graph\":[{\"@type\":\"Organization\",\"@id\":\"https:\/\/tribunadapraia.com.br\/#organization\",\"name\":\"Tribuna da Praia\",\"url\":\"https:\/\/tribunadapraia.com.br\/\",\"sameAs\":[\"https:\/\/www.facebook.com\/tribunadapraiaonline\/\",\"https:\/\/www.instagram.com\/claudomirtavares\/\",\"https:\/\/www.youtube.com\/channel\/UCwQf80nxiMzCefAyjbp53Rw\",\"https:\/\/twitter.com\/Claudomir21\"],\"logo\":{\"@type\":\"ImageObject\",\"@id\":\"https:\/\/tribunadapraia.com.br\/#logo\",\"inLanguage\":\"pt-BR\",\"url\":\"https:\/\/tribunadapraia.com.br\/wp-content\/uploads\/2020\/02\/logo.png\",\"contentUrl\":\"https:\/\/tribunadapraia.com.br\/wp-content\/uploads\/2020\/02\/logo.png\",\"width\":501,\"height\":121,\"caption\":\"Tribuna da Praia\"},\"image\":{\"@id\":\"https:\/\/tribunadapraia.com.br\/#logo\"}},{\"@type\":\"WebSite\",\"@id\":\"https:\/\/tribunadapraia.com.br\/#website\",\"url\":\"https:\/\/tribunadapraia.com.br\/\",\"name\":\"TRIBUNA DA PRAIA\",\"description\":\"O 1\\u00ba jornal do interior de Sergipe na internet\",\"publisher\":{\"@id\":\"https:\/\/tribunadapraia.com.br\/#organization\"},\"potentialAction\":[{\"@type\":\"SearchAction\",\"target\":\"https:\/\/tribunadapraia.com.br\/?s={search_term_string}\",\"query-input\":\"required name=search_term_string\"}],\"inLanguage\":\"pt-BR\"},{\"@type\":\"ImageObject\",\"@id\":\"https:\/\/tribunadapraia.com.br\/?p=471#primaryimage\",\"inLanguage\":\"pt-BR\",\"url\":\"https:\/\/tribunadapraia.com.br\/wp-content\/uploads\/2020\/03\/IMG-20200308-WA0001.jpg\",\"contentUrl\":\"https:\/\/tribunadapraia.com.br\/wp-content\/uploads\/2020\/03\/IMG-20200308-WA0001.jpg\",\"width\":540,\"height\":540},{\"@type\":\"WebPage\",\"@id\":\"https:\/\/tribunadapraia.com.br\/?p=471#webpage\",\"url\":\"https:\/\/tribunadapraia.com.br\/?p=471\",\"name\":\"CONFIRAM: Programa\\u00e7\\u00e3o Semanal AO VIVO (08 a 14\/03\/2020) nas web's r\\u00e1dios POMONGA e SERIGY - ou\\u00e7a pelo APP RPCA Sergipe - TRIBUNA DA PRAIA\",\"isPartOf\":{\"@id\":\"https:\/\/tribunadapraia.com.br\/#website\"},\"primaryImageOfPage\":{\"@id\":\"https:\/\/tribunadapraia.com.br\/?p=471#primaryimage\"},\"datePublished\":\"2020-03-08T21:26:01+00:00\",\"dateModified\":\"2020-03-09T00:15:34+00:00\",\"breadcrumb\":{\"@id\":\"https:\/\/tribunadapraia.com.br\/?p=471#breadcrumb\"},\"inLanguage\":\"pt-BR\",\"potentialAction\":[{\"@type\":\"ReadAction\",\"target\":[\"https:\/\/tribunadapraia.com.br\/?p=471\"]}]},{\"@type\":\"BreadcrumbList\",\"@id\":\"https:\/\/tribunadapraia.com.br\/?p=471#breadcrumb\",\"itemListElement\":[{\"@type\":\"ListItem\",\"position\":1,\"item\":{\"@type\":\"WebPage\",\"@id\":\"https:\/\/tribunadapraia.com.br\/\",\"url\":\"https:\/\/tribunadapraia.com.br\/\",\"name\":\"In\\u00edcio\"}},{\"@type\":\"ListItem\",\"position\":2,\"item\":{\"@id\":\"https:\/\/tribunadapraia.com.br\/?p=471#webpage\"}}]},{\"@type\":\"Article\",\"@id\":\"https:\/\/tribunadapraia.com.br\/?p=471#article\",\"isPartOf\":{\"@id\":\"https:\/\/tribunadapraia.com.br\/?p=471#webpage\"},\"author\":{\"@id\":\"https:\/\/tribunadapraia.com.br\/#\/schema\/person\/099fbbf59acc5895c0d7d52b4fc46c97\"},\"headline\":\"CONFIRAM: Programa\\u00e7\\u00e3o Semanal AO VIVO (08 a 14\/03\/2020) nas web&#8217;s r\\u00e1dios POMONGA e SERIGY &#8211; ou\\u00e7a pelo APP RPCA Sergipe\",\"datePublished\":\"2020-03-08T21:26:01+00:00\",\"dateModified\":\"2020-03-09T00:15:34+00:00\",\"mainEntityOfPage\":{\"@id\":\"https:\/\/tribunadapraia.com.br\/?p=471#webpage\"},\"wordCount\":313,\"commentCount\":0,\"publisher\":{\"@id\":\"https:\/\/tribunadapraia.com.br\/#organization\"},\"image\":{\"@id\":\"https:\/\/tribunadapraia.com.br\/?p=471#primaryimage\"},\"thumbnailUrl\":\"https:\/\/tribunadapraia.com.br\/wp-content\/uploads\/2020\/03\/IMG-20200308-WA0001.jpg\",\"articleSection\":[\"Not\\u00edcias\"],\"inLanguage\":\"pt-BR\",\"potentialAction\":[{\"@type\":\"CommentAction\",\"name\":\"Comment\",\"target\":[\"https:\/\/tribunadapraia.com.br\/?p=471#respond\"]}]},{\"@type\":\"Person\",\"@id\":\"https:\/\/tribunadapraia.com.br\/#\/schema\/person\/099fbbf59acc5895c0d7d52b4fc46c97\",\"name\":\"Reda\\u00e7\\u00e3o\",\"image\":{\"@type\":\"ImageObject\",\"@id\":\"https:\/\/tribunadapraia.com.br\/#personlogo\",\"inLanguage\":\"pt-BR\",\"url\":\"https:\/\/secure.gravatar.com\/avatar\/91c8b91d2bfd7784eac5c3e055361f64?s=96&d=identicon&r=g\",\"contentUrl\":\"https:\/\/secure.gravatar.com\/avatar\/91c8b91d2bfd7784eac5c3e055361f64?s=96&d=identicon&r=g\",\"caption\":\"Reda\\u00e7\\u00e3o\"}}]}<\/script>\n<!-- \/ Yoast SEO plugin. -->","wps_subtitle":"","_links":{"self":[{"href":"https:\/\/tribunadapraia.com.br\/index.php?rest_route=\/wp\/v2\/posts\/471"}],"collection":[{"href":"https:\/\/tribunadapraia.com.br\/index.php?rest_route=\/wp\/v2\/posts"}],"about":[{"href":"https:\/\/tribunadapraia.com.br\/index.php?rest_route=\/wp\/v2\/types\/post"}],"author":[{"embeddable":true,"href":"https:\/\/tribunadapraia.com.br\/index.php?rest_route=\/wp\/v2\/users\/3"}],"replies":[{"embeddable":true,"href":"https:\/\/tribunadapraia.com.br\/index.php?rest_route=%2Fwp%2Fv2%2Fcomments&post=471"}],"version-history":[{"count":4,"href":"https:\/\/tribunadapraia.com.br\/index.php?rest_route=\/wp\/v2\/posts\/471\/revisions"}],"predecessor-version":[{"id":494,"href":"https:\/\/tribunadapraia.com.br\/index.php?rest_route=\/wp\/v2\/posts\/471\/revisions\/494"}],"wp:featuredmedia":[{"embeddable":true,"href":"https:\/\/tribunadapraia.com.br\/index.php?rest_route=\/wp\/v2\/media\/472"}],"wp:attachment":[{"href":"https:\/\/tribunadapraia.com.br\/index.php?rest_route=%2Fwp%2Fv2%2Fmedia&parent=471"}],"wp:term":[{"taxonomy":"category","embeddable":true,"href":"https:\/\/tribunadapraia.com.br\/index.php?rest_route=%2Fwp%2Fv2%2Fcategories&post=471"},{"taxonomy":"post_tag","embeddable":true,"href":"https:\/\/tribunadapraia.com.br\/index.php?rest_route=%2Fwp%2Fv2%2Ftags&post=471"}],"curies":[{"name":"wp","href":"https:\/\/api.w.org\/{rel}","templated":true}]}}